{"id":44264,"date":"2000-01-25T19:14:53","date_gmt":"2000-01-25T18:14:53","guid":{"rendered":"https:\/\/centcols.org\/backup\/tracols-accols-saccols\/"},"modified":"2020-06-04T15:03:54","modified_gmt":"2020-06-04T13:03:54","slug":"tracols-accols-saccols","status":"publish","type":"post","link":"https:\/\/centcols.org\/backup\/en\/tracols-accols-saccols\/","title":{"rendered":"TRACOLS, ACCOLS &#038; SACCOLS"},"content":{"rendered":"<p>TRACOLS, ACCOLS &amp; SACCOLS<\/p>\n<p>Je me suis toujours demand\u00e9 ce que Georges P\u00e9rec, qui aimait triturer les mots et la langue et manipuler les listes et les compilations, mais aussi qui aimait la bicyclette, ce que Georges P\u00e9rec donc aurait pens\u00e9 du Club des Cents Cols, et de ces doux dingues de cyclos qui compulsent, comparent, compilent, comptent, comptabilisent, recensent, (censurent ?), classent les cols (en plus de les franchir !).<\/p>\n<p>En effet une liste de quelques centaines de cols franchis et a fortiori LA liste (le Chauvot) se pr\u00eatent comme toute s\u00e9rie math\u00e9matique \u00e0 toutes sortes de manipulations et statistiques diverses. On est aussi souvent tent\u00e9 de jouer avec les mots et les appellations des cols. Un autre angle d&#8217;attaque est encore de s&#8217;int\u00e9resser aux &#8220;appellations purement r\u00e9gionalistes, voire s\u00e9paratistes&#8221; (1).<\/p>\n<p>Par exemple mon d\u00e9partement l&#8217;Ard\u00e8che se caract\u00e9rise par un PERTUSOL \u00e0 l&#8217; \u00e9tymologie transparente, Pertusol fort justement homologu\u00e9 par Robert Chauvot (07-0639).<\/p>\n<p>L&#8217;Ard\u00e8che se singularise aussi pas ses COULETS. On trouve dans le Chauvot 16 &#8220;Le Coulet&#8221;, dont 13 sont situ\u00e9s en Ard\u00e8che. Si l&#8217;on rajoute \u00e0 ces cols deux &#8220;Col de la Croix du Coulet&#8221;, un &#8220;Les Coulets&#8221; (mon milli\u00e8me col), un &#8220;Le Couletet&#8221; (tous ces cols \u00e9tant situ\u00e9s en Ard\u00e8che), on constate que 17 des 22 cols du Chauvot comportant le nom &#8220;Coulet&#8221; sont ard\u00e9chois. Il y a aussi dans la &#8220;bible&#8221; 9 cols dont l&#8217;intitul\u00e9 est &#8220;Coulet&#8221; (&#8220;Coulet de xxx&#8221;), 9 cols dont 5 sont ard\u00e9chois.<\/p>\n<p>Le Coulet : F-04-1870, F-07-0370, F-07-0446, F-07-0479, F-07-0490, F-07-0517, F-07-0582b, F-07-0594, F-07-0650,<br \/>\nF-07-0729, F-07-0740a, F-07-0750, F-07-0855, F-07-0900, F-30-1063, F-84-0370<br \/>\nPas du Coulet F-34-0621<br \/>\nCol de la Croix du Coulet F-07-0540a<br \/>\nCol de la Croix du Coulet F-07-0551<br \/>\nLe Couletet F-07-0605<br \/>\nLes Coulets F-07-0892<br \/>\nLe Grand Coulet F-05-1869<br \/>\nCoulet de Nouron F-04-1132<br \/>\nCoulet d&#8217; Audi F-06-1657<br \/>\nCoulet de la Conquiste F-07-0604a<br \/>\nCoulet de Vernadel F-07-0684<br \/>\nCoulet d&#8217; Auzon F-07-0749<br \/>\nCoulet de la Souli\u00e8re F-07-0834<br \/>\nCoulet de Pecoyol F-07-1264<br \/>\nCoulets d&#8217; Estrets F-34-1015a<br \/>\nCoulet Redon F-84-1022<\/p>\n<p>L&#8217;\u00e9tymologie du mot COULET ne pose pas de probl\u00e8me : c&#8217;est le collet, le &#8220;petit col&#8221;, le COULETET \u00e9tant donc le petit petit col&#8230;<\/p>\n<p>On retrouve \u00e0 un degr\u00e9 moindre cette concentration des COULET au niveau des patronymes familiaux : 63 des 951 COULET inscrits au t\u00e9l\u00e9phone sont ard\u00e9chois (mais 136 dans l&#8217;H\u00e9rault, 80 dans les Bouches du Rh\u00f4ne, 70 dans le Gard, 62 dans le Var&#8230;)<\/p>\n<p>Ceci me permet d&#8217;ouvrir une parenth\u00e8se pour \u00e9voquer mes ascendants COULET : ma trisa\u00efeule Th\u00e9r\u00e8se COULET (1846 &#8211; 1916) de Lablach\u00e8re (07), et, en remontant ma lign\u00e9e directe, Jean Fran\u00e7ois (fils) (1813 &#8211; 98), Jean Fran\u00e7ois (p\u00e8re) (1788 &#8211; 1864), Jean (? &#8211; 1826), Pierre COULET (? &#8211; 1770) de Gravi\u00e8res (07)&#8230;<\/p>\n<p>Ceci me fait ouvrir une seconde parenth\u00e8se : \u00e0 l&#8217;\u00e9poque o\u00f9 fleurissent dans certaines contr\u00e9es des panneaux de cols au nom d&#8217;un &#8220;usage local&#8221; (qui le plus souvent surprend en premier les habitants de ces contr\u00e9es), on peut trouver \u00e0 mon avis un exemple plus cr\u00e9dible de &#8220;l&#8217;usage local&#8221; dans l&#8217; exemple des COULET de Lablach\u00e8re; leur nom, venant visiblement d&#8217;une particularit\u00e9 g\u00e9ographique de l&#8217;habitat d&#8217;un de leurs (mes) anc\u00eatres, est pr\u00e9sent dans cette r\u00e9gion de (tr\u00e8s) moyenne montagne longtemps avant que l&#8217; id\u00e9e d&#8217;un curieux v\u00e9hicule \u00e0 deux roues ait germ\u00e9 dans l&#8217;esprit du Baron Drais, et a fortiori encore plus longtemps avant que l&#8217;id\u00e9e d&#8217;un non moins curieux club ait surgi dans le cerveau de Jean PERDOUX. Je referme les parenth\u00e8ses pour \u00e9voquer une autre quasi-sp\u00e9cificit\u00e9 de l&#8217; Ard\u00e8che : les TRACOL.<\/p>\n<p>5 des 8 TRACOL du Chauvot sont ard\u00e9chois :<br \/>\nF-07-0295, F-07-0400, 07-0640, 07-0740b, 07-0971, 38-1445b, 42-1083, 63-0362<\/p>\n<p>Au niveau des patronymes, la concentration ard\u00e9choise est encore plus forte que dans le cas des COULET : en 2000, 80 des 399 TRACOL inscrits sur l&#8217; annuaire en France sont ard\u00e9chois (et 116 dr\u00f4mois). La base de donn\u00e9es g\u00e9n\u00e9alogiques 3617 RACINA donne 5 r\u00e9f\u00e9rences ant\u00e9rieures \u00e0 1820 de gens nomm\u00e9s TRACOL, dont 4 r\u00e9f\u00e9rences ard\u00e9choises, l&#8217;une \u00e9tant localis\u00e9e \u00e0 Preaux en 1464 ! &#8220;Lo Cercaire&#8221; qui a men\u00e9 une \u00e9tude sur l&#8217;annuaire ard\u00e9chois il y a dix ans (2), note de plus qu&#8217;\u00e0 l&#8217;exception d&#8217;un cas, tous les TRACOL retrouv\u00e9s \u00e0 cette \u00e9poque habitaient dans le Haut Vivarais, ce qui confirme bien l&#8217; \u00e9tymologie : TRACOL doit se comprendre &#8220;tras col&#8221;, litt\u00e9ralement au-del\u00e0 du col, au travers du col, passer le col; d&#8217;o\u00f9 le verbe occitan &#8220;tracolar \/ trecolar&#8221;, qui se prononce &#8220;trakoula, tr\u00e9koula, tr\u00e9kola&#8221; qui signifie &#8220;passer derri\u00e8re le mont&#8221; : le soleil &#8220;tr\u00e8coule&#8221;&#8230; Ou bien, au sens figur\u00e9 passer au-del\u00e0, dispara\u00eetre, d\u00e9c\u00e9der. &#8220;L&#8217;ome de la Loisa a trecolat&#8230;&#8221; : &#8220;le mari de la Louise est pass\u00e9 de l&#8217;autre c\u00f4t\u00e9&#8221; trouve-t-on dans le dictionnaire &#8220;L&#8217;Occitan &#8211; Nord Vivarais&#8221; (\u00e0 rapprocher de l&#8217;expression employ\u00e9e dans notre club &#8220;il a franchi son dernier col&#8221;&#8230;). Je l&#8217;ai entendu employ\u00e9 dans un sens affaibli de passer au travers, traverser : &#8220;j&#8217;ai tracoul\u00e9 vers Fabras&#8230;&#8221;. &#8220;Lo Cercaire&#8221; pr\u00e9cise : &#8220;ce qu&#8217;\u00e9voque TRACOL, c&#8217;est l&#8217;habitant d&#8217;une maison blottie pr\u00e8s du col, g\u00e9n\u00e9ralement du c\u00f4t\u00e9 sud&#8221;. Ceci est particuli\u00e8rement visible dans le cas des TRACOLS 07-0400, 07-0640, 07-0971 pour lesquels la carte 1\/25000\u00b0 montre bien que le lieu-dit est l\u00e9g\u00e8rement en dessous du col \u00e0 proprement parler ; de m\u00eame pour les TRACOLS situ\u00e9s l&#8217;un 1 km en dessous du Col de Mezilhac, l&#8217;autre \u00e0 200 m du Col de Juvenet, ces deux TRACOLS n&#8217;\u00e9tant \u00e0 juste titre pas homologu\u00e9s comme cols.<\/p>\n<p>Le terme de TRACOL m&#8217;am\u00e8ne \u00e0 deux autres termes ard\u00e9chois, tr\u00e8s proches, ACCOL et SACCOL.<\/p>\n<p>Les ACCOLS, parfois retrouv\u00e9s sous le nom de &#8220;accou&#8221;, &#8220;couol&#8221;, mais encore suivant les r\u00e9gions &#8220;fa\u00efsse&#8221;, &#8220;bancel&#8221;, &#8220;escham&#8221;, &#8220;chamba&#8221;, et autres, ce sont les terrasses : ces am\u00e9nagements sur les pentes d\u00e9clives, formant des sortes de gradins, rend(ai)ent possibles les cultures l\u00e0 o\u00f9 elles ne l&#8217; \u00e9taient pas, gr\u00e2ce \u00e0 une s\u00e9rie de paliers horizontaux soutenus par des murettes de pierres s\u00e8ches (3). Les ACCOLS sont les t\u00e9moins de la pers\u00e9v\u00e9rance et de l&#8217;opini\u00e2tret\u00e9 de nos Anciens, confront\u00e9s au probl\u00e8me de la recherche et de l&#8217;am\u00e9nagement de zones cultivables, dans cet \u00e2pre pays qu &#8216;est l&#8217;Ard\u00e8che. On est frapp\u00e9 par le colossal travail d&#8217;\u00e9pierrage, de remblayage, de canalisation et de construction destin\u00e9 \u00e0 implanter et maintenir une agriculture, dans des endroits parfois tr\u00e8s recul\u00e9s. Il n&#8217;est pas rare, lorsque l&#8217;on pratique le VTT en Ard\u00e8che, de d\u00e9couvrir qu&#8217;une colline que l&#8217;on pensait &#8220;sauvage&#8221; \u00e9tait en fait enti\u00e8rement am\u00e9nag\u00e9e en accols, ceux ci ayant disparu sous la for\u00eat&#8230;<\/p>\n<p>Vu les difficult\u00e9s d&#8217;acc\u00e8s sur ces accols, le travail se faisait le plus souvent \u00e0 dos d&#8217;homme, \u00e0 l&#8217;aide de la &#8220;besse&#8221;, vaste panier fait d&#8217;\u00e9clisses de ch\u00e2taignier ou tress\u00e9 d&#8217;osier, port\u00e9 sur le cou en y intercalant un coussin, le SACCOL ou &#8220;coulassou&#8221;. Les mat\u00e9riaux pouvaient aussi \u00eatre transport\u00e9s directement dans le saccol. La sagesse populaire, jouant sur l&#8217; allit\u00e9ration, disait donc :<br \/>\nPer lou pa\u00efs d&#8217;en bas,<br \/>\nlou bat;<br \/>\nPer lou pa\u00efs d&#8217;accols,<br \/>\nlou saccol.<br \/>\n(Pour le pays du bas, le b\u00e2t &#8211; l&#8217;\u00e2ne, le mulet -; pour le pays d&#8217;accol, le saccol &#8211; donc l&#8217;homme&#8230; -.)<\/p>\n<p>Quel rapport entre les accols, les saccols et les cols me direz vous ? Aucun, tout ceci n&#8217;\u00e9tait destin\u00e9 qu&#8217;\u00e0 vous faire appr\u00e9cier les paysages lors de vos grimp\u00e9es de cols ard\u00e9chois, et \u00e0 mettre en \u00e9vidence ce patthgzrthzrthzarthzrthzrhbgfbsbrimoine qui malheureusement dispara\u00eet petit \u00e0 petit. C&#8217;est pourtant le &#8220;t\u00e9moin d&#8217;une civilisation rurale qui eut la parfaite ma\u00eetrise de l&#8217;eau et de la pierre, pour cr\u00e9er un paysage nourricier, fonctsreqergionnel et harmonieux, reflet de l&#8217; alliance r\u00e9ussi de l&#8217;homme et de sa terre&#8221; (3), je rajouterai au prix d&#8217;un travail acharn\u00e9.<\/p>\n<p>Bernard &#8220;Biki lou biker&#8221; Pommel<br \/>\nCycloTourisme Aubenas Vals<\/p>\n<p>R\u00e9f\u00e9rences<br \/>\n(1) Laurent Laruaz, revue Cent Cols n\u00b018, 1990, p. 23<br \/>\n(2) La petite histoire de votre nom : TRACOL, Lo Cercaire, Le Dauphin\u00e9 Lib\u00e9r\u00e9, 3\/2\/90<br \/>\n(3) La Belle Lurette, dossier tradition : les terrasses, juin 1996 (\u00e9d Savoirs de terroir, 07600 Vals les Bains)<br \/>\nSur les terrasses, voir sur Internet<\/p>\n<div id='gallery-1' class='gallery galleryid-44264 gallery-columns-4 gallery-size-thumbnail'><dl class='gallery-item'>\n\t\t\t<dt class='gallery-icon portrait'>\n\t\t\t\t<a href='https:\/\/centcols.org\/backup\/wp-content\/uploads\/2015\/04\/thieure.jpg'><img loading=\"lazy\" decoding=\"async\" width=\"286\" height=\"300\" src=\"https:\/\/centcols.org\/backup\/wp-content\/uploads\/2015\/04\/thieure-286x300.jpg\" class=\"attachment-thumbnail size-thumbnail\" alt=\"\" aria-describedby=\"gallery-1-26091\" \/><\/a>\n\t\t\t<\/dt>\n\t\t\t\t<dd class='wp-caption-text gallery-caption' id='gallery-1-26091'>\n\t\t\t\tThieure\n\t\t\t\t<\/dd><\/dl><dl class='gallery-item'>\n\t\t\t<dt class='gallery-icon landscape'>\n\t\t\t\t<a href='https:\/\/centcols.org\/backup\/wp-content\/uploads\/2015\/04\/accols.jpg'><img loading=\"lazy\" decoding=\"async\" width=\"300\" height=\"297\" src=\"https:\/\/centcols.org\/backup\/wp-content\/uploads\/2015\/04\/accols-300x297.jpg\" class=\"attachment-thumbnail size-thumbnail\" alt=\"\" aria-describedby=\"gallery-1-26095\" srcset=\"https:\/\/centcols.org\/backup\/wp-content\/uploads\/2015\/04\/accols-300x297.jpg 300w, https:\/\/centcols.org\/backup\/wp-content\/uploads\/2015\/04\/accols-100x100.jpg 100w\" sizes=\"(max-width: 300px) 100vw, 300px\" \/><\/a>\n\t\t\t<\/dt>\n\t\t\t\t<dd class='wp-caption-text gallery-caption' id='gallery-1-26095'>\n\t\t\t\tAccols\n\t\t\t\t<\/dd><\/dl><dl class='gallery-item'>\n\t\t\t<dt class='gallery-icon landscape'>\n\t\t\t\t<a href='https:\/\/centcols.org\/backup\/wp-content\/uploads\/2015\/04\/lentilleres.jpg'><img loading=\"lazy\" decoding=\"async\" width=\"300\" height=\"284\" src=\"https:\/\/centcols.org\/backup\/wp-content\/uploads\/2015\/04\/lentilleres-300x284.jpg\" class=\"attachment-thumbnail size-thumbnail\" alt=\"\" aria-describedby=\"gallery-1-26099\" \/><\/a>\n\t\t\t<\/dt>\n\t\t\t\t<dd class='wp-caption-text gallery-caption' id='gallery-1-26099'>\n\t\t\t\tLentilli\u00e8res\n\t\t\t\t<\/dd><\/dl><dl class='gallery-item'>\n\t\t\t<dt class='gallery-icon landscape'>\n\t\t\t\t<a href='https:\/\/centcols.org\/backup\/wp-content\/uploads\/2015\/04\/sablieres.jpg'><img loading=\"lazy\" decoding=\"async\" width=\"300\" height=\"300\" src=\"https:\/\/centcols.org\/backup\/wp-content\/uploads\/2015\/04\/sablieres-300x300.jpg\" class=\"attachment-thumbnail size-thumbnail\" alt=\"\" aria-describedby=\"gallery-1-26103\" srcset=\"https:\/\/centcols.org\/backup\/wp-content\/uploads\/2015\/04\/sablieres-300x300.jpg 300w, https:\/\/centcols.org\/backup\/wp-content\/uploads\/2015\/04\/sablieres-100x100.jpg 100w\" sizes=\"(max-width: 300px) 100vw, 300px\" \/><\/a>\n\t\t\t<\/dt>\n\t\t\t\t<dd class='wp-caption-text gallery-caption' id='gallery-1-26103'>\n\t\t\t\tSabli\u00e8res\n\t\t\t\t<\/dd><\/dl><br style=\"clear: both\" \/>\n\t\t<\/div>\n\n<div id=\"finestramailtomailModalToPopup\" style=\"z-index: 1102;\">\n<div id=\"finestramailtomailContentPopup\">\n<div id=\"finestramailtotoClose\"><\/div>\n<div id=\"finestramailtotoModalPopup\">What do you want to do ?<\/div>\n<p><a id=\"finestramailtonewButtonEmail\"><\/a>New mail<button id=\"finestramailtocopyClipboardEmail\">Copy<\/button><textarea id=\"finestramailtotoTextCopyAreaSelect\"><\/textarea><\/div>\n<\/div>\n<div><img \/><\/div>\n","protected":false},"excerpt":{"rendered":"<p>TRACOLS, ACCOLS &amp; SACCOLS Je me suis toujours demand\u00e9 ce que Georges P\u00e9rec, qui aimait triturer les mots et la langue et manipuler les listes et les compilations, mais aussi qui aimait la bicyclette, ce que Georges P\u00e9rec donc aurait pens\u00e9 du Club des Cents Cols, et de ces doux dingues de cyclos qui compulsent, [&hellip;]<\/p>\n","protected":false},"author":69,"featured_media":0,"comment_status":"closed","ping_status":"closed","sticky":false,"template":"","format":"standard","meta":{"_acf_changed":false,"ub_ctt_via":"","_monsterinsights_skip_tracking":false,"_monsterinsights_sitenote_active":false,"_monsterinsights_sitenote_note":"","_monsterinsights_sitenote_category":0,"footnotes":""},"categories":[372],"tags":[],"acf":[],"featured_image_urls":{"full":"","thumbnail":"","medium":"","medium_large":"","large":"","1536x1536":"","2048x2048":"","woocommerce_thumbnail":"","woocommerce_single":"","woocommerce_gallery_thumbnail":""},"post_excerpt_stackable":"<p>TRACOLS, ACCOLS &amp; SACCOLS Je me suis toujours demand\u00e9 ce que Georges P\u00e9rec, qui aimait triturer les mots et la langue et manipuler les listes et les compilations, mais aussi qui aimait la bicyclette, ce que Georges P\u00e9rec donc aurait pens\u00e9 du Club des Cents Cols, et de ces doux dingues de cyclos qui compulsent, comparent, compilent, comptent, comptabilisent, recensent, (censurent ?), classent les cols (en plus de les franchir !). En effet une liste de quelques centaines de cols franchis et a fortiori LA liste (le Chauvot) se pr\u00eatent comme toute s\u00e9rie math\u00e9matique \u00e0 toutes sortes de manipulations et&hellip;<\/p>\n","category_list":"<a href=\"https:\/\/centcols.org\/backup\/en\/categorie\/toponomy\/\" rel=\"category tag\">Toponomy<\/a>","author_info":{"display_name":"Enrico Alberini","author_link":"https:\/\/centcols.org\/backup\/en\/author\/5065\/"},"comments_num":"0 comments","featured_image_urls_v2":{"full":"","thumbnail":"","medium":"","medium_large":"","large":"","1536x1536":"","2048x2048":"","woocommerce_thumbnail":"","woocommerce_single":"","woocommerce_gallery_thumbnail":""},"post_excerpt_stackable_v2":"<p>TRACOLS, ACCOLS &amp; SACCOLS Je me suis toujours demand\u00e9 ce que Georges P\u00e9rec, qui aimait triturer les mots et la langue et manipuler les listes et les compilations, mais aussi qui aimait la bicyclette, ce que Georges P\u00e9rec donc aurait pens\u00e9 du Club des Cents Cols, et de ces doux dingues de cyclos qui compulsent, comparent, compilent, comptent, comptabilisent, recensent, (censurent ?), classent les cols (en plus de les franchir !). En effet une liste de quelques centaines de cols franchis et a fortiori LA liste (le Chauvot) se pr\u00eatent comme toute s\u00e9rie math\u00e9matique \u00e0 toutes sortes de manipulations et&hellip;<\/p>\n","category_list_v2":"<a href=\"https:\/\/centcols.org\/backup\/en\/categorie\/toponomy\/\" rel=\"category tag\">Toponomy<\/a>","author_info_v2":{"name":"Enrico Alberini","url":"https:\/\/centcols.org\/backup\/en\/author\/5065\/"},"comments_num_v2":"0 comments","featured_image_src":null,"_links":{"self":[{"href":"https:\/\/centcols.org\/backup\/en\/wp-json\/wp\/v2\/posts\/44264"}],"collection":[{"href":"https:\/\/centcols.org\/backup\/en\/wp-json\/wp\/v2\/posts"}],"about":[{"href":"https:\/\/centcols.org\/backup\/en\/wp-json\/wp\/v2\/types\/post"}],"author":[{"embeddable":true,"href":"https:\/\/centcols.org\/backup\/en\/wp-json\/wp\/v2\/users\/69"}],"replies":[{"embeddable":true,"href":"https:\/\/centcols.org\/backup\/en\/wp-json\/wp\/v2\/comments?post=44264"}],"version-history":[{"count":0,"href":"https:\/\/centcols.org\/backup\/en\/wp-json\/wp\/v2\/posts\/44264\/revisions"}],"wp:attachment":[{"href":"https:\/\/centcols.org\/backup\/en\/wp-json\/wp\/v2\/media?parent=44264"}],"wp:term":[{"taxonomy":"category","embeddable":true,"href":"https:\/\/centcols.org\/backup\/en\/wp-json\/wp\/v2\/categories?post=44264"},{"taxonomy":"post_tag","embeddable":true,"href":"https:\/\/centcols.org\/backup\/en\/wp-json\/wp\/v2\/tags?post=44264"}],"curies":[{"name":"wp","href":"https:\/\/api.w.org\/{rel}","templated":true}]}}