{"id":44536,"date":"2013-12-10T15:37:49","date_gmt":"2013-12-10T14:37:49","guid":{"rendered":"https:\/\/centcols.org\/backup\/080114-articles-dans-cyclotourisme-de-decembre-2013\/"},"modified":"2020-06-07T18:27:09","modified_gmt":"2020-06-07T16:27:09","slug":"080114-articles-dans-cyclotourisme-de-decembre-2013","status":"publish","type":"post","link":"https:\/\/centcols.org\/backup\/en\/080114-articles-dans-cyclotourisme-de-decembre-2013\/","title":{"rendered":"Articles dans \u00ab Cyclotourisme \u00bb de d\u00e9cembre 2013"},"content":{"rendered":"<p>Dipl\u00f4mes et prix d\u00e9cern\u00e9s \u00e0 des membres du Club des Cent Cols \u00e0 l&#8217;AG de la FFCT \u00e0 Biarritz<\/p>\n<div id='gallery-1' class='gallery galleryid-44536 gallery-columns-3 gallery-size-thumbnail'><dl class='gallery-item'>\n\t\t\t<dt class='gallery-icon portrait'>\n\t\t\t\t<a href='https:\/\/centcols.org\/backup\/wp-content\/uploads\/2015\/04\/bpf_fillion.jpg'><img loading=\"lazy\" decoding=\"async\" width=\"300\" height=\"300\" src=\"https:\/\/centcols.org\/backup\/wp-content\/uploads\/2015\/04\/bpf_fillion-300x300.jpg\" class=\"attachment-thumbnail size-thumbnail\" alt=\"\" srcset=\"https:\/\/centcols.org\/backup\/wp-content\/uploads\/2015\/04\/bpf_fillion-300x300.jpg 300w, https:\/\/centcols.org\/backup\/wp-content\/uploads\/2015\/04\/bpf_fillion-100x100.jpg 100w\" sizes=\"(max-width: 300px) 100vw, 300px\" \/><\/a>\n\t\t\t<\/dt><\/dl>\n\t\t\t<br style='clear: both' \/>\n\t\t<\/div>\n\n<p>Pr\u00e9sentation de la Randonn\u00e9e Permanente <i>\u00ab Cent Cols en Savoie Mont Blanc \u00bb<\/i><\/p>\n<div id='gallery-2' class='gallery galleryid-44536 gallery-columns-3 gallery-size-thumbnail'><dl class='gallery-item'>\n\t\t\t<dt class='gallery-icon portrait'>\n\t\t\t\t<a href='https:\/\/centcols.org\/backup\/wp-content\/uploads\/2015\/04\/cyclotourisme_201312_page40.jpg'><img loading=\"lazy\" decoding=\"async\" width=\"300\" height=\"300\" src=\"https:\/\/centcols.org\/backup\/wp-content\/uploads\/2015\/04\/cyclotourisme_201312_page40-300x300.jpg\" class=\"attachment-thumbnail size-thumbnail\" alt=\"\" srcset=\"https:\/\/centcols.org\/backup\/wp-content\/uploads\/2015\/04\/cyclotourisme_201312_page40-300x300.jpg 300w, https:\/\/centcols.org\/backup\/wp-content\/uploads\/2015\/04\/cyclotourisme_201312_page40-100x100.jpg 100w\" sizes=\"(max-width: 300px) 100vw, 300px\" \/><\/a>\n\t\t\t<\/dt><\/dl><dl class='gallery-item'>\n\t\t\t<dt class='gallery-icon portrait'>\n\t\t\t\t<a href='https:\/\/centcols.org\/backup\/wp-content\/uploads\/2015\/04\/cyclotourisme_201312_page41.jpg'><img loading=\"lazy\" decoding=\"async\" width=\"300\" height=\"300\" src=\"https:\/\/centcols.org\/backup\/wp-content\/uploads\/2015\/04\/cyclotourisme_201312_page41-300x300.jpg\" class=\"attachment-thumbnail size-thumbnail\" alt=\"\" srcset=\"https:\/\/centcols.org\/backup\/wp-content\/uploads\/2015\/04\/cyclotourisme_201312_page41-300x300.jpg 300w, https:\/\/centcols.org\/backup\/wp-content\/uploads\/2015\/04\/cyclotourisme_201312_page41-100x100.jpg 100w\" sizes=\"(max-width: 300px) 100vw, 300px\" \/><\/a>\n\t\t\t<\/dt><\/dl>\n\t\t\t<br style='clear: both' \/>\n\t\t<\/div>\n\n<p>Concentration r\u00e9gionale Cent Cols \/ Cols Durs au Col des Ares (31)<\/p>\n<div id='gallery-3' class='gallery galleryid-44536 gallery-columns-3 gallery-size-thumbnail'><dl class='gallery-item'>\n\t\t\t<dt class='gallery-icon portrait'>\n\t\t\t\t<a href='https:\/\/centcols.org\/backup\/wp-content\/uploads\/2015\/04\/cyclotourisme_201312_p12.jpg'><img loading=\"lazy\" decoding=\"async\" width=\"300\" height=\"300\" src=\"https:\/\/centcols.org\/backup\/wp-content\/uploads\/2015\/04\/cyclotourisme_201312_p12-300x300.jpg\" class=\"attachment-thumbnail size-thumbnail\" alt=\"\" srcset=\"https:\/\/centcols.org\/backup\/wp-content\/uploads\/2015\/04\/cyclotourisme_201312_p12-300x300.jpg 300w, https:\/\/centcols.org\/backup\/wp-content\/uploads\/2015\/04\/cyclotourisme_201312_p12-100x100.jpg 100w\" sizes=\"(max-width: 300px) 100vw, 300px\" \/><\/a>\n\t\t\t<\/dt><\/dl>\n\t\t\t<br style='clear: both' \/>\n\t\t<\/div>\n\n","protected":false},"excerpt":{"rendered":"<p>Dipl\u00f4mes et prix d\u00e9cern\u00e9s \u00e0 des membres du Club des Cent Cols \u00e0 l&#8217;AG de la FFCT \u00e0 Biarritz Pr\u00e9sentation de la Randonn\u00e9e Permanente \u00ab Cent Cols en Savoie Mont Blanc \u00bb Concentration r\u00e9gionale Cent Cols \/ Cols Durs au Col des Ares (31)<\/p>\n","protected":false},"author":69,"featured_media":0,"comment_status":"closed","ping_status":"closed","sticky":false,"template":"","format":"standard","meta":{"_acf_changed":false,"ub_ctt_via":"","_monsterinsights_skip_tracking":false,"_monsterinsights_sitenote_active":false,"_monsterinsights_sitenote_note":"","_monsterinsights_sitenote_category":0,"footnotes":""},"categories":[198,18,15,347],"tags":[],"acf":[],"featured_image_urls":{"full":"","thumbnail":"","medium":"","medium_large":"","large":"","1536x1536":"","2048x2048":"","woocommerce_thumbnail":"","woocommerce_single":"","woocommerce_gallery_thumbnail":""},"post_excerpt_stackable":"<p>Dipl\u00f4mes et prix d\u00e9cern\u00e9s \u00e0 des membres du Club des Cent Cols \u00e0 l&#8217;AG de la FFCT \u00e0 Biarritz Pr\u00e9sentation de la Randonn\u00e9e Permanente \u00ab Cent Cols en Savoie Mont Blanc \u00bb Concentration r\u00e9gionale Cent Cols \/ Cols Durs au Col des Ares (31)<\/p>\n","category_list":"<a href=\"https:\/\/centcols.org\/backup\/en\/categorie\/press-articles-en\/2013-en\/\" rel=\"category tag\">2013<\/a>, <a href=\"https:\/\/centcols.org\/backup\/categorie\/articles-de-presse\/2013\/\" rel=\"category tag\">2013<\/a>, <a href=\"https:\/\/centcols.org\/backup\/categorie\/articles-de-presse\/\" rel=\"category tag\">Articles de presse et vid\u00e9os<\/a>, <a href=\"https:\/\/centcols.org\/backup\/en\/categorie\/press-articles-en\/\" rel=\"category tag\">Press articles and videos<\/a>","author_info":{"display_name":"Enrico Alberini","author_link":"https:\/\/centcols.org\/backup\/en\/author\/5065\/"},"comments_num":"0 comments","featured_image_urls_v2":{"full":"","thumbnail":"","medium":"","medium_large":"","large":"","1536x1536":"","2048x2048":"","woocommerce_thumbnail":"","woocommerce_single":"","woocommerce_gallery_thumbnail":""},"post_excerpt_stackable_v2":"<p>Dipl\u00f4mes et prix d\u00e9cern\u00e9s \u00e0 des membres du Club des Cent Cols \u00e0 l&#8217;AG de la FFCT \u00e0 Biarritz Pr\u00e9sentation de la Randonn\u00e9e Permanente \u00ab Cent Cols en Savoie Mont Blanc \u00bb Concentration r\u00e9gionale Cent Cols \/ Cols Durs au Col des Ares (31)<\/p>\n","category_list_v2":"<a href=\"https:\/\/centcols.org\/backup\/en\/categorie\/press-articles-en\/2013-en\/\" rel=\"category tag\">2013<\/a>, <a href=\"https:\/\/centcols.org\/backup\/categorie\/articles-de-presse\/2013\/\" rel=\"category tag\">2013<\/a>, <a href=\"https:\/\/centcols.org\/backup\/categorie\/articles-de-presse\/\" rel=\"category tag\">Articles de presse et vid\u00e9os<\/a>, <a href=\"https:\/\/centcols.org\/backup\/en\/categorie\/press-articles-en\/\" rel=\"category tag\">Press articles and videos<\/a>","author_info_v2":{"name":"Enrico Alberini","url":"https:\/\/centcols.org\/backup\/en\/author\/5065\/"},"comments_num_v2":"0 comments","featured_image_src":null,"_links":{"self":[{"href":"https:\/\/centcols.org\/backup\/en\/wp-json\/wp\/v2\/posts\/44536"}],"collection":[{"href":"https:\/\/centcols.org\/backup\/en\/wp-json\/wp\/v2\/posts"}],"about":[{"href":"https:\/\/centcols.org\/backup\/en\/wp-json\/wp\/v2\/types\/post"}],"author":[{"embeddable":true,"href":"https:\/\/centcols.org\/backup\/en\/wp-json\/wp\/v2\/users\/69"}],"replies":[{"embeddable":true,"href":"https:\/\/centcols.org\/backup\/en\/wp-json\/wp\/v2\/comments?post=44536"}],"version-history":[{"count":0,"href":"https:\/\/centcols.org\/backup\/en\/wp-json\/wp\/v2\/posts\/44536\/revisions"}],"wp:attachment":[{"href":"https:\/\/centcols.org\/backup\/en\/wp-json\/wp\/v2\/media?parent=44536"}],"wp:term":[{"taxonomy":"category","embeddable":true,"href":"https:\/\/centcols.org\/backup\/en\/wp-json\/wp\/v2\/categories?post=44536"},{"taxonomy":"post_tag","embeddable":true,"href":"https:\/\/centcols.org\/backup\/en\/wp-json\/wp\/v2\/tags?post=44536"}],"curies":[{"name":"wp","href":"https:\/\/api.w.org\/{rel}","templated":true}]}}