{"id":44585,"date":"2020-06-08T18:07:53","date_gmt":"2020-06-08T16:07:53","guid":{"rendered":"https:\/\/centcols.org\/backup\/sejour-ete-2020-chessy-les-mines-2\/"},"modified":"2023-05-21T11:31:57","modified_gmt":"2023-05-21T09:31:57","slug":"sejour-ete-2020-chessy-les-mines-2","status":"publish","type":"post","link":"https:\/\/centcols.org\/backup\/en\/sejour-ete-2020-chessy-les-mines-2\/","title":{"rendered":"Summer s\u00e9jour at Chessy-les-Mines 15th to 22nd August 2020"},"content":{"rendered":"<h2><a href=\"https:\/\/centcols.org\/backup\/wp-content\/uploads\/2020\/02\/Anglais-Chessy-pour-ICC-et-site-2020-02-24.pdf\" target=\"_blank\" rel=\"noopener noreferrer\">Presentation of Chessy in English<\/a><\/h2>\n<h2><a href=\"\/membres\/cctours\/tours.php?lieu=Chessy&amp;an=2020\">Circuits<\/a><\/h2>\n<p><span style=\"color: #808080;\">Ont contribu\u00e9 \u00e0 cette page de pr\u00e9sentation du s\u00e9jour Christophe Badonnel, Thierry Labour et les responsables informatique.<\/span><\/p>\n<p><a href=\"https:\/\/www.leprogres.fr\/culture-loisirs\/2020\/08\/22\/poule-les-echarmeaux-120-personnes-participent-au-rassemblement-international-du-club-des-cent-cols\"><strong>Article published on the newspaper\u2019s website &#8220;le Progr\u00e8s&#8221;<\/strong><\/a><\/p>\n<div id=\"attachment_38258\" style=\"width: 1210px\" class=\"wp-caption aligncenter\"><img loading=\"lazy\" decoding=\"async\" aria-describedby=\"caption-attachment-38258\" class=\"wp-image-38260 size-full\" src=\"https:\/\/centcols.org\/backup\/wp-content\/uploads\/2020\/01\/Au-col-du-Colombier-r.jpg\" alt=\"Au col du Colombier \u00a9Ph Chazottier\" width=\"1200\" height=\"619\" srcset=\"https:\/\/centcols.org\/backup\/wp-content\/uploads\/2020\/01\/Au-col-du-Colombier-r.jpg 1200w, https:\/\/centcols.org\/backup\/wp-content\/uploads\/2020\/01\/Au-col-du-Colombier-r-600x310.jpg 600w, https:\/\/centcols.org\/backup\/wp-content\/uploads\/2020\/01\/Au-col-du-Colombier-r-500x258.jpg 500w, https:\/\/centcols.org\/backup\/wp-content\/uploads\/2020\/01\/Au-col-du-Colombier-r-768x396.jpg 768w\" sizes=\"(max-width: 1200px) 100vw, 1200px\" \/><p id=\"caption-attachment-38258\" class=\"wp-caption-text\">Au col du Colombier \u00a9Ph Chazottier<\/p><\/div>\n<p><span style=\"color: #000000;\"><br \/>\nLe s\u00e9jour d\u2019\u00e9t\u00e9 2020 se d\u00e9roulera du 15 au 22 ao\u00fbt dans le d\u00e9partement du Rh\u00f4ne, plus pr\u00e9cis\u00e9ment dans le sud Beaujolais \u00e0 Chessy-les-Mines. Il a \u00e9t\u00e9 pr\u00e9par\u00e9 par une petite \u00e9quipe locale : Philippe Chazottier, Henri Cr\u00e9pet et Ren\u00e9 Rial.<\/span><\/p>\n<div id=\"lmm_93d55eb5\" style=\"width:100%;\" class=\"mapsmarker layermap layer-3\">\n<div id=\"lmm_panel_93d55eb5\" class=\"lmm-panel\" style=\"background:#efefef;\">\n<div id=\"lmm_panel_api_93d55eb5\" class=\"lmm-panel-api\"><\/div><div id=\"lmm_panel_text_93d55eb5\" class=\"lmm-panel-text\" style=\"font-weight:bold;color:#373737;\">Chessy<\/div>\n<\/div>\n<div id=\"lmm_map_93d55eb5\" class=\"lmm-map\" style=\"background:#f6f6f6;border:1px solid #ccc;height:480px; overflow:hidden;padding:0;\"><p style=\"font-size:80%;color:#9f9e9e;margin-left:5px;\">loading map - please wait...<noscript><br\/><strong>Map could not be loaded - please enable Javascript!<\/strong><br\/><a style=\"text-decoration:none;\" href=\"https:\/\/www.mapsmarker.com\/js-disabled\" target=\"_blank\">&rarr; more information<\/a><\/noscript><\/p><\/div>\n<div id=\"lmm_geo_tags_93d55eb5_26\" class=\"lmm-geo-tags geo\">Chessy: <span class=\"latitude\">45.885378<\/span>, <span class=\"longitude\">4.620223<\/span><\/div>\n<div id=\"lmm_geo_tags_93d55eb5_27\" class=\"lmm-geo-tags geo\">Chessy: <span class=\"latitude\">45.886872<\/span>, <span class=\"longitude\">4.621553<\/span><\/div>\n<div id=\"lmm_listmarkers_93d55eb5\" class=\"lmm-listmarkers\" style=\"width:100%;\">\n<table style=\"width:100%;\" id=\"lmm_listmarkers_table_93d55eb5\" class=\"lmm-listmarkers-table\"><tr><td class=\"lmm-listmarkers-icon\"><img decoding=\"async\" style=\"border-radius:0;box-shadow:none;\" alt=\"marker icon\" src=\"https:\/\/centcols.org\/backup\/wp-content\/uploads\/leaflet-maps-marker-icons\/camping-2.png\" \/><\/td><td class=\"lmm-listmarkers-popuptext\"><div class=\"lmm-listmarkers-panel-icons\"><a href=\"https:\/\/maps.google.com\/maps?daddr=Avenue+du+Stade%2C+Chessy-les-Mines%2C+Auvergne-Rh%C3%B4ne-Alpes&amp;t=m&amp;layer=1&amp;doflg=ptk&amp;om=0\" target=\"_blank\" title=\"Get directions\"><img loading=\"lazy\" decoding=\"async\" alt=\"icon-car.png\" src=\"https:\/\/centcols.org\/backup\/wp-content\/plugins\/leaflet-maps-marker\/inc\/img\/icon-car.png\" width=\"14\" height=\"14\" class=\"lmm-panel-api-images\" \/><\/a><\/div><span class=\"lmm-listmarkers-markername\">Chessy<\/span><br\/><span class=\"lmm-listmarkers-popuptext-only\"><p style=\"text-align: center\">Parkings pour camping-cars<\/p><\/span><br\/><div class=\"lmm-listmarkers-hr\">Avenue du Stade, Chessy-les-Mines, Auvergne-Rh\u00f4ne-Alpes<\/div><\/td><\/tr><tr><td class=\"lmm-listmarkers-icon\"><img decoding=\"async\" style=\"border-radius:0;box-shadow:none;\" alt=\"marker icon\" src=\"https:\/\/centcols.org\/backup\/wp-content\/uploads\/leaflet-maps-marker-icons\/lodging_0star.png\" \/><\/td><td class=\"lmm-listmarkers-popuptext\"><div class=\"lmm-listmarkers-panel-icons\"><a href=\"https:\/\/maps.google.com\/maps?daddr=68%2C+avenue+de+la+Gare%2C+69380+Chessy-les-Mines%2C+Auvergne-Rh%C3%B4ne-Alpes&amp;t=m&amp;layer=1&amp;doflg=ptk&amp;om=0\" target=\"_blank\" title=\"Get directions\"><img loading=\"lazy\" decoding=\"async\" alt=\"icon-car.png\" src=\"https:\/\/centcols.org\/backup\/wp-content\/plugins\/leaflet-maps-marker\/inc\/img\/icon-car.png\" width=\"14\" height=\"14\" class=\"lmm-panel-api-images\" \/><\/a><\/div><span class=\"lmm-listmarkers-markername\">Chessy<\/span><br\/><span class=\"lmm-listmarkers-popuptext-only\"><p style=\"text-align: center\">MFR Chessy<\/p><\/span><br\/><div class=\"lmm-listmarkers-hr\">68, avenue de la Gare, 69380 Chessy-les-Mines, Auvergne-Rh\u00f4ne-Alpes<\/div><\/td><\/tr><\/table><\/div><\/div>\n<p><span style=\"color: #000000;\">Chessy-les-Mines est situ\u00e9 dans le d\u00e9partement du Rh\u00f4ne \u00e0 moins de 30 km au nord ouest de Lyon, dans la r\u00e9gion viticole du Beaujolais.<\/span><\/p>\n<p><span style=\"color: #000000;\">Nous s\u00e9journerons dans la Maison Familiale Rurale (\u00e9tablissement scolaire priv\u00e9) au centre du village.<\/span><\/p>\n<p><span style=\"color: #000000;\">Vous trouverez ci-dessous les rubriques :<\/span><\/p>\n<ul>\n<li><span style=\"color: #000000;\">Pr\u00e9sentation de la r\u00e9gion<\/span><\/li>\n<li><span style=\"color: #000000;\">L<\/span><span style=\"color: #000000;\">es <\/span><span style=\"color: #000000;\">circuits<\/span><\/li>\n<li><span style=\"color: #000000;\">H\u00e9bergement<\/span><\/li>\n<li><span style=\"color: #000000;\">Note du Conseil d&#8217;Administration<\/span><\/li>\n<li><span style=\"color: #000000;\">Inscriptions<\/span><\/li>\n<li><span style=\"color: #000000;\">Autres activit\u00e9s ou visites\u00a0 \u00a0<\/span><\/li>\n<\/ul>\n<p><span style=\"color: #ff0000;\"><strong>Quelques \u00e9l\u00e9ments pour l&#8217;arriv\u00e9e :<\/strong><\/span><\/p>\n<p><span style=\"color: #000000;\">Ce point sera d\u00e9taill\u00e9 quelques jours avant le d\u00e9but du s\u00e9jour.<\/span><\/p>\n","protected":false},"excerpt":{"rendered":"<p>Presentation of Chessy in English Circuits Ont contribu\u00e9 \u00e0 cette page de pr\u00e9sentation du s\u00e9jour Christophe Badonnel, Thierry Labour et les responsables informatique. Article published on the newspaper\u2019s website &#8220;le Progr\u00e8s&#8221; Le s\u00e9jour d\u2019\u00e9t\u00e9 2020 se d\u00e9roulera du 15 au 22 ao\u00fbt dans le d\u00e9partement du Rh\u00f4ne, plus pr\u00e9cis\u00e9ment dans le sud Beaujolais \u00e0 Chessy-les-Mines. [&hellip;]<\/p>\n","protected":false},"author":69,"featured_media":0,"comment_status":"closed","ping_status":"closed","sticky":false,"template":"","format":"standard","meta":{"_acf_changed":false,"ub_ctt_via":"","_monsterinsights_skip_tracking":false,"_monsterinsights_sitenote_active":false,"_monsterinsights_sitenote_note":"","_monsterinsights_sitenote_category":0,"footnotes":""},"categories":[272],"tags":[],"acf":[],"featured_image_urls":{"full":"","thumbnail":"","medium":"","medium_large":"","large":"","1536x1536":"","2048x2048":"","woocommerce_thumbnail":"","woocommerce_single":"","woocommerce_gallery_thumbnail":""},"post_excerpt_stackable":"<p>Presentation of Chessy in English Circuits Ont contribu\u00e9 \u00e0 cette page de pr\u00e9sentation du s\u00e9jour Christophe Badonnel, Thierry Labour et les responsables informatique. Article published on the newspaper\u2019s website &#8220;le Progr\u00e8s&#8221; Au col du Colombier \u00a9Ph Chazottier Le s\u00e9jour d\u2019\u00e9t\u00e9 2020 se d\u00e9roulera du 15 au 22 ao\u00fbt dans le d\u00e9partement du Rh\u00f4ne, plus pr\u00e9cis\u00e9ment dans le sud Beaujolais \u00e0 Chessy-les-Mines. Il a \u00e9t\u00e9 pr\u00e9par\u00e9 par une petite \u00e9quipe locale : Philippe Chazottier, Henri Cr\u00e9pet et Ren\u00e9 Rial. Chessy loading map &#8211; please wait&#8230;Map could not be loaded &#8211; please enable Javascript!&rarr; more information Chessy: 45.885378, 4.620223 Chessy: 45.886872, 4.621553&hellip;<\/p>\n","category_list":"<a href=\"https:\/\/centcols.org\/backup\/en\/categorie\/sejours-en\/\" rel=\"category tag\">Sejours<\/a>","author_info":{"display_name":"Enrico Alberini","author_link":"https:\/\/centcols.org\/backup\/en\/author\/5065\/"},"comments_num":"0 comments","featured_image_urls_v2":{"full":"","thumbnail":"","medium":"","medium_large":"","large":"","1536x1536":"","2048x2048":"","woocommerce_thumbnail":"","woocommerce_single":"","woocommerce_gallery_thumbnail":""},"post_excerpt_stackable_v2":"<p>Presentation of Chessy in English Circuits Ont contribu\u00e9 \u00e0 cette page de pr\u00e9sentation du s\u00e9jour Christophe Badonnel, Thierry Labour et les responsables informatique. Article published on the newspaper\u2019s website &#8220;le Progr\u00e8s&#8221; Au col du Colombier \u00a9Ph Chazottier Le s\u00e9jour d\u2019\u00e9t\u00e9 2020 se d\u00e9roulera du 15 au 22 ao\u00fbt dans le d\u00e9partement du Rh\u00f4ne, plus pr\u00e9cis\u00e9ment dans le sud Beaujolais \u00e0 Chessy-les-Mines. Il a \u00e9t\u00e9 pr\u00e9par\u00e9 par une petite \u00e9quipe locale : Philippe Chazottier, Henri Cr\u00e9pet et Ren\u00e9 Rial. Chessy loading map &#8211; please wait&#8230;Map could not be loaded &#8211; please enable Javascript!&rarr; more information Chessy: 45.885378, 4.620223 Chessy: 45.886872, 4.621553&hellip;<\/p>\n","category_list_v2":"<a href=\"https:\/\/centcols.org\/backup\/en\/categorie\/sejours-en\/\" rel=\"category tag\">Sejours<\/a>","author_info_v2":{"name":"Enrico Alberini","url":"https:\/\/centcols.org\/backup\/en\/author\/5065\/"},"comments_num_v2":"0 comments","featured_image_src":null,"_links":{"self":[{"href":"https:\/\/centcols.org\/backup\/en\/wp-json\/wp\/v2\/posts\/44585"}],"collection":[{"href":"https:\/\/centcols.org\/backup\/en\/wp-json\/wp\/v2\/posts"}],"about":[{"href":"https:\/\/centcols.org\/backup\/en\/wp-json\/wp\/v2\/types\/post"}],"author":[{"embeddable":true,"href":"https:\/\/centcols.org\/backup\/en\/wp-json\/wp\/v2\/users\/69"}],"replies":[{"embeddable":true,"href":"https:\/\/centcols.org\/backup\/en\/wp-json\/wp\/v2\/comments?post=44585"}],"version-history":[{"count":0,"href":"https:\/\/centcols.org\/backup\/en\/wp-json\/wp\/v2\/posts\/44585\/revisions"}],"wp:attachment":[{"href":"https:\/\/centcols.org\/backup\/en\/wp-json\/wp\/v2\/media?parent=44585"}],"wp:term":[{"taxonomy":"category","embeddable":true,"href":"https:\/\/centcols.org\/backup\/en\/wp-json\/wp\/v2\/categories?post=44585"},{"taxonomy":"post_tag","embeddable":true,"href":"https:\/\/centcols.org\/backup\/en\/wp-json\/wp\/v2\/tags?post=44585"}],"curies":[{"name":"wp","href":"https:\/\/api.w.org\/{rel}","templated":true}]}}