{"id":44687,"date":"2019-11-24T11:05:06","date_gmt":"2019-11-24T10:05:06","guid":{"rendered":"https:\/\/centcols.org\/backup\/gstaad-2020\/"},"modified":"2020-07-01T16:55:05","modified_gmt":"2020-07-01T14:55:05","slug":"gstaad-2020","status":"publish","type":"post","link":"https:\/\/centcols.org\/backup\/en\/gstaad-2020\/","title":{"rendered":"Gstaad, Switzerland, MTB trip, July 25th 2020"},"content":{"rendered":"<p>Sunday July 25th 2020, Gstaad, Switzerland<\/p>\n<p><span lang=\"FR\">Rendez-vous au parking du t\u00e9l\u00e9ph\u00e9rique du Wispile \u00e0 8 h 30 pour le caf\u00e9,<strong> d\u00e9part \u00e0 9 h 00<br \/>\n<\/strong>22 km, 950 m de d\u00e9nivel\u00e9, 3 cols :<br \/>\n&#8211; Col de Jable (CH-BE-1884)<br \/>\n&#8211; Trittlisattel (CH-BE-1850c)<br \/>\n&#8211; Col de Wild Boden (CH-BE-1651)<\/span><\/p>\n<p><a href=\"https:\/\/centcols.org\/backup\/wp-content\/uploads\/2019\/11\/gstaad.png\"><img loading=\"lazy\" decoding=\"async\" class=\"alignnone size-medium wp-image-36892\" src=\"https:\/\/centcols.org\/backup\/wp-content\/uploads\/2019\/11\/gstaad-500x304.png\" alt=\"\" width=\"500\" height=\"304\" srcset=\"https:\/\/centcols.org\/backup\/wp-content\/uploads\/2019\/11\/gstaad-500x304.png 500w, https:\/\/centcols.org\/backup\/wp-content\/uploads\/2019\/11\/gstaad-600x364.png 600w, https:\/\/centcols.org\/backup\/wp-content\/uploads\/2019\/11\/gstaad.png 741w\" sizes=\"(max-width: 500px) 100vw, 500px\" \/><\/a><\/p>\n<h3>Contact<\/h3>\n<p>Alain Besson<br \/>\nChemin des Coumenets 11<br \/>\nCH-1000 Lausanne<br \/>\nT\u00e9l : (0041) 021 544 85 20&nbsp;&nbsp; Natel : (00 41) 079 612 21 17<br \/>\n<a href=\"m&#97;i&#108;&#116;o&#58;&#97;1b&#101;&#115;&#115;&#111;&#110;&#64;gm&#97;il.c&#111;m\">&#97;&#49;&#98;es&#115;on&#64;&#103;ma&#105;l&#46;c&#111;&#109;<\/a><\/p>\n","protected":false},"excerpt":{"rendered":"<p>Sunday July 25th 2020, Gstaad, Switzerland Rendez-vous au parking du t\u00e9l\u00e9ph\u00e9rique du Wispile \u00e0 8 h 30 pour le caf\u00e9, d\u00e9part \u00e0 9 h 00 22 km, 950 m de d\u00e9nivel\u00e9, 3 cols : &#8211; Col de Jable (CH-BE-1884) &#8211; Trittlisattel (CH-BE-1850c) &#8211; Col de Wild Boden (CH-BE-1651) Contact Alain Besson Chemin des Coumenets 11 [&hellip;]<\/p>\n","protected":false},"author":69,"featured_media":0,"comment_status":"closed","ping_status":"closed","sticky":false,"template":"","format":"standard","meta":{"_acf_changed":false,"ub_ctt_via":"","_monsterinsights_skip_tracking":false,"_monsterinsights_sitenote_active":false,"_monsterinsights_sitenote_note":"","_monsterinsights_sitenote_category":0,"footnotes":""},"categories":[341,350],"tags":[],"acf":[],"featured_image_urls":{"full":"","thumbnail":"","medium":"","medium_large":"","large":"","1536x1536":"","2048x2048":"","woocommerce_thumbnail":"","woocommerce_single":"","woocommerce_gallery_thumbnail":""},"post_excerpt_stackable":"<p>Sunday July 25th 2020, Gstaad, Switzerland Rendez-vous au parking du t\u00e9l\u00e9ph\u00e9rique du Wispile \u00e0 8 h 30 pour le caf\u00e9, d\u00e9part \u00e0 9 h 00 22 km, 950 m de d\u00e9nivel\u00e9, 3 cols : &#8211; Col de Jable (CH-BE-1884) &#8211; Trittlisattel (CH-BE-1850c) &#8211; Col de Wild Boden (CH-BE-1651) Contact Alain Besson Chemin des Coumenets 11 CH-1000 Lausanne T\u00e9l : (0041) 021 544 85 20&nbsp;&nbsp; Natel : (00 41) 079 612 21 17 a&#49;be&#115;so&#110;&#64;g&#109;&#97;&#105;l.com<\/p>\n","category_list":"<a href=\"https:\/\/centcols.org\/backup\/en\/categorie\/regionalmeetings-en\/\" rel=\"category tag\">Regional Meetings<\/a>, <a href=\"https:\/\/centcols.org\/backup\/en\/categorie\/regionalmeetings-en\/meetings-2020-en\/\" rel=\"category tag\">Regional meetings 2020<\/a>","author_info":{"display_name":"Enrico Alberini","author_link":"https:\/\/centcols.org\/backup\/en\/author\/5065\/"},"comments_num":"0 comments","featured_image_urls_v2":{"full":"","thumbnail":"","medium":"","medium_large":"","large":"","1536x1536":"","2048x2048":"","woocommerce_thumbnail":"","woocommerce_single":"","woocommerce_gallery_thumbnail":""},"post_excerpt_stackable_v2":"<p>Sunday July 25th 2020, Gstaad, Switzerland Rendez-vous au parking du t\u00e9l\u00e9ph\u00e9rique du Wispile \u00e0 8 h 30 pour le caf\u00e9, d\u00e9part \u00e0 9 h 00 22 km, 950 m de d\u00e9nivel\u00e9, 3 cols : &#8211; Col de Jable (CH-BE-1884) &#8211; Trittlisattel (CH-BE-1850c) &#8211; Col de Wild Boden (CH-BE-1651) Contact Alain Besson Chemin des Coumenets 11 CH-1000 Lausanne T\u00e9l : (0041) 021 544 85 20&nbsp;&nbsp; Natel : (00 41) 079 612 21 17 a&#49;&#98;&#101;s&#115;&#111;&#110;&#64;&#103;&#109;&#97;i&#108;&#46;&#99;om<\/p>\n","category_list_v2":"<a href=\"https:\/\/centcols.org\/backup\/en\/categorie\/regionalmeetings-en\/\" rel=\"category tag\">Regional Meetings<\/a>, <a href=\"https:\/\/centcols.org\/backup\/en\/categorie\/regionalmeetings-en\/meetings-2020-en\/\" rel=\"category tag\">Regional meetings 2020<\/a>","author_info_v2":{"name":"Enrico Alberini","url":"https:\/\/centcols.org\/backup\/en\/author\/5065\/"},"comments_num_v2":"0 comments","featured_image_src":null,"_links":{"self":[{"href":"https:\/\/centcols.org\/backup\/en\/wp-json\/wp\/v2\/posts\/44687"}],"collection":[{"href":"https:\/\/centcols.org\/backup\/en\/wp-json\/wp\/v2\/posts"}],"about":[{"href":"https:\/\/centcols.org\/backup\/en\/wp-json\/wp\/v2\/types\/post"}],"author":[{"embeddable":true,"href":"https:\/\/centcols.org\/backup\/en\/wp-json\/wp\/v2\/users\/69"}],"replies":[{"embeddable":true,"href":"https:\/\/centcols.org\/backup\/en\/wp-json\/wp\/v2\/comments?post=44687"}],"version-history":[{"count":0,"href":"https:\/\/centcols.org\/backup\/en\/wp-json\/wp\/v2\/posts\/44687\/revisions"}],"wp:attachment":[{"href":"https:\/\/centcols.org\/backup\/en\/wp-json\/wp\/v2\/media?parent=44687"}],"wp:term":[{"taxonomy":"category","embeddable":true,"href":"https:\/\/centcols.org\/backup\/en\/wp-json\/wp\/v2\/categories?post=44687"},{"taxonomy":"post_tag","embeddable":true,"href":"https:\/\/centcols.org\/backup\/en\/wp-json\/wp\/v2\/tags?post=44687"}],"curies":[{"name":"wp","href":"https:\/\/api.w.org\/{rel}","templated":true}]}}