{"id":44689,"date":"2019-11-25T11:30:18","date_gmt":"2019-11-25T10:30:18","guid":{"rendered":"https:\/\/centcols.org\/backup\/mollendruz-2020\/"},"modified":"2020-07-01T16:52:15","modified_gmt":"2020-07-01T14:52:15","slug":"mollendruz-2020","status":"publish","type":"post","link":"https:\/\/centcols.org\/backup\/en\/mollendruz-2020\/","title":{"rendered":"Col du Mollendruz, Switzerland, MTB trip, August 8th 2020"},"content":{"rendered":"<p>Saturday August 8th 2020, Col du Mollendruz, Switzerland<\/p>\n<p>Rendez-vous au parking du col de Mollendruz \u00e0 8 h 30 pour le caf\u00e9, <strong>d\u00e9part \u00e0 9 h 00<\/strong><strong><br \/>\n<\/strong>40 km, 1100 m de d\u00e9nivel\u00e9, 9 cols :<br \/>\n&#8211; Col du Pr\u00e9 de l&#8217;Haut (CH-VD-1306a)<br \/>\n&#8211; Col des Croisettes (CH-VD-1312)<br \/>\n&#8211; Les Vyfourches (CH-VD-1045)<br \/>\n&#8211; Col du Mont d&#8217;Orzeires (CH-VD-1061)<br \/>\n&#8211; Col des Epoisats (CH-VD-1079)<br \/>\n&#8211; Col du Pl\u00e2ne (CH-VD-1154)<br \/>\n&#8211; Col d&#8217;Agiez (CH-VD-1111)<br \/>\n&#8211; Col de P\u00e9tra F\u00e9lix (CH-VD-1144)<br \/>\n&#8211; Col du Mollendruz (CH-VD-1174a)<\/p>\n<p><a href=\"https:\/\/centcols.org\/backup\/wp-content\/uploads\/2019\/11\/mollendruz.png\"><img loading=\"lazy\" decoding=\"async\" class=\"alignnone size-medium wp-image-36914\" src=\"https:\/\/centcols.org\/backup\/wp-content\/uploads\/2019\/11\/mollendruz-500x323.png\" alt=\"\" width=\"500\" height=\"323\" srcset=\"https:\/\/centcols.org\/backup\/wp-content\/uploads\/2019\/11\/mollendruz-500x323.png 500w, https:\/\/centcols.org\/backup\/wp-content\/uploads\/2019\/11\/mollendruz-600x388.png 600w, https:\/\/centcols.org\/backup\/wp-content\/uploads\/2019\/11\/mollendruz.png 711w\" sizes=\"(max-width: 500px) 100vw, 500px\" \/><\/a><\/p>\n<h3>Contact<\/h3>\n<p>Pierre Mai<br \/>\nVy de Bi\u00e8re 8<br \/>\nCH-1144 Ballens<br \/>\nT\u00e9l : +41 21 807 34 17, mobile: +41 76 498 58 73<br \/>\n<a href=\"mailt&#111;:&#112;m&#97;i&#64;b&#108;&#117;e&#119;i&#110;&#46;ch\">p&#109;ai&#64;&#98;lue&#119;i&#110;&#46;c&#104;<\/a><\/p>\n","protected":false},"excerpt":{"rendered":"<p>Saturday August 8th 2020, Col du Mollendruz, Switzerland Rendez-vous au parking du col de Mollendruz \u00e0 8 h 30 pour le caf\u00e9, d\u00e9part \u00e0 9 h 00 40 km, 1100 m de d\u00e9nivel\u00e9, 9 cols : &#8211; Col du Pr\u00e9 de l&#8217;Haut (CH-VD-1306a) &#8211; Col des Croisettes (CH-VD-1312) &#8211; Les Vyfourches (CH-VD-1045) &#8211; Col du [&hellip;]<\/p>\n","protected":false},"author":69,"featured_media":0,"comment_status":"closed","ping_status":"closed","sticky":false,"template":"","format":"standard","meta":{"_acf_changed":false,"ub_ctt_via":"","_monsterinsights_skip_tracking":false,"_monsterinsights_sitenote_active":false,"_monsterinsights_sitenote_note":"","_monsterinsights_sitenote_category":0,"footnotes":""},"categories":[271,341,350,7],"tags":[],"acf":[],"featured_image_urls":{"full":"","thumbnail":"","medium":"","medium_large":"","large":"","1536x1536":"","2048x2048":"","woocommerce_thumbnail":"","woocommerce_single":"","woocommerce_gallery_thumbnail":""},"post_excerpt_stackable":"<p>Saturday August 8th 2020, Col du Mollendruz, Switzerland Rendez-vous au parking du col de Mollendruz \u00e0 8 h 30 pour le caf\u00e9, d\u00e9part \u00e0 9 h 00 40 km, 1100 m de d\u00e9nivel\u00e9, 9 cols : &#8211; Col du Pr\u00e9 de l&#8217;Haut (CH-VD-1306a) &#8211; Col des Croisettes (CH-VD-1312) &#8211; Les Vyfourches (CH-VD-1045) &#8211; Col du Mont d&#8217;Orzeires (CH-VD-1061) &#8211; Col des Epoisats (CH-VD-1079) &#8211; Col du Pl\u00e2ne (CH-VD-1154) &#8211; Col d&#8217;Agiez (CH-VD-1111) &#8211; Col de P\u00e9tra F\u00e9lix (CH-VD-1144) &#8211; Col du Mollendruz (CH-VD-1174a) Contact Pierre Mai Vy de Bi\u00e8re 8 CH-1144 Ballens T\u00e9l : +41 21 807 34 17, mobile:&hellip;<\/p>\n","category_list":"<a href=\"https:\/\/centcols.org\/backup\/categorie\/rassemblements\/rassemblements-2020\/\" rel=\"category tag\">Les rassemblements de 2020<\/a>, <a href=\"https:\/\/centcols.org\/backup\/en\/categorie\/regionalmeetings-en\/\" rel=\"category tag\">Regional Meetings<\/a>, <a href=\"https:\/\/centcols.org\/backup\/en\/categorie\/regionalmeetings-en\/meetings-2020-en\/\" rel=\"category tag\">Regional meetings 2020<\/a>, <a href=\"https:\/\/centcols.org\/backup\/categorie\/rassemblements\/\" rel=\"category tag\">Rencontres r\u00e9gionales<\/a>","author_info":{"display_name":"Enrico Alberini","author_link":"https:\/\/centcols.org\/backup\/en\/author\/5065\/"},"comments_num":"0 comments","featured_image_urls_v2":{"full":"","thumbnail":"","medium":"","medium_large":"","large":"","1536x1536":"","2048x2048":"","woocommerce_thumbnail":"","woocommerce_single":"","woocommerce_gallery_thumbnail":""},"post_excerpt_stackable_v2":"<p>Saturday August 8th 2020, Col du Mollendruz, Switzerland Rendez-vous au parking du col de Mollendruz \u00e0 8 h 30 pour le caf\u00e9, d\u00e9part \u00e0 9 h 00 40 km, 1100 m de d\u00e9nivel\u00e9, 9 cols : &#8211; Col du Pr\u00e9 de l&#8217;Haut (CH-VD-1306a) &#8211; Col des Croisettes (CH-VD-1312) &#8211; Les Vyfourches (CH-VD-1045) &#8211; Col du Mont d&#8217;Orzeires (CH-VD-1061) &#8211; Col des Epoisats (CH-VD-1079) &#8211; Col du Pl\u00e2ne (CH-VD-1154) &#8211; Col d&#8217;Agiez (CH-VD-1111) &#8211; Col de P\u00e9tra F\u00e9lix (CH-VD-1144) &#8211; Col du Mollendruz (CH-VD-1174a) Contact Pierre Mai Vy de Bi\u00e8re 8 CH-1144 Ballens T\u00e9l : +41 21 807 34 17, mobile:&hellip;<\/p>\n","category_list_v2":"<a href=\"https:\/\/centcols.org\/backup\/categorie\/rassemblements\/rassemblements-2020\/\" rel=\"category tag\">Les rassemblements de 2020<\/a>, <a href=\"https:\/\/centcols.org\/backup\/en\/categorie\/regionalmeetings-en\/\" rel=\"category tag\">Regional Meetings<\/a>, <a href=\"https:\/\/centcols.org\/backup\/en\/categorie\/regionalmeetings-en\/meetings-2020-en\/\" rel=\"category tag\">Regional meetings 2020<\/a>, <a href=\"https:\/\/centcols.org\/backup\/categorie\/rassemblements\/\" rel=\"category tag\">Rencontres r\u00e9gionales<\/a>","author_info_v2":{"name":"Enrico Alberini","url":"https:\/\/centcols.org\/backup\/en\/author\/5065\/"},"comments_num_v2":"0 comments","featured_image_src":null,"_links":{"self":[{"href":"https:\/\/centcols.org\/backup\/en\/wp-json\/wp\/v2\/posts\/44689"}],"collection":[{"href":"https:\/\/centcols.org\/backup\/en\/wp-json\/wp\/v2\/posts"}],"about":[{"href":"https:\/\/centcols.org\/backup\/en\/wp-json\/wp\/v2\/types\/post"}],"author":[{"embeddable":true,"href":"https:\/\/centcols.org\/backup\/en\/wp-json\/wp\/v2\/users\/69"}],"replies":[{"embeddable":true,"href":"https:\/\/centcols.org\/backup\/en\/wp-json\/wp\/v2\/comments?post=44689"}],"version-history":[{"count":0,"href":"https:\/\/centcols.org\/backup\/en\/wp-json\/wp\/v2\/posts\/44689\/revisions"}],"wp:attachment":[{"href":"https:\/\/centcols.org\/backup\/en\/wp-json\/wp\/v2\/media?parent=44689"}],"wp:term":[{"taxonomy":"category","embeddable":true,"href":"https:\/\/centcols.org\/backup\/en\/wp-json\/wp\/v2\/categories?post=44689"},{"taxonomy":"post_tag","embeddable":true,"href":"https:\/\/centcols.org\/backup\/en\/wp-json\/wp\/v2\/tags?post=44689"}],"curies":[{"name":"wp","href":"https:\/\/api.w.org\/{rel}","templated":true}]}}