{"id":44691,"date":"2019-11-25T11:31:34","date_gmt":"2019-11-25T10:31:34","guid":{"rendered":"https:\/\/centcols.org\/backup\/rassemblement-international-2020\/"},"modified":"2020-07-01T17:03:37","modified_gmt":"2020-07-01T15:03:37","slug":"rassemblement-international-2020","status":"publish","type":"post","link":"https:\/\/centcols.org\/backup\/en\/rassemblement-international-2020\/","title":{"rendered":"International meeting, Col des Echarmeaux (Rh\u00f4ne) August 22nd 2020"},"content":{"rendered":"<p>Le rassemblement international se tiendra en fin de s\u00e9jour d&#8217;\u00e9t\u00e9 \u00e0 Chessy-les-Mines (15 \u00e0 22 ao\u00fbt 2020)<br \/>\nIl est ouvert \u00e0 tous.<\/p>\n<p><img loading=\"lazy\" decoding=\"async\" class=\"alignnone wp-image-44431 size-full\" src=\"https:\/\/centcols.org\/backup\/wp-content\/uploads\/2020\/06\/echarmeaux.png\" alt=\"\" width=\"855\" height=\"613\" srcset=\"https:\/\/centcols.org\/backup\/wp-content\/uploads\/2020\/06\/echarmeaux.png 855w, https:\/\/centcols.org\/backup\/wp-content\/uploads\/2020\/06\/echarmeaux-500x358.png 500w, https:\/\/centcols.org\/backup\/wp-content\/uploads\/2020\/06\/echarmeaux-768x551.png 768w, https:\/\/centcols.org\/backup\/wp-content\/uploads\/2020\/06\/echarmeaux-600x430.png 600w\" sizes=\"(max-width: 855px) 100vw, 855px\" \/><\/p>\n<p>Venez nombreux, et surtout, pensez \u00e0 signaler votre pr\u00e9sence.<\/p>\n<h3>Contact<\/h3>\n<p>Guy Harl\u00e9<br \/>\n+33 4 50 60 67 27 &#8211; +33 6 77 11 17 03<br \/>\n<a href=\"mail&#116;&#111;&#58;&#103;&#117;&#121;&#46;ha&#114;&#108;e&#64;g&#109;ai&#108;.&#99;&#111;m\">g&#117;&#121;&#46;&#104;ar&#108;e&#64;g&#109;ail.c&#111;m<\/a><\/p>\n","protected":false},"excerpt":{"rendered":"<p>Le rassemblement international se tiendra en fin de s\u00e9jour d&#8217;\u00e9t\u00e9 \u00e0 Chessy-les-Mines (15 \u00e0 22 ao\u00fbt 2020) Il est ouvert \u00e0 tous. Venez nombreux, et surtout, pensez \u00e0 signaler votre pr\u00e9sence. Contact Guy Harl\u00e9 +33 4 50 60 67 27 &#8211; +33 6 77 11 17 03<\/p>\n","protected":false},"author":69,"featured_media":0,"comment_status":"closed","ping_status":"closed","sticky":false,"template":"","format":"standard","meta":{"_acf_changed":false,"ub_ctt_via":"","_monsterinsights_skip_tracking":false,"_monsterinsights_sitenote_active":false,"_monsterinsights_sitenote_note":"","_monsterinsights_sitenote_category":0,"footnotes":""},"categories":[341,350],"tags":[],"acf":[],"featured_image_urls":{"full":"","thumbnail":"","medium":"","medium_large":"","large":"","1536x1536":"","2048x2048":"","woocommerce_thumbnail":"","woocommerce_single":"","woocommerce_gallery_thumbnail":""},"post_excerpt_stackable":"<p>Le rassemblement international se tiendra en fin de s\u00e9jour d&#8217;\u00e9t\u00e9 \u00e0 Chessy-les-Mines (15 \u00e0 22 ao\u00fbt 2020) Il est ouvert \u00e0 tous. Venez nombreux, et surtout, pensez \u00e0 signaler votre pr\u00e9sence. Contact Guy Harl\u00e9 +33 4 50 60 67 27 &#8211; +33 6 77 11 17 03 &#103;&#117;y.h&#97;r&#108;&#101;&#64;&#103;&#109;ail&#46;c&#111;&#109;<\/p>\n","category_list":"<a href=\"https:\/\/centcols.org\/backup\/en\/categorie\/regionalmeetings-en\/\" rel=\"category tag\">Regional Meetings<\/a>, <a href=\"https:\/\/centcols.org\/backup\/en\/categorie\/regionalmeetings-en\/meetings-2020-en\/\" rel=\"category tag\">Regional meetings 2020<\/a>","author_info":{"display_name":"Enrico Alberini","author_link":"https:\/\/centcols.org\/backup\/en\/author\/5065\/"},"comments_num":"0 comments","featured_image_urls_v2":{"full":"","thumbnail":"","medium":"","medium_large":"","large":"","1536x1536":"","2048x2048":"","woocommerce_thumbnail":"","woocommerce_single":"","woocommerce_gallery_thumbnail":""},"post_excerpt_stackable_v2":"<p>Le rassemblement international se tiendra en fin de s\u00e9jour d&#8217;\u00e9t\u00e9 \u00e0 Chessy-les-Mines (15 \u00e0 22 ao\u00fbt 2020) Il est ouvert \u00e0 tous. Venez nombreux, et surtout, pensez \u00e0 signaler votre pr\u00e9sence. Contact Guy Harl\u00e9 +33 4 50 60 67 27 &#8211; +33 6 77 11 17 03 &#103;uy&#46;&#104;arl&#101;&#64;g&#109;&#97;&#105;&#108;&#46;&#99;om<\/p>\n","category_list_v2":"<a href=\"https:\/\/centcols.org\/backup\/en\/categorie\/regionalmeetings-en\/\" rel=\"category tag\">Regional Meetings<\/a>, <a href=\"https:\/\/centcols.org\/backup\/en\/categorie\/regionalmeetings-en\/meetings-2020-en\/\" rel=\"category tag\">Regional meetings 2020<\/a>","author_info_v2":{"name":"Enrico Alberini","url":"https:\/\/centcols.org\/backup\/en\/author\/5065\/"},"comments_num_v2":"0 comments","featured_image_src":null,"_links":{"self":[{"href":"https:\/\/centcols.org\/backup\/en\/wp-json\/wp\/v2\/posts\/44691"}],"collection":[{"href":"https:\/\/centcols.org\/backup\/en\/wp-json\/wp\/v2\/posts"}],"about":[{"href":"https:\/\/centcols.org\/backup\/en\/wp-json\/wp\/v2\/types\/post"}],"author":[{"embeddable":true,"href":"https:\/\/centcols.org\/backup\/en\/wp-json\/wp\/v2\/users\/69"}],"replies":[{"embeddable":true,"href":"https:\/\/centcols.org\/backup\/en\/wp-json\/wp\/v2\/comments?post=44691"}],"version-history":[{"count":0,"href":"https:\/\/centcols.org\/backup\/en\/wp-json\/wp\/v2\/posts\/44691\/revisions"}],"wp:attachment":[{"href":"https:\/\/centcols.org\/backup\/en\/wp-json\/wp\/v2\/media?parent=44691"}],"wp:term":[{"taxonomy":"category","embeddable":true,"href":"https:\/\/centcols.org\/backup\/en\/wp-json\/wp\/v2\/categories?post=44691"},{"taxonomy":"post_tag","embeddable":true,"href":"https:\/\/centcols.org\/backup\/en\/wp-json\/wp\/v2\/tags?post=44691"}],"curies":[{"name":"wp","href":"https:\/\/api.w.org\/{rel}","templated":true}]}}