{"id":44700,"date":"2019-11-28T16:00:47","date_gmt":"2019-11-28T15:00:47","guid":{"rendered":"https:\/\/centcols.org\/backup\/alpes-sud-2020\/"},"modified":"2020-07-01T16:58:28","modified_gmt":"2020-07-01T14:58:28","slug":"alpes-sud-2020","status":"publish","type":"post","link":"https:\/\/centcols.org\/backup\/en\/alpes-sud-2020\/","title":{"rendered":"Alpes du Sud, col du Labouret, August 29th 2020"},"content":{"rendered":"<p>Alpes Sud, Col du Labouret (FR-04-1240a)<\/p>\n<h3>Accueil<\/h3>\n<p>A partir de 8 h 30 sur le parking du parc Demontzey, situ\u00e9 \u00e0 environ 300 m sous le col du Labouret, versant Le Vernet.<br \/>\nBoissons chaudes avant le d\u00e9part.<\/p>\n<p>D\u00e9part vers 9 h 00 pour routiers et v\u00e9t\u00e9tistes.<br \/>\nUn parcours p\u00e9destre sera propos\u00e9 pour les accompagnants non p\u00e9dalant.<br \/>\nPlans et profils seront joints ult\u00e9rieurement.<\/p>\n<p>Retour \u00e0 midi dans le parc Demontzey pour \u00e9changer et partager &#8211; pains, fromages et autres produits locaux. &#8221;<\/p>\n<div id='gallery-1' class='gallery galleryid-44700 gallery-columns-2 gallery-size-medium'><dl class='gallery-item'>\n\t\t\t<dt class='gallery-icon landscape'>\n\t\t\t\t<a href='https:\/\/centcols.org\/backup\/en\/alpes-sud-2020\/col-labouret-2\/'><img loading=\"lazy\" decoding=\"async\" width=\"500\" height=\"375\" src=\"https:\/\/centcols.org\/backup\/wp-content\/uploads\/2019\/11\/col-labouret-500x375.jpg\" class=\"attachment-medium size-medium\" alt=\"\" aria-describedby=\"gallery-1-37872\" srcset=\"https:\/\/centcols.org\/backup\/wp-content\/uploads\/2019\/11\/col-labouret-500x375.jpg 500w, https:\/\/centcols.org\/backup\/wp-content\/uploads\/2019\/11\/col-labouret-600x450.jpg 600w, https:\/\/centcols.org\/backup\/wp-content\/uploads\/2019\/11\/col-labouret-768x576.jpg 768w, https:\/\/centcols.org\/backup\/wp-content\/uploads\/2019\/11\/col-labouret.jpg 1200w\" sizes=\"(max-width: 500px) 100vw, 500px\" \/><\/a>\n\t\t\t<\/dt>\n\t\t\t\t<dd class='wp-caption-text gallery-caption' id='gallery-1-37872'>\n\t\t\t\tCol du Labouret\n\t\t\t\t<\/dd><\/dl><dl class='gallery-item'>\n\t\t\t<dt class='gallery-icon landscape'>\n\t\t\t\t<a href='https:\/\/centcols.org\/backup\/en\/alpes-sud-2020\/gite-demontzey-2\/'><img loading=\"lazy\" decoding=\"async\" width=\"500\" height=\"375\" src=\"https:\/\/centcols.org\/backup\/wp-content\/uploads\/2019\/11\/gite-demontzey-500x375.jpg\" class=\"attachment-medium size-medium\" alt=\"\" aria-describedby=\"gallery-1-37877\" srcset=\"https:\/\/centcols.org\/backup\/wp-content\/uploads\/2019\/11\/gite-demontzey-500x375.jpg 500w, https:\/\/centcols.org\/backup\/wp-content\/uploads\/2019\/11\/gite-demontzey-600x450.jpg 600w, https:\/\/centcols.org\/backup\/wp-content\/uploads\/2019\/11\/gite-demontzey-768x576.jpg 768w, https:\/\/centcols.org\/backup\/wp-content\/uploads\/2019\/11\/gite-demontzey.jpg 1200w\" sizes=\"(max-width: 500px) 100vw, 500px\" \/><\/a>\n\t\t\t<\/dt>\n\t\t\t\t<dd class='wp-caption-text gallery-caption' id='gallery-1-37877'>\n\t\t\t\tG\u00efte de Demontzey\n\t\t\t\t<\/dd><\/dl><br style=\"clear: both\" \/>\n\t\t<\/div>\n\n<div id=\"lmm_9c2051e3\" style=\"width:100%;\" class=\"mapsmarker markermap marker-22\">\n<div id=\"lmm_panel_9c2051e3\" class=\"lmm-panel\" style=\"background:#efefef;\">\n<div id=\"lmm_panel_api_9c2051e3\" class=\"lmm-panel-api\"><a href=\"https:\/\/maps.google.com\/maps?daddr=Verdaches+Provence-Alpes-C%C3%B4te+d%5C%26%23039%3BAzur%2C+France&amp;t=m&amp;layer=1&amp;doflg=ptk&amp;om=0\" target=\"_blank\" title=\"Get directions\"><img loading=\"lazy\" decoding=\"async\" alt=\"icon-car.png\" src=\"https:\/\/centcols.org\/backup\/wp-content\/plugins\/leaflet-maps-marker\/inc\/img\/icon-car.png\" width=\"14\" height=\"14\" class=\"lmm-panel-api-images\" \/><\/a><\/div><div id=\"lmm_panel_text_9c2051e3\" class=\"lmm-panel-text\" style=\"font-weight:bold;color:#373737;\">Col du Labouret<\/div><\/div>\n<div id=\"lmm_map_9c2051e3\" class=\"lmm-map\" style=\"background:#f6f6f6;border:1px solid #ccc;height:480px; overflow:hidden;padding:0;\"><p style=\"font-size:80%;color:#9f9e9e;margin-left:5px;\">loading map - please wait...<noscript><br\/><strong>Map could not be loaded - please enable Javascript!<\/strong><br\/><a style=\"text-decoration:none;\" href=\"https:\/\/www.mapsmarker.com\/js-disabled\" target=\"_blank\">&rarr; more information<\/a><\/noscript><\/p><\/div>\n<div id=\"lmm_geo_tags_9c2051e3\" class=\"lmm-geo-tags geo\">\n<span class=\"paneltext\">Col du Labouret<\/span>\n<span class=\"latitude\">44.250487<\/span>, <span class=\"longitude\">6.372457<\/span>\n<span class=\"popuptext\">Parc Demontzey<\/span>\n<\/div>\n<\/div>\n<h3>Contact<\/h3>\n<p>Robert Yonnet<br \/>\n+33 4 92 37 23 69&nbsp; &#8211;&nbsp; +33 6 81 85 54 71<br \/>\n<a href=\"&#109;&#97;&#105;l&#116;&#111;&#58;&#114;&#111;b&#101;r&#116;&#46;yo&#110;&#110;et&#64;o&#114;&#97;&#110;g&#101;.&#102;&#114;\">r&#111;b&#101;&#114;&#116;.&#121;&#111;nn&#101;&#116;&#64;o&#114;&#97;n&#103;e.&#102;&#114;<\/a><\/p>\n","protected":false},"excerpt":{"rendered":"<p>Alpes Sud, Col du Labouret (FR-04-1240a) Accueil A partir de 8 h 30 sur le parking du parc Demontzey, situ\u00e9 \u00e0 environ 300 m sous le col du Labouret, versant Le Vernet. Boissons chaudes avant le d\u00e9part. D\u00e9part vers 9 h 00 pour routiers et v\u00e9t\u00e9tistes. Un parcours p\u00e9destre sera propos\u00e9 pour les accompagnants non [&hellip;]<\/p>\n","protected":false},"author":69,"featured_media":0,"comment_status":"closed","ping_status":"closed","sticky":false,"template":"","format":"standard","meta":{"_acf_changed":false,"ub_ctt_via":"","_monsterinsights_skip_tracking":false,"_monsterinsights_sitenote_active":false,"_monsterinsights_sitenote_note":"","_monsterinsights_sitenote_category":0,"footnotes":""},"categories":[341,350],"tags":[],"acf":[],"featured_image_urls":{"full":"","thumbnail":"","medium":"","medium_large":"","large":"","1536x1536":"","2048x2048":"","woocommerce_thumbnail":"","woocommerce_single":"","woocommerce_gallery_thumbnail":""},"post_excerpt_stackable":"<p>Alpes Sud, Col du Labouret (FR-04-1240a) Accueil A partir de 8 h 30 sur le parking du parc Demontzey, situ\u00e9 \u00e0 environ 300 m sous le col du Labouret, versant Le Vernet. Boissons chaudes avant le d\u00e9part. D\u00e9part vers 9 h 00 pour routiers et v\u00e9t\u00e9tistes. Un parcours p\u00e9destre sera propos\u00e9 pour les accompagnants non p\u00e9dalant. Plans et profils seront joints ult\u00e9rieurement. Retour \u00e0 midi dans le parc Demontzey pour \u00e9changer et partager &#8211; pains, fromages et autres produits locaux. &#8221; Col du Labouret G\u00efte de Demontzey Col du Labouret loading map &#8211; please wait&#8230;Map could not be loaded -&hellip;<\/p>\n","category_list":"<a href=\"https:\/\/centcols.org\/backup\/en\/categorie\/regionalmeetings-en\/\" rel=\"category tag\">Regional Meetings<\/a>, <a href=\"https:\/\/centcols.org\/backup\/en\/categorie\/regionalmeetings-en\/meetings-2020-en\/\" rel=\"category tag\">Regional meetings 2020<\/a>","author_info":{"display_name":"Enrico Alberini","author_link":"https:\/\/centcols.org\/backup\/en\/author\/5065\/"},"comments_num":"0 comments","featured_image_urls_v2":{"full":"","thumbnail":"","medium":"","medium_large":"","large":"","1536x1536":"","2048x2048":"","woocommerce_thumbnail":"","woocommerce_single":"","woocommerce_gallery_thumbnail":""},"post_excerpt_stackable_v2":"<p>Alpes Sud, Col du Labouret (FR-04-1240a) Accueil A partir de 8 h 30 sur le parking du parc Demontzey, situ\u00e9 \u00e0 environ 300 m sous le col du Labouret, versant Le Vernet. Boissons chaudes avant le d\u00e9part. D\u00e9part vers 9 h 00 pour routiers et v\u00e9t\u00e9tistes. Un parcours p\u00e9destre sera propos\u00e9 pour les accompagnants non p\u00e9dalant. Plans et profils seront joints ult\u00e9rieurement. Retour \u00e0 midi dans le parc Demontzey pour \u00e9changer et partager &#8211; pains, fromages et autres produits locaux. &#8221; Col du Labouret G\u00efte de Demontzey Col du Labouret loading map &#8211; please wait&#8230;Map could not be loaded -&hellip;<\/p>\n","category_list_v2":"<a href=\"https:\/\/centcols.org\/backup\/en\/categorie\/regionalmeetings-en\/\" rel=\"category tag\">Regional Meetings<\/a>, <a href=\"https:\/\/centcols.org\/backup\/en\/categorie\/regionalmeetings-en\/meetings-2020-en\/\" rel=\"category tag\">Regional meetings 2020<\/a>","author_info_v2":{"name":"Enrico Alberini","url":"https:\/\/centcols.org\/backup\/en\/author\/5065\/"},"comments_num_v2":"0 comments","featured_image_src":null,"_links":{"self":[{"href":"https:\/\/centcols.org\/backup\/en\/wp-json\/wp\/v2\/posts\/44700"}],"collection":[{"href":"https:\/\/centcols.org\/backup\/en\/wp-json\/wp\/v2\/posts"}],"about":[{"href":"https:\/\/centcols.org\/backup\/en\/wp-json\/wp\/v2\/types\/post"}],"author":[{"embeddable":true,"href":"https:\/\/centcols.org\/backup\/en\/wp-json\/wp\/v2\/users\/69"}],"replies":[{"embeddable":true,"href":"https:\/\/centcols.org\/backup\/en\/wp-json\/wp\/v2\/comments?post=44700"}],"version-history":[{"count":0,"href":"https:\/\/centcols.org\/backup\/en\/wp-json\/wp\/v2\/posts\/44700\/revisions"}],"wp:attachment":[{"href":"https:\/\/centcols.org\/backup\/en\/wp-json\/wp\/v2\/media?parent=44700"}],"wp:term":[{"taxonomy":"category","embeddable":true,"href":"https:\/\/centcols.org\/backup\/en\/wp-json\/wp\/v2\/categories?post=44700"},{"taxonomy":"post_tag","embeddable":true,"href":"https:\/\/centcols.org\/backup\/en\/wp-json\/wp\/v2\/tags?post=44700"}],"curies":[{"name":"wp","href":"https:\/\/api.w.org\/{rel}","templated":true}]}}