{"id":44703,"date":"2019-11-28T17:10:17","date_gmt":"2019-11-28T16:10:17","guid":{"rendered":"https:\/\/centcols.org\/backup\/dav-2020\/"},"modified":"2020-07-01T16:59:19","modified_gmt":"2020-07-01T14:59:19","slug":"dav-2020","status":"publish","type":"post","link":"https:\/\/centcols.org\/backup\/en\/dav-2020\/","title":{"rendered":"Dr\u00f4me Ard\u00e8che Vaucluse, col de Veaux, September 5th 2020"},"content":{"rendered":"<p>Saturday September 5th 2020, Dr\u00f4me, Ard\u00e8che, Vaucluse<br \/>\nCol de Veaux (FR-26-0386), \u00e0 confirmer<\/p>\n<div>\n<p class=\"western\" align=\"left\"><span style=\"color: #222222;\"><span style=\"font-family: Arial, Helvetica, sans-serif;\"><span style=\"font-size: medium;\">Accueil \u00e0 partir de 11 h 00 au Col de Veaux pour partager charcuterie et fromage (confirmation du lieu \u00e0 venir).<\/span><\/span><\/span><\/p>\n<p align=\"left\"><div id=\"lmm_bedb4bba\" style=\"width:100%;\" class=\"mapsmarker markermap marker-21\">\n<div id=\"lmm_panel_bedb4bba\" class=\"lmm-panel\" style=\"background:#efefef;\">\n<div id=\"lmm_panel_api_bedb4bba\" class=\"lmm-panel-api\"><a href=\"https:\/\/maps.google.com\/maps?daddr=Mollans-sur-Ouv%C3%A8ze+Auvergne-Rh%C3%B4ne-Alpes%2C+France&amp;t=m&amp;layer=1&amp;doflg=ptk&amp;om=0\" target=\"_blank\" title=\"Get directions\"><img loading=\"lazy\" decoding=\"async\" alt=\"icon-car.png\" src=\"https:\/\/centcols.org\/backup\/wp-content\/plugins\/leaflet-maps-marker\/inc\/img\/icon-car.png\" width=\"14\" height=\"14\" class=\"lmm-panel-api-images\" \/><\/a><\/div><div id=\"lmm_panel_text_bedb4bba\" class=\"lmm-panel-text\" style=\"font-weight:bold;color:#373737;\">Col de Veaux<\/div><\/div>\n<div id=\"lmm_map_bedb4bba\" class=\"lmm-map\" style=\"background:#f6f6f6;border:1px solid #ccc;height:480px; overflow:hidden;padding:0;\"><p style=\"font-size:80%;color:#9f9e9e;margin-left:5px;\">loading map - please wait...<noscript><br\/><strong>Map could not be loaded - please enable Javascript!<\/strong><br\/><a style=\"text-decoration:none;\" href=\"https:\/\/www.mapsmarker.com\/js-disabled\" target=\"_blank\">&rarr; more information<\/a><\/noscript><\/p><\/div>\n<div id=\"lmm_geo_tags_bedb4bba\" class=\"lmm-geo-tags geo\">\n<span class=\"paneltext\">Col de Veaux<\/span>\n<span class=\"latitude\">44.228584<\/span>, <span class=\"longitude\">5.189849<\/span>\n<span class=\"popuptext\">Col de Veaux<\/span>\n<\/div>\n<\/div><\/p>\n<\/div>\n<h3>&nbsp;Contact<\/h3>\n<p>Jean-Marie Gilouin<br \/>\n06 31 79 01 06<br \/>\n<a href=\"mailto&#58;&#98;&#106;&#109;&#46;&#99;en&#116;&#99;&#111;l&#115;&#64;&#103;&#109;a&#105;&#108;&#46;&#99;o&#109;\">&#98;jm&#46;&#99;&#101;n&#116;c&#111;l&#115;&#64;gmail&#46;&#99;o&#109;<\/a><\/p>\n","protected":false},"excerpt":{"rendered":"<p>Saturday September 5th 2020, Dr\u00f4me, Ard\u00e8che, Vaucluse Col de Veaux (FR-26-0386), \u00e0 confirmer Accueil \u00e0 partir de 11 h 00 au Col de Veaux pour partager charcuterie et fromage (confirmation du lieu \u00e0 venir). &nbsp;Contact Jean-Marie Gilouin 06 31 79 01 06<\/p>\n","protected":false},"author":69,"featured_media":0,"comment_status":"closed","ping_status":"closed","sticky":false,"template":"","format":"standard","meta":{"_acf_changed":false,"ub_ctt_via":"","_monsterinsights_skip_tracking":false,"_monsterinsights_sitenote_active":false,"_monsterinsights_sitenote_note":"","_monsterinsights_sitenote_category":0,"footnotes":""},"categories":[341,350],"tags":[],"acf":[],"featured_image_urls":{"full":"","thumbnail":"","medium":"","medium_large":"","large":"","1536x1536":"","2048x2048":"","woocommerce_thumbnail":"","woocommerce_single":"","woocommerce_gallery_thumbnail":""},"post_excerpt_stackable":"<p>Saturday September 5th 2020, Dr\u00f4me, Ard\u00e8che, Vaucluse Col de Veaux (FR-26-0386), \u00e0 confirmer Accueil \u00e0 partir de 11 h 00 au Col de Veaux pour partager charcuterie et fromage (confirmation du lieu \u00e0 venir). Col de Veaux loading map &#8211; please wait&#8230;Map could not be loaded &#8211; please enable Javascript!&rarr; more information Col de Veaux 44.228584, 5.189849 Col de Veaux &nbsp;Contact Jean-Marie Gilouin 06 31 79 01 06 &#98;&#106;m.&#99;&#101;&#110;t&#99;&#111;&#108;s&#64;&#103;&#109;&#97;i&#108;&#46;co&#109;<\/p>\n","category_list":"<a href=\"https:\/\/centcols.org\/backup\/en\/categorie\/regionalmeetings-en\/\" rel=\"category tag\">Regional Meetings<\/a>, <a href=\"https:\/\/centcols.org\/backup\/en\/categorie\/regionalmeetings-en\/meetings-2020-en\/\" rel=\"category tag\">Regional meetings 2020<\/a>","author_info":{"display_name":"Enrico Alberini","author_link":"https:\/\/centcols.org\/backup\/en\/author\/5065\/"},"comments_num":"0 comments","featured_image_urls_v2":{"full":"","thumbnail":"","medium":"","medium_large":"","large":"","1536x1536":"","2048x2048":"","woocommerce_thumbnail":"","woocommerce_single":"","woocommerce_gallery_thumbnail":""},"post_excerpt_stackable_v2":"<p>Saturday September 5th 2020, Dr\u00f4me, Ard\u00e8che, Vaucluse Col de Veaux (FR-26-0386), \u00e0 confirmer Accueil \u00e0 partir de 11 h 00 au Col de Veaux pour partager charcuterie et fromage (confirmation du lieu \u00e0 venir). Col de Veaux loading map &#8211; please wait&#8230;Map could not be loaded &#8211; please enable Javascript!&rarr; more information Col de Veaux 44.228584, 5.189849 Col de Veaux &nbsp;Contact Jean-Marie Gilouin 06 31 79 01 06 b&#106;&#109;.centcols&#64;gm&#97;&#105;l&#46;&#99;&#111;m<\/p>\n","category_list_v2":"<a href=\"https:\/\/centcols.org\/backup\/en\/categorie\/regionalmeetings-en\/\" rel=\"category tag\">Regional Meetings<\/a>, <a href=\"https:\/\/centcols.org\/backup\/en\/categorie\/regionalmeetings-en\/meetings-2020-en\/\" rel=\"category tag\">Regional meetings 2020<\/a>","author_info_v2":{"name":"Enrico Alberini","url":"https:\/\/centcols.org\/backup\/en\/author\/5065\/"},"comments_num_v2":"0 comments","featured_image_src":null,"_links":{"self":[{"href":"https:\/\/centcols.org\/backup\/en\/wp-json\/wp\/v2\/posts\/44703"}],"collection":[{"href":"https:\/\/centcols.org\/backup\/en\/wp-json\/wp\/v2\/posts"}],"about":[{"href":"https:\/\/centcols.org\/backup\/en\/wp-json\/wp\/v2\/types\/post"}],"author":[{"embeddable":true,"href":"https:\/\/centcols.org\/backup\/en\/wp-json\/wp\/v2\/users\/69"}],"replies":[{"embeddable":true,"href":"https:\/\/centcols.org\/backup\/en\/wp-json\/wp\/v2\/comments?post=44703"}],"version-history":[{"count":0,"href":"https:\/\/centcols.org\/backup\/en\/wp-json\/wp\/v2\/posts\/44703\/revisions"}],"wp:attachment":[{"href":"https:\/\/centcols.org\/backup\/en\/wp-json\/wp\/v2\/media?parent=44703"}],"wp:term":[{"taxonomy":"category","embeddable":true,"href":"https:\/\/centcols.org\/backup\/en\/wp-json\/wp\/v2\/categories?post=44703"},{"taxonomy":"post_tag","embeddable":true,"href":"https:\/\/centcols.org\/backup\/en\/wp-json\/wp\/v2\/tags?post=44703"}],"curies":[{"name":"wp","href":"https:\/\/api.w.org\/{rel}","templated":true}]}}