{"id":44710,"date":"2019-11-28T17:17:04","date_gmt":"2019-11-28T16:17:04","guid":{"rendered":"https:\/\/centcols.org\/backup\/massif-central-est-2020\/"},"modified":"2020-07-01T17:00:47","modified_gmt":"2020-07-01T15:00:47","slug":"massif-central-est-2020","status":"publish","type":"post","link":"https:\/\/centcols.org\/backup\/en\/massif-central-est-2020\/","title":{"rendered":"Massif Central Est, col de Montgreleix, September 12th 2020"},"content":{"rendered":"<p>Saturday September 12th 2020, Massif Central Est<\/p>\n<p>Rassemblement au col de Montgreleix (FR-15-1225)<\/p>\n<div id=\"lmm_ee9f20aa\" style=\"width:100%;\" class=\"mapsmarker markermap marker-19\">\n<div id=\"lmm_panel_ee9f20aa\" class=\"lmm-panel\" style=\"background:#efefef;\">\n<div id=\"lmm_panel_api_ee9f20aa\" class=\"lmm-panel-api\"><a href=\"https:\/\/maps.google.com\/maps?daddr=Montgreleix+Auvergne-Rh%C3%B4ne-Alpes%2C+France&amp;t=m&amp;layer=1&amp;doflg=ptk&amp;om=0\" target=\"_blank\" title=\"Get directions\"><img loading=\"lazy\" decoding=\"async\" alt=\"icon-car.png\" src=\"https:\/\/centcols.org\/backup\/wp-content\/plugins\/leaflet-maps-marker\/inc\/img\/icon-car.png\" width=\"14\" height=\"14\" class=\"lmm-panel-api-images\" \/><\/a><\/div><div id=\"lmm_panel_text_ee9f20aa\" class=\"lmm-panel-text\" style=\"font-weight:bold;color:#373737;\">Col de Montgreleix<\/div><\/div>\n<div id=\"lmm_map_ee9f20aa\" class=\"lmm-map\" style=\"background:#f6f6f6;border:1px solid #ccc;height:480px; overflow:hidden;padding:0;\"><p style=\"font-size:80%;color:#9f9e9e;margin-left:5px;\">loading map - please wait...<noscript><br\/><strong>Map could not be loaded - please enable Javascript!<\/strong><br\/><a style=\"text-decoration:none;\" href=\"https:\/\/www.mapsmarker.com\/js-disabled\" target=\"_blank\">&rarr; more information<\/a><\/noscript><\/p><\/div>\n<div id=\"lmm_geo_tags_ee9f20aa\" class=\"lmm-geo-tags geo\">\n<span class=\"paneltext\">Col de Montgreleix<\/span>\n<span class=\"latitude\">45.343813<\/span>, <span class=\"longitude\">2.871079<\/span>\n<span class=\"popuptext\">Col de Montgreleix<\/span>\n<\/div>\n<\/div>\n<h3>Parcours (openrunner)<\/h3>\n<p>11125411 CC-Montgreleix &#8211; 7 cols &#8211; 80 km &#8211; D\u00e9nivel\u00e9 1584 m<br \/>\n11125382 CC-Montgreleix &#8211; 5 cols &#8211; 48 km &#8211; D\u00e9nivel\u00e9 927 m<br \/>\n11125345 CC-Montgreleix &#8211; 11 cols &#8211; 107 km &#8211; D\u00e9nivel\u00e9 1990 m<\/p>\n<p>Possibilit\u00e9 de stationnement pour les camping-cars sur le parking du cimeti\u00e8re.<br \/>\nIl y a une auberge dans le village<\/p>\n<h3>Contact<\/h3>\n<p>Claude Mabillot<br \/>\n04 71 65 34 78<br \/>\n<a href=\"ma&#105;&#108;&#116;o&#58;m&#97;bi&#108;&#108;&#111;&#116;&#64;f&#114;ee.f&#114;\">&#109;abi&#108;l&#111;&#116;&#64;&#102;r&#101;&#101;&#46;&#102;&#114;<\/a><\/p>\n","protected":false},"excerpt":{"rendered":"<p>Saturday September 12th 2020, Massif Central Est Rassemblement au col de Montgreleix (FR-15-1225) Parcours (openrunner) 11125411 CC-Montgreleix &#8211; 7 cols &#8211; 80 km &#8211; D\u00e9nivel\u00e9 1584 m 11125382 CC-Montgreleix &#8211; 5 cols &#8211; 48 km &#8211; D\u00e9nivel\u00e9 927 m 11125345 CC-Montgreleix &#8211; 11 cols &#8211; 107 km &#8211; D\u00e9nivel\u00e9 1990 m Possibilit\u00e9 de stationnement pour [&hellip;]<\/p>\n","protected":false},"author":69,"featured_media":0,"comment_status":"closed","ping_status":"closed","sticky":false,"template":"","format":"standard","meta":{"_acf_changed":false,"ub_ctt_via":"","_monsterinsights_skip_tracking":false,"_monsterinsights_sitenote_active":false,"_monsterinsights_sitenote_note":"","_monsterinsights_sitenote_category":0,"footnotes":""},"categories":[341,350],"tags":[],"acf":[],"featured_image_urls":{"full":"","thumbnail":"","medium":"","medium_large":"","large":"","1536x1536":"","2048x2048":"","woocommerce_thumbnail":"","woocommerce_single":"","woocommerce_gallery_thumbnail":""},"post_excerpt_stackable":"<p>Saturday September 12th 2020, Massif Central Est Rassemblement au col de Montgreleix (FR-15-1225) Col de Montgreleix loading map &#8211; please wait&#8230;Map could not be loaded &#8211; please enable Javascript!&rarr; more information Col de Montgreleix 45.343813, 2.871079 Col de Montgreleix Parcours (openrunner) 11125411 CC-Montgreleix &#8211; 7 cols &#8211; 80 km &#8211; D\u00e9nivel\u00e9 1584 m 11125382 CC-Montgreleix &#8211; 5 cols &#8211; 48 km &#8211; D\u00e9nivel\u00e9 927 m 11125345 CC-Montgreleix &#8211; 11 cols &#8211; 107 km &#8211; D\u00e9nivel\u00e9 1990 m Possibilit\u00e9 de stationnement pour les camping-cars sur le parking du cimeti\u00e8re. Il y a une auberge dans le village Contact Claude Mabillot 04&hellip;<\/p>\n","category_list":"<a href=\"https:\/\/centcols.org\/backup\/en\/categorie\/regionalmeetings-en\/\" rel=\"category tag\">Regional Meetings<\/a>, <a href=\"https:\/\/centcols.org\/backup\/en\/categorie\/regionalmeetings-en\/meetings-2020-en\/\" rel=\"category tag\">Regional meetings 2020<\/a>","author_info":{"display_name":"Enrico Alberini","author_link":"https:\/\/centcols.org\/backup\/en\/author\/5065\/"},"comments_num":"0 comments","featured_image_urls_v2":{"full":"","thumbnail":"","medium":"","medium_large":"","large":"","1536x1536":"","2048x2048":"","woocommerce_thumbnail":"","woocommerce_single":"","woocommerce_gallery_thumbnail":""},"post_excerpt_stackable_v2":"<p>Saturday September 12th 2020, Massif Central Est Rassemblement au col de Montgreleix (FR-15-1225) Col de Montgreleix loading map &#8211; please wait&#8230;Map could not be loaded &#8211; please enable Javascript!&rarr; more information Col de Montgreleix 45.343813, 2.871079 Col de Montgreleix Parcours (openrunner) 11125411 CC-Montgreleix &#8211; 7 cols &#8211; 80 km &#8211; D\u00e9nivel\u00e9 1584 m 11125382 CC-Montgreleix &#8211; 5 cols &#8211; 48 km &#8211; D\u00e9nivel\u00e9 927 m 11125345 CC-Montgreleix &#8211; 11 cols &#8211; 107 km &#8211; D\u00e9nivel\u00e9 1990 m Possibilit\u00e9 de stationnement pour les camping-cars sur le parking du cimeti\u00e8re. Il y a une auberge dans le village Contact Claude Mabillot 04&hellip;<\/p>\n","category_list_v2":"<a href=\"https:\/\/centcols.org\/backup\/en\/categorie\/regionalmeetings-en\/\" rel=\"category tag\">Regional Meetings<\/a>, <a href=\"https:\/\/centcols.org\/backup\/en\/categorie\/regionalmeetings-en\/meetings-2020-en\/\" rel=\"category tag\">Regional meetings 2020<\/a>","author_info_v2":{"name":"Enrico Alberini","url":"https:\/\/centcols.org\/backup\/en\/author\/5065\/"},"comments_num_v2":"0 comments","featured_image_src":null,"_links":{"self":[{"href":"https:\/\/centcols.org\/backup\/en\/wp-json\/wp\/v2\/posts\/44710"}],"collection":[{"href":"https:\/\/centcols.org\/backup\/en\/wp-json\/wp\/v2\/posts"}],"about":[{"href":"https:\/\/centcols.org\/backup\/en\/wp-json\/wp\/v2\/types\/post"}],"author":[{"embeddable":true,"href":"https:\/\/centcols.org\/backup\/en\/wp-json\/wp\/v2\/users\/69"}],"replies":[{"embeddable":true,"href":"https:\/\/centcols.org\/backup\/en\/wp-json\/wp\/v2\/comments?post=44710"}],"version-history":[{"count":0,"href":"https:\/\/centcols.org\/backup\/en\/wp-json\/wp\/v2\/posts\/44710\/revisions"}],"wp:attachment":[{"href":"https:\/\/centcols.org\/backup\/en\/wp-json\/wp\/v2\/media?parent=44710"}],"wp:term":[{"taxonomy":"category","embeddable":true,"href":"https:\/\/centcols.org\/backup\/en\/wp-json\/wp\/v2\/categories?post=44710"},{"taxonomy":"post_tag","embeddable":true,"href":"https:\/\/centcols.org\/backup\/en\/wp-json\/wp\/v2\/tags?post=44710"}],"curies":[{"name":"wp","href":"https:\/\/api.w.org\/{rel}","templated":true}]}}