{"id":44712,"date":"2019-11-28T17:29:05","date_gmt":"2019-11-28T16:29:05","guid":{"rendered":"https:\/\/centcols.org\/backup\/concentration-regionale-pyrenees-2020\/"},"modified":"2021-02-16T13:35:06","modified_gmt":"2021-02-16T12:35:06","slug":"concentration-regionale-pyrenees-2021","status":"publish","type":"post","link":"https:\/\/centcols.org\/backup\/en\/concentration-regionale-pyrenees-2021\/","title":{"rendered":"Pyr\u00e9n\u00e9es, col de Portech  3 October 2021"},"content":{"rendered":"<p>Sunday October 3rd 2021, Pyr\u00e9n\u00e9es<br \/>\nCol de Portech (FR-09-0862)<br \/>\nGet-together shared with the Ordre des Cols Durs<\/p>\n<div id=\"lmm_463ca72b\" style=\"width:100%;\" class=\"mapsmarker markermap marker-16\">\n<div id=\"lmm_panel_463ca72b\" class=\"lmm-panel\" style=\"background:#efefef;\">\n<div id=\"lmm_panel_api_463ca72b\" class=\"lmm-panel-api\"><a href=\"https:\/\/maps.google.com\/maps?daddr=42.922794,1.126667&amp;t=m&amp;layer=1&amp;doflg=ptk&amp;om=0\" target=\"_blank\" title=\"Get directions\"><img loading=\"lazy\" decoding=\"async\" alt=\"icon-car.png\" src=\"https:\/\/centcols.org\/backup\/wp-content\/plugins\/leaflet-maps-marker\/inc\/img\/icon-car.png\" width=\"14\" height=\"14\" class=\"lmm-panel-api-images\" \/><\/a><\/div><div id=\"lmm_panel_text_463ca72b\" class=\"lmm-panel-text\" style=\"font-weight:bold;color:#373737;\">Col de Portech<\/div><\/div>\n<div id=\"lmm_map_463ca72b\" class=\"lmm-map\" style=\"background:#f6f6f6;border:1px solid #ccc;height:480px; overflow:hidden;padding:0;\"><p style=\"font-size:80%;color:#9f9e9e;margin-left:5px;\">loading map - please wait...<noscript><br\/><strong>Map could not be loaded - please enable Javascript!<\/strong><br\/><a style=\"text-decoration:none;\" href=\"https:\/\/www.mapsmarker.com\/js-disabled\" target=\"_blank\">&rarr; more information<\/a><\/noscript><\/p><\/div>\n<div id=\"lmm_geo_tags_463ca72b\" class=\"lmm-geo-tags geo\">\n<span class=\"paneltext\">Col de Portech<\/span>\n<span class=\"latitude\">42.922794<\/span>, <span class=\"longitude\">1.126667<\/span>\n<span class=\"popuptext\">Col de Portech<\/span>\n<\/div>\n<\/div>\n<h3>Programme<\/h3>\n<p><a href=\"https:\/\/www.alaingillodes.fr\/concentration%20CCC-OCD\/Portech_20\/portech_p.htm\" target=\"_blank\" rel=\"noopener noreferrer\">A voir ici sur le site d&#8217;Alain Gillodes<\/a><\/p>\n<h3>Contact<\/h3>\n<p>Alain Gillodes<br \/>\n05 61 56 74 35 &#8211; 06 78 67 83 62<br \/>\n<a href=\"m&#97;i&#108;&#116;o:al&#97;&#105;&#110;&#46;gil&#108;&#111;d&#101;s&#64;&#111;ra&#110;&#103;e&#46;&#102;r\">a&#108;&#97;in&#46;g&#105;&#108;l&#111;d&#101;s&#64;&#111;ran&#103;&#101;&#46;fr<\/a><\/p>\n","protected":false},"excerpt":{"rendered":"<p>Sunday October 3rd 2021, Pyr\u00e9n\u00e9es Col de Portech (FR-09-0862) Get-together shared with the Ordre des Cols Durs Programme A voir ici sur le site d&#8217;Alain Gillodes Contact Alain Gillodes 05 61 56 74 35 &#8211; 06 78 67 83 62<\/p>\n","protected":false},"author":69,"featured_media":0,"comment_status":"closed","ping_status":"closed","sticky":false,"template":"","format":"standard","meta":{"_acf_changed":false,"ub_ctt_via":"","_monsterinsights_skip_tracking":false,"_monsterinsights_sitenote_active":false,"_monsterinsights_sitenote_note":"","_monsterinsights_sitenote_category":0,"footnotes":""},"categories":[341,470],"tags":[],"acf":[],"featured_image_urls":{"full":"","thumbnail":"","medium":"","medium_large":"","large":"","1536x1536":"","2048x2048":"","woocommerce_thumbnail":"","woocommerce_single":"","woocommerce_gallery_thumbnail":""},"post_excerpt_stackable":"<p>Sunday October 3rd 2021, Pyr\u00e9n\u00e9es Col de Portech (FR-09-0862) Get-together shared with the Ordre des Cols Durs Col de Portech loading map &#8211; please wait&#8230;Map could not be loaded &#8211; please enable Javascript!&rarr; more information Col de Portech 42.922794, 1.126667 Col de Portech Programme A voir ici sur le site d&#8217;Alain Gillodes Contact Alain Gillodes 05 61 56 74 35 &#8211; 06 78 67 83 62 ala&#105;&#110;.&#103;&#105;llo&#100;&#101;s&#64;&#111;r&#97;n&#103;&#101;&#46;f&#114;<\/p>\n","category_list":"<a href=\"https:\/\/centcols.org\/backup\/en\/categorie\/regionalmeetings-en\/\" rel=\"category tag\">Regional Meetings<\/a>, <a href=\"https:\/\/centcols.org\/backup\/en\/categorie\/regionalmeetings-en\/meetings-2021-en\/\" rel=\"category tag\">Regional meetings 2021<\/a>","author_info":{"display_name":"Enrico Alberini","author_link":"https:\/\/centcols.org\/backup\/en\/author\/5065\/"},"comments_num":"0 comments","featured_image_urls_v2":{"full":"","thumbnail":"","medium":"","medium_large":"","large":"","1536x1536":"","2048x2048":"","woocommerce_thumbnail":"","woocommerce_single":"","woocommerce_gallery_thumbnail":""},"post_excerpt_stackable_v2":"<p>Sunday October 3rd 2021, Pyr\u00e9n\u00e9es Col de Portech (FR-09-0862) Get-together shared with the Ordre des Cols Durs Col de Portech loading map &#8211; please wait&#8230;Map could not be loaded &#8211; please enable Javascript!&rarr; more information Col de Portech 42.922794, 1.126667 Col de Portech Programme A voir ici sur le site d&#8217;Alain Gillodes Contact Alain Gillodes 05 61 56 74 35 &#8211; 06 78 67 83 62 &#97;l&#97;&#105;n&#46;&#103;&#105;&#108;&#108;&#111;&#100;&#101;s&#64;o&#114;&#97;nge.&#102;&#114;<\/p>\n","category_list_v2":"<a href=\"https:\/\/centcols.org\/backup\/en\/categorie\/regionalmeetings-en\/\" rel=\"category tag\">Regional Meetings<\/a>, <a href=\"https:\/\/centcols.org\/backup\/en\/categorie\/regionalmeetings-en\/meetings-2021-en\/\" rel=\"category tag\">Regional meetings 2021<\/a>","author_info_v2":{"name":"Enrico Alberini","url":"https:\/\/centcols.org\/backup\/en\/author\/5065\/"},"comments_num_v2":"0 comments","featured_image_src":null,"_links":{"self":[{"href":"https:\/\/centcols.org\/backup\/en\/wp-json\/wp\/v2\/posts\/44712"}],"collection":[{"href":"https:\/\/centcols.org\/backup\/en\/wp-json\/wp\/v2\/posts"}],"about":[{"href":"https:\/\/centcols.org\/backup\/en\/wp-json\/wp\/v2\/types\/post"}],"author":[{"embeddable":true,"href":"https:\/\/centcols.org\/backup\/en\/wp-json\/wp\/v2\/users\/69"}],"replies":[{"embeddable":true,"href":"https:\/\/centcols.org\/backup\/en\/wp-json\/wp\/v2\/comments?post=44712"}],"version-history":[{"count":0,"href":"https:\/\/centcols.org\/backup\/en\/wp-json\/wp\/v2\/posts\/44712\/revisions"}],"wp:attachment":[{"href":"https:\/\/centcols.org\/backup\/en\/wp-json\/wp\/v2\/media?parent=44712"}],"wp:term":[{"taxonomy":"category","embeddable":true,"href":"https:\/\/centcols.org\/backup\/en\/wp-json\/wp\/v2\/categories?post=44712"},{"taxonomy":"post_tag","embeddable":true,"href":"https:\/\/centcols.org\/backup\/en\/wp-json\/wp\/v2\/tags?post=44712"}],"curies":[{"name":"wp","href":"https:\/\/api.w.org\/{rel}","templated":true}]}}