{"id":44809,"date":"2019-08-27T08:19:19","date_gmt":"2019-08-27T06:19:19","guid":{"rendered":"https:\/\/centcols.org\/backup\/sejour-printemps-2020-ligurie-2\/"},"modified":"2020-10-24T09:39:06","modified_gmt":"2020-10-24T07:39:06","slug":"sejour-printemps-2020-ligurie-2","status":"publish","type":"post","link":"https:\/\/centcols.org\/backup\/en\/sejour-printemps-2020-ligurie-2\/","title":{"rendered":"Spring s\u00e9jour at Cavi di Lavagna (Liguria &#8211; Italy) &#8211; from 3rd  to 10th May 2021 &#8211; cancelled"},"content":{"rendered":"\n<h2 class=\"wp-block-heading\"><span style=\"color: #ffffff; background-color: #cf2e2e;\" class=\"ugb-highlight\">cancelled<\/span><\/h2>\n\n\n<p><span style=\"color: #808080;\">Ont contribu\u00e9 \u00e0 cette page de pr\u00e9sentation du s\u00e9jour G\u00e9rard Birelli et les responsables informatique et s\u00e9jours.<\/span><\/p>\n<p><span style=\"color: #ff0000;\"><strong>DERNI\u00c8RE MINUTE :<br \/><\/strong><\/span><\/p>\n<div class=\"\"><span style=\"color: #ff0000;\"><strong>En raison de la pand\u00e9mie de Covid-19 le Conseil d&#8217;Administration s&#8217;est r\u00e9uni le 21 mars (en virtuel, bien entendu) et, soucieux de l\u2019int\u00e9r\u00eat des membres, du Club et de nos prestataires, a pris les d\u00e9cisions suivantes.<\/strong><\/span><\/div>\n<div class=\"\">\n<ul class=\"\">\n<li class=\"\"><span style=\"color: #ff0000;\"><strong>Le s\u00e9jour de Lavagna est <span class=\"\" style=\"font-family: Helvetica Neue;\"><span class=\"\">report\u00e9 au mois de mai 2021<\/span><\/span>, du lundi 3 au lundi 10, dans les m\u00eames conditions pratiques.<\/strong><\/span><\/li>\n<li class=\"\"><span style=\"color: #ff0000;\"><strong>Les membres inscrits \u00e0 ce jour seront int\u00e9gralement rembours\u00e9s des sommes vers\u00e9es dans les semaines qui viennent. Ces remboursements se feront exclusivement par virement. Nous demandons \u00e0 tous ceux qui se sont inscrits de nous faire parvenir sans attendre leur RIB\/IBAN en <span class=\"\" style=\"font-family: Helvetica Neue;\"><span class=\"\">m\u00eame temps sur les deux adresses<\/span><\/span>\u00a0<a class=\"\" style=\"color: #ff0000;\" href=\"mailto:sejours@centcols.net\">sejours@centcols.net<\/a>\u00a0<span class=\"\" style=\"font-family: Helvetica Neue;\"><span class=\"\">et<\/span><\/span>\u00a0<a class=\"\" style=\"color: #ff0000;\" href=\"mailto:tresorier@centcols.net\">tresorier@centcols.net<\/a>\u00a0<\/strong><\/span><\/li>\n<li class=\"\"><span style=\"color: #ff0000;\"><strong>Une nouvelle campagne d\u2019inscription sera \u00a0lanc\u00e9e \u00e0 l\u2019automne prochain, les tarifs prendront en compte les donn\u00e9es \u00e9conomiques du moment. L&#8217;ensemble de l&#8217;article ci-dessous sera revu et mis \u00e0 jour au plus tard en septembre.<\/strong><\/span><\/li>\n<\/ul>\n<\/div>\n<p><span style=\"color: #ff0000;\">\u00a0<\/span><\/p>\n<div id=\"attachment_36407\" style=\"width: 1210px\" class=\"wp-caption alignnone\"><img loading=\"lazy\" decoding=\"async\" aria-describedby=\"caption-attachment-36407\" class=\"wp-image-36409 size-full\" src=\"https:\/\/centcols.org\/backup\/wp-content\/uploads\/2019\/08\/cinque-terre-italy-mediterranean-sea-1207636-e1566466900501.jpg\" alt=\"Cinque Terre ((libre de droits)\" width=\"1200\" height=\"795\" \/><p id=\"caption-attachment-36407\" class=\"wp-caption-text\">Cinque Terre (libre de droits)<\/p><\/div>\n<p><span style=\"color: #000000;\"><span style=\"color: #000000;\">Pour la deuxi\u00e8me fois, le Club organise un s\u00e9jour en Italie sur la Riviera di Levante, principalement dans les Cinque Terre (en ligure : Cinque Taere) mais \u00e9galement dans les Parcs Nationaux de Portofino et de l&#8217;Aveto.<\/span><\/span><\/p>\n<p><span style=\"color: #000000;\">Nous s\u00e9journerons \u00e0 Cavi di Lavagna qui est situ\u00e9 entre G\u00eanes et La Spezia et nos circuits seront r\u00e9partis tout autour de cette base. Ils n\u00e9cessiteront fr\u00e9quemment des mises en place en voiture de quelques dizaines de minutes. Nous pourrons profiter de ces circuits pour parcourir les parcs et sites mentionn\u00e9s ci-dessus, mais aussi ces belles montagnes de l&#8217;Apennin qui, souvent, plongent directement dans la mer.\u00a0<\/span><br \/><span style=\"color: #000000;\">Les accompagnants trouveront leur bonheur dans ces m\u00eames sites et parcs.<\/span><\/p>\n<p><span style=\"color: #000000;\">Nous serons log\u00e9s dans deux h\u00f4tels situ\u00e9s \u00e0 un peu plus de 800 m l&#8217;un de l&#8217;autre. Le Real Park est situ\u00e9 \u00e0 proximit\u00e9 imm\u00e9diate de la plage et le Doria \u00e0 quelques centaines de m\u00e8tres de celle-ci.\u00a0<\/span><\/p>\n<div id=\"attachment_36332\" style=\"width: 1210px\" class=\"wp-caption alignnone\"><img loading=\"lazy\" decoding=\"async\" aria-describedby=\"caption-attachment-36332\" class=\"wp-image-36334 size-full\" src=\"https:\/\/centcols.org\/backup\/wp-content\/uploads\/2019\/08\/IMG_3790-e1566460063757.jpg\" alt=\"V2 Carro, village de Castiglione Chiavarese (\u00a9 Thierry Labour)\" width=\"1200\" height=\"800\" \/><p id=\"caption-attachment-36332\" class=\"wp-caption-text\">V2 Carro, village de Castiglione Chiavarese (\u00a9 Thierry Labour)<\/p><\/div>\n<p><span style=\"color: #000000;\">Vous trouverez ci-dessous les rubriques :<\/span><\/p>\n<ul>\n<li><span style=\"color: #000000;\">Pr\u00e9sentation de la r\u00e9gion<\/span><\/li>\n<li><span style=\"color: #000000;\">Les circuits<\/span><\/li>\n<li><span style=\"color: #000000;\">H\u00e9bergement<\/span><\/li>\n<li><span style=\"color: #000000;\">Note du Conseil d&#8217;Administration<\/span><\/li>\n<li><span style=\"color: #000000;\">Inscription, avec une carte de situation<\/span><\/li>\n<li><span style=\"color: #000000;\">Autres activit\u00e9s ou visites\u00a0 \u00a0<\/span><\/li>\n<\/ul>","protected":false},"excerpt":{"rendered":"<p>Pour la deuxi\u00e8me fois, le Club organise un s\u00e9jour en Italie sur la Riviera di Levante, principalement dans les Cinque Terre (en ligure : Cinque Taere) mais \u00e9galement dans les Parcs Nationaux de Portofino et de l&#8217;Aveto.<\/p>\n<p>Nous s\u00e9journerons \u00e0 Cavi di Lavagna qui est situ\u00e9 entre G\u00eanes et La Spezia &#8230;<\/p>\n","protected":false},"author":69,"featured_media":36334,"comment_status":"closed","ping_status":"closed","sticky":false,"template":"","format":"standard","meta":{"_acf_changed":false,"ub_ctt_via":"","_monsterinsights_skip_tracking":false,"_monsterinsights_sitenote_active":false,"_monsterinsights_sitenote_note":"","_monsterinsights_sitenote_category":0,"footnotes":""},"categories":[272],"tags":[],"acf":[],"featured_image_urls":{"full":["https:\/\/centcols.org\/backup\/wp-content\/uploads\/2019\/08\/IMG_3790-scaled.jpg",1536,1024,false],"thumbnail":["https:\/\/centcols.org\/backup\/wp-content\/uploads\/2019\/08\/IMG_3790-300x300.jpg",300,300,true],"medium":["https:\/\/centcols.org\/backup\/wp-content\/uploads\/2019\/08\/IMG_3790-500x333.jpg",500,333,true],"medium_large":["https:\/\/centcols.org\/backup\/wp-content\/uploads\/2019\/08\/IMG_3790-768x512.jpg",768,512,true],"large":["https:\/\/centcols.org\/backup\/wp-content\/uploads\/2019\/08\/IMG_3790-1200x800.jpg",1200,800,true],"1536x1536":["https:\/\/centcols.org\/backup\/wp-content\/uploads\/2019\/08\/IMG_3790-scaled.jpg",1536,1024,false],"2048x2048":["https:\/\/centcols.org\/backup\/wp-content\/uploads\/2019\/08\/IMG_3790-scaled.jpg",1536,1024,false],"woocommerce_thumbnail":["https:\/\/centcols.org\/backup\/wp-content\/uploads\/2019\/08\/IMG_3790-300x300.jpg",300,300,true],"woocommerce_single":["https:\/\/centcols.org\/backup\/wp-content\/uploads\/2019\/08\/IMG_3790-600x400.jpg",600,400,true],"woocommerce_gallery_thumbnail":["https:\/\/centcols.org\/backup\/wp-content\/uploads\/2019\/08\/IMG_3790-100x100.jpg",100,100,true]},"post_excerpt_stackable":"<p>Pour la deuxi\u00e8me fois, le Club organise un s\u00e9jour en Italie sur la Riviera di Levante, principalement dans les Cinque Terre (en ligure : Cinque Taere) mais \u00e9galement dans les Parcs Nationaux de Portofino et de l&#8217;Aveto.<\/p>\n<p>Nous s\u00e9journerons \u00e0 Cavi di Lavagna qui est situ\u00e9 entre G\u00eanes et La Spezia &#8230;<\/p>\n","category_list":"<a href=\"https:\/\/centcols.org\/backup\/en\/categorie\/sejours-en\/\" rel=\"category tag\">Sejours<\/a>","author_info":{"display_name":"Enrico Alberini","author_link":"https:\/\/centcols.org\/backup\/en\/author\/5065\/"},"comments_num":"0 comments","featured_image_urls_v2":{"full":["https:\/\/centcols.org\/backup\/wp-content\/uploads\/2019\/08\/IMG_3790-scaled.jpg",1536,1024,false],"thumbnail":["https:\/\/centcols.org\/backup\/wp-content\/uploads\/2019\/08\/IMG_3790-300x300.jpg",300,300,true],"medium":["https:\/\/centcols.org\/backup\/wp-content\/uploads\/2019\/08\/IMG_3790-500x333.jpg",500,333,true],"medium_large":["https:\/\/centcols.org\/backup\/wp-content\/uploads\/2019\/08\/IMG_3790-768x512.jpg",768,512,true],"large":["https:\/\/centcols.org\/backup\/wp-content\/uploads\/2019\/08\/IMG_3790-1200x800.jpg",1200,800,true],"1536x1536":["https:\/\/centcols.org\/backup\/wp-content\/uploads\/2019\/08\/IMG_3790-scaled.jpg",1536,1024,false],"2048x2048":["https:\/\/centcols.org\/backup\/wp-content\/uploads\/2019\/08\/IMG_3790-scaled.jpg",1536,1024,false],"woocommerce_thumbnail":["https:\/\/centcols.org\/backup\/wp-content\/uploads\/2019\/08\/IMG_3790-300x300.jpg",300,300,true],"woocommerce_single":["https:\/\/centcols.org\/backup\/wp-content\/uploads\/2019\/08\/IMG_3790-600x400.jpg",600,400,true],"woocommerce_gallery_thumbnail":["https:\/\/centcols.org\/backup\/wp-content\/uploads\/2019\/08\/IMG_3790-100x100.jpg",100,100,true]},"post_excerpt_stackable_v2":"<p>Pour la deuxi\u00e8me fois, le Club organise un s\u00e9jour en Italie sur la Riviera di Levante, principalement dans les Cinque Terre (en ligure : Cinque Taere) mais \u00e9galement dans les Parcs Nationaux de Portofino et de l&#8217;Aveto.<\/p>\n<p>Nous s\u00e9journerons \u00e0 Cavi di Lavagna qui est situ\u00e9 entre G\u00eanes et La Spezia &#8230;<\/p>\n","category_list_v2":"<a href=\"https:\/\/centcols.org\/backup\/en\/categorie\/sejours-en\/\" rel=\"category tag\">Sejours<\/a>","author_info_v2":{"name":"Enrico Alberini","url":"https:\/\/centcols.org\/backup\/en\/author\/5065\/"},"comments_num_v2":"0 comments","featured_image_src":"https:\/\/centcols.org\/backup\/wp-content\/uploads\/2019\/08\/IMG_3790-scaled.jpg","_links":{"self":[{"href":"https:\/\/centcols.org\/backup\/en\/wp-json\/wp\/v2\/posts\/44809"}],"collection":[{"href":"https:\/\/centcols.org\/backup\/en\/wp-json\/wp\/v2\/posts"}],"about":[{"href":"https:\/\/centcols.org\/backup\/en\/wp-json\/wp\/v2\/types\/post"}],"author":[{"embeddable":true,"href":"https:\/\/centcols.org\/backup\/en\/wp-json\/wp\/v2\/users\/69"}],"replies":[{"embeddable":true,"href":"https:\/\/centcols.org\/backup\/en\/wp-json\/wp\/v2\/comments?post=44809"}],"version-history":[{"count":0,"href":"https:\/\/centcols.org\/backup\/en\/wp-json\/wp\/v2\/posts\/44809\/revisions"}],"wp:featuredmedia":[{"embeddable":true,"href":"https:\/\/centcols.org\/backup\/en\/wp-json\/wp\/v2\/media\/36334"}],"wp:attachment":[{"href":"https:\/\/centcols.org\/backup\/en\/wp-json\/wp\/v2\/media?parent=44809"}],"wp:term":[{"taxonomy":"category","embeddable":true,"href":"https:\/\/centcols.org\/backup\/en\/wp-json\/wp\/v2\/categories?post=44809"},{"taxonomy":"post_tag","embeddable":true,"href":"https:\/\/centcols.org\/backup\/en\/wp-json\/wp\/v2\/tags?post=44809"}],"curies":[{"name":"wp","href":"https:\/\/api.w.org\/{rel}","templated":true}]}}