{"id":59565,"date":"2021-10-29T09:29:22","date_gmt":"2021-10-29T07:29:22","guid":{"rendered":"https:\/\/centcols.org\/backup\/?p=59565"},"modified":"2023-05-21T11:00:34","modified_gmt":"2023-05-21T09:00:34","slug":"sejour-printemps-2022-ligurie-2-2","status":"publish","type":"post","link":"https:\/\/centcols.org\/backup\/en\/sejour-printemps-2022-ligurie-2-2\/","title":{"rendered":"Spring s\u00e9jour at Cavi di Lavagna (Liguria &#8211; Italy) &#8211; from 1st  to 8th May 2022"},"content":{"rendered":"<p><span style=\"color: #ff0000;\">Le s\u00e9jour est complet depuis quelques jours. Si vous comptez participer au s\u00e9jour, deux choix s&#8217;offrent \u00e0 vous : <\/span><\/p>\n<p>&#8211;<span style=\"color: #ff0000;\"> soit vous \u00eates mis en liste d&#8217;attente. Vous devez m&#8217;envoyer votre bulletin d&#8217;inscription accompagn\u00e9 de votre r\u00e8glement. Pour les fran\u00e7ais un ch\u00e8que du montant de l&#8217;inscription qui ne sera encaiss\u00e9 uniquement lorsque je serai certain de vous attribuer une place. Et pour les non fran\u00e7ais, un virement de 37 euros correspondant au montant du forfait simple participant.<\/span><\/p>\n<p><span style=\"color: #ff0000;\">&#8211; soit vous faites votre affaire pour l&#8217;h\u00e9bergement et vous devez m&#8217;envoyer votre bulletin d&#8217;inscription accompagn\u00e9 de votre r\u00e8glement pour la souscription au forfait simple participant.<\/span><\/p>\n<p><span style=\"color: #808080;\">Ont contribu\u00e9 \u00e0 cette page de pr\u00e9sentation du s\u00e9jour G\u00e9rard Birelli et les responsables informatique et s\u00e9jours.<\/span><\/p>\n<p><strong>Acc\u00e8s \u00e0 l\u2019Italie<\/strong><\/p>\n<p>Les conditions d\u2019acc\u00e8s pouvant \u00e9voluer d\u2019ici le d\u00e9but du s\u00e9jour, nous ferons r\u00e9guli\u00e8rement une information.<\/p>\n<p>Vous pouvez avoir tous les d\u00e9tails sur les sites respectifs des Affaires \u00e9trang\u00e8res pour la France ou \u00e9quivalent pour les pays europ\u00e9ens, ou bien le site du Minist\u00e8re de la Sant\u00e9 italien pour ceux qui ma\u00eetrise la langue de Dante.<\/p>\n<p>Actuellement tous les voyageurs venant de France ou des pays de la liste \u00ab\u00a0C\u00a0\u00bb (Elenco C) doivent au choix\u00a0:<\/p>\n<ul>\n<li>Soit -pr\u00e9senter le r\u00e9sultat n\u00e9gatif d\u2019un test PCR ou antig\u00e9nique de moins de 48h ;<\/li>\n<li>Soit pr\u00e9senter la preuve d\u2019une vaccination compl\u00e8te avec un vaccin reconnu par l\u2019AEM\u00a0;<\/li>\n<li>Soit pr\u00e9senter un certificat de gu\u00e9rison (valable du 21<sup>\u00e8me<\/sup> jour\u00a0 au 180<sup>\u00e8me<\/sup> jour apr\u00e8s le premier test positif).<\/li>\n<\/ul>\n<p>Le Certificat Covid Num\u00e9rique Europ\u00e9en int\u00e8gre ces preuves. (Certificat Verde COVID 19).<\/p>\n<p>Les voyageurs doivent remplir au pr\u00e9alable le formulaire de localisation <strong>Passenger locator form<\/strong> que l\u2019on remplit en ligne sur le site<\/p>\n<p><a href=\"https:\/\/app.euplf.eu\/#\/\">https:\/\/app.euplf.eu\/#\/<\/a><\/p>\n<p>En cas de probl\u00e8me informatique il est possible de remplir un formulaire \u00e9quivalent italien\u00a0:<\/p>\n<p><a href=\"https:\/\/www.esteri.it\/mae\/resource\/doc\/2021\/05\/modulo_rientro_sintetico_14_maggio.pdf\" target=\"_blank\" rel=\"noopener\">https:\/\/www.esteri.it\/mae\/resource\/doc\/2021\/05\/modulo_rientro_sintetico_14_maggio.pdf<\/a><\/p>\n<p><strong>Contraintes COVID 19<\/strong><\/p>\n<p>Les contraintes peuvent \u00e9voluer d\u2019ici le d\u00e9but du s\u00e9jour. Actuellement il n\u2019y a pas de contrainte en ce qui concerne l\u2019occupation des chambres \u00e0 deux personnes.<\/p>\n<p>Les prix n\u00e9goci\u00e9s par le Club aupr\u00e8s des h\u00e9bergeurs sont sur la base de chambre double et de quelques chambres individuelles donnant lieu \u00e0 un suppl\u00e9ment.<\/p>\n<p>Si la situation sanitaire venait \u00e0 remettre en cause ce sch\u00e9ma \u00e0 une date inconnue \u00e0 ce jour et imposer, notamment des chambres individuelles pour les non couples, la r\u00e9partition des chambres pourrait le cas \u00e9ch\u00e9ant \u00eatre effectu\u00e9e de la mani\u00e8re suivante\u00a0:<\/p>\n<ul>\n<li>Les couples et les Bulletins d\u2019inscriptions uniques pour deux personnes demandant express\u00e9ment \u00e0 \u00eatre dans la m\u00eame chambre seraient r\u00e9partis prioritairement en chambre double, comme pr\u00e9vu \u00e0 l&#8217;origine.<\/li>\n<li>Les participants s&#8217;\u00e9tant inscrits d\u00e8s le d\u00e9part en chambre individuelle seraient r\u00e9partis prioritairement en chambre simple, comme pr\u00e9vu \u00e0 l&#8217;origine.<\/li>\n<li>Les autres participants qui seraient r\u00e9partis dans des chambres doubles \u00e0 usage individuel pour se conformer aux exigences sanitaires, pourraient se voir appliquer un suppl\u00e9ment de l\u2019ordre de 100\u20ac pour la dur\u00e9e du s\u00e9jour (m\u00eame montant que les participants ayant r\u00e9serv\u00e9 \u00e0 l&#8217;origine en chambre individuelle).<\/li>\n<\/ul>\n<p>Eventuellement certains seraient orient\u00e9s, si possible, vers un troisi\u00e8me h\u00f4tel en chambre individuelle selon les dispositions financi\u00e8res et d\u2019organisation que le Conseil d\u2019Administration d\u00e9ciderait \u00e0 ce moment-l\u00e0.<\/p>\n<p>Dans ce dernier cas, le participant aurait deux possibilit\u00e9s\u00a0:<\/p>\n<ul>\n<li>Accepter l\u2019\u00e9volution tarifaire et organisationnelle li\u00e9e aux contraintes sanitaires impos\u00e9es aux h\u00e9bergeurs, et r\u00e9gler le suppl\u00e9ment de 100\u20ac lorsqu&#8217;il sera demand\u00e9<\/li>\n<li>Annuler la r\u00e9servation et, le cas \u00e9ch\u00e9ant, faire jouer l\u2019assurance annulation que si elle a \u00e9t\u00e9 souscrite. Il serait retenu du montant vers\u00e9 au Club des Cent Cols 37.64\u20ac de frais de r\u00e9solution.<\/li>\n<\/ul>\n<div id=\"attachment_36407\" style=\"width: 1210px\" class=\"wp-caption alignnone\"><img loading=\"lazy\" decoding=\"async\" aria-describedby=\"caption-attachment-36407\" class=\"wp-image-36409 size-full\" src=\"https:\/\/centcols.org\/backup\/wp-content\/uploads\/2019\/08\/cinque-terre-italy-mediterranean-sea-1207636-scaled.jpg\" alt=\"Cinque Terre ((libre de droits)\" width=\"1200\" height=\"795\" srcset=\"https:\/\/centcols.org\/backup\/wp-content\/uploads\/2019\/08\/cinque-terre-italy-mediterranean-sea-1207636-scaled.jpg 1546w, https:\/\/centcols.org\/backup\/wp-content\/uploads\/2019\/08\/cinque-terre-italy-mediterranean-sea-1207636-600x397.jpg 600w, https:\/\/centcols.org\/backup\/wp-content\/uploads\/2019\/08\/cinque-terre-italy-mediterranean-sea-1207636-500x331.jpg 500w, https:\/\/centcols.org\/backup\/wp-content\/uploads\/2019\/08\/cinque-terre-italy-mediterranean-sea-1207636-768x509.jpg 768w, https:\/\/centcols.org\/backup\/wp-content\/uploads\/2019\/08\/cinque-terre-italy-mediterranean-sea-1207636-1200x795.jpg 1200w\" sizes=\"(max-width: 1200px) 100vw, 1200px\" \/><p id=\"caption-attachment-36407\" class=\"wp-caption-text\">Cinque Terre (libre de droits)<\/p><\/div>\n<p><span style=\"color: #000000;\"><span style=\"color: #000000;\">Pour la deuxi\u00e8me fois, le Club organise un s\u00e9jour en Italie sur la Riviera di Levante, principalement dans les Cinque Terre (en ligure : Cinque Taere) mais \u00e9galement dans les Parcs Nationaux de Portofino et de l&#8217;Aveto.<\/span><\/span><\/p>\n<p><span style=\"color: #000000;\">Nous s\u00e9journerons \u00e0 Cavi di Lavagna qui est situ\u00e9 entre G\u00eanes et La Spezia et nos circuits seront r\u00e9partis tout autour de cette base. Ils n\u00e9cessiteront fr\u00e9quemment des mises en place en voiture de quelques dizaines de minutes. Nous pourrons profiter de ces circuits pour parcourir les parcs et sites mentionn\u00e9s ci-dessus, mais aussi ces belles montagnes de l&#8217;Apennin qui, souvent, plongent directement dans la mer.\u00a0<\/span><br \/>\n<span style=\"color: #000000;\">Les accompagnants trouveront leur bonheur dans ces m\u00eames sites et parcs.<\/span><\/p>\n<p><span style=\"color: #000000;\">Nous serons log\u00e9s dans deux h\u00f4tels situ\u00e9s \u00e0 un peu plus de 800 m l&#8217;un de l&#8217;autre. Le Real Park est situ\u00e9 \u00e0 proximit\u00e9 imm\u00e9diate de la plage et le Doria \u00e0 quelques centaines de m\u00e8tres de celle-ci.\u00a0<\/span><\/p>\n<div id=\"attachment_36332\" style=\"width: 1210px\" class=\"wp-caption alignnone\"><img loading=\"lazy\" decoding=\"async\" aria-describedby=\"caption-attachment-36332\" class=\"wp-image-36334 size-full\" src=\"https:\/\/centcols.org\/backup\/wp-content\/uploads\/2019\/08\/IMG_3790-scaled.jpg\" alt=\"V2 Carro, village de Castiglione Chiavarese (\u00a9 Thierry Labour)\" width=\"1200\" height=\"800\" srcset=\"https:\/\/centcols.org\/backup\/wp-content\/uploads\/2019\/08\/IMG_3790-scaled.jpg 1536w, https:\/\/centcols.org\/backup\/wp-content\/uploads\/2019\/08\/IMG_3790-600x400.jpg 600w, https:\/\/centcols.org\/backup\/wp-content\/uploads\/2019\/08\/IMG_3790-500x333.jpg 500w, https:\/\/centcols.org\/backup\/wp-content\/uploads\/2019\/08\/IMG_3790-768x512.jpg 768w, https:\/\/centcols.org\/backup\/wp-content\/uploads\/2019\/08\/IMG_3790-1200x800.jpg 1200w\" sizes=\"(max-width: 1200px) 100vw, 1200px\" \/><p id=\"caption-attachment-36332\" class=\"wp-caption-text\">V2 Carro, village de Castiglione Chiavarese (\u00a9 Thierry Labour)<\/p><\/div>\n<p><span style=\"color: #000000;\">Vous trouverez ci-dessous les rubriques :<\/span><\/p>\n<ul>\n<li><span style=\"color: #000000;\">Pr\u00e9sentation de la r\u00e9gion<\/span><\/li>\n<li><a href=\"\/membres\/cctours\/tours.php?lieu=Lavagna&amp;an=2022\" data-wplink-edit=\"true\"><span style=\"color: #000000;\">Les circuits<\/span><\/a><\/li>\n<li><span style=\"color: #000000;\">H\u00e9bergement<\/span><\/li>\n<li><span style=\"color: #000000;\">Note du Conseil d&#8217;Administration<\/span><\/li>\n<li><span style=\"color: #000000;\">Inscription, avec une carte de situation<\/span><\/li>\n<li><span style=\"color: #000000;\">Autres activit\u00e9s ou visites\u00a0 \u00a0<\/span><\/li>\n<\/ul>\n","protected":false},"excerpt":{"rendered":"<p>Pour la deuxi\u00e8me fois, le Club organise un s\u00e9jour en Italie sur la Riviera di Levante, principalement dans les Cinque Terre (en ligure : Cinque Taere) mais \u00e9galement dans les Parcs Nationaux de Portofino et de l&#8217;Aveto.<\/p>\n<p>Nous s\u00e9journerons \u00e0 Cavi di Lavagna qui est situ\u00e9 entre G\u00eanes et La Spezia &#8230;<\/p>\n","protected":false},"author":75,"featured_media":36334,"comment_status":"closed","ping_status":"closed","sticky":false,"template":"","format":"standard","meta":{"_acf_changed":false,"ub_ctt_via":"","_monsterinsights_skip_tracking":false,"_monsterinsights_sitenote_active":false,"_monsterinsights_sitenote_note":"","_monsterinsights_sitenote_category":0,"footnotes":""},"categories":[272],"tags":[],"acf":[],"featured_image_urls":{"full":["https:\/\/centcols.org\/backup\/wp-content\/uploads\/2019\/08\/IMG_3790-scaled.jpg",1536,1024,false],"thumbnail":["https:\/\/centcols.org\/backup\/wp-content\/uploads\/2019\/08\/IMG_3790-300x300.jpg",300,300,true],"medium":["https:\/\/centcols.org\/backup\/wp-content\/uploads\/2019\/08\/IMG_3790-500x333.jpg",500,333,true],"medium_large":["https:\/\/centcols.org\/backup\/wp-content\/uploads\/2019\/08\/IMG_3790-768x512.jpg",768,512,true],"large":["https:\/\/centcols.org\/backup\/wp-content\/uploads\/2019\/08\/IMG_3790-1200x800.jpg",1200,800,true],"1536x1536":["https:\/\/centcols.org\/backup\/wp-content\/uploads\/2019\/08\/IMG_3790-scaled.jpg",1536,1024,false],"2048x2048":["https:\/\/centcols.org\/backup\/wp-content\/uploads\/2019\/08\/IMG_3790-scaled.jpg",1536,1024,false],"woocommerce_thumbnail":["https:\/\/centcols.org\/backup\/wp-content\/uploads\/2019\/08\/IMG_3790-300x300.jpg",300,300,true],"woocommerce_single":["https:\/\/centcols.org\/backup\/wp-content\/uploads\/2019\/08\/IMG_3790-600x400.jpg",600,400,true],"woocommerce_gallery_thumbnail":["https:\/\/centcols.org\/backup\/wp-content\/uploads\/2019\/08\/IMG_3790-100x100.jpg",100,100,true]},"post_excerpt_stackable":"<p>Pour la deuxi\u00e8me fois, le Club organise un s\u00e9jour en Italie sur la Riviera di Levante, principalement dans les Cinque Terre (en ligure : Cinque Taere) mais \u00e9galement dans les Parcs Nationaux de Portofino et de l&#8217;Aveto.<\/p>\n<p>Nous s\u00e9journerons \u00e0 Cavi di Lavagna qui est situ\u00e9 entre G\u00eanes et La Spezia &#8230;<\/p>\n","category_list":"<a href=\"https:\/\/centcols.org\/backup\/en\/categorie\/sejours-en\/\" rel=\"category tag\">Sejours<\/a>","author_info":{"display_name":"Christophe Badonnel","author_link":"https:\/\/centcols.org\/backup\/en\/author\/5799\/"},"comments_num":"0 comments","featured_image_urls_v2":{"full":["https:\/\/centcols.org\/backup\/wp-content\/uploads\/2019\/08\/IMG_3790-scaled.jpg",1536,1024,false],"thumbnail":["https:\/\/centcols.org\/backup\/wp-content\/uploads\/2019\/08\/IMG_3790-300x300.jpg",300,300,true],"medium":["https:\/\/centcols.org\/backup\/wp-content\/uploads\/2019\/08\/IMG_3790-500x333.jpg",500,333,true],"medium_large":["https:\/\/centcols.org\/backup\/wp-content\/uploads\/2019\/08\/IMG_3790-768x512.jpg",768,512,true],"large":["https:\/\/centcols.org\/backup\/wp-content\/uploads\/2019\/08\/IMG_3790-1200x800.jpg",1200,800,true],"1536x1536":["https:\/\/centcols.org\/backup\/wp-content\/uploads\/2019\/08\/IMG_3790-scaled.jpg",1536,1024,false],"2048x2048":["https:\/\/centcols.org\/backup\/wp-content\/uploads\/2019\/08\/IMG_3790-scaled.jpg",1536,1024,false],"woocommerce_thumbnail":["https:\/\/centcols.org\/backup\/wp-content\/uploads\/2019\/08\/IMG_3790-300x300.jpg",300,300,true],"woocommerce_single":["https:\/\/centcols.org\/backup\/wp-content\/uploads\/2019\/08\/IMG_3790-600x400.jpg",600,400,true],"woocommerce_gallery_thumbnail":["https:\/\/centcols.org\/backup\/wp-content\/uploads\/2019\/08\/IMG_3790-100x100.jpg",100,100,true]},"post_excerpt_stackable_v2":"<p>Pour la deuxi\u00e8me fois, le Club organise un s\u00e9jour en Italie sur la Riviera di Levante, principalement dans les Cinque Terre (en ligure : Cinque Taere) mais \u00e9galement dans les Parcs Nationaux de Portofino et de l&#8217;Aveto.<\/p>\n<p>Nous s\u00e9journerons \u00e0 Cavi di Lavagna qui est situ\u00e9 entre G\u00eanes et La Spezia &#8230;<\/p>\n","category_list_v2":"<a href=\"https:\/\/centcols.org\/backup\/en\/categorie\/sejours-en\/\" rel=\"category tag\">Sejours<\/a>","author_info_v2":{"name":"Christophe Badonnel","url":"https:\/\/centcols.org\/backup\/en\/author\/5799\/"},"comments_num_v2":"0 comments","featured_image_src":"https:\/\/centcols.org\/backup\/wp-content\/uploads\/2019\/08\/IMG_3790-scaled.jpg","_links":{"self":[{"href":"https:\/\/centcols.org\/backup\/en\/wp-json\/wp\/v2\/posts\/59565"}],"collection":[{"href":"https:\/\/centcols.org\/backup\/en\/wp-json\/wp\/v2\/posts"}],"about":[{"href":"https:\/\/centcols.org\/backup\/en\/wp-json\/wp\/v2\/types\/post"}],"author":[{"embeddable":true,"href":"https:\/\/centcols.org\/backup\/en\/wp-json\/wp\/v2\/users\/75"}],"replies":[{"embeddable":true,"href":"https:\/\/centcols.org\/backup\/en\/wp-json\/wp\/v2\/comments?post=59565"}],"version-history":[{"count":0,"href":"https:\/\/centcols.org\/backup\/en\/wp-json\/wp\/v2\/posts\/59565\/revisions"}],"wp:featuredmedia":[{"embeddable":true,"href":"https:\/\/centcols.org\/backup\/en\/wp-json\/wp\/v2\/media\/36334"}],"wp:attachment":[{"href":"https:\/\/centcols.org\/backup\/en\/wp-json\/wp\/v2\/media?parent=59565"}],"wp:term":[{"taxonomy":"category","embeddable":true,"href":"https:\/\/centcols.org\/backup\/en\/wp-json\/wp\/v2\/categories?post=59565"},{"taxonomy":"post_tag","embeddable":true,"href":"https:\/\/centcols.org\/backup\/en\/wp-json\/wp\/v2\/tags?post=59565"}],"curies":[{"name":"wp","href":"https:\/\/api.w.org\/{rel}","templated":true}]}}