





{"id":62047,"date":"2021-12-14T12:09:12","date_gmt":"2021-12-14T11:09:12","guid":{"rendered":"https:\/\/centcols.org\/backup\/lens-suisse-samedi-06-aout-2022-sortie-vtt\/"},"modified":"2021-12-30T12:08:43","modified_gmt":"2021-12-30T11:08:43","slug":"lens-suisse-samedi-06-aout-2022-sortie-vtt","status":"publish","type":"post","link":"https:\/\/centcols.org\/backup\/en\/lens-suisse-samedi-06-aout-2022-sortie-vtt\/","title":{"rendered":"Lens, Switzerland, MTB Ride, 6th august 2022"},"content":{"rendered":"\n<p>Meet at the cemetery car park,  for coffee at&nbsp; 9h30and <strong>set off at<\/strong>&nbsp;<strong>10h00.<\/strong><\/p>\n\n\n\n<p>28 km, 1100 m of climbing, 3 cols&nbsp;: <\/p>\n\n\n\n<p>Les Golettes CH-VS-1161<br>Pas de l\u2019Ours CH-VS-1520<br>Col de P\u00e9pinet CH-VS-2278<\/p>\n\n\n\n<h4 class=\"wp-block-heading\"><br>The MTB ride only takes place in good weather.<\/h4>\n\n\n\n<figure class=\"wp-block-image size-large\"><img loading=\"lazy\" decoding=\"async\" width=\"527\" height=\"334\" src=\"https:\/\/centcols.org\/backup\/wp-content\/uploads\/2021\/12\/image-1.png\" alt=\"\" class=\"wp-image-62041\" srcset=\"https:\/\/centcols.org\/backup\/wp-content\/uploads\/2021\/12\/image-1.png 527w, https:\/\/centcols.org\/backup\/wp-content\/uploads\/2021\/12\/image-1-500x317.png 500w\" sizes=\"(max-width: 527px) 100vw, 527px\" \/><\/figure>\n\n\n\n\n\n\t\t\t\t<div id=\"map_ol3js_1\" class=\"map undefined\" data-map_name=\"undefined\" data-map=\"map_ol3js_1\" style=\"width:95%; max-width:100%; height:450px; display:block; overflow:hidden;border:2px solid grey;\" >\n\t\t\t\t  <div id=\"map_ol3js_1_popup\" class=\"ol-popup\" >\n\t\t\t\t\t<a href=\"#\" id=\"map_ol3js_1_popup-closer\" class=\"ol-popup-closer\"><\/a>\n\t\t\t\t\t<div id=\"map_ol3js_1_popup-content\" ><\/div>\n\t\t\t\t  <\/div>\n\t\t\t\t<\/div>\n\t\t\t\n\t\t\t\t<link rel=\"stylesheet\" href=\"https:\/\/centcols.org\/backup\/wp-content\/plugins\/osm\/js\/OL\/7.1.0\/ol.css?ver=7.1.0\" type=\"text\/css\">\n\t\t\t\t<link rel=\"stylesheet\" href=\"https:\/\/centcols.org\/backup\/wp-content\/plugins\/osm\/css\/osm_map_v3.css?ver=1.0.0\" type=\"text\/css\">\n\t\t\t\t<link rel=\"stylesheet\" href=\"https:\/\/centcols.org\/backup\/wp-content\/plugins\/osm\/css\/osm_map.css?ver=1.0.0\" type=\"text\/css\">\n\t\t\t\t<!-- The line below is only needed for old environments like Internet Explorer and Android 4.x -->\n                                <script src=\"https:\/\/centcols.org\/backup\/wp-content\/plugins\/osm\/js\/polyfill\/v2\/polyfill.min.js?features=requestAnimationFrame,Element.prototype.classList,URL\"><\/script>\n\n\t\t\t\t<script src=\"https:\/\/centcols.org\/backup\/wp-content\/plugins\/osm\/js\/OL\/7.1.0\/ol.js?ver=7.1.0\" type=\"text\/javascript\"><\/script>\n\t\t\t\t<script src=\"https:\/\/centcols.org\/backup\/wp-content\/plugins\/osm\/js\/osm-v3-plugin-lib.js?ver=1.0.0\" type=\"text\/javascript\"><\/script>\n\t\t\t\t<script src=\"https:\/\/centcols.org\/backup\/wp-content\/plugins\/osm\/js\/osm-metabox-events.js?ver=1.0.0\" type=\"text\/javascript\"><\/script>\n\t\t\t\t<script src=\"https:\/\/centcols.org\/backup\/wp-content\/plugins\/osm\/js\/osm-startup-lib.js\" type=\"text\/javascript\"><\/script>\n\t\t\t\t<script type=\"text\/javascript\">\n\t\t\t\t\ttranslations['openlayer'] = \"open layer\";\n\t\t\t\t\ttranslations['openlayerAtStartup'] = \"open layer at startup\";\n\t\t\t\t\ttranslations['generateLink'] = \"link to this map with opened layers\";\n\t\t\t\t\ttranslations['shortDescription'] = \"short description\";\n\t\t\t\t\ttranslations['generatedShortCode'] = \"to get a text control link paste this code in your wordpress editor\";\n\t\t\t\t\ttranslations['closeLayer'] = \"close layer\";\n\t\t\t\t\ttranslations['cantGenerateLink'] = \"put this string in the existing map short code to control this map\";\n\t\t\t  <\/script>\n\n\n\t\t\t  <script type=\"text\/javascript\">\n\t\t\t  vectorM['map_ol3js_1'] = [];\n\t        \n        var raster = getTileLayer(\"osm\",\"NoKey\");\t\t\t\n\n\t\t\t  var map_ol3js_1 = new ol.Map({\n\t\t\t\tinteractions: ol.interaction.defaults.defaults({mouseWheelZoom:false}),\n\t\t\t\tlayers: [raster],\n\t\t\t\ttarget: \"map_ol3js_1\",\n\t\t\t\tview: new ol.View({\n\t\t\t\t  center: ol.proj.transform([7.4459,46.2790], \"EPSG:4326\", \"EPSG:3857\"),\n\t\t\t\t  zoom: 17.0\n\t\t\t\t})\n\t\t\t  });\n\t\t\t  osm_addMarkerLayer(map_ol3js_1,7.4443,46.2789,\"https:\/\/centcols.org\/backup\/wp-content\/plugins\/osm\/icons\/mic_blue_cycling_01.png\",-16,-41,\"<p><\/p>\") ; \naddControls2Map(map_ol3js_1,1,1,3,1,5,6,7,1,1);\nosm_addPopupClickhandler(map_ol3js_1,  \"map_ol3js_1\"); \nosm_addMouseHover(map_ol3js_1); <\/script>\n\n\n\n<p><\/p>\n\n\n\n<h3 class=\"wp-block-heading\">Contact<\/h3>\n\n\n\n<p>Pierre Mai<br>Vy de Bi\u00e8re 8<br>CH-1144 Ballens<br>T\u00e9l : +41 21 807 34 17, mobile: +41 76 498 58 73<br><a href=\"&#109;&#97;ilto&#58;p&#109;&#97;i&#64;blu&#101;&#119;&#105;n&#46;&#99;&#104;\">&#112;&#109;a&#105;&#64;bl&#117;&#101;&#119;i&#110;.ch<\/a><\/p>\n","protected":false},"excerpt":{"rendered":"<p>Meet at the cemetery car park, for coffee at&nbsp; 9h30and set off at&nbsp;10h00. 28 km, 1100 m of climbing, 3 cols&nbsp;: Les Golettes CH-VS-1161Pas de l\u2019Ours CH-VS-1520Col de P\u00e9pinet CH-VS-2278 The MTB ride only takes place in good weather. Contact Pierre MaiVy de Bi\u00e8re 8CH-1144 BallensT\u00e9l : +41 21 807 34 17, mobile: +41 76 [&hellip;]<\/p>\n","protected":false},"author":69,"featured_media":0,"comment_status":"closed","ping_status":"closed","sticky":false,"template":"","format":"standard","meta":{"_acf_changed":false,"ub_ctt_via":"","_monsterinsights_skip_tracking":false,"_monsterinsights_sitenote_active":false,"_monsterinsights_sitenote_note":"","_monsterinsights_sitenote_category":0,"footnotes":""},"categories":[341,528],"tags":[],"acf":[],"featured_image_urls":{"full":"","thumbnail":"","medium":"","medium_large":"","large":"","1536x1536":"","2048x2048":"","woocommerce_thumbnail":"","woocommerce_single":"","woocommerce_gallery_thumbnail":""},"post_excerpt_stackable":"<p>Meet at the cemetery car park, for coffee at&nbsp; 9h30and set off at&nbsp;10h00. 28 km, 1100 m of climbing, 3 cols&nbsp;: Les Golettes CH-VS-1161Pas de l\u2019Ours CH-VS-1520Col de P\u00e9pinet CH-VS-2278 The MTB ride only takes place in good weather. Contact Pierre MaiVy de Bi\u00e8re 8CH-1144 BallensT\u00e9l : +41 21 807 34 17, mobile: +41 76 498 58 73&#112;mai&#64;&#98;&#108;&#117;&#101;&#119;i&#110;.c&#104;<\/p>\n","category_list":"<a href=\"https:\/\/centcols.org\/backup\/en\/categorie\/regionalmeetings-en\/\" rel=\"category tag\">Regional Meetings<\/a>, <a href=\"https:\/\/centcols.org\/backup\/en\/categorie\/regionalmeetings-en\/meetings-2022-en\/\" rel=\"category tag\">Regional meetings 2022<\/a>","author_info":{"display_name":"Enrico Alberini","author_link":"https:\/\/centcols.org\/backup\/en\/author\/5065\/"},"comments_num":"0 comments","featured_image_urls_v2":{"full":"","thumbnail":"","medium":"","medium_large":"","large":"","1536x1536":"","2048x2048":"","woocommerce_thumbnail":"","woocommerce_single":"","woocommerce_gallery_thumbnail":""},"post_excerpt_stackable_v2":"<p>Meet at the cemetery car park, for coffee at&nbsp; 9h30and set off at&nbsp;10h00. 28 km, 1100 m of climbing, 3 cols&nbsp;: Les Golettes CH-VS-1161Pas de l\u2019Ours CH-VS-1520Col de P\u00e9pinet CH-VS-2278 The MTB ride only takes place in good weather. Contact Pierre MaiVy de Bi\u00e8re 8CH-1144 BallensT\u00e9l : +41 21 807 34 17, mobile: +41 76 498 58 73&#112;&#109;ai&#64;&#98;lu&#101;w&#105;&#110;&#46;ch<\/p>\n","category_list_v2":"<a href=\"https:\/\/centcols.org\/backup\/en\/categorie\/regionalmeetings-en\/\" rel=\"category tag\">Regional Meetings<\/a>, <a href=\"https:\/\/centcols.org\/backup\/en\/categorie\/regionalmeetings-en\/meetings-2022-en\/\" rel=\"category tag\">Regional meetings 2022<\/a>","author_info_v2":{"name":"Enrico Alberini","url":"https:\/\/centcols.org\/backup\/en\/author\/5065\/"},"comments_num_v2":"0 comments","featured_image_src":null,"_links":{"self":[{"href":"https:\/\/centcols.org\/backup\/en\/wp-json\/wp\/v2\/posts\/62047"}],"collection":[{"href":"https:\/\/centcols.org\/backup\/en\/wp-json\/wp\/v2\/posts"}],"about":[{"href":"https:\/\/centcols.org\/backup\/en\/wp-json\/wp\/v2\/types\/post"}],"author":[{"embeddable":true,"href":"https:\/\/centcols.org\/backup\/en\/wp-json\/wp\/v2\/users\/69"}],"replies":[{"embeddable":true,"href":"https:\/\/centcols.org\/backup\/en\/wp-json\/wp\/v2\/comments?post=62047"}],"version-history":[{"count":0,"href":"https:\/\/centcols.org\/backup\/en\/wp-json\/wp\/v2\/posts\/62047\/revisions"}],"wp:attachment":[{"href":"https:\/\/centcols.org\/backup\/en\/wp-json\/wp\/v2\/media?parent=62047"}],"wp:term":[{"taxonomy":"category","embeddable":true,"href":"https:\/\/centcols.org\/backup\/en\/wp-json\/wp\/v2\/categories?post=62047"},{"taxonomy":"post_tag","embeddable":true,"href":"https:\/\/centcols.org\/backup\/en\/wp-json\/wp\/v2\/tags?post=62047"}],"curies":[{"name":"wp","href":"https:\/\/api.w.org\/{rel}","templated":true}]}}