{"id":62431,"date":"2022-02-08T12:48:37","date_gmt":"2022-02-08T11:48:37","guid":{"rendered":"https:\/\/centcols.org\/backup\/?p=62431"},"modified":"2022-06-01T16:12:25","modified_gmt":"2022-06-01T14:12:25","slug":"sejour-ete-2022-sare","status":"publish","type":"post","link":"https:\/\/centcols.org\/backup\/en\/sejour-ete-2022-sare\/","title":{"rendered":"S\u00e9jour d&#8217;\u00e9t\u00e9 \u00e0 Sare, 02 au 09 juillet 2022"},"content":{"rendered":"<p><span style=\"color: #808080;\">Ont contribu\u00e9 \u00e0 cette page de pr\u00e9sentation du s\u00e9jour Enrico Alberini, Jean Luc Matte, Christophe Badonnel et les responsables informatiques.<\/span><\/p>\n<p><span style=\"color: #000000;\">Le s\u00e9jour d\u2019\u00e9t\u00e9 2022 se d\u00e9roulera du 02 au 09 juillet \u00e0 Sare dans le d\u00e9partement des Pyr\u00e9n\u00e9es-Atlantiques. Il a \u00e9t\u00e9 pr\u00e9par\u00e9 par une petite \u00e9quipe locale : Corinne et Roland Dameron, Serge Capdessus et Philippe Garcia.<\/span><\/p>\n<p><span style=\"color: #000000;\">La commune est situ\u00e9e \u00e0 l&#8217;extr\u00e8me Sud-Ouest du territoire fran\u00e7ais dans le d\u00e9partement des Pyr\u00e9n\u00e9es-Atlantiques \u00e0 la fronti\u00e8re avec l&#8217;Espagne (Navarre).<br \/>\n<\/span><\/p>\n<div id='gallery-1' class='gallery galleryid-62431 gallery-columns-2 gallery-size-thumbnail'><dl class='gallery-item'>\n\t\t\t<dt class='gallery-icon landscape'>\n\t\t\t\t<a href='https:\/\/centcols.org\/backup\/en\/siuation-sare-2\/'><img loading=\"lazy\" decoding=\"async\" width=\"300\" height=\"300\" src=\"https:\/\/centcols.org\/backup\/wp-content\/uploads\/2022\/01\/siuation-sare-300x300.jpg\" class=\"attachment-thumbnail size-thumbnail\" alt=\"siuation sare\" aria-describedby=\"gallery-1-62437\" srcset=\"https:\/\/centcols.org\/backup\/wp-content\/uploads\/2022\/01\/siuation-sare-300x300.jpg 300w, https:\/\/centcols.org\/backup\/wp-content\/uploads\/2022\/01\/siuation-sare-100x100.jpg 100w\" sizes=\"(max-width: 300px) 100vw, 300px\" \/><\/a>\n\t\t\t<\/dt>\n\t\t\t\t<dd class='wp-caption-text gallery-caption' id='gallery-1-62437'>\n\t\t\t\tsituation Sare\n\t\t\t\t<\/dd><\/dl><dl class='gallery-item'>\n\t\t\t<dt class='gallery-icon landscape'>\n\t\t\t\t<a href='https:\/\/centcols.org\/backup\/en\/sare-2\/'><img loading=\"lazy\" decoding=\"async\" width=\"300\" height=\"300\" src=\"https:\/\/centcols.org\/backup\/wp-content\/uploads\/2022\/01\/SARE-300x300.jpg\" class=\"attachment-thumbnail size-thumbnail\" alt=\"\u00a9 Lou Riouclar\" aria-describedby=\"gallery-1-62434\" srcset=\"https:\/\/centcols.org\/backup\/wp-content\/uploads\/2022\/01\/SARE-300x300.jpg 300w, https:\/\/centcols.org\/backup\/wp-content\/uploads\/2022\/01\/SARE-100x100.jpg 100w\" sizes=\"(max-width: 300px) 100vw, 300px\" \/><\/a>\n\t\t\t<\/dt>\n\t\t\t\t<dd class='wp-caption-text gallery-caption' id='gallery-1-62434'>\n\t\t\t\t\u00a9 Eric Gaba Wikimedia\n\t\t\t\t<\/dd><\/dl><br style=\"clear: both\" \/>\n\t\t<\/div>\n\n<div id='gallery-2' class='gallery galleryid-62431 gallery-columns-1 gallery-size-thumbnail'><dl class='gallery-item'>\n\t\t\t<dt class='gallery-icon landscape'>\n\t\t\t\t<a href='https:\/\/centcols.org\/backup\/en\/dsc05870-2\/'><img loading=\"lazy\" decoding=\"async\" width=\"300\" height=\"300\" src=\"https:\/\/centcols.org\/backup\/wp-content\/uploads\/2022\/02\/DSC05870-300x300.jpg\" class=\"attachment-thumbnail size-thumbnail\" alt=\"village de Sare \u00a9 office de tourisme Pays Basque\" aria-describedby=\"gallery-2-62529\" srcset=\"https:\/\/centcols.org\/backup\/wp-content\/uploads\/2022\/02\/DSC05870-300x300.jpg 300w, https:\/\/centcols.org\/backup\/wp-content\/uploads\/2022\/02\/DSC05870-100x100.jpg 100w\" sizes=\"(max-width: 300px) 100vw, 300px\" \/><\/a>\n\t\t\t<\/dt>\n\t\t\t\t<dd class='wp-caption-text gallery-caption' id='gallery-2-62529'>\n\t\t\t\tvillage de Sare \u00a9 office de tourisme Pays Basque\n\t\t\t\t<\/dd><\/dl><br style=\"clear: both\" \/>\n\t\t<\/div>\n\n<p><span style=\"color: #000000;\">Nous s\u00e9journerons dans le village vacances VVF, &#8220;Club Intense le Pays Basque&#8221;<br \/>\n<\/span><\/p>\n<div id=\"lmm_4aace042\" style=\"width:100%;\" class=\"mapsmarker markermap marker-46\">\n<div id=\"lmm_panel_4aace042\" class=\"lmm-panel\" style=\"background:#efefef;\">\n<div id=\"lmm_panel_api_4aace042\" class=\"lmm-panel-api\"><a href=\"https:\/\/maps.google.com\/maps?daddr=village+de+vacances+VVF&amp;t=m&amp;layer=1&amp;doflg=ptk&amp;om=0\" target=\"_blank\" title=\"Get directions\"><img loading=\"lazy\" decoding=\"async\" alt=\"icon-car.png\" src=\"https:\/\/centcols.org\/backup\/wp-content\/plugins\/leaflet-maps-marker\/inc\/img\/icon-car.png\" width=\"14\" height=\"14\" class=\"lmm-panel-api-images\" \/><\/a><\/div><div id=\"lmm_panel_text_4aace042\" class=\"lmm-panel-text\" style=\"font-weight:bold;color:#373737;\">Sare<\/div><\/div>\n<div id=\"lmm_map_4aace042\" class=\"lmm-map\" style=\"background:#f6f6f6;border:1px solid #ccc;height:480px; overflow:hidden;padding:0;\"><p style=\"font-size:80%;color:#9f9e9e;margin-left:5px;\">loading map - please wait...<noscript><br\/><strong>Map could not be loaded - please enable Javascript!<\/strong><br\/><a style=\"text-decoration:none;\" href=\"https:\/\/www.mapsmarker.com\/js-disabled\" target=\"_blank\">&rarr; more information<\/a><\/noscript><\/p><\/div>\n<div id=\"lmm_geo_tags_4aace042\" class=\"lmm-geo-tags geo\">\n<span class=\"paneltext\">Sare<\/span>\n<span class=\"latitude\">43.313053<\/span>, <span class=\"longitude\">-1.583042<\/span>\n<span class=\"popuptext\"><\/span>\n<\/div>\n<\/div>\n<p><span style=\"color: #000000;\">Vous trouverez ci-dessous les rubriques :<\/span><\/p>\n<ul>\n<li><span style=\"color: #000000;\">Pr\u00e9sentation de la r\u00e9gion<\/span><\/li>\n<li><a href=\"https:\/\/centcols.org\/backup\/les_rendez-vous\/2022\/Sare\/geo\/\" target=\"_blank\" rel=\"noopener\">Les circuits<\/a>, <a href=\"https:\/\/centcols.org\/backup\/les_rendez-vous\/2022\/Sare\/geo\/index.php?vtt=0\" target=\"_blank\" rel=\"noopener\">routiers<\/a> et <a href=\"https:\/\/centcols.org\/backup\/les_rendez-vous\/2022\/Sare\/geo\/index.php?vtt=1\" target=\"_blank\" rel=\"noopener\">VTT<\/a><\/li>\n<li><span style=\"color: #000000;\">H\u00e9bergement<\/span><\/li>\n<li><span style=\"color: #000000;\">Note du Conseil d&#8217;Administration<\/span><\/li>\n<li><span style=\"color: #000000;\">Inscriptions<\/span><\/li>\n<li><span style=\"color: #000000;\">Autres activit\u00e9s ou visites\u00a0 \u00a0<\/span><\/li>\n<\/ul>\n<p><strong><u>V\u00e9locistes :<br \/>\n<\/u><\/strong><\/p>\n","protected":false},"excerpt":{"rendered":"<p>Ont contribu\u00e9 \u00e0 cette page de pr\u00e9sentation du s\u00e9jour Enrico Alberini, Jean Luc Matte, Christophe Badonnel et les responsables informatiques. Le s\u00e9jour d\u2019\u00e9t\u00e9 2022 se d\u00e9roulera du 02 au 09 juillet \u00e0 Sare dans le d\u00e9partement des Pyr\u00e9n\u00e9es-Atlantiques. Il a \u00e9t\u00e9 pr\u00e9par\u00e9 par une petite \u00e9quipe locale : Corinne et Roland Dameron, Serge Capdessus et [&hellip;]<\/p>\n","protected":false},"author":75,"featured_media":0,"comment_status":"closed","ping_status":"closed","sticky":false,"template":"","format":"standard","meta":{"_acf_changed":false,"ub_ctt_via":"","_monsterinsights_skip_tracking":false,"_monsterinsights_sitenote_active":false,"_monsterinsights_sitenote_note":"","_monsterinsights_sitenote_category":0,"footnotes":""},"categories":[272],"tags":[],"acf":[],"featured_image_urls":{"full":"","thumbnail":"","medium":"","medium_large":"","large":"","1536x1536":"","2048x2048":"","woocommerce_thumbnail":"","woocommerce_single":"","woocommerce_gallery_thumbnail":""},"post_excerpt_stackable":"<p>Ont contribu\u00e9 \u00e0 cette page de pr\u00e9sentation du s\u00e9jour Enrico Alberini, Jean Luc Matte, Christophe Badonnel et les responsables informatiques. Le s\u00e9jour d\u2019\u00e9t\u00e9 2022 se d\u00e9roulera du 02 au 09 juillet \u00e0 Sare dans le d\u00e9partement des Pyr\u00e9n\u00e9es-Atlantiques. Il a \u00e9t\u00e9 pr\u00e9par\u00e9 par une petite \u00e9quipe locale : Corinne et Roland Dameron, Serge Capdessus et Philippe Garcia. La commune est situ\u00e9e \u00e0 l&#8217;extr\u00e8me Sud-Ouest du territoire fran\u00e7ais dans le d\u00e9partement des Pyr\u00e9n\u00e9es-Atlantiques \u00e0 la fronti\u00e8re avec l&#8217;Espagne (Navarre). situation Sare \u00a9 Eric Gaba Wikimedia village de Sare \u00a9 office de tourisme Pays Basque Nous s\u00e9journerons dans le village vacances VVF,&hellip;<\/p>\n","category_list":"<a href=\"https:\/\/centcols.org\/backup\/en\/categorie\/sejours-en\/\" rel=\"category tag\">Sejours<\/a>","author_info":{"display_name":"Christophe Badonnel","author_link":"https:\/\/centcols.org\/backup\/en\/author\/5799\/"},"comments_num":"0 comments","featured_image_urls_v2":{"full":"","thumbnail":"","medium":"","medium_large":"","large":"","1536x1536":"","2048x2048":"","woocommerce_thumbnail":"","woocommerce_single":"","woocommerce_gallery_thumbnail":""},"post_excerpt_stackable_v2":"<p>Ont contribu\u00e9 \u00e0 cette page de pr\u00e9sentation du s\u00e9jour Enrico Alberini, Jean Luc Matte, Christophe Badonnel et les responsables informatiques. Le s\u00e9jour d\u2019\u00e9t\u00e9 2022 se d\u00e9roulera du 02 au 09 juillet \u00e0 Sare dans le d\u00e9partement des Pyr\u00e9n\u00e9es-Atlantiques. Il a \u00e9t\u00e9 pr\u00e9par\u00e9 par une petite \u00e9quipe locale : Corinne et Roland Dameron, Serge Capdessus et Philippe Garcia. La commune est situ\u00e9e \u00e0 l&#8217;extr\u00e8me Sud-Ouest du territoire fran\u00e7ais dans le d\u00e9partement des Pyr\u00e9n\u00e9es-Atlantiques \u00e0 la fronti\u00e8re avec l&#8217;Espagne (Navarre). situation Sare \u00a9 Eric Gaba Wikimedia village de Sare \u00a9 office de tourisme Pays Basque Nous s\u00e9journerons dans le village vacances VVF,&hellip;<\/p>\n","category_list_v2":"<a href=\"https:\/\/centcols.org\/backup\/en\/categorie\/sejours-en\/\" rel=\"category tag\">Sejours<\/a>","author_info_v2":{"name":"Christophe Badonnel","url":"https:\/\/centcols.org\/backup\/en\/author\/5799\/"},"comments_num_v2":"0 comments","featured_image_src":null,"_links":{"self":[{"href":"https:\/\/centcols.org\/backup\/en\/wp-json\/wp\/v2\/posts\/62431"}],"collection":[{"href":"https:\/\/centcols.org\/backup\/en\/wp-json\/wp\/v2\/posts"}],"about":[{"href":"https:\/\/centcols.org\/backup\/en\/wp-json\/wp\/v2\/types\/post"}],"author":[{"embeddable":true,"href":"https:\/\/centcols.org\/backup\/en\/wp-json\/wp\/v2\/users\/75"}],"replies":[{"embeddable":true,"href":"https:\/\/centcols.org\/backup\/en\/wp-json\/wp\/v2\/comments?post=62431"}],"version-history":[{"count":0,"href":"https:\/\/centcols.org\/backup\/en\/wp-json\/wp\/v2\/posts\/62431\/revisions"}],"wp:attachment":[{"href":"https:\/\/centcols.org\/backup\/en\/wp-json\/wp\/v2\/media?parent=62431"}],"wp:term":[{"taxonomy":"category","embeddable":true,"href":"https:\/\/centcols.org\/backup\/en\/wp-json\/wp\/v2\/categories?post=62431"},{"taxonomy":"post_tag","embeddable":true,"href":"https:\/\/centcols.org\/backup\/en\/wp-json\/wp\/v2\/tags?post=62431"}],"curies":[{"name":"wp","href":"https:\/\/api.w.org\/{rel}","templated":true}]}}