





{"id":62502,"date":"2022-02-09T11:33:23","date_gmt":"2022-02-09T10:33:23","guid":{"rendered":"https:\/\/centcols.org\/backup\/rassemblement-massif-central-est-dimanche-25-septembre-2022-col-de-la-croix-de-presles\/"},"modified":"2023-02-02T18:29:00","modified_gmt":"2023-02-02T17:29:00","slug":"rassemblement-massif-central-est-dimanche-25-septembre-2022-col-de-la-croix-de-presles","status":"publish","type":"post","link":"https:\/\/centcols.org\/backup\/en\/rassemblement-massif-central-est-dimanche-25-septembre-2022-col-de-la-croix-de-presles\/","title":{"rendered":"Rassemblement Massif Central Est, dimanche 25 septembre 2022, Col de La Croix de Presles"},"content":{"rendered":"\n<p>Dimanche 25 septembre 2022 au Col de la Croix de Presles (FR-69-0527).<\/p>\n\n\n\n\n\n\t\t\t\t<div id=\"map_ol3js_1\" class=\"map undefined\" data-map_name=\"undefined\" data-map=\"map_ol3js_1\" style=\"width:95%; max-width:100%; height:450px; display:block; overflow:hidden;border:2px solid grey; background-image: url(https:\/\/centcols.org\/backup\/wp-content\/plugins\/osm\/GDPR_bckgrnd.png); background-repeat: no-repeat; background-position: center; position: relative;\" >\n\t\t\t\t  <div id=\"map_ol3js_1_popup\" class=\"ol-popup\" >\n\t\t\t\t\t<a href=\"#\" id=\"map_ol3js_1_popup-closer\" class=\"ol-popup-closer\"><\/a>\n\t\t\t\t\t<div id=\"map_ol3js_1_popup-content\" ><\/div>\n\t\t\t\t  <\/div>\n\t\t\t\t<\/div>\n\t\t\t\n\t\t\t\t<link rel=\"stylesheet\" href=\"https:\/\/centcols.org\/backup\/wp-content\/plugins\/osm\/js\/OL\/7.1.0\/ol.css?ver=7.1.0\" type=\"text\/css\">\n\t\t\t\t<link rel=\"stylesheet\" href=\"https:\/\/centcols.org\/backup\/wp-content\/plugins\/osm\/css\/osm_map_v3.css?ver=1.0.0\" type=\"text\/css\">\n\t\t\t\t<link rel=\"stylesheet\" href=\"https:\/\/centcols.org\/backup\/wp-content\/plugins\/osm\/css\/osm_map.css?ver=1.0.0\" type=\"text\/css\">\n\t\t\t\t<!-- The line below is only needed for old environments like Internet Explorer and Android 4.x -->\n                                <script src=\"https:\/\/centcols.org\/backup\/wp-content\/plugins\/osm\/js\/polyfill\/v2\/polyfill.min.js?features=requestAnimationFrame,Element.prototype.classList,URL\"><\/script>\n\n\t\t\t\t<script src=\"https:\/\/centcols.org\/backup\/wp-content\/plugins\/osm\/js\/OL\/7.1.0\/ol.js?ver=7.1.0\" type=\"text\/javascript\"><\/script>\n\t\t\t\t<script src=\"https:\/\/centcols.org\/backup\/wp-content\/plugins\/osm\/js\/osm-v3-plugin-lib.js?ver=1.0.0\" type=\"text\/javascript\"><\/script>\n\t\t\t\t<script src=\"https:\/\/centcols.org\/backup\/wp-content\/plugins\/osm\/js\/osm-metabox-events.js?ver=1.0.0\" type=\"text\/javascript\"><\/script>\n\t\t\t\t<script src=\"https:\/\/centcols.org\/backup\/wp-content\/plugins\/osm\/js\/osm-startup-lib.js\" type=\"text\/javascript\"><\/script>\n\t\t\t\t<script type=\"text\/javascript\">\n\t\t\t\t\ttranslations['openlayer'] = \"open layer\";\n\t\t\t\t\ttranslations['openlayerAtStartup'] = \"open layer at startup\";\n\t\t\t\t\ttranslations['generateLink'] = \"link to this map with opened layers\";\n\t\t\t\t\ttranslations['shortDescription'] = \"short description\";\n\t\t\t\t\ttranslations['generatedShortCode'] = \"to get a text control link paste this code in your wordpress editor\";\n\t\t\t\t\ttranslations['closeLayer'] = \"close layer\";\n\t\t\t\t\ttranslations['cantGenerateLink'] = \"put this string in the existing map short code to control this map\";\n\t\t\t  <\/script>\n\n\n\t\t\t  <script type=\"text\/javascript\">\n\t\t\t  vectorM['map_ol3js_1'] = [];\n\t        \n        var raster = getTileLayer(\"osm\",\"NoKey\");\t\t\t\n\n\t\t\t  var map_ol3js_1 = new ol.Map({\n\t\t\t\tinteractions: ol.interaction.defaults.defaults({mouseWheelZoom:false}),\n\t\t\t\tlayers: [raster],\n\t\t\t\ttarget: \"map_ol3js_1\",\n\t\t\t\tview: new ol.View({\n\t\t\t\t  center: ol.proj.transform([4.7920,45.8405], \"EPSG:4326\", \"EPSG:3857\"),\n\t\t\t\t  zoom: 12.1\n\t\t\t\t})\n\t\t\t  });\n\t\t\t  addControls2Map(map_ol3js_1,1,1,3,1,5,6,7,1,1);\nosm_addPopupClickhandler(map_ol3js_1,  \"map_ol3js_1\"); \nosm_addMouseHover(map_ol3js_1); <\/script>\n\n\n\n<p>Il vous est propos\u00e9 une rencontre amicale \u00e0 ce col du massif des Monts d\u2019Or au nord de Lyon sur le territoire de la m\u00e9tropole urbaine de Lyon .<\/p>\n\n\n\n<p>Un circuit route d\u2019une quarantaine de kilom\u00e8tres vous sera propos\u00e9 au d\u00e9part de Limonest ( ou sur le lieu de votre choix) pour franchir les trois cols de la m\u00e9tropole lyonnaise avec outre le col&nbsp;&nbsp;rendez vous de la mi-journ\u00e9e&nbsp;, les cols de Trion (FR-69-0266) et le col de Verdun (FR-69-0602b) .<\/p>\n\n\n\n<p>L\u2019occasion de d\u00e9couvrir La r\u00e9gion lyonnaise d\u2019une mani\u00e8re originale , les vues sur la ville et m\u00eame sur les Alpes par temps d\u00e9gag\u00e9s seront au programme ainsi que certains lieux embl\u00e9matiques de la capitale des Gaules telles que Fourvi\u00e8re , La cath\u00e9drale Saint Jean , les quais de Sa\u00f4ne , le restaurant Bocuse etc ..<\/p>\n\n\n\n<p>Rendez vous est donn\u00e9 au col de la Croix de Presles (FR-69-0527 ) \u00e0 partir de 11 h&nbsp; pour partager le vin et le fromage dans la plus pure tradition cent cols . .<\/p>\n\n\n\n<p>Contact&nbsp;: Philippe CHAZOTTIER <br>06 24 33 78 13&nbsp;&nbsp;&nbsp;<br><a href=\"m&#97;il&#116;o&#58;&#60;a &#104;&#114;&#101;&#102;=&#34;m&#97;&#105;l&#116;&#111;:&#112;&#99;&#104;azo&#116;tie&#114;&#64;&#119;&#97;&#110;ado&#111;&#46;f&#114;&#34; t&#97;rget=\"_&#98;la&#110;&#107;\"&#32;&#114;&#101;&#108;=\"nore&#102;&#101;rr&#101;r &#110;o&#111;&#112;ener&#34;>p&#99;&#104;az&#111;ttier&#64;w&#97;na&#100;oo.&#102;r<&#47;a>\">&#60;&#97; &#104;&#114;e&#102;&#61;\"m&#97;&#105;l&#116;o&#58;&#112;c&#104;azot&#116;&#105;e&#114;&#64;&#119;anad&#111;o.f&#114;&#34; &#116;&#97;&#114;&#103;et=\"_&#98;&#108;&#97;n&#107;&#34; r&#101;l=&#34;n&#111;&#114;efer&#114;er n&#111;open&#101;&#114;\">pch&#97;&#122;&#111;&#116;t&#105;er&#64;&#119;&#97;n&#97;do&#111;.&#102;&#114;&#60;&#47;&#97;><\/a><\/p>\n\n\n\n<p>Rendez vous annul\u00e9 en cas de mauvais temps .<\/p>\n\n\n\n<p>&nbsp;PARKING LIMONEST : parc des sports , route de Saint Didier au mont d&#8217;Or .<\/p>\n\n\n\n<p>Attention le samedi et le dimanche la mont\u00e9e Limonest &#8211; Col du Verdun est interdit \u00e0 la circulation automobile .<\/p>\n\n\n\n<p>Le parcours est sur Open Runner <a href=\"https:\/\/www.openrunner.com\/route-details\/14229840\" target=\"_blank\" rel=\"noreferrer noopener\">14229840<\/a><\/p>\n","protected":false},"excerpt":{"rendered":"<p>Dimanche 25 septembre 2022 au Col de la Croix de Presles (FR-69-0527). Il vous est propos\u00e9 une rencontre amicale \u00e0 ce col du massif des Monts d\u2019Or au nord de Lyon sur le territoire de la m\u00e9tropole urbaine de Lyon . Un circuit route d\u2019une quarantaine de kilom\u00e8tres vous sera propos\u00e9 au d\u00e9part de Limonest [&hellip;]<\/p>\n","protected":false},"author":69,"featured_media":0,"comment_status":"closed","ping_status":"closed","sticky":false,"template":"","format":"standard","meta":{"_acf_changed":false,"ub_ctt_via":"","_monsterinsights_skip_tracking":false,"_monsterinsights_sitenote_active":false,"_monsterinsights_sitenote_note":"","_monsterinsights_sitenote_category":0,"footnotes":""},"categories":[341,528],"tags":[],"acf":[],"featured_image_urls":{"full":"","thumbnail":"","medium":"","medium_large":"","large":"","1536x1536":"","2048x2048":"","woocommerce_thumbnail":"","woocommerce_single":"","woocommerce_gallery_thumbnail":""},"post_excerpt_stackable":"<p>Dimanche 25 septembre 2022 au Col de la Croix de Presles (FR-69-0527). Il vous est propos\u00e9 une rencontre amicale \u00e0 ce col du massif des Monts d\u2019Or au nord de Lyon sur le territoire de la m\u00e9tropole urbaine de Lyon . Un circuit route d\u2019une quarantaine de kilom\u00e8tres vous sera propos\u00e9 au d\u00e9part de Limonest ( ou sur le lieu de votre choix) pour franchir les trois cols de la m\u00e9tropole lyonnaise avec outre le col&nbsp;&nbsp;rendez vous de la mi-journ\u00e9e&nbsp;, les cols de Trion (FR-69-0266) et le col de Verdun (FR-69-0602b) . L\u2019occasion de d\u00e9couvrir La r\u00e9gion lyonnaise d\u2019une mani\u00e8re&hellip;<\/p>\n","category_list":"<a href=\"https:\/\/centcols.org\/backup\/en\/categorie\/regionalmeetings-en\/\" rel=\"category tag\">Regional Meetings<\/a>, <a href=\"https:\/\/centcols.org\/backup\/en\/categorie\/regionalmeetings-en\/meetings-2022-en\/\" rel=\"category tag\">Regional meetings 2022<\/a>","author_info":{"display_name":"Enrico Alberini","author_link":"https:\/\/centcols.org\/backup\/en\/author\/5065\/"},"comments_num":"0 comments","featured_image_urls_v2":{"full":"","thumbnail":"","medium":"","medium_large":"","large":"","1536x1536":"","2048x2048":"","woocommerce_thumbnail":"","woocommerce_single":"","woocommerce_gallery_thumbnail":""},"post_excerpt_stackable_v2":"<p>Dimanche 25 septembre 2022 au Col de la Croix de Presles (FR-69-0527). Il vous est propos\u00e9 une rencontre amicale \u00e0 ce col du massif des Monts d\u2019Or au nord de Lyon sur le territoire de la m\u00e9tropole urbaine de Lyon . Un circuit route d\u2019une quarantaine de kilom\u00e8tres vous sera propos\u00e9 au d\u00e9part de Limonest ( ou sur le lieu de votre choix) pour franchir les trois cols de la m\u00e9tropole lyonnaise avec outre le col&nbsp;&nbsp;rendez vous de la mi-journ\u00e9e&nbsp;, les cols de Trion (FR-69-0266) et le col de Verdun (FR-69-0602b) . L\u2019occasion de d\u00e9couvrir La r\u00e9gion lyonnaise d\u2019une mani\u00e8re&hellip;<\/p>\n","category_list_v2":"<a href=\"https:\/\/centcols.org\/backup\/en\/categorie\/regionalmeetings-en\/\" rel=\"category tag\">Regional Meetings<\/a>, <a href=\"https:\/\/centcols.org\/backup\/en\/categorie\/regionalmeetings-en\/meetings-2022-en\/\" rel=\"category tag\">Regional meetings 2022<\/a>","author_info_v2":{"name":"Enrico Alberini","url":"https:\/\/centcols.org\/backup\/en\/author\/5065\/"},"comments_num_v2":"0 comments","featured_image_src":null,"_links":{"self":[{"href":"https:\/\/centcols.org\/backup\/en\/wp-json\/wp\/v2\/posts\/62502"}],"collection":[{"href":"https:\/\/centcols.org\/backup\/en\/wp-json\/wp\/v2\/posts"}],"about":[{"href":"https:\/\/centcols.org\/backup\/en\/wp-json\/wp\/v2\/types\/post"}],"author":[{"embeddable":true,"href":"https:\/\/centcols.org\/backup\/en\/wp-json\/wp\/v2\/users\/69"}],"replies":[{"embeddable":true,"href":"https:\/\/centcols.org\/backup\/en\/wp-json\/wp\/v2\/comments?post=62502"}],"version-history":[{"count":0,"href":"https:\/\/centcols.org\/backup\/en\/wp-json\/wp\/v2\/posts\/62502\/revisions"}],"wp:attachment":[{"href":"https:\/\/centcols.org\/backup\/en\/wp-json\/wp\/v2\/media?parent=62502"}],"wp:term":[{"taxonomy":"category","embeddable":true,"href":"https:\/\/centcols.org\/backup\/en\/wp-json\/wp\/v2\/categories?post=62502"},{"taxonomy":"post_tag","embeddable":true,"href":"https:\/\/centcols.org\/backup\/en\/wp-json\/wp\/v2\/tags?post=62502"}],"curies":[{"name":"wp","href":"https:\/\/api.w.org\/{rel}","templated":true}]}}