{"id":66239,"date":"2022-10-27T23:23:25","date_gmt":"2022-10-27T21:23:25","guid":{"rendered":"https:\/\/centcols.org\/backup\/sejour-printemps-2023-foret-noire\/"},"modified":"2023-04-01T18:11:07","modified_gmt":"2023-04-01T16:11:07","slug":"sejour-printemps-2023-foret-noire","status":"publish","type":"post","link":"https:\/\/centcols.org\/backup\/en\/sejour-printemps-2023-foret-noire\/","title":{"rendered":"Spring S\u00e9jour at Todtmoos (Black Forest) from 19 to 26 May 2023"},"content":{"rendered":"<p>Enrico Alberini and the IT and s\u00e9jours officers have contributed to this page presenting the s\u00e9jours<\/p>\n<p><strong><span style=\"vertical-align: inherit;\"><span style=\"vertical-align: inherit;\"><span style=\"vertical-align: inherit;\"><span style=\"vertical-align: inherit;\"><span style=\"vertical-align: inherit;\"><span style=\"vertical-align: inherit;\">COVID 19 Rules<\/span><\/span><\/span><\/span><\/span><\/span><\/strong><\/p>\n<p>These rules may change from now to the start of the s\u00e9jour. At the moment there are no rules concerning the sharing of a room by two people.<\/p>\n<p>The prices agreed between the Club and our hosts are based on double rooms and two single rooms that are subject to a supplement.<\/p>\n<p>For the first time the Club is organising a s\u00e9jour in Germany. We will be staying in Todtmoos, a village of Bade-Wurtenberg\u00a0 located in the Black Forest. The circuits will be spread all around this base. They will all require drives to the start of a few dozen minutes except for one of them for which the jouney to the start will take 50 minutes.<\/p>\n<p>Todtmoos is a paradise for snowshoeing, hiking and mountainbiking thanks to numerous footpaths leading to magnificent viewpoints.<\/p>\n<p>Our accommodation will be in three establishments close to each other.<\/p>\n<div id=\"lmm_3a76c96a\" style=\"width:100%;\" class=\"mapsmarker layermap layer-4\">\n<div id=\"lmm_panel_3a76c96a\" class=\"lmm-panel\" style=\"background:#efefef;\">\n<div id=\"lmm_panel_api_3a76c96a\" class=\"lmm-panel-api\"><\/div><div id=\"lmm_panel_text_3a76c96a\" class=\"lmm-panel-text\" style=\"font-weight:bold;color:#373737;\">Todtmoos<\/div>\n<\/div>\n<div id=\"lmm_map_3a76c96a\" class=\"lmm-map\" style=\"background:#f6f6f6;border:1px solid #ccc;height:480px; overflow:hidden;padding:0;\"><p style=\"font-size:80%;color:#9f9e9e;margin-left:5px;\">loading map - please wait...<noscript><br\/><strong>Map could not be loaded - please enable Javascript!<\/strong><br\/><a style=\"text-decoration:none;\" href=\"https:\/\/www.mapsmarker.com\/js-disabled\" target=\"_blank\">&rarr; more information<\/a><\/noscript><\/p><\/div>\n<div id=\"lmm_geo_tags_3a76c96a_49\" class=\"lmm-geo-tags geo\">H\u00f4tel Maien: <span class=\"latitude\">47.741084<\/span>, <span class=\"longitude\">8.004028<\/span><\/div>\n<div id=\"lmm_geo_tags_3a76c96a_50\" class=\"lmm-geo-tags geo\">H\u00f4tel Waldwinkel: <span class=\"latitude\">47.742678<\/span>, <span class=\"longitude\">8.004044<\/span><\/div>\n<div id=\"lmm_geo_tags_3a76c96a_51\" class=\"lmm-geo-tags geo\">Gasthaus Roseneck: <span class=\"latitude\">47.740213<\/span>, <span class=\"longitude\">8.003014<\/span><\/div>\n<\/div>\n<p>You&#8217;ll find below the following pages :<\/p>\n<ul>\n<li>Presentation of the region<\/li>\n<li>The circuits<\/li>\n<li>Accommodation<\/li>\n<li>The Administrative Council&#8217;s Note<\/li>\n<li>Booking, with a location map<\/li>\n<li>Other activities or visits<\/li>\n<\/ul>\n","protected":false},"excerpt":{"rendered":"<p>Pour la premi\u00e8re fois, le Club organise un s\u00e9jour en Allemagne. Nous s\u00e9journerons \u00e0 Todtmoos, commune du Bade-Wurtenberg\u00a0 situ\u00e9e dans la For\u00eat Noire. Les circuits seront r\u00e9partis tout autour de cette base. Ils n\u00e9cessiteront quelques mises en place en voiture de quelques dizaines de minutes sauf pour l&#8217;un d&#8217;entre eux (50 minutes).<\/p>\n<p>Todtmoos est le paradis des adeptes de marche nordique, des randonneurs et des v\u00e9t\u00e9tistes gr\u00e2ce \u00e0 de nombreux sentiers de randonn\u00e9e menant \u00e0 de magnifiques points de vue.<\/p>\n","protected":false},"author":75,"featured_media":0,"comment_status":"closed","ping_status":"closed","sticky":false,"template":"","format":"standard","meta":{"_acf_changed":false,"ub_ctt_via":"","_monsterinsights_skip_tracking":false,"_monsterinsights_sitenote_active":false,"_monsterinsights_sitenote_note":"","_monsterinsights_sitenote_category":0,"footnotes":""},"categories":[272],"tags":[],"acf":[],"featured_image_urls":{"full":"","thumbnail":"","medium":"","medium_large":"","large":"","1536x1536":"","2048x2048":"","woocommerce_thumbnail":"","woocommerce_single":"","woocommerce_gallery_thumbnail":""},"post_excerpt_stackable":"<p>Pour la premi\u00e8re fois, le Club organise un s\u00e9jour en Allemagne. Nous s\u00e9journerons \u00e0 Todtmoos, commune du Bade-Wurtenberg\u00a0 situ\u00e9e dans la For\u00eat Noire. Les circuits seront r\u00e9partis tout autour de cette base. Ils n\u00e9cessiteront quelques mises en place en voiture de quelques dizaines de minutes sauf pour l&#8217;un d&#8217;entre eux (50 minutes).<\/p>\n<p>Todtmoos est le paradis des adeptes de marche nordique, des randonneurs et des v\u00e9t\u00e9tistes gr\u00e2ce \u00e0 de nombreux sentiers de randonn\u00e9e menant \u00e0 de magnifiques points de vue.<\/p>\n","category_list":"<a href=\"https:\/\/centcols.org\/backup\/en\/categorie\/sejours-en\/\" rel=\"category tag\">Sejours<\/a>","author_info":{"display_name":"Christophe Badonnel","author_link":"https:\/\/centcols.org\/backup\/en\/author\/5799\/"},"comments_num":"0 comments","featured_image_urls_v2":{"full":"","thumbnail":"","medium":"","medium_large":"","large":"","1536x1536":"","2048x2048":"","woocommerce_thumbnail":"","woocommerce_single":"","woocommerce_gallery_thumbnail":""},"post_excerpt_stackable_v2":"<p>Pour la premi\u00e8re fois, le Club organise un s\u00e9jour en Allemagne. Nous s\u00e9journerons \u00e0 Todtmoos, commune du Bade-Wurtenberg\u00a0 situ\u00e9e dans la For\u00eat Noire. Les circuits seront r\u00e9partis tout autour de cette base. Ils n\u00e9cessiteront quelques mises en place en voiture de quelques dizaines de minutes sauf pour l&#8217;un d&#8217;entre eux (50 minutes).<\/p>\n<p>Todtmoos est le paradis des adeptes de marche nordique, des randonneurs et des v\u00e9t\u00e9tistes gr\u00e2ce \u00e0 de nombreux sentiers de randonn\u00e9e menant \u00e0 de magnifiques points de vue.<\/p>\n","category_list_v2":"<a href=\"https:\/\/centcols.org\/backup\/en\/categorie\/sejours-en\/\" rel=\"category tag\">Sejours<\/a>","author_info_v2":{"name":"Christophe Badonnel","url":"https:\/\/centcols.org\/backup\/en\/author\/5799\/"},"comments_num_v2":"0 comments","featured_image_src":null,"_links":{"self":[{"href":"https:\/\/centcols.org\/backup\/en\/wp-json\/wp\/v2\/posts\/66239"}],"collection":[{"href":"https:\/\/centcols.org\/backup\/en\/wp-json\/wp\/v2\/posts"}],"about":[{"href":"https:\/\/centcols.org\/backup\/en\/wp-json\/wp\/v2\/types\/post"}],"author":[{"embeddable":true,"href":"https:\/\/centcols.org\/backup\/en\/wp-json\/wp\/v2\/users\/75"}],"replies":[{"embeddable":true,"href":"https:\/\/centcols.org\/backup\/en\/wp-json\/wp\/v2\/comments?post=66239"}],"version-history":[{"count":0,"href":"https:\/\/centcols.org\/backup\/en\/wp-json\/wp\/v2\/posts\/66239\/revisions"}],"wp:attachment":[{"href":"https:\/\/centcols.org\/backup\/en\/wp-json\/wp\/v2\/media?parent=66239"}],"wp:term":[{"taxonomy":"category","embeddable":true,"href":"https:\/\/centcols.org\/backup\/en\/wp-json\/wp\/v2\/categories?post=66239"},{"taxonomy":"post_tag","embeddable":true,"href":"https:\/\/centcols.org\/backup\/en\/wp-json\/wp\/v2\/tags?post=66239"}],"curies":[{"name":"wp","href":"https:\/\/api.w.org\/{rel}","templated":true}]}}