





{"id":68007,"date":"2022-09-15T18:44:53","date_gmt":"2022-09-15T16:44:53","guid":{"rendered":"https:\/\/centcols.org\/backup\/?p=68007"},"modified":"2022-12-12T18:02:20","modified_gmt":"2022-12-12T17:02:20","slug":"assemblee-generale-annecy-5-novembre-2022","status":"publish","type":"post","link":"https:\/\/centcols.org\/backup\/en\/assemblee-generale-annecy-5-novembre-2022\/","title":{"rendered":"General Assembly of the Club des Cent Cols at Annecy (Haute-Savoie),  November  5th 2022"},"content":{"rendered":"\n<h2 class=\"kt-adv-heading_56406b-a3 wp-block-kadence-advancedheading\" data-kb-block=\"kb-adv-heading_56406b-a3\">Report <\/h2>\n\n\n\n<p><strong>Annecy, Imperial Palace, 5 November 2022<\/strong><\/p>\n<p>The President, Enrico ALBERINI, opened the General Assembly at 14 h.<\/p>\n<p>He thanked for their presence <br>Martine CANO, President of the FFCT, <br>Catherine BOURGEAIS-ROUET, President of COREG Aura (Auvergne-Rh\u00f4ne-Alpes) and of CODEP74, and Antoine ARMAND, member for the Annecy district.<\/p>\n<p>After his Morale Report (see the ICC of October 2022), he gave the floor to Herv\u00e9 RETIERE, the club Secretary, for the Club&#8217;s Activities Report.&nbsp; A report which will serve as the basis for a more complete presentation that could be used notably outside the Club. It can be read here :<\/p>\n<p><a href=\"https:\/\/centcols.org\/backup\/wp-content\/uploads\/2022\/11\/intervention-HR-AG-ccc-2022.movie_.mp4\">Presentation of the Club&#8217;activities<\/a><\/p>\n<p>S\u00e9bastien VADOT, the Treasurer, then presented the Financial Report followed by the provisional accounts.<\/p>\n<p><a href=\"https:\/\/centcols.org\/backup\/wp-content\/uploads\/2022\/11\/intervention-sv-ag-ccc-2022.movie_.mp4\">Presentation o<u>f the financial report<\/u><\/a><\/p>\n<p>Account auditors Alain LAXENAIRE and Michel MATHIEU then took the floor to present their report.<\/p>\n<p>The President then spoke, announcing the voting results and underlining the significant increase in the number of voters in 2022&nbsp;: 899 voters. This compares with 466 voters in 2021, being an increase of 93 %.<\/p>\n<p>The results&nbsp;:<\/p>\n<p>Number eligible to vote : 1974<br>Number of voters : 899<br>Participation : 45,6 %<\/p>\n\n\n\n<figure class=\"wp-block-table is-style-stripes\"><table><tbody><tr><td><\/td><td class=\"has-text-align-center\" data-align=\"center\"><strong>Yes<\/strong><\/td><td class=\"has-text-align-center\" data-align=\"center\"><strong>No<\/strong><\/td><td class=\"has-text-align-center\" data-align=\"center\"><strong>Blan<\/strong>k<\/td><td class=\"has-text-align-center\" data-align=\"center\"><strong>Voids<\/strong><\/td><\/tr><tr><td><strong>Morale rapport<\/strong><\/td><td class=\"has-text-align-center\" data-align=\"center\"><strong>871<\/strong><\/td><td class=\"has-text-align-center\" data-align=\"center\"><strong>10<\/strong><\/td><td class=\"has-text-align-center\" data-align=\"center\"><strong>13<\/strong><\/td><td class=\"has-text-align-center\" data-align=\"center\"><strong>5<\/strong><\/td><\/tr><tr><td><\/td><td class=\"has-text-align-center\" data-align=\"center\"><em>96.9 %<\/em><\/td><td class=\"has-text-align-center\" data-align=\"center\"><em>1.1 %<\/em><\/td><td class=\"has-text-align-center\" data-align=\"center\"><em>1.4 %<\/em><\/td><td class=\"has-text-align-center\" data-align=\"center\"><em>0.6 %<\/em><\/td><\/tr><tr><td><strong>Activities rapport<\/strong><\/td><td class=\"has-text-align-center\" data-align=\"center\"><strong>872<\/strong><\/td><td class=\"has-text-align-center\" data-align=\"center\"><strong>8<\/strong><\/td><td class=\"has-text-align-center\" data-align=\"center\"><strong>14<\/strong><\/td><td class=\"has-text-align-center\" data-align=\"center\"><strong>5<\/strong><\/td><\/tr><tr><td><\/td><td class=\"has-text-align-center\" data-align=\"center\"><em>97.0 %<\/em><\/td><td class=\"has-text-align-center\" data-align=\"center\"><em>0.9 %<\/em><\/td><td class=\"has-text-align-center\" data-align=\"center\"><em>1.5 %<\/em><\/td><td class=\"has-text-align-center\" data-align=\"center\"><em>0.6 %<\/em><\/td><\/tr><tr><td><strong>Financial rapport <\/strong><\/td><td class=\"has-text-align-center\" data-align=\"center\"><strong>876<\/strong><\/td><td class=\"has-text-align-center\" data-align=\"center\"><strong>8<\/strong><\/td><td class=\"has-text-align-center\" data-align=\"center\"><strong>10<\/strong><\/td><td class=\"has-text-align-center\" data-align=\"center\"><strong>5<\/strong><\/td><\/tr><tr><td><\/td><td class=\"has-text-align-center\" data-align=\"center\"><em>97.4 %<\/em><\/td><td class=\"has-text-align-center\" data-align=\"center\"><em>0.9 %<\/em><\/td><td class=\"has-text-align-center\" data-align=\"center\"><em>1.1 %<\/em><\/td><td class=\"has-text-align-center\" data-align=\"center\"><em>0.6 %<\/em><\/td><\/tr><\/tbody><\/table><\/figure>\n\n\n\n<p>Statutory business being over, The President handed over to Graham CUTTING who announced the completion of a titanic piece of work&nbsp; : the creation of catalogues of cols for the whole world.<\/p>\n<p><a href=\"https:\/\/centcols.org\/backup\/wp-content\/uploads\/2022\/11\/intervention-graham-ag-ccc-2022.movie_.mp4\">Intervention of Graham Cutting<\/a>.<\/p>\n<p>Then, Didier R\u00c9MOND presented the future s\u00e9jour in summer 2023 at Praz-sur-Arly (presentation to be published on the Club&#8217;s site).<\/p>\n<p>The President then introduced Christophe MARCHAL, the 8000th member of the club, to the General Assembly.<\/p>\n<p><a href=\"https:\/\/centcols.org\/backup\/wp-content\/uploads\/2022\/11\/ccc-christophe-marchal-8000.movie_.mp4\">Presentation of Christophe Marchal<\/a>.<\/p>\n<p>He then presented to DTs Pierre MAI, Didier R\u00c9MOND, G\u00e9rard FILLION-ROBIN and Alain GILLODES diplomas for their long service.<\/p>\n<p><a href=\"https:\/\/centcols.org\/backup\/wp-content\/uploads\/2022\/11\/ccc-dt-brevetes.movie_.mp4\"><u>Awards of Diplomas to DTs for<\/u> Services Rendered.<\/a><\/p>\n<p>Jean PERDOUX, the Club&#8217;s Founder and Honorary President, then took the floor.<\/p>\n<p>He was then followed by Henri DUSSEAU \u2013 President Honoris Causa<\/p>\n<p><a href=\"https:\/\/centcols.org\/backup\/wp-content\/uploads\/2022\/11\/ccc-jean-perdoux.movie1_-1.mp4\">Intervention of Jean Perdoux \u2013 Part 1<\/a><\/p>\n<p><a href=\"https:\/\/centcols.org\/backup\/ccc-jean-perdoux-movie2\/\">Intervention of Jean Perdoux&nbsp; &#8211; Part 2<\/a><\/p>\n<p>He was then followed by Henri DUSSEAU \u2013 President Honoris Causa<\/p>\n<p><a href=\"https:\/\/centcols.org\/backup\/wp-content\/uploads\/2022\/11\/ccc-henri-dusseau.mp4\">Intervention of Henri Dusseau<\/a><\/p>\n<p>The last three presidents each then took up the history of the 50 years of the Club.<\/p>\n<p><a href=\"https:\/\/centcols.org\/backup\/wp-content\/uploads\/2022\/11\/ccc-claude-benistrand.mp4\">Intervention of Claude B\u00e9nistrand<\/a> \u2013 President from 2001 to 2009<\/p>\n<p><a href=\"https:\/\/centcols.org\/backup\/wp-content\/uploads\/2022\/11\/ccc-regis-paraz.movie_.mp4\">Intervention of R\u00e9gis Paraz<\/a> \u2013 President from 2009 to 2017<\/p>\n<p><a href=\"https:\/\/centcols.org\/backup\/wp-content\/uploads\/2022\/11\/intervention-BG-AG-ccc-2022.movie_-1.mp4\">Intervention of Bernard Giraudeau<\/a> \u2013 President from 2017 to 2021.<\/p>\n<p>During the pause, Claude MABILLOT displayed photos of the Regional Rendezvous Auvergne at the Col de la Croix des Gardes on 17 September 2022.<\/p>\n<p>At the resumption, <a href=\"https:\/\/centcols.org\/backup\/wp-content\/uploads\/2022\/11\/Video-daniel-Gobert.mp4\">intervention by video recorded by Daniel Gobert<\/a>,&nbsp;President of BIG (Brevet International du Grimpeur)<\/p>\n<p>Then in turn, spoke&nbsp;:<\/p>\n<p>Eric THOUVENIN, President and founder of Openrunner<\/p>\n<p>Michel ROUGERT (vice-president of Cosfic 2024, organiser of the Semaine F\u00e9d\u00e9rale 2024 of the FFCT)<\/p>\n<p>Catherine BOURGEAIS-ROUET, President of COREG Aura (Auvergne-Rh\u00f4ne-Alpes) and of CODEP74<\/p>\n<p>Martine CANO, President of the FFCT gave her wrapping up of the fiftieth anniversary of the Club.<\/p>\n<p>And, Enrico ALBERINI finally concluded this extraordinary General Assembly by inviting everyone to a wine reception.<\/p>\n<p>&nbsp;<\/p>\n<p>&nbsp;<\/p>\n\n\n\n<h2 class=\"wp-block-heading\"><strong>General Assembly : annexes<\/strong><\/h2>\n\n\n\n<p><a href=\"https:\/\/centcols.org\/backup\/wp-content\/uploads\/2022\/11\/ccc-jean-perdoux-bon-wagon.movie_.mp4\">The Lac d&#8217;Annecy,\u00a0 the cycle path <\/a>explained by Jean PERDOUX during the stop at Bon Wagon during Sunday morning&#8217;s tour of the lake.<\/p>\n<p><a href=\"https:\/\/centcols.org\/backup\/en\/les-tables-au-diner-apres-lassemblee-generale-5-novembre-2022\/\"><u>The dinner<\/u> tables at the General Assembly\u00a0<\/a><\/p>\n<p><a href=\"https:\/\/centcols.org\/backup\/en\/assemblee-generale-5-novembre-2022-lalbum-photo-de-bernard-corbet-2\/\">General Assembly 5 November 2022 : photos by Bernard Corbet<\/a><\/p>\n<p><a href=\"https:\/\/centcols.org\/backup\/en\/assemblee-generale-5-novembre-2022-lalbum-photo-de-pierre-mai\/\">General Assembly 5 November 2022 : photos by Pierre Mai<\/a><\/p>\n<p><a href=\"https:\/\/love-velo.fr\/ag-du-cinquantenaire-du-club-des-cent-cols-2022\/\">The AG on Guy Garcin&#8217;s blog<\/a><\/p>\n\n\n\n<h2 class=\"wp-block-heading\"><strong>General Assembly 2022<\/strong><\/h2>\n\n\n\n<p>The General Assembly 2022 took place at Annecy (rooms of the Imp\u00e9rial Palace) on Saturday 5 November 2022 at 14 h<\/p>\n\n\n\n<p>The s\u00e9jour of which it formed part is described on the <a href=\"https:\/\/centcols.org\/backup\/categorie\/sejours\/\"><strong>S\u00e9jours<\/strong><\/a>&nbsp; page of the site<\/p>\n\n\n\n<p>Imp\u00e9rial Palace- Annecy<br>All. de l&#8217;Imp\u00e9rial,<br>74000 Annecy, Francia<br>T\u00e9l : <a href=\"https:\/\/www.google.com\/search?q=imperial+annecy&amp;oq=imperial+annecy&amp;aqs=chrome.0.0i355i512j46i175i199i512j0i22i30l8.7194j0j4&amp;sourceid=chrome&amp;ie=UTF-8\">+33 (0) 4 50 09 30 00<\/a><br>https:\/\/www.hotel-imperial-palace.com\/<\/p>\n\n\n\n\n\n\t\t\t\t<div id=\"map_ol3js_1\" class=\"map undefined\" data-map_name=\"undefined\" data-map=\"map_ol3js_1\" style=\"width:95%; max-width:100%; height:450px; display:block; overflow:hidden;border:thin solid blue;\" >\n\t\t\t\t  <div id=\"map_ol3js_1_popup\" class=\"ol-popup\" >\n\t\t\t\t\t<a href=\"#\" id=\"map_ol3js_1_popup-closer\" class=\"ol-popup-closer\"><\/a>\n\t\t\t\t\t<div id=\"map_ol3js_1_popup-content\" ><\/div>\n\t\t\t\t  <\/div>\n\t\t\t\t<\/div>\n\t\t\t\n\t\t\t\t<link rel=\"stylesheet\" href=\"https:\/\/centcols.org\/backup\/wp-content\/plugins\/osm\/js\/OL\/7.1.0\/ol.css?ver=7.1.0\" type=\"text\/css\">\n\t\t\t\t<link rel=\"stylesheet\" href=\"https:\/\/centcols.org\/backup\/wp-content\/plugins\/osm\/css\/osm_map_v3.css?ver=1.0.0\" type=\"text\/css\">\n\t\t\t\t<link rel=\"stylesheet\" href=\"https:\/\/centcols.org\/backup\/wp-content\/plugins\/osm\/css\/osm_map.css?ver=1.0.0\" type=\"text\/css\">\n\t\t\t\t<!-- The line below is only needed for old environments like Internet Explorer and Android 4.x -->\n                                <script src=\"https:\/\/centcols.org\/backup\/wp-content\/plugins\/osm\/js\/polyfill\/v2\/polyfill.min.js?features=requestAnimationFrame,Element.prototype.classList,URL\"><\/script>\n\n\t\t\t\t<script src=\"https:\/\/centcols.org\/backup\/wp-content\/plugins\/osm\/js\/OL\/7.1.0\/ol.js?ver=7.1.0\" type=\"text\/javascript\"><\/script>\n\t\t\t\t<script src=\"https:\/\/centcols.org\/backup\/wp-content\/plugins\/osm\/js\/osm-v3-plugin-lib.js?ver=1.0.0\" type=\"text\/javascript\"><\/script>\n\t\t\t\t<script src=\"https:\/\/centcols.org\/backup\/wp-content\/plugins\/osm\/js\/osm-metabox-events.js?ver=1.0.0\" type=\"text\/javascript\"><\/script>\n\t\t\t\t<script src=\"https:\/\/centcols.org\/backup\/wp-content\/plugins\/osm\/js\/osm-startup-lib.js\" type=\"text\/javascript\"><\/script>\n\t\t\t\t<script type=\"text\/javascript\">\n\t\t\t\t\ttranslations['openlayer'] = \"open layer\";\n\t\t\t\t\ttranslations['openlayerAtStartup'] = \"open layer at startup\";\n\t\t\t\t\ttranslations['generateLink'] = \"link to this map with opened layers\";\n\t\t\t\t\ttranslations['shortDescription'] = \"short description\";\n\t\t\t\t\ttranslations['generatedShortCode'] = \"to get a text control link paste this code in your wordpress editor\";\n\t\t\t\t\ttranslations['closeLayer'] = \"close layer\";\n\t\t\t\t\ttranslations['cantGenerateLink'] = \"put this string in the existing map short code to control this map\";\n\t\t\t  <\/script>\n\n\n\t\t\t  <script type=\"text\/javascript\">\n\t\t\t  vectorM['map_ol3js_1'] = [];\n\t        \n        var raster = getTileLayer(\"osm\",\"NoKey\");\t\t\t\n\n\t\t\t  var map_ol3js_1 = new ol.Map({\n\t\t\t\tinteractions: ol.interaction.defaults.defaults({mouseWheelZoom:false}),\n\t\t\t\tlayers: [raster],\n\t\t\t\ttarget: \"map_ol3js_1\",\n\t\t\t\tview: new ol.View({\n\t\t\t\t  center: ol.proj.transform([6.1434,45.9047], \"EPSG:4326\", \"EPSG:3857\"),\n\t\t\t\t  zoom: 16.9\n\t\t\t\t})\n\t\t\t  });\n\t\t\t  addControls2Map(map_ol3js_1,1,1,3,1,5,6,7,1,1);\nosm_addPopupClickhandler(map_ol3js_1,  \"map_ol3js_1\"); \nosm_addMouseHover(map_ol3js_1); <\/script>\n\n\n\n<p><br><\/p>\n","protected":false},"excerpt":{"rendered":"<p>Annecy, Imperial Palace, 5 November 2022 The President, Enrico ALBERINI, opened the General Assembly at 14 h. He thanked for their presence Martine CANO, President of the FFCT, Catherine BOURGEAIS-ROUET, President of COREG Aura (Auvergne-Rh\u00f4ne-Alpes) and of CODEP74, and Antoine ARMAND, member for the Annecy district. After his Morale Report (see the ICC of October [&hellip;]<\/p>\n","protected":false},"author":69,"featured_media":0,"comment_status":"closed","ping_status":"closed","sticky":false,"template":"","format":"standard","meta":{"_acf_changed":false,"ub_ctt_via":"","_monsterinsights_skip_tracking":false,"_monsterinsights_sitenote_active":false,"_monsterinsights_sitenote_note":"","_monsterinsights_sitenote_category":0,"footnotes":""},"categories":[340,139],"tags":[],"acf":[],"featured_image_urls":{"full":"","thumbnail":"","medium":"","medium_large":"","large":"","1536x1536":"","2048x2048":"","woocommerce_thumbnail":"","woocommerce_single":"","woocommerce_gallery_thumbnail":""},"post_excerpt_stackable":"<p>Report Annecy, Imperial Palace, 5 November 2022 The President, Enrico ALBERINI, opened the General Assembly at 14 h. He thanked for their presence Martine CANO, President of the FFCT, Catherine BOURGEAIS-ROUET, President of COREG Aura (Auvergne-Rh\u00f4ne-Alpes) and of CODEP74, and Antoine ARMAND, member for the Annecy district. After his Morale Report (see the ICC of October 2022), he gave the floor to Herv\u00e9 RETIERE, the club Secretary, for the Club&#8217;s Activities Report.&nbsp; A report which will serve as the basis for a more complete presentation that could be used notably outside the Club. It can be read here : Presentation&hellip;<\/p>\n","category_list":"<a href=\"https:\/\/centcols.org\/backup\/en\/categorie\/generalassembies-en\/\" rel=\"category tag\">General Assemblies<\/a>, <a href=\"https:\/\/centcols.org\/backup\/en\/categorie\/uncategorized\/\" rel=\"category tag\">Uncategorized<\/a>","author_info":{"display_name":"Enrico Alberini","author_link":"https:\/\/centcols.org\/backup\/en\/author\/5065\/"},"comments_num":"0 comments","featured_image_urls_v2":{"full":"","thumbnail":"","medium":"","medium_large":"","large":"","1536x1536":"","2048x2048":"","woocommerce_thumbnail":"","woocommerce_single":"","woocommerce_gallery_thumbnail":""},"post_excerpt_stackable_v2":"<p>Report Annecy, Imperial Palace, 5 November 2022 The President, Enrico ALBERINI, opened the General Assembly at 14 h. He thanked for their presence Martine CANO, President of the FFCT, Catherine BOURGEAIS-ROUET, President of COREG Aura (Auvergne-Rh\u00f4ne-Alpes) and of CODEP74, and Antoine ARMAND, member for the Annecy district. After his Morale Report (see the ICC of October 2022), he gave the floor to Herv\u00e9 RETIERE, the club Secretary, for the Club&#8217;s Activities Report.&nbsp; A report which will serve as the basis for a more complete presentation that could be used notably outside the Club. It can be read here : Presentation&hellip;<\/p>\n","category_list_v2":"<a href=\"https:\/\/centcols.org\/backup\/en\/categorie\/generalassembies-en\/\" rel=\"category tag\">General Assemblies<\/a>, <a href=\"https:\/\/centcols.org\/backup\/en\/categorie\/uncategorized\/\" rel=\"category tag\">Uncategorized<\/a>","author_info_v2":{"name":"Enrico Alberini","url":"https:\/\/centcols.org\/backup\/en\/author\/5065\/"},"comments_num_v2":"0 comments","featured_image_src":null,"_links":{"self":[{"href":"https:\/\/centcols.org\/backup\/en\/wp-json\/wp\/v2\/posts\/68007"}],"collection":[{"href":"https:\/\/centcols.org\/backup\/en\/wp-json\/wp\/v2\/posts"}],"about":[{"href":"https:\/\/centcols.org\/backup\/en\/wp-json\/wp\/v2\/types\/post"}],"author":[{"embeddable":true,"href":"https:\/\/centcols.org\/backup\/en\/wp-json\/wp\/v2\/users\/69"}],"replies":[{"embeddable":true,"href":"https:\/\/centcols.org\/backup\/en\/wp-json\/wp\/v2\/comments?post=68007"}],"version-history":[{"count":0,"href":"https:\/\/centcols.org\/backup\/en\/wp-json\/wp\/v2\/posts\/68007\/revisions"}],"wp:attachment":[{"href":"https:\/\/centcols.org\/backup\/en\/wp-json\/wp\/v2\/media?parent=68007"}],"wp:term":[{"taxonomy":"category","embeddable":true,"href":"https:\/\/centcols.org\/backup\/en\/wp-json\/wp\/v2\/categories?post=68007"},{"taxonomy":"post_tag","embeddable":true,"href":"https:\/\/centcols.org\/backup\/en\/wp-json\/wp\/v2\/tags?post=68007"}],"curies":[{"name":"wp","href":"https:\/\/api.w.org\/{rel}","templated":true}]}}