{"id":69308,"date":"2022-12-29T16:55:14","date_gmt":"2022-12-29T15:55:14","guid":{"rendered":"https:\/\/centcols.org\/backup\/?p=69308"},"modified":"2024-03-28T17:06:05","modified_gmt":"2024-03-28T16:06:05","slug":"sejour-ete-2023-praz-sur-arly","status":"publish","type":"post","link":"https:\/\/centcols.org\/backup\/en\/sejour-ete-2023-praz-sur-arly\/","title":{"rendered":"Praz-sur-Arly Summer Stay from August 26th to September 2nd, 2023"},"content":{"rendered":"<p>Contributors to this presentation\u00a0: Enrico Alberini, Jean Luc Matte, Christophe Badonnel and the members in charge of the digital field and support.<\/p>\n<p>The 2023 summer stay will take place from August 26th to September 2nd in the department of Haute Savoie in the heart of Mont Blanc area. A local team, Didier R\u00e9mond and S\u00e9bastien Vadot, prepared this stay.<\/p>\n<p><a href=\"https:\/\/photos.app.goo.gl\/DjrFVz4AiSMx2FpT9\">photo album by Didier R\u00e9mond<\/a><\/p>\n<div id=\"attachment_69449\" style=\"width: 310px\" class=\"wp-caption aligncenter\"><img loading=\"lazy\" decoding=\"async\" aria-describedby=\"caption-attachment-69449\" class=\"size-thumbnail wp-image-69449\" src=\"https:\/\/centcols.org\/backup\/wp-content\/uploads\/2022\/12\/vue-sur-le-Mont-Blanc-300x300.jpg\" alt=\"\" width=\"300\" height=\"300\" srcset=\"https:\/\/centcols.org\/backup\/wp-content\/uploads\/2022\/12\/vue-sur-le-Mont-Blanc-300x300.jpg 300w, https:\/\/centcols.org\/backup\/wp-content\/uploads\/2022\/12\/vue-sur-le-Mont-Blanc-100x100.jpg 100w\" sizes=\"(max-width: 300px) 100vw, 300px\" \/><p id=\"caption-attachment-69449\" class=\"wp-caption-text\">vue sur le Mont Blanc<\/p><\/div>\n<p>We\u2019ll be accommodated in the Belambra holiday club called &#8220;l\u2019Alisier&#8221;.<\/p>\n<p><div class=\"leaflet-map WPLeafletMap\" style=\"height:600px; width:100%;\"><\/div><script>\nwindow.WPLeafletMapPlugin = window.WPLeafletMapPlugin || [];\nwindow.WPLeafletMapPlugin.push(function WPLeafletMapShortcode() {\/*<script>*\/\nvar baseUrl = atob('aHR0cHM6Ly97c30udGlsZS5vcGVuc3RyZWV0bWFwLm9yZy97en0ve3h9L3t5fS5wbmc=');\nvar base = (!baseUrl && window.MQ) ?\n    window.MQ.mapLayer() : L.tileLayer(baseUrl,\n        L.Util.extend({}, {\n            detectRetina: 0,\n        },\n        {\"subdomains\":\"abc\",\"noWrap\":false,\"maxZoom\":18}        )\n    );\n    var options = L.Util.extend({}, {\n        layers: [base],\n        attributionControl: false\n    },\n    {\"zoomControl\":true,\"scrollWheelZoom\":true,\"doubleClickZoom\":false,\"fitBounds\":false,\"minZoom\":0,\"maxZoom\":18,\"maxBounds\":null,\"attribution\":\"<a href=\\\"http:\\\/\\\/leafletjs.com\\\">Leaflet<\\\/a>; \\u00a9 <a href=\\\"http:\\\/\\\/www.openstreetmap.org\\\/copyright\\\">OpenStreetMap<\\\/a> contributors\"},\n    {});\nwindow.WPLeafletMapPlugin.createMap(options).setView([45.836,6.566],14);});<\/script><br \/>\n<script>\nwindow.WPLeafletMapPlugin = window.WPLeafletMapPlugin || [];\nwindow.WPLeafletMapPlugin.push(function WPLeafletMarkerShortcode() {\/*<script>*\/\nvar map = window.WPLeafletMapPlugin.getCurrentMap();\nvar group = window.WPLeafletMapPlugin.getCurrentGroup();\nvar marker_options = window.WPLeafletMapPlugin.getIconOptions({\"iconUrl\":\"\\\/res\\\/lib\\\/leaflet\\\/images\\\/hotel.png\",\"iconSize\":\"24,72\",\"popupAnchor\":\"0,-32\"});\nvar marker = L.marker(\n    [45.836,6.566],\n    marker_options\n);\nvar is_image = map.is_image_map;\nif (marker_options.draggable) {\n    marker.on('dragend', function () {\n        var latlng = this.getLatLng();\n        var lat = latlng.lat;\n        var lng = latlng.lng;\n        if (is_image) {\n            console.log('leaflet-marker y=' + lat + ' x=' + lng);\n        } else {\n            console.log('leaflet-marker lat=' + lat + ' lng=' + lng);\n        }\n    });\n}\nmarker.addTo( group );\nmarker.bindPopup(window.WPLeafletMapPlugin.unescape('Club Belambra L&amp;#8217;Alisier'));window.WPLeafletMapPlugin.markers.push( marker );\n        });<\/script><\/p>\n<p>You\u2019ll find below information on the following subjects\u00a0:<\/p>\n<p>&#8211; presentation of the region<br \/>\n&#8211; Road and VTT rides<br \/>\n&#8211; accommodation<br \/>\n&#8211; Word from the board of administration<br \/>\n&#8211; inscriptions<br \/>\n&#8211; Other activities or visits<\/p>\n<p><span style=\"color: #000000;\"> \u00a0<\/span><\/p>\n<p><strong><u>Cyclist :<br \/>\n<\/u><\/strong><\/p>\n","protected":false},"excerpt":{"rendered":"<p>Contributors to this presentation\u00a0: Enrico Alberini, Jean Luc Matte, Christophe Badonnel and the members in charge of the digital field and support. The 2023 summer stay will take place from August 26th to September 2nd in the department of Haute Savoie in the heart of Mont Blanc area. A local team, Didier R\u00e9mond and S\u00e9bastien [&hellip;]<\/p>\n","protected":false},"author":69,"featured_media":0,"comment_status":"closed","ping_status":"closed","sticky":false,"template":"","format":"standard","meta":{"_acf_changed":false,"ub_ctt_via":"","_monsterinsights_skip_tracking":false,"_monsterinsights_sitenote_active":false,"_monsterinsights_sitenote_note":"","_monsterinsights_sitenote_category":0,"footnotes":""},"categories":[272],"tags":[],"acf":[],"featured_image_urls":{"full":"","thumbnail":"","medium":"","medium_large":"","large":"","1536x1536":"","2048x2048":"","woocommerce_thumbnail":"","woocommerce_single":"","woocommerce_gallery_thumbnail":""},"post_excerpt_stackable":"<p>Contributors to this presentation\u00a0: Enrico Alberini, Jean Luc Matte, Christophe Badonnel and the members in charge of the digital field and support. The 2023 summer stay will take place from August 26th to September 2nd in the department of Haute Savoie in the heart of Mont Blanc area. A local team, Didier R\u00e9mond and S\u00e9bastien Vadot, prepared this stay. photo album by Didier R\u00e9mond vue sur le Mont Blanc We\u2019ll be accommodated in the Belambra holiday club called &#8220;l\u2019Alisier&#8221;. You\u2019ll find below information on the following subjects\u00a0: &#8211; presentation of the region &#8211; Road and VTT rides &#8211; accommodation &#8211;&hellip;<\/p>\n","category_list":"<a href=\"https:\/\/centcols.org\/backup\/en\/categorie\/sejours-en\/\" rel=\"category tag\">Sejours<\/a>","author_info":{"display_name":"Enrico Alberini","author_link":"https:\/\/centcols.org\/backup\/en\/author\/5065\/"},"comments_num":"0 comments","featured_image_urls_v2":{"full":"","thumbnail":"","medium":"","medium_large":"","large":"","1536x1536":"","2048x2048":"","woocommerce_thumbnail":"","woocommerce_single":"","woocommerce_gallery_thumbnail":""},"post_excerpt_stackable_v2":"<p>Contributors to this presentation\u00a0: Enrico Alberini, Jean Luc Matte, Christophe Badonnel and the members in charge of the digital field and support. The 2023 summer stay will take place from August 26th to September 2nd in the department of Haute Savoie in the heart of Mont Blanc area. A local team, Didier R\u00e9mond and S\u00e9bastien Vadot, prepared this stay. photo album by Didier R\u00e9mond vue sur le Mont Blanc We\u2019ll be accommodated in the Belambra holiday club called &#8220;l\u2019Alisier&#8221;. You\u2019ll find below information on the following subjects\u00a0: &#8211; presentation of the region &#8211; Road and VTT rides &#8211; accommodation &#8211;&hellip;<\/p>\n","category_list_v2":"<a href=\"https:\/\/centcols.org\/backup\/en\/categorie\/sejours-en\/\" rel=\"category tag\">Sejours<\/a>","author_info_v2":{"name":"Enrico Alberini","url":"https:\/\/centcols.org\/backup\/en\/author\/5065\/"},"comments_num_v2":"0 comments","featured_image_src":null,"_links":{"self":[{"href":"https:\/\/centcols.org\/backup\/en\/wp-json\/wp\/v2\/posts\/69308"}],"collection":[{"href":"https:\/\/centcols.org\/backup\/en\/wp-json\/wp\/v2\/posts"}],"about":[{"href":"https:\/\/centcols.org\/backup\/en\/wp-json\/wp\/v2\/types\/post"}],"author":[{"embeddable":true,"href":"https:\/\/centcols.org\/backup\/en\/wp-json\/wp\/v2\/users\/69"}],"replies":[{"embeddable":true,"href":"https:\/\/centcols.org\/backup\/en\/wp-json\/wp\/v2\/comments?post=69308"}],"version-history":[{"count":0,"href":"https:\/\/centcols.org\/backup\/en\/wp-json\/wp\/v2\/posts\/69308\/revisions"}],"wp:attachment":[{"href":"https:\/\/centcols.org\/backup\/en\/wp-json\/wp\/v2\/media?parent=69308"}],"wp:term":[{"taxonomy":"category","embeddable":true,"href":"https:\/\/centcols.org\/backup\/en\/wp-json\/wp\/v2\/categories?post=69308"},{"taxonomy":"post_tag","embeddable":true,"href":"https:\/\/centcols.org\/backup\/en\/wp-json\/wp\/v2\/tags?post=69308"}],"curies":[{"name":"wp","href":"https:\/\/api.w.org\/{rel}","templated":true}]}}