{"id":69509,"date":"2021-03-10T08:19:22","date_gmt":"2021-03-10T07:19:22","guid":{"rendered":"https:\/\/centcols.org\/backup\/jean-brivet\/"},"modified":"2021-03-10T08:19:22","modified_gmt":"2021-03-10T07:19:22","slug":"jean-brivet","status":"publish","type":"post","link":"https:\/\/centcols.org\/backup\/en\/jean-brivet\/","title":{"rendered":"Jean Brivet CC N\u00b0 5521"},"content":{"rendered":"<p>Jean Brivet nous a quitt\u00e9s le 24 f\u00e9vrier 2021<br \/>Son fils Pierre, CC N\u00b0 601 nous a communiqu\u00e9 les documents suivants :<\/p>\r\n<div id='gallery-1' class='gallery galleryid-69509 gallery-columns-2 gallery-size-full'><dl class='gallery-item'>\n\t\t\t<dt class='gallery-icon portrait'>\n\t\t\t\t<a href='https:\/\/centcols.org\/backup\/en\/jean-brivet\/2021-02-24_brivet-jean_presse-adc-2\/'><img loading=\"lazy\" decoding=\"async\" width=\"375\" height=\"827\" src=\"https:\/\/centcols.org\/backup\/wp-content\/uploads\/2021\/03\/2021-02-24_Brivet-Jean_Presse-ADC.jpg\" class=\"attachment-full size-full\" alt=\"\" srcset=\"https:\/\/centcols.org\/backup\/wp-content\/uploads\/2021\/03\/2021-02-24_Brivet-Jean_Presse-ADC.jpg 375w, https:\/\/centcols.org\/backup\/wp-content\/uploads\/2021\/03\/2021-02-24_Brivet-Jean_Presse-ADC-227x500.jpg 227w\" sizes=\"(max-width: 375px) 100vw, 375px\" \/><\/a>\n\t\t\t<\/dt><\/dl><dl class='gallery-item'>\n\t\t\t<dt class='gallery-icon landscape'>\n\t\t\t\t<a href='https:\/\/centcols.org\/backup\/en\/jean-brivet\/2021-02-24_brivet-jean_presse-al-2\/'><img loading=\"lazy\" decoding=\"async\" width=\"1017\" height=\"562\" src=\"https:\/\/centcols.org\/backup\/wp-content\/uploads\/2021\/03\/2021-02-24_Brivet-Jean_Presse-AL.jpg\" class=\"attachment-full size-full\" alt=\"\" srcset=\"https:\/\/centcols.org\/backup\/wp-content\/uploads\/2021\/03\/2021-02-24_Brivet-Jean_Presse-AL.jpg 1017w, https:\/\/centcols.org\/backup\/wp-content\/uploads\/2021\/03\/2021-02-24_Brivet-Jean_Presse-AL-500x276.jpg 500w, https:\/\/centcols.org\/backup\/wp-content\/uploads\/2021\/03\/2021-02-24_Brivet-Jean_Presse-AL-768x424.jpg 768w, https:\/\/centcols.org\/backup\/wp-content\/uploads\/2021\/03\/2021-02-24_Brivet-Jean_Presse-AL-600x332.jpg 600w\" sizes=\"(max-width: 1017px) 100vw, 1017px\" \/><\/a>\n\t\t\t<\/dt><\/dl><br style=\"clear: both\" \/>\n\t\t<\/div>\n\r\n<p><a href=\"https:\/\/centcols.org\/backup\/wp-content\/uploads\/2021\/03\/brivet-jean-ceremonie.pdf\">PDf de la c\u00e9r\u00e9monie<\/a><\/p>\r\n\r\n<p>&nbsp;<\/p>\r\n","protected":false},"excerpt":{"rendered":"<p>Jean Brivet nous a quitt\u00e9s le 24 f\u00e9vrier 2021Son fils Pierre, CC N\u00b0 601 nous a communiqu\u00e9 les documents suivants : PDf de la c\u00e9r\u00e9monie &nbsp;<\/p>\n","protected":false},"author":147,"featured_media":0,"comment_status":"closed","ping_status":"closed","sticky":false,"template":"","format":"standard","meta":{"_acf_changed":false,"ub_ctt_via":"","_monsterinsights_skip_tracking":false,"_monsterinsights_sitenote_active":false,"_monsterinsights_sitenote_note":"","_monsterinsights_sitenote_category":0,"footnotes":""},"categories":[587],"tags":[],"acf":[],"featured_image_urls":{"full":"","thumbnail":"","medium":"","medium_large":"","large":"","1536x1536":"","2048x2048":"","woocommerce_thumbnail":"","woocommerce_single":"","woocommerce_gallery_thumbnail":""},"post_excerpt_stackable":"<p>Jean Brivet nous a quitt\u00e9s le 24 f\u00e9vrier 2021Son fils Pierre, CC N\u00b0 601 nous a communiqu\u00e9 les documents suivants : PDf de la c\u00e9r\u00e9monie &nbsp;<\/p>\n","category_list":"<a href=\"https:\/\/centcols.org\/backup\/en\/categorie\/2021-en\/\" rel=\"category tag\">2021<\/a>","author_info":{"display_name":"Guy Harl\u00e9","author_link":"https:\/\/centcols.org\/backup\/en\/author\/5193\/"},"comments_num":"0 comments","featured_image_urls_v2":{"full":"","thumbnail":"","medium":"","medium_large":"","large":"","1536x1536":"","2048x2048":"","woocommerce_thumbnail":"","woocommerce_single":"","woocommerce_gallery_thumbnail":""},"post_excerpt_stackable_v2":"<p>Jean Brivet nous a quitt\u00e9s le 24 f\u00e9vrier 2021Son fils Pierre, CC N\u00b0 601 nous a communiqu\u00e9 les documents suivants : PDf de la c\u00e9r\u00e9monie &nbsp;<\/p>\n","category_list_v2":"<a href=\"https:\/\/centcols.org\/backup\/en\/categorie\/2021-en\/\" rel=\"category tag\">2021<\/a>","author_info_v2":{"name":"Guy Harl\u00e9","url":"https:\/\/centcols.org\/backup\/en\/author\/5193\/"},"comments_num_v2":"0 comments","featured_image_src":null,"_links":{"self":[{"href":"https:\/\/centcols.org\/backup\/en\/wp-json\/wp\/v2\/posts\/69509"}],"collection":[{"href":"https:\/\/centcols.org\/backup\/en\/wp-json\/wp\/v2\/posts"}],"about":[{"href":"https:\/\/centcols.org\/backup\/en\/wp-json\/wp\/v2\/types\/post"}],"author":[{"embeddable":true,"href":"https:\/\/centcols.org\/backup\/en\/wp-json\/wp\/v2\/users\/147"}],"replies":[{"embeddable":true,"href":"https:\/\/centcols.org\/backup\/en\/wp-json\/wp\/v2\/comments?post=69509"}],"version-history":[{"count":0,"href":"https:\/\/centcols.org\/backup\/en\/wp-json\/wp\/v2\/posts\/69509\/revisions"}],"wp:attachment":[{"href":"https:\/\/centcols.org\/backup\/en\/wp-json\/wp\/v2\/media?parent=69509"}],"wp:term":[{"taxonomy":"category","embeddable":true,"href":"https:\/\/centcols.org\/backup\/en\/wp-json\/wp\/v2\/categories?post=69509"},{"taxonomy":"post_tag","embeddable":true,"href":"https:\/\/centcols.org\/backup\/en\/wp-json\/wp\/v2\/tags?post=69509"}],"curies":[{"name":"wp","href":"https:\/\/api.w.org\/{rel}","templated":true}]}}