{"id":73224,"date":"2023-05-11T11:46:01","date_gmt":"2023-05-11T09:46:01","guid":{"rendered":"https:\/\/centcols.org\/backup\/fr-54-rencontre-regionale-2022\/"},"modified":"2023-11-22T16:00:52","modified_gmt":"2023-11-22T15:00:52","slug":"fr-54-rencontre-regionale-2022-2","status":"publish","type":"post","link":"https:\/\/centcols.org\/backup\/en\/fr-54-rencontre-regionale-2022-2\/","title":{"rendered":"FR-54 Grand Est Regional meeting 2022 &#8211; Road 44 Km, D+486m, 3 cols"},"content":{"rendered":"<div class=\"wp-block-image\">\n<figure class=\"aligncenter size-large is-resized\"><img loading=\"lazy\" decoding=\"async\" width=\"907\" height=\"540\" src=\"https:\/\/centcols.org\/backup\/wp-content\/uploads\/2023\/05\/Capture-decran-2023-05-11-113139.jpg\" alt=\"\" class=\"wp-image-72818\" style=\"width:1120px;height:667px\" srcset=\"https:\/\/centcols.org\/backup\/wp-content\/uploads\/2023\/05\/Capture-decran-2023-05-11-113139.jpg 907w, https:\/\/centcols.org\/backup\/wp-content\/uploads\/2023\/05\/Capture-decran-2023-05-11-113139-500x298.jpg 500w, https:\/\/centcols.org\/backup\/wp-content\/uploads\/2023\/05\/Capture-decran-2023-05-11-113139-768x457.jpg 768w, https:\/\/centcols.org\/backup\/wp-content\/uploads\/2023\/05\/Capture-decran-2023-05-11-113139-600x357.jpg 600w\" sizes=\"(max-width: 907px) 100vw, 907px\" \/><\/figure><\/div>\n\n\n<figure class=\"wp-block-image size-large\"><img loading=\"lazy\" decoding=\"async\" width=\"1200\" height=\"320\" src=\"https:\/\/centcols.org\/backup\/wp-content\/uploads\/2023\/05\/FR-Grand-Est-Rencontre-regionale-2022-1200x320.jpeg\" alt=\"\" class=\"wp-image-72836\" srcset=\"https:\/\/centcols.org\/backup\/wp-content\/uploads\/2023\/05\/FR-Grand-Est-Rencontre-regionale-2022-1200x320.jpeg 1200w, https:\/\/centcols.org\/backup\/wp-content\/uploads\/2023\/05\/FR-Grand-Est-Rencontre-regionale-2022-500x133.jpeg 500w, https:\/\/centcols.org\/backup\/wp-content\/uploads\/2023\/05\/FR-Grand-Est-Rencontre-regionale-2022-768x205.jpeg 768w, https:\/\/centcols.org\/backup\/wp-content\/uploads\/2023\/05\/FR-Grand-Est-Rencontre-regionale-2022-1536x410.jpeg 1536w, https:\/\/centcols.org\/backup\/wp-content\/uploads\/2023\/05\/FR-Grand-Est-Rencontre-regionale-2022-2048x546.jpeg 2048w, https:\/\/centcols.org\/backup\/wp-content\/uploads\/2023\/05\/FR-Grand-Est-Rencontre-regionale-2022-600x160.jpeg 600w\" sizes=\"(max-width: 1200px) 100vw, 1200px\" \/><\/figure>\n\n\n\n<h2 class=\"wp-block-heading\">Author&#8217;s description<\/h2>\n\n\n\n<p><span style=\"font-size: 20px; font-family: arial, helvetica, sans-serif;\"><strong>Authorr<\/strong>: Denis Mathieu<\/span><\/p>\n\n\n\n<p class=\"has-medium-font-size\"><strong>Route<\/strong>: completed on September 3, 2022<\/p>\n\n\n\n<p class=\"has-medium-font-size\"><strong>Start<\/strong>: Parking lot of the Pont-\u00e0-Mousson swimming pool. Alt: 180 m<\/p>\n\n\n\n<p><\/p>\n\n\n\n<p class=\"has-medium-font-size\"><strong>General description<\/strong><\/p>\n\n\n\n<p class=\"has-medium-font-size\">This circuit first follows the Voie Bleue cycle path that runs along the Moselle on the left bank. This way offers a beautiful view on the old Abbey of Pr\u00e9montr\u00e9s located on the opposite bank. Then it returns to Pont-\u00e0-Mousson by the heights of the right bank to cross 2 passes from the archives of the First World War.<\/p>\n\n\n\n<p class=\"has-medium-font-size\"><\/p>\n\n\n\n<div style=\"height:16px\" aria-hidden=\"true\" class=\"wp-block-spacer\"><\/div>\n\n\n\n<p class=\"has-medium-font-size\"><strong>3 <span style=\"font-size: 20px; font-family: arial, helvetica, sans-serif;\">cols <\/span><\/strong><\/p>\n\n\n\n<p class=\"has-medium-font-size\">&#8211; Col du RUDEMONT <a href=\"https:\/\/centcols.org\/backup\/util\/geo\/visu.php?code=FR-54-0250\" target=\"_blank\" rel=\"noreferrer noopener\">FR-54-0250<\/a><br>&#8211; Col d&#8217;Arry&nbsp; <a href=\"https:\/\/centcols.org\/backup\/util\/geo\/visu.php?code=FR-57-0357\" target=\"_blank\" rel=\"noreferrer noopener\">FR-57-0357<\/a><br>&#8211; Col de Lesm\u00e9nils <a href=\"https:\/\/centcols.org\/backup\/util\/geo\/visu.php?code=FR-54-0272\" target=\"_blank\" rel=\"noreferrer noopener\">FR-54-0272<\/a><\/p>\n\n\n\n<div style=\"height:18px\" aria-hidden=\"true\" class=\"wp-block-spacer\"><\/div>\n\n\n\n<p class=\"has-medium-font-size\"><strong><strong>Technical description<\/strong><\/strong><\/p>\n\n\n\n<p class=\"has-medium-font-size\">The road down from the Col de Rudemont is much worsened in September 2022. It can be avoided by turning around at the col and taking a left turn at the bottom of Nov\u00e9ant to get back to the route. The climb to the Col d&#8217;Arry is rough.<\/p>\n\n\n\n<p class=\"has-medium-font-size\"><span style=\"font-size: 20px; font-family: arial, helvetica, sans-serif;\"><strong>Key words<\/strong> : Pont-\u00e0-Mousson, Col d&#8217;Arry, Col de Lesm\u00e9nils, Col de Rudemont, voie verte Moselle<\/span><\/p>\n\n\n\n<p class=\"has-medium-font-size\"><span style=\"font-size: 20px; font-family: arial, helvetica, sans-serif;\"><strong><strong>Openrunner link, interactive map, profile, gpx track<\/strong><\/strong>: <\/span><a href=\"https:\/\/www.openrunner.com\/route-details\/16418773\" target=\"_blank\" rel=\"noreferrer noopener\"><strong>https:\/\/www.openrunner.com\/route-details\/16418773<\/strong><\/a><\/p>\n\n\n\n<p class=\"has-medium-font-size\"><\/p>\n\n\n\n<p class=\"has-medium-font-size\">This itinerary is offered as an indication. The author disclaims his responsibility and that of the Club des Cent Cols by virtue of imponderables due to the cyclist himself, the equipment used and everything concerning the road, tracks and paths, their surroundings and other users of them.<\/p>\n\n\n\n<p class=\"has-medium-font-size\">Here&#8217;s a <a href=\"https:\/\/centcols.org\/backup\/en\/liste-parcours-cent-cols-sur-or-2\/\" target=\"_blank\" rel=\"noreferrer noopener\">exhaustive overview of member courses<\/a> of the Club des Cent Cols<\/p>\n\n\n\n<h2 class=\"kt-adv-heading73224_2a699f-2f wp-block-kadence-advancedheading\" data-kb-block=\"kb-adv-heading73224_2a699f-2f\">Photos<\/h2>\n\n\n\n<p class=\"has-medium-font-size\"><\/p>\n\n\n<div class=\"wp-block-image\">\n<figure class=\"aligncenter size-large is-resized\"><img loading=\"lazy\" decoding=\"async\" width=\"1200\" height=\"900\" src=\"https:\/\/centcols.org\/backup\/wp-content\/uploads\/2023\/05\/Rencontre-1200x900.jpg\" alt=\"\" class=\"wp-image-72854\" style=\"width:927px;height:695px\" srcset=\"https:\/\/centcols.org\/backup\/wp-content\/uploads\/2023\/05\/Rencontre-1200x900.jpg 1200w, https:\/\/centcols.org\/backup\/wp-content\/uploads\/2023\/05\/Rencontre-500x375.jpg 500w, https:\/\/centcols.org\/backup\/wp-content\/uploads\/2023\/05\/Rencontre-768x576.jpg 768w, https:\/\/centcols.org\/backup\/wp-content\/uploads\/2023\/05\/Rencontre-600x450.jpg 600w, https:\/\/centcols.org\/backup\/wp-content\/uploads\/2023\/05\/Rencontre.jpg 1281w\" sizes=\"(max-width: 1200px) 100vw, 1200px\" \/><figcaption class=\"wp-element-caption\"><strong>The Group<\/strong><\/figcaption><\/figure><\/div>\n\n<div class=\"wp-block-image\">\n<figure class=\"aligncenter size-large is-resized\"><img loading=\"lazy\" decoding=\"async\" width=\"512\" height=\"367\" src=\"https:\/\/centcols.org\/backup\/wp-content\/uploads\/2023\/05\/Les-rives-de-la-Moselle.jpg\" alt=\"\" class=\"wp-image-72848\" style=\"width:923px;height:662px\" srcset=\"https:\/\/centcols.org\/backup\/wp-content\/uploads\/2023\/05\/Les-rives-de-la-Moselle.jpg 512w, https:\/\/centcols.org\/backup\/wp-content\/uploads\/2023\/05\/Les-rives-de-la-Moselle-500x358.jpg 500w\" sizes=\"(max-width: 512px) 100vw, 512px\" \/><figcaption class=\"wp-element-caption\"><strong>The Voie Bleue cycle path along the Moselle River<\/strong><\/figcaption><\/figure><\/div>\n\n<div class=\"wp-block-image\">\n<figure class=\"aligncenter size-large is-resized\"><img loading=\"lazy\" decoding=\"async\" width=\"1023\" height=\"589\" src=\"https:\/\/centcols.org\/backup\/wp-content\/uploads\/2023\/05\/Les-Premontres.png\" alt=\"\" class=\"wp-image-72842\" style=\"width:926px;height:533px\" srcset=\"https:\/\/centcols.org\/backup\/wp-content\/uploads\/2023\/05\/Les-Premontres.png 1023w, https:\/\/centcols.org\/backup\/wp-content\/uploads\/2023\/05\/Les-Premontres-500x288.png 500w, https:\/\/centcols.org\/backup\/wp-content\/uploads\/2023\/05\/Les-Premontres-768x442.png 768w, https:\/\/centcols.org\/backup\/wp-content\/uploads\/2023\/05\/Les-Premontres-600x345.png 600w\" sizes=\"(max-width: 1023px) 100vw, 1023px\" \/><figcaption class=\"wp-element-caption\"><strong>The Premonstratensian Abbey<\/strong><\/figcaption><\/figure><\/div>\n\n<div class=\"wp-block-image\">\n<figure class=\"aligncenter size-large is-resized\"><img loading=\"lazy\" decoding=\"async\" width=\"500\" height=\"359\" src=\"https:\/\/centcols.org\/backup\/wp-content\/uploads\/2023\/05\/Col-de.jpg\" alt=\"\" class=\"wp-image-72824\" style=\"width:919px;height:660px\"\/><figcaption class=\"wp-element-caption\"><strong>The climb to the col d&#8217;Arry<\/strong>.<\/figcaption><\/figure><\/div>\n\n<div class=\"wp-block-image\">\n<figure class=\"aligncenter size-large is-resized\"><img loading=\"lazy\" decoding=\"async\" width=\"603\" height=\"452\" src=\"https:\/\/centcols.org\/backup\/wp-content\/uploads\/2023\/05\/Diplome.jpg\" alt=\"\" class=\"wp-image-72830\" style=\"width:920px;height:690px\" srcset=\"https:\/\/centcols.org\/backup\/wp-content\/uploads\/2023\/05\/Diplome.jpg 603w, https:\/\/centcols.org\/backup\/wp-content\/uploads\/2023\/05\/Diplome-500x375.jpg 500w, https:\/\/centcols.org\/backup\/wp-content\/uploads\/2023\/05\/Diplome-600x450.jpg 600w\" sizes=\"(max-width: 603px) 100vw, 603px\" \/><figcaption class=\"wp-element-caption\"><strong>A diploma is presented<\/strong><\/figcaption><\/figure><\/div>\n\n<div class=\"wp-block-image\">\n<figure class=\"aligncenter\" id=\"block-3f202310-516b-47cd-a08a-63f4d9df1ebe\"><img decoding=\"async\" src=\"https:\/\/centcols.org\/backup\/util\/geo\/visu\/FR\/img\/1365\/0706.jpg\" alt=\"L\u2019attribut alt de cette image est vide, son nom de fichier est 0706.jpg.\"\/><figcaption class=\"wp-element-caption\"><strong>Col du Rudemont<\/strong><\/figcaption><\/figure><\/div>\n\n<div class=\"wp-block-image\">\n<figure class=\"aligncenter\" id=\"block-ed36aa9a-ea1c-4a79-8b3f-334b5662610e\"><img decoding=\"async\" src=\"https:\/\/centcols.org\/backup\/util\/geo\/visu\/FR\/img\/2015\/5709.jpg\" alt=\"L\u2019attribut alt de cette image est vide, son nom de fichier est 5709.jpg.\"\/><figcaption class=\"wp-element-caption\"><strong>Col d&#8217;Arry<\/strong><\/figcaption><\/figure><\/div>\n\n<div class=\"wp-block-image\">\n<figure class=\"aligncenter\" id=\"block-d4c38ad1-f4ab-4a29-877e-39a3f51d4b02\"><img decoding=\"async\" src=\"https:\/\/centcols.org\/backup\/util\/geo\/visu\/FR\/img\/2015\/5600.jpg\" alt=\"L\u2019attribut alt de cette image est vide, son nom de fichier est 5600.jpg.\"\/><figcaption class=\"wp-element-caption\"><strong>Col de Lesm\u00e9nils<\/strong><\/figcaption><\/figure><\/div>","protected":false},"excerpt":{"rendered":"<p>Author&#8217;s description Authorr: Denis Mathieu Route: completed on September 3, 2022 Start: Parking lot of the Pont-\u00e0-Mousson swimming pool. Alt: 180 m General description This circuit first follows the Voie Bleue cycle path that runs along the Moselle on the left bank. This way offers a beautiful view on the old Abbey of Pr\u00e9montr\u00e9s located [&hellip;]<\/p>\n","protected":false},"author":69,"featured_media":0,"comment_status":"closed","ping_status":"closed","sticky":false,"template":"","format":"standard","meta":{"_acf_changed":false,"ub_ctt_via":"","_monsterinsights_skip_tracking":false,"_monsterinsights_sitenote_active":false,"_monsterinsights_sitenote_note":"","_monsterinsights_sitenote_category":0,"footnotes":""},"categories":[613],"tags":[],"acf":[],"featured_image_urls":{"full":"","thumbnail":"","medium":"","medium_large":"","large":"","1536x1536":"","2048x2048":"","woocommerce_thumbnail":"","woocommerce_single":"","woocommerce_gallery_thumbnail":""},"post_excerpt_stackable":"<p>Author&#8217;s description Authorr: Denis Mathieu Route: completed on September 3, 2022 Start: Parking lot of the Pont-\u00e0-Mousson swimming pool. Alt: 180 m General description This circuit first follows the Voie Bleue cycle path that runs along the Moselle on the left bank. This way offers a beautiful view on the old Abbey of Pr\u00e9montr\u00e9s located on the opposite bank. Then it returns to Pont-\u00e0-Mousson by the heights of the right bank to cross 2 passes from the archives of the First World War. 3 cols &#8211; Col du RUDEMONT FR-54-0250&#8211; Col d&#8217;Arry&nbsp; FR-57-0357&#8211; Col de Lesm\u00e9nils FR-54-0272 Technical description The&hellip;<\/p>\n","category_list":"<a href=\"https:\/\/centcols.org\/backup\/en\/categorie\/members-riders\/routes-france\/\" rel=\"category tag\">Routes en France<\/a>","author_info":{"display_name":"Enrico Alberini","author_link":"https:\/\/centcols.org\/backup\/en\/author\/5065\/"},"comments_num":"0 comments","featured_image_urls_v2":{"full":"","thumbnail":"","medium":"","medium_large":"","large":"","1536x1536":"","2048x2048":"","woocommerce_thumbnail":"","woocommerce_single":"","woocommerce_gallery_thumbnail":""},"post_excerpt_stackable_v2":"<p>Author&#8217;s description Authorr: Denis Mathieu Route: completed on September 3, 2022 Start: Parking lot of the Pont-\u00e0-Mousson swimming pool. Alt: 180 m General description This circuit first follows the Voie Bleue cycle path that runs along the Moselle on the left bank. This way offers a beautiful view on the old Abbey of Pr\u00e9montr\u00e9s located on the opposite bank. Then it returns to Pont-\u00e0-Mousson by the heights of the right bank to cross 2 passes from the archives of the First World War. 3 cols &#8211; Col du RUDEMONT FR-54-0250&#8211; Col d&#8217;Arry&nbsp; FR-57-0357&#8211; Col de Lesm\u00e9nils FR-54-0272 Technical description The&hellip;<\/p>\n","category_list_v2":"<a href=\"https:\/\/centcols.org\/backup\/en\/categorie\/members-riders\/routes-france\/\" rel=\"category tag\">Routes en France<\/a>","author_info_v2":{"name":"Enrico Alberini","url":"https:\/\/centcols.org\/backup\/en\/author\/5065\/"},"comments_num_v2":"0 comments","featured_image_src":null,"_links":{"self":[{"href":"https:\/\/centcols.org\/backup\/en\/wp-json\/wp\/v2\/posts\/73224"}],"collection":[{"href":"https:\/\/centcols.org\/backup\/en\/wp-json\/wp\/v2\/posts"}],"about":[{"href":"https:\/\/centcols.org\/backup\/en\/wp-json\/wp\/v2\/types\/post"}],"author":[{"embeddable":true,"href":"https:\/\/centcols.org\/backup\/en\/wp-json\/wp\/v2\/users\/69"}],"replies":[{"embeddable":true,"href":"https:\/\/centcols.org\/backup\/en\/wp-json\/wp\/v2\/comments?post=73224"}],"version-history":[{"count":0,"href":"https:\/\/centcols.org\/backup\/en\/wp-json\/wp\/v2\/posts\/73224\/revisions"}],"wp:attachment":[{"href":"https:\/\/centcols.org\/backup\/en\/wp-json\/wp\/v2\/media?parent=73224"}],"wp:term":[{"taxonomy":"category","embeddable":true,"href":"https:\/\/centcols.org\/backup\/en\/wp-json\/wp\/v2\/categories?post=73224"},{"taxonomy":"post_tag","embeddable":true,"href":"https:\/\/centcols.org\/backup\/en\/wp-json\/wp\/v2\/tags?post=73224"}],"curies":[{"name":"wp","href":"https:\/\/api.w.org\/{rel}","templated":true}]}}