{"id":73822,"date":"2023-05-22T10:40:26","date_gmt":"2023-05-22T08:40:26","guid":{"rendered":"https:\/\/centcols.org\/backup\/fr-38-amparis\/"},"modified":"2023-11-22T15:53:51","modified_gmt":"2023-11-22T14:53:51","slug":"fr-38-amparis-2","status":"publish","type":"post","link":"https:\/\/centcols.org\/backup\/en\/fr-38-amparis-2\/","title":{"rendered":"FR-38 The plateau d&#8217;Emparis &#8211; MTB 41 Km, D+1417m, 4 cols"},"content":{"rendered":"<div class=\"wp-block-image\">\n<figure class=\"aligncenter size-large is-resized\"><img loading=\"lazy\" decoding=\"async\" width=\"906\" height=\"533\" src=\"https:\/\/centcols.org\/backup\/wp-content\/uploads\/2023\/05\/Capture-decran-2023-05-22-101631.jpg\" alt=\"\" class=\"wp-image-73768\" style=\"width:1087px;height:639px\" srcset=\"https:\/\/centcols.org\/backup\/wp-content\/uploads\/2023\/05\/Capture-decran-2023-05-22-101631.jpg 906w, https:\/\/centcols.org\/backup\/wp-content\/uploads\/2023\/05\/Capture-decran-2023-05-22-101631-500x294.jpg 500w, https:\/\/centcols.org\/backup\/wp-content\/uploads\/2023\/05\/Capture-decran-2023-05-22-101631-768x452.jpg 768w, https:\/\/centcols.org\/backup\/wp-content\/uploads\/2023\/05\/Capture-decran-2023-05-22-101631-600x353.jpg 600w\" sizes=\"(max-width: 906px) 100vw, 906px\" \/><\/figure><\/div>\n\n\n<figure class=\"wp-block-image size-large\"><img loading=\"lazy\" decoding=\"async\" width=\"1200\" height=\"320\" src=\"https:\/\/centcols.org\/backup\/wp-content\/uploads\/2023\/05\/FR-05-et-FR-38-Le-Plateau-dAmparis-1200x320.jpeg\" alt=\"\" class=\"wp-image-73774\" srcset=\"https:\/\/centcols.org\/backup\/wp-content\/uploads\/2023\/05\/FR-05-et-FR-38-Le-Plateau-dAmparis-1200x320.jpeg 1200w, https:\/\/centcols.org\/backup\/wp-content\/uploads\/2023\/05\/FR-05-et-FR-38-Le-Plateau-dAmparis-500x133.jpeg 500w, https:\/\/centcols.org\/backup\/wp-content\/uploads\/2023\/05\/FR-05-et-FR-38-Le-Plateau-dAmparis-768x205.jpeg 768w, https:\/\/centcols.org\/backup\/wp-content\/uploads\/2023\/05\/FR-05-et-FR-38-Le-Plateau-dAmparis-1536x410.jpeg 1536w, https:\/\/centcols.org\/backup\/wp-content\/uploads\/2023\/05\/FR-05-et-FR-38-Le-Plateau-dAmparis-2048x546.jpeg 2048w, https:\/\/centcols.org\/backup\/wp-content\/uploads\/2023\/05\/FR-05-et-FR-38-Le-Plateau-dAmparis-600x160.jpeg 600w\" sizes=\"(max-width: 1200px) 100vw, 1200px\" \/><\/figure>\n\n\n\n<h2 class=\"wp-block-heading\">Author&#8217;s description<\/h2>\n\n\n\n<p><span style=\"font-size: 20px; font-family: arial, helvetica, sans-serif;\"><strong>Author<\/strong>: Guy Garcin<\/span><\/p>\n\n\n\n<p class=\"has-medium-font-size\"><strong>Start <\/strong>: in the center of the village of Mizo\u00ebn. Alt&nbsp;: 1187 m.<\/p>\n\n\n\n<p>&nbsp;<\/p>\n\n\n\n<p class=\"has-medium-font-size\"><strong>General description<\/strong><\/p>\n\n\n\n<p class=\"has-medium-font-size\">Superb mountain bike loop in the largest alpine pasture in France facing the glaciers of La Meije, among crystalline lakes, herds and altitude flora.<\/p>\n\n\n\n<p class=\"has-medium-font-size\">The plateau d&#8217;Emparis is located at an altitude of more than 2000 m in the French d\u00e9partments of Is\u00e8re and Hautes-Alpes. It belongs to the Arves massif, it faces the \u00c9crins massif, notably the La Meije and the Rateau peaks. It is located in the communes of Besse, Mizo\u00ebn and La Grave.<\/p>\n\n\n\n<p class=\"has-medium-font-size\">The plateau d&#8217;Emparis , with its rich flora and fauna, is a Natura 2000 site in France.<\/p>\n\n\n\n<p class=\"has-medium-font-size\">The route crosses the beautiful village of Besse en Oisans with its dry stone houses.<\/p>\n\n\n\n<p class=\"has-medium-font-size\"><strong>4 cols<\/strong><\/p>\n\n\n\n<p class=\"has-medium-font-size\">1 &#8211; Col du Souchet <a title=\"\" href=\"https:\/\/centcols.org\/backup\/util\/geo\/visu.php?code=FR-05-2365\" target=\"_blank\" rel=\"noopener\">FR-05-2365 <\/a>&nbsp;<br>2 &#8211; La Br\u00e8che <a title=\"\" href=\"https:\/\/centcols.org\/backup\/util\/geo\/visu.php?code=FR-05-2390\" target=\"_blank\" rel=\"noopener\">FR-05-2390<\/a><br>3 &#8211; Col Saint Georges <a title=\"\" href=\"https:\/\/centcols.org\/backup\/util\/geo\/visu.php?code=FR-38-2245a\" target=\"_blank\" rel=\"noopener\">FR-38-2245a<\/a><br>4 &#8211; Col Nazi\u00e9 <a title=\"\" href=\"https:\/\/centcols.org\/backup\/util\/geo\/visu.php?code=FR-38-1902b\" target=\"_blank\" rel=\"noopener\">FR-38-1902b<\/a><\/p>\n\n\n\n<p class=\"has-medium-font-size\"><strong>Technical description<\/strong><\/p>\n\n\n\n<p class=\"has-medium-font-size\">On the 41 km of the course:<br>&#8211; 30 km are on R1,<br>&#8211; 10 km approximately on the way out and back to the Col de Souchet and La Br\u00eache are roughly 30 % rideable,&nbsp;<br>&#8211; 90 m out and back to reach the Col Nazi\u00e9<\/p>\n\n\n\n<p class=\"has-medium-font-size\"><strong><strong>Openrunner link, interactive map, profile, gpx track<\/strong><\/strong> <br><a title=\"\" href=\"https:\/\/www.openrunner.com\/route-details\/16807439\" target=\"_blank\" rel=\"noopener\">https:\/\/www.openrunner.com\/route-details\/16807439<\/a><\/p>\n\n\n\n<p class=\"has-medium-font-size\"><strong>Key words<\/strong>: Plateau d\u2019Amparis, Mizo\u00ebn, Besse-en-Oisans, centcols<\/p>\n\n\n\n<p class=\"has-medium-font-size\">More about &#8220;Plateau d&#8217;Emparis with A.R. at La Br\u00e8che &#8211; 2390m :<br><a href=\"https:\/\/love-velo.fr\/plateau-demparis-avec-a-r-a-la-breche-2390m\/\">https:\/\/love-velo.fr\/plateau-demparis-avec-a-r-a-la-breche-2390m\/<\/a><\/p>\n\n\n\n<p class=\"has-medium-font-size\">This itinerary is proposed as an indication. The author is not responsible for the imponderables due to the cyclist himself, the equipment used and everything that concerns the road, its surroundings and the other users of it.<\/p>\n\n\n\n<p class=\"has-medium-font-size\">Here, a&nbsp;<a href=\"https:\/\/centcols.org\/backup\/en\/liste-parcours-cent-cols-sur-or-2\/\" target=\"_blank\" rel=\"noreferrer noopener\">exhaustive overview of member courses<\/a>&nbsp;of the Club des Cent Cols<\/p>\n\n\n\n<h2 class=\"kt-adv-heading73822_b1be2e-29 wp-block-kadence-advancedheading\" data-kb-block=\"kb-adv-heading73822_b1be2e-29\">Photos<\/h2>\n\n\n\n<p class=\"has-medium-font-size\">Album photo : <a href=\"https:\/\/photos.app.goo.gl\/2i8gooLhewLex5Q16\">https:\/\/photos.app.goo.gl\/2i8gooLhewLex5Q16<\/a><\/p>\n\n\n\n<figure class=\"wp-block-image size-large\"><img loading=\"lazy\" decoding=\"async\" width=\"1200\" height=\"612\" src=\"https:\/\/centcols.org\/backup\/wp-content\/uploads\/2023\/05\/Vue-depuis-le-gite-lAmparis-sur-le-lac-Chambon-1200x612.jpg\" alt=\"\" class=\"wp-image-73810\" srcset=\"https:\/\/centcols.org\/backup\/wp-content\/uploads\/2023\/05\/Vue-depuis-le-gite-lAmparis-sur-le-lac-Chambon-1200x612.jpg 1200w, https:\/\/centcols.org\/backup\/wp-content\/uploads\/2023\/05\/Vue-depuis-le-gite-lAmparis-sur-le-lac-Chambon-500x255.jpg 500w, https:\/\/centcols.org\/backup\/wp-content\/uploads\/2023\/05\/Vue-depuis-le-gite-lAmparis-sur-le-lac-Chambon-768x392.jpg 768w, https:\/\/centcols.org\/backup\/wp-content\/uploads\/2023\/05\/Vue-depuis-le-gite-lAmparis-sur-le-lac-Chambon-600x306.jpg 600w, https:\/\/centcols.org\/backup\/wp-content\/uploads\/2023\/05\/Vue-depuis-le-gite-lAmparis-sur-le-lac-Chambon.jpg 1373w\" sizes=\"(max-width: 1200px) 100vw, 1200px\" \/><figcaption class=\"wp-element-caption\"><strong>View from the lodge<\/strong><\/figcaption><\/figure>\n\n\n<div class=\"wp-block-image\">\n<figure class=\"aligncenter size-large\"><img loading=\"lazy\" decoding=\"async\" width=\"1200\" height=\"675\" src=\"https:\/\/centcols.org\/backup\/wp-content\/uploads\/2023\/05\/Les-lacets-depuis-Mizoen-1200x675.jpg\" alt=\"\" class=\"wp-image-73798\" srcset=\"https:\/\/centcols.org\/backup\/wp-content\/uploads\/2023\/05\/Les-lacets-depuis-Mizoen-1200x675.jpg 1200w, https:\/\/centcols.org\/backup\/wp-content\/uploads\/2023\/05\/Les-lacets-depuis-Mizoen-500x281.jpg 500w, https:\/\/centcols.org\/backup\/wp-content\/uploads\/2023\/05\/Les-lacets-depuis-Mizoen-768x432.jpg 768w, https:\/\/centcols.org\/backup\/wp-content\/uploads\/2023\/05\/Les-lacets-depuis-Mizoen-600x337.jpg 600w, https:\/\/centcols.org\/backup\/wp-content\/uploads\/2023\/05\/Les-lacets-depuis-Mizoen.jpg 1245w\" sizes=\"(max-width: 1200px) 100vw, 1200px\" \/><figcaption class=\"wp-element-caption\"><strong>The hairpins rising from Mizoen<\/strong><\/figcaption><\/figure><\/div>\n\n<div class=\"wp-block-image\">\n<figure class=\"aligncenter size-large\"><img loading=\"lazy\" decoding=\"async\" width=\"1200\" height=\"674\" src=\"https:\/\/centcols.org\/backup\/wp-content\/uploads\/2023\/05\/Vue-sur-le-Col-du-Coing-non-reconnu-1200x674.jpg\" alt=\"\" class=\"wp-image-73816\" srcset=\"https:\/\/centcols.org\/backup\/wp-content\/uploads\/2023\/05\/Vue-sur-le-Col-du-Coing-non-reconnu-1200x674.jpg 1200w, https:\/\/centcols.org\/backup\/wp-content\/uploads\/2023\/05\/Vue-sur-le-Col-du-Coing-non-reconnu-500x281.jpg 500w, https:\/\/centcols.org\/backup\/wp-content\/uploads\/2023\/05\/Vue-sur-le-Col-du-Coing-non-reconnu-768x431.jpg 768w, https:\/\/centcols.org\/backup\/wp-content\/uploads\/2023\/05\/Vue-sur-le-Col-du-Coing-non-reconnu-600x337.jpg 600w, https:\/\/centcols.org\/backup\/wp-content\/uploads\/2023\/05\/Vue-sur-le-Col-du-Coing-non-reconnu.jpg 1246w\" sizes=\"(max-width: 1200px) 100vw, 1200px\" \/><figcaption class=\"wp-element-caption\"><strong>View of the &#8220;Col du Coing&#8221; (not recognized)<\/strong><\/figcaption><\/figure><\/div>\n\n<div class=\"wp-block-image\">\n<figure class=\"aligncenter size-large\"><img loading=\"lazy\" decoding=\"async\" width=\"1200\" height=\"674\" src=\"https:\/\/centcols.org\/backup\/wp-content\/uploads\/2023\/05\/La-piste-de-descente-au-retour-1200x674.jpg\" alt=\"\" class=\"wp-image-73786\" srcset=\"https:\/\/centcols.org\/backup\/wp-content\/uploads\/2023\/05\/La-piste-de-descente-au-retour-1200x674.jpg 1200w, https:\/\/centcols.org\/backup\/wp-content\/uploads\/2023\/05\/La-piste-de-descente-au-retour-500x281.jpg 500w, https:\/\/centcols.org\/backup\/wp-content\/uploads\/2023\/05\/La-piste-de-descente-au-retour-768x431.jpg 768w, https:\/\/centcols.org\/backup\/wp-content\/uploads\/2023\/05\/La-piste-de-descente-au-retour-600x337.jpg 600w, https:\/\/centcols.org\/backup\/wp-content\/uploads\/2023\/05\/La-piste-de-descente-au-retour.jpg 1246w\" sizes=\"(max-width: 1200px) 100vw, 1200px\" \/><figcaption class=\"wp-element-caption\"><strong>The return descent winding its way back down<\/strong>.<\/figcaption><\/figure><\/div>\n\n<div class=\"wp-block-image\">\n<figure class=\"aligncenter size-large\"><img loading=\"lazy\" decoding=\"async\" width=\"1200\" height=\"674\" src=\"https:\/\/centcols.org\/backup\/wp-content\/uploads\/2023\/05\/Le-Plateau-dAmparis-1200x674.jpg\" alt=\"\" class=\"wp-image-73792\" srcset=\"https:\/\/centcols.org\/backup\/wp-content\/uploads\/2023\/05\/Le-Plateau-dAmparis-1200x674.jpg 1200w, https:\/\/centcols.org\/backup\/wp-content\/uploads\/2023\/05\/Le-Plateau-dAmparis-500x281.jpg 500w, https:\/\/centcols.org\/backup\/wp-content\/uploads\/2023\/05\/Le-Plateau-dAmparis-768x431.jpg 768w, https:\/\/centcols.org\/backup\/wp-content\/uploads\/2023\/05\/Le-Plateau-dAmparis-600x337.jpg 600w, https:\/\/centcols.org\/backup\/wp-content\/uploads\/2023\/05\/Le-Plateau-dAmparis.jpg 1246w\" sizes=\"(max-width: 1200px) 100vw, 1200px\" \/><figcaption class=\"wp-element-caption\"><strong>The Plateau d&#8217;Amparis<\/strong><\/figcaption><\/figure><\/div>\n\n<div class=\"wp-block-image\">\n<figure class=\"aligncenter size-large\"><img loading=\"lazy\" decoding=\"async\" width=\"1200\" height=\"537\" src=\"https:\/\/centcols.org\/backup\/wp-content\/uploads\/2023\/05\/Au-Col-du-Souchet-La-Meije-et-le-Rateau-1200x537.jpg\" alt=\"\" class=\"wp-image-73762\" srcset=\"https:\/\/centcols.org\/backup\/wp-content\/uploads\/2023\/05\/Au-Col-du-Souchet-La-Meije-et-le-Rateau-1200x537.jpg 1200w, https:\/\/centcols.org\/backup\/wp-content\/uploads\/2023\/05\/Au-Col-du-Souchet-La-Meije-et-le-Rateau-500x224.jpg 500w, https:\/\/centcols.org\/backup\/wp-content\/uploads\/2023\/05\/Au-Col-du-Souchet-La-Meije-et-le-Rateau-768x344.jpg 768w, https:\/\/centcols.org\/backup\/wp-content\/uploads\/2023\/05\/Au-Col-du-Souchet-La-Meije-et-le-Rateau-1536x687.jpg 1536w, https:\/\/centcols.org\/backup\/wp-content\/uploads\/2023\/05\/Au-Col-du-Souchet-La-Meije-et-le-Rateau-600x269.jpg 600w, https:\/\/centcols.org\/backup\/wp-content\/uploads\/2023\/05\/Au-Col-du-Souchet-La-Meije-et-le-Rateau.jpg 1564w\" sizes=\"(max-width: 1200px) 100vw, 1200px\" \/><figcaption class=\"wp-element-caption\"><strong>At the Col du Souchet, La Meije on the right and the Rateau<\/strong><\/figcaption><\/figure><\/div>\n\n\n<figure class=\"wp-block-image size-large\"><img loading=\"lazy\" decoding=\"async\" width=\"1143\" height=\"700\" src=\"https:\/\/centcols.org\/backup\/wp-content\/uploads\/2023\/05\/Vue-depuis-La-Breche.jpg\" alt=\"\" class=\"wp-image-73804\" srcset=\"https:\/\/centcols.org\/backup\/wp-content\/uploads\/2023\/05\/Vue-depuis-La-Breche.jpg 1143w, https:\/\/centcols.org\/backup\/wp-content\/uploads\/2023\/05\/Vue-depuis-La-Breche-500x306.jpg 500w, https:\/\/centcols.org\/backup\/wp-content\/uploads\/2023\/05\/Vue-depuis-La-Breche-768x470.jpg 768w, https:\/\/centcols.org\/backup\/wp-content\/uploads\/2023\/05\/Vue-depuis-La-Breche-600x367.jpg 600w\" sizes=\"(max-width: 1143px) 100vw, 1143px\" \/><figcaption class=\"wp-element-caption\"><strong><strong>View from La Br\u00eache<br><\/strong><\/strong>\n<div class=\"wp-block\" style=\"text-align: center;\" data-align=\"center\">\n<figure id=\"block-8a45d020-e267-4f71-9bed-af9708d43362\" class=\"wp-block-image block-editor-block-list__block size-large\" tabindex=\"0\" role=\"group\" aria-label=\"Bloc&nbsp;: Image\" data-block=\"8a45d020-e267-4f71-9bed-af9708d43362\" data-type=\"core\/image\" data-title=\"Image\">\n<div class=\"components-resizable-box__container\"><img decoding=\"async\" class=\"aligncenter\" src=\"https:\/\/centcols.org\/backup\/util\/geo\/visu\/FR\/img\/1360\/8802.jpg\" alt=\"L\u2019attribut alt de cette image est vide, son nom de fichier est 8802.jpg.\">\n<div>&nbsp;<\/div>\n<\/div>\n<figcaption class=\"block-editor-rich-text__editable rich-text\" role=\"textbox\" contenteditable=\"true\" aria-multiline=\"true\" aria-label=\"R\u00e9digez la l\u00e9gende\u2026\" data-dl-input-translation=\"true\"><strong>Col Saint Georges<\/strong><\/figcaption>\n<div class=\"components-drop-zone\">&nbsp;<\/div>\n<div>\n<div>\n<div>&nbsp;<\/div>\n<\/div>\n<\/div>\n<\/figure>\n<\/div>\n<div class=\"wp-block\" style=\"text-align: center;\" data-align=\"center\">\n<figure id=\"block-669c60ff-7327-4c62-a7f4-cff7d74fd877\" class=\"wp-block-image block-editor-block-list__block size-large\" tabindex=\"0\" role=\"group\" aria-label=\"Bloc&nbsp;: Image\" data-block=\"669c60ff-7327-4c62-a7f4-cff7d74fd877\" data-type=\"core\/image\" data-title=\"Image\">\n<div class=\"components-resizable-box__container\"><img decoding=\"async\" class=\"aligncenter\" src=\"https:\/\/centcols.org\/backup\/util\/geo\/visu\/FR\/img\/1360\/2802.jpg\" alt=\"L\u2019attribut alt de cette image est vide, son nom de fichier est 2802.jpg.\">\n<div>&nbsp;<\/div>\n<\/div>\n<figcaption class=\"block-editor-rich-text__editable rich-text\" role=\"textbox\" contenteditable=\"true\" aria-multiline=\"true\" aria-label=\"R\u00e9digez la l\u00e9gende\u2026\" data-dl-input-translation=\"true\"><strong>Col Nazie<\/strong><\/figcaption>\n<div class=\"components-drop-zone\">&nbsp;<\/div>\n<div>\n<div>\n<div>&nbsp;<\/div>\n<\/div>\n<\/div>\n<\/figure>\n<\/div>\n<div class=\"block-list-appender wp-block\" tabindex=\"-1\">&nbsp;<\/div>\n<\/figcaption><\/figure>\n","protected":false},"excerpt":{"rendered":"<p>Author&#8217;s description Author: Guy Garcin Start : in the center of the village of Mizo\u00ebn. Alt&nbsp;: 1187 m. &nbsp; General description Superb mountain bike loop in the largest alpine pasture in France facing the glaciers of La Meije, among crystalline lakes, herds and altitude flora. The plateau d&#8217;Emparis is located at an altitude of more [&hellip;]<\/p>\n","protected":false},"author":69,"featured_media":0,"comment_status":"closed","ping_status":"closed","sticky":false,"template":"","format":"standard","meta":{"_acf_changed":false,"ub_ctt_via":"","_monsterinsights_skip_tracking":false,"_monsterinsights_sitenote_active":false,"_monsterinsights_sitenote_note":"","_monsterinsights_sitenote_category":0,"footnotes":""},"categories":[613],"tags":[],"acf":[],"featured_image_urls":{"full":"","thumbnail":"","medium":"","medium_large":"","large":"","1536x1536":"","2048x2048":"","woocommerce_thumbnail":"","woocommerce_single":"","woocommerce_gallery_thumbnail":""},"post_excerpt_stackable":"<p>Author&#8217;s description Author: Guy Garcin Start : in the center of the village of Mizo\u00ebn. Alt&nbsp;: 1187 m. &nbsp; General description Superb mountain bike loop in the largest alpine pasture in France facing the glaciers of La Meije, among crystalline lakes, herds and altitude flora. The plateau d&#8217;Emparis is located at an altitude of more than 2000 m in the French d\u00e9partments of Is\u00e8re and Hautes-Alpes. It belongs to the Arves massif, it faces the \u00c9crins massif, notably the La Meije and the Rateau peaks. It is located in the communes of Besse, Mizo\u00ebn and La Grave. The plateau d&#8217;Emparis&hellip;<\/p>\n","category_list":"<a href=\"https:\/\/centcols.org\/backup\/en\/categorie\/members-riders\/routes-france\/\" rel=\"category tag\">Routes en France<\/a>","author_info":{"display_name":"Enrico Alberini","author_link":"https:\/\/centcols.org\/backup\/en\/author\/5065\/"},"comments_num":"0 comments","featured_image_urls_v2":{"full":"","thumbnail":"","medium":"","medium_large":"","large":"","1536x1536":"","2048x2048":"","woocommerce_thumbnail":"","woocommerce_single":"","woocommerce_gallery_thumbnail":""},"post_excerpt_stackable_v2":"<p>Author&#8217;s description Author: Guy Garcin Start : in the center of the village of Mizo\u00ebn. Alt&nbsp;: 1187 m. &nbsp; General description Superb mountain bike loop in the largest alpine pasture in France facing the glaciers of La Meije, among crystalline lakes, herds and altitude flora. The plateau d&#8217;Emparis is located at an altitude of more than 2000 m in the French d\u00e9partments of Is\u00e8re and Hautes-Alpes. It belongs to the Arves massif, it faces the \u00c9crins massif, notably the La Meije and the Rateau peaks. It is located in the communes of Besse, Mizo\u00ebn and La Grave. The plateau d&#8217;Emparis&hellip;<\/p>\n","category_list_v2":"<a href=\"https:\/\/centcols.org\/backup\/en\/categorie\/members-riders\/routes-france\/\" rel=\"category tag\">Routes en France<\/a>","author_info_v2":{"name":"Enrico Alberini","url":"https:\/\/centcols.org\/backup\/en\/author\/5065\/"},"comments_num_v2":"0 comments","featured_image_src":null,"_links":{"self":[{"href":"https:\/\/centcols.org\/backup\/en\/wp-json\/wp\/v2\/posts\/73822"}],"collection":[{"href":"https:\/\/centcols.org\/backup\/en\/wp-json\/wp\/v2\/posts"}],"about":[{"href":"https:\/\/centcols.org\/backup\/en\/wp-json\/wp\/v2\/types\/post"}],"author":[{"embeddable":true,"href":"https:\/\/centcols.org\/backup\/en\/wp-json\/wp\/v2\/users\/69"}],"replies":[{"embeddable":true,"href":"https:\/\/centcols.org\/backup\/en\/wp-json\/wp\/v2\/comments?post=73822"}],"version-history":[{"count":0,"href":"https:\/\/centcols.org\/backup\/en\/wp-json\/wp\/v2\/posts\/73822\/revisions"}],"wp:attachment":[{"href":"https:\/\/centcols.org\/backup\/en\/wp-json\/wp\/v2\/media?parent=73822"}],"wp:term":[{"taxonomy":"category","embeddable":true,"href":"https:\/\/centcols.org\/backup\/en\/wp-json\/wp\/v2\/categories?post=73822"},{"taxonomy":"post_tag","embeddable":true,"href":"https:\/\/centcols.org\/backup\/en\/wp-json\/wp\/v2\/tags?post=73822"}],"curies":[{"name":"wp","href":"https:\/\/api.w.org\/{rel}","templated":true}]}}