{"id":78299,"date":"2023-08-23T14:48:33","date_gmt":"2023-08-23T12:48:33","guid":{"rendered":"https:\/\/centcols.org\/backup\/plan-nicolas\/"},"modified":"2023-08-23T14:48:33","modified_gmt":"2023-08-23T12:48:33","slug":"plan-nicolas","status":"publish","type":"post","link":"https:\/\/centcols.org\/backup\/en\/plan-nicolas\/","title":{"rendered":"Le Collet du Plan Nicolas"},"content":{"rendered":"\n<div class=\"wp-block-image\"><figure class=\"aligncenter size-large\"><img loading=\"lazy\" decoding=\"async\" width=\"720\" height=\"604\" src=\"https:\/\/centcols.org\/backup\/wp-content\/uploads\/2023\/08\/Carte.jpg\" alt=\"\" class=\"wp-image-76043\" srcset=\"https:\/\/centcols.org\/backup\/wp-content\/uploads\/2023\/08\/Carte.jpg 720w, https:\/\/centcols.org\/backup\/wp-content\/uploads\/2023\/08\/Carte-500x419.jpg 500w, https:\/\/centcols.org\/backup\/wp-content\/uploads\/2023\/08\/Carte-600x503.jpg 600w\" sizes=\"(max-width: 720px) 100vw, 720px\" \/><\/figure><\/div>\n\n\n\n<h2 class=\"kt-adv-heading_9dce35-00 wp-block-kadence-advancedheading\" data-kb-block=\"kb-adv-heading_9dce35-00\">Toponymie<\/h2>\n\n\n\n<p class=\"has-medium-font-size\">Le collet du Plan Nicolas (<a href=\"\/util\/geo\/visu.php?code=FR-73-2406\" target=\"_blank\" rel=\"noopener\" title=\"\">FR-73-2406<\/a>) est \u00e9ponyme d\u2019une zone situ\u00e9e au nord-ouest du col. (voir carte ci-dessus).<\/p>\n\n\n\n<p class=\"has-medium-font-size\">Il est \u00e9galement nomm\u00e9 Col du Colomban Noir (Geo-alp)<\/p>\n\n\n\n<h2 class=\"kt-adv-heading_032c00-16 wp-block-kadence-advancedheading\" data-kb-block=\"kb-adv-heading_032c00-16\">Situation g\u00e9ographique<\/h2>\n\n\n\n<h3 class=\"kt-adv-heading_459f2b-54 wp-block-kadence-advancedheading\" data-kb-block=\"kb-adv-heading_459f2b-54\">Massif<\/h3>\n\n\n\n<p class=\"has-medium-font-size\">Le Collet de Plan Nicolas est situ\u00e9 \u00e0 l\u2019est du <strong><a href=\"https:\/\/fr.wikipedia.org\/wiki\/Massif_des_Arves\" target=\"_blank\" rel=\"noopener\" title=\"\">massif des Arves<\/a><\/strong>.<\/p>\n\n\n\n<p class=\"has-medium-font-size\">Le sommet du Colomban Noir (\u00e0 environ 2500 m) est situ\u00e9 imm\u00e9diatement au nord du Collet.<\/p>\n\n\n\n<p class=\"has-medium-font-size\">En dessous du Colomban Noir la carte IGN (voir ci-dessus) indique, au nord-ouest une zone appel\u00e9e \u00ab&nbsp;Plan Nicolas&nbsp;\u00bb<\/p>\n\n\n\n<h3 class=\"wp-block-heading\">Hydrographie<\/h3>\n\n\n\n<p class=\"has-medium-font-size\">Le col s\u00e9pare la vall\u00e9e de la Valloirette, versant nord de la route du Galibier de la vall\u00e9e du torrent de la Lauzette, affluent de la Valloirette au-dessus de Bonnenuit.<\/p>\n\n\n\n<h3 class=\"wp-block-heading\">Acc\u00e8s<\/h3>\n\n\n\n<p class=\"has-medium-font-size\">Le &nbsp;Collet du Plan Nicolas&nbsp;peut \u00eatre franchi lors de l&#8217;ascension du Galibier, \u00e0 5 km apr\u00e8s Plan Lachat, et \u00e0 3 km du sommet.<\/p>\n\n\n\n<p class=\"has-medium-font-size\">&nbsp;L<em>e col g\u00e9ographique est situ\u00e9 \u00e0 quelques m\u00e8tres, sur le talus, &nbsp;\u00e0 droite de la route<\/em>.<\/p>\n\n\n\n<div class=\"wp-block-image\"><figure class=\"aligncenter size-large\"><img loading=\"lazy\" decoding=\"async\" width=\"789\" height=\"520\" src=\"https:\/\/centcols.org\/backup\/wp-content\/uploads\/2023\/08\/Carte2-1.png\" alt=\"\" class=\"wp-image-76049\" srcset=\"https:\/\/centcols.org\/backup\/wp-content\/uploads\/2023\/08\/Carte2-1.png 789w, https:\/\/centcols.org\/backup\/wp-content\/uploads\/2023\/08\/Carte2-1-500x330.png 500w, https:\/\/centcols.org\/backup\/wp-content\/uploads\/2023\/08\/Carte2-1-768x506.png 768w, https:\/\/centcols.org\/backup\/wp-content\/uploads\/2023\/08\/Carte2-1-600x395.png 600w\" sizes=\"(max-width: 789px) 100vw, 789px\" \/><\/figure><\/div>\n\n\n\n<div class=\"wp-block-image\"><figure class=\"aligncenter size-large is-resized\"><img loading=\"lazy\" decoding=\"async\" src=\"https:\/\/centcols.org\/backup\/wp-content\/uploads\/2023\/08\/Photo1.jpg\" alt=\"\" class=\"wp-image-76055\" width=\"956\" height=\"717\" srcset=\"https:\/\/centcols.org\/backup\/wp-content\/uploads\/2023\/08\/Photo1.jpg 800w, https:\/\/centcols.org\/backup\/wp-content\/uploads\/2023\/08\/Photo1-500x375.jpg 500w, https:\/\/centcols.org\/backup\/wp-content\/uploads\/2023\/08\/Photo1-768x576.jpg 768w, https:\/\/centcols.org\/backup\/wp-content\/uploads\/2023\/08\/Photo1-600x450.jpg 600w\" sizes=\"(max-width: 956px) 100vw, 956px\" \/><figcaption><strong>Le Collet du Plan Nicolas depuis la route du Galibier (photo&nbsp;: visualiseur des cols \u2013 Club des Cent Cols)<\/strong><\/figcaption><\/figure><\/div>\n\n\n\n<div class=\"wp-block-image\"><figure class=\"aligncenter size-large is-resized\"><img loading=\"lazy\" decoding=\"async\" src=\"https:\/\/centcols.org\/backup\/wp-content\/uploads\/2023\/08\/Photo2.jpg\" alt=\"\" class=\"wp-image-76061\" width=\"958\" height=\"719\" srcset=\"https:\/\/centcols.org\/backup\/wp-content\/uploads\/2023\/08\/Photo2.jpg 800w, https:\/\/centcols.org\/backup\/wp-content\/uploads\/2023\/08\/Photo2-500x375.jpg 500w, https:\/\/centcols.org\/backup\/wp-content\/uploads\/2023\/08\/Photo2-768x576.jpg 768w, https:\/\/centcols.org\/backup\/wp-content\/uploads\/2023\/08\/Photo2-600x450.jpg 600w\" sizes=\"(max-width: 958px) 100vw, 958px\" \/><figcaption><strong>Du Collet du Plan Nicolas en direction de l&#8217;est <em>(source&nbsp;: site de Patrick Schleppi)<br><\/em>La route du Galibier<\/strong> <strong>\u00e0 droite<\/strong><\/figcaption><\/figure><\/div>\n\n\n\n<h2 class=\"wp-block-heading\">A voir &#8211; tourisme&nbsp;<\/h2>\n\n\n\n<div class=\"wp-block-columns is-layout-flex wp-container-core-columns-is-layout-1 wp-block-columns-is-layout-flex\">\n<div class=\"wp-block-column is-layout-flow wp-block-column-is-layout-flow\" style=\"flex-basis:50%\">\n<p><span style=\"font-size: 20px; font-family: arial, helvetica, sans-serif;\">Aux Granges du Galibier (altitude 2300 m), \u00e0 droite dans la mont\u00e9e, &nbsp;\u00e0 1,6 km en aval du Collet on trouve :<\/span><\/p>\n<ul>\n<li><span style=\"font-size: 20px; font-family: arial, helvetica, sans-serif;\">Le magasin de la&nbsp;<strong>Fromagerie Coop\u00e9rative de la <\/strong><strong>Vall\u00e9e des Arves<\/strong> (ouverture de mi-juin \u00e0 mi-septembre). C\u2019est bon le &nbsp;Beaufort !<\/span><\/li>\n<li><span style=\"font-size: 20px; font-family: arial, helvetica, sans-serif;\">une st\u00e8le \u00ab Pantani Forever \u00bb en hommage au grimpeur italien Marco Pantani (d\u00e9c\u00e9d\u00e9 en 2004). Elle a \u00e9t\u00e9 inaugur\u00e9e en juin 2011 \u00e0 l&#8217;endroit pr\u00e9cis o\u00f9 il a attaqu\u00e9 dans le Tour de France&nbsp; le 27 juillet 1998 pour distancer Jan Ulrich de pr\u00e8s de 9 minutes.<\/span><\/li>\n<\/ul>\n<p>&nbsp;<\/p>\n<\/div>\n\n\n\n<div class=\"wp-block-column is-layout-flow wp-block-column-is-layout-flow\" style=\"flex-basis:50%\">\n<div class=\"wp-block-image\"><figure class=\"alignright size-large\"><img loading=\"lazy\" decoding=\"async\" width=\"1200\" height=\"930\" src=\"https:\/\/centcols.org\/backup\/wp-content\/uploads\/2023\/08\/Valloire_Stele_Marco_Pantani-1200x930.jpg\" alt=\"\" class=\"wp-image-76079\" srcset=\"https:\/\/centcols.org\/backup\/wp-content\/uploads\/2023\/08\/Valloire_Stele_Marco_Pantani-1200x930.jpg 1200w, https:\/\/centcols.org\/backup\/wp-content\/uploads\/2023\/08\/Valloire_Stele_Marco_Pantani-500x387.jpg 500w, https:\/\/centcols.org\/backup\/wp-content\/uploads\/2023\/08\/Valloire_Stele_Marco_Pantani-768x595.jpg 768w, https:\/\/centcols.org\/backup\/wp-content\/uploads\/2023\/08\/Valloire_Stele_Marco_Pantani-1536x1190.jpg 1536w, https:\/\/centcols.org\/backup\/wp-content\/uploads\/2023\/08\/Valloire_Stele_Marco_Pantani-2048x1587.jpg 2048w, https:\/\/centcols.org\/backup\/wp-content\/uploads\/2023\/08\/Valloire_Stele_Marco_Pantani-600x465.jpg 600w\" sizes=\"(max-width: 1200px) 100vw, 1200px\" \/><\/figure><\/div>\n<\/div>\n<\/div>\n\n\n\n<h2 class=\"wp-block-heading\">Cyclisme et cyclotourisme<\/h2>\n\n\n\n<p class=\"has-medium-font-size\">Inutile de rappeler que chaque fois qu\u2019une \u00e9preuve est pass\u00e9e par le col du Galibier, elle est pass\u00e9e au Collet du Plan Nicolas.<\/p>\n\n\n\n<div class=\"wp-block-image\"><figure class=\"aligncenter size-large is-resized\"><img loading=\"lazy\" decoding=\"async\" src=\"https:\/\/centcols.org\/backup\/wp-content\/uploads\/2023\/08\/Photo3-1200x900.jpg\" alt=\"\" class=\"wp-image-76067\" width=\"969\" height=\"727\" srcset=\"https:\/\/centcols.org\/backup\/wp-content\/uploads\/2023\/08\/Photo3-1200x900.jpg 1200w, https:\/\/centcols.org\/backup\/wp-content\/uploads\/2023\/08\/Photo3-500x375.jpg 500w, https:\/\/centcols.org\/backup\/wp-content\/uploads\/2023\/08\/Photo3-768x576.jpg 768w, https:\/\/centcols.org\/backup\/wp-content\/uploads\/2023\/08\/Photo3-1536x1152.jpg 1536w, https:\/\/centcols.org\/backup\/wp-content\/uploads\/2023\/08\/Photo3-2048x1536.jpg 2048w, https:\/\/centcols.org\/backup\/wp-content\/uploads\/2023\/08\/Photo3-600x450.jpg 600w\" sizes=\"(max-width: 969px) 100vw, 969px\" \/><\/figure><\/div>\n\n\n\n<p class=\"has-medium-font-size\">le 24 juillet 2013 j\u2019ai eu le plaisir d\u2019accompagner, dans la mont\u00e9e du Galibier, 3 pr\u00e9sidents du Club des Cents cols, r\u00e9unis ici au Collet de Plan Nicolas pour les 80 ans d\u2019Henri Dusseau. De gauche \u00e0 droite&nbsp;:<\/p>\n\n\n\n<ul>\n<li><span style=\"font-size: 20px; font-family: arial, helvetica, sans-serif;\">R\u00e9gis Paraz (pr\u00e9sident en exercice en 2013),<\/span><\/li>\n<li><span style=\"font-size: 20px; font-family: arial, helvetica, sans-serif;\">Henri Dusseau (pr\u00e9sident Honoris Causa)<\/span><\/li>\n<li><span style=\"font-size: 20px; font-family: arial, helvetica, sans-serif;\">Jean Perdoux (pr\u00e9sident fondateur du club des Cent Cols).<\/span><\/li>\n<\/ul>\n\n\n\n<h3 class=\"wp-block-heading\">Profil<\/h3>\n\n\n\n<div class=\"wp-block-image\"><figure class=\"aligncenter size-large is-resized\"><img loading=\"lazy\" decoding=\"async\" src=\"https:\/\/centcols.org\/backup\/wp-content\/uploads\/2023\/08\/Photo4.jpg\" alt=\"\" class=\"wp-image-76073\" width=\"481\" height=\"962\" srcset=\"https:\/\/centcols.org\/backup\/wp-content\/uploads\/2023\/08\/Photo4.jpg 384w, https:\/\/centcols.org\/backup\/wp-content\/uploads\/2023\/08\/Photo4-250x500.jpg 250w\" sizes=\"(max-width: 481px) 100vw, 481px\" \/><\/figure><\/div>\n\n\n\n<p><\/p>\n\n\n\n<p><\/p>\n\n\n\n<p class=\"has-text-align-right\"><em><em>Un article de G\u00e9rard Galland <\/em><\/em><\/p>\n","protected":false},"excerpt":{"rendered":"<p>Le collet du Plan Nicolas (FR-73-2406) est \u00e9ponyme d\u2019une zone situ\u00e9e au nord-ouest du col. (voir carte ci-dessus). Il est \u00e9galement nomm\u00e9 Col du Colomban Noir (Geo-alp) Le Collet de Plan Nicolas est situ\u00e9 \u00e0 l\u2019est du massif des Arves. Le sommet du Colomban Noir (\u00e0 environ 2500 m) est situ\u00e9 imm\u00e9diatement au nord du [&hellip;]<\/p>\n","protected":false},"author":397,"featured_media":0,"comment_status":"closed","ping_status":"closed","sticky":false,"template":"","format":"standard","meta":{"_acf_changed":false,"ub_ctt_via":"","_monsterinsights_skip_tracking":false,"_monsterinsights_sitenote_active":false,"_monsterinsights_sitenote_note":"","_monsterinsights_sitenote_category":0,"footnotes":""},"categories":[629],"tags":[],"acf":[],"featured_image_urls":{"full":"","thumbnail":"","medium":"","medium_large":"","large":"","1536x1536":"","2048x2048":"","woocommerce_thumbnail":"","woocommerce_single":"","woocommerce_gallery_thumbnail":""},"post_excerpt_stackable":"<p>Toponymie Le collet du Plan Nicolas (FR-73-2406) est \u00e9ponyme d\u2019une zone situ\u00e9e au nord-ouest du col. (voir carte ci-dessus). Il est \u00e9galement nomm\u00e9 Col du Colomban Noir (Geo-alp) Situation g\u00e9ographique Massif Le Collet de Plan Nicolas est situ\u00e9 \u00e0 l\u2019est du massif des Arves. Le sommet du Colomban Noir (\u00e0 environ 2500 m) est situ\u00e9 imm\u00e9diatement au nord du Collet. En dessous du Colomban Noir la carte IGN (voir ci-dessus) indique, au nord-ouest une zone appel\u00e9e \u00ab&nbsp;Plan Nicolas&nbsp;\u00bb Hydrographie Le col s\u00e9pare la vall\u00e9e de la Valloirette, versant nord de la route du Galibier de la vall\u00e9e du torrent de&hellip;<\/p>\n","category_list":"<a href=\"https:\/\/centcols.org\/backup\/en\/categorie\/miscellaneous\/\" rel=\"category tag\">Miscellaneous<\/a>","author_info":{"display_name":"Denis Chouquet-Stringer","author_link":"https:\/\/centcols.org\/backup\/en\/author\/6183\/"},"comments_num":"0 comments","featured_image_urls_v2":{"full":"","thumbnail":"","medium":"","medium_large":"","large":"","1536x1536":"","2048x2048":"","woocommerce_thumbnail":"","woocommerce_single":"","woocommerce_gallery_thumbnail":""},"post_excerpt_stackable_v2":"<p>Toponymie Le collet du Plan Nicolas (FR-73-2406) est \u00e9ponyme d\u2019une zone situ\u00e9e au nord-ouest du col. (voir carte ci-dessus). Il est \u00e9galement nomm\u00e9 Col du Colomban Noir (Geo-alp) Situation g\u00e9ographique Massif Le Collet de Plan Nicolas est situ\u00e9 \u00e0 l\u2019est du massif des Arves. Le sommet du Colomban Noir (\u00e0 environ 2500 m) est situ\u00e9 imm\u00e9diatement au nord du Collet. En dessous du Colomban Noir la carte IGN (voir ci-dessus) indique, au nord-ouest une zone appel\u00e9e \u00ab&nbsp;Plan Nicolas&nbsp;\u00bb Hydrographie Le col s\u00e9pare la vall\u00e9e de la Valloirette, versant nord de la route du Galibier de la vall\u00e9e du torrent de&hellip;<\/p>\n","category_list_v2":"<a href=\"https:\/\/centcols.org\/backup\/en\/categorie\/miscellaneous\/\" rel=\"category tag\">Miscellaneous<\/a>","author_info_v2":{"name":"Denis Chouquet-Stringer","url":"https:\/\/centcols.org\/backup\/en\/author\/6183\/"},"comments_num_v2":"0 comments","featured_image_src":null,"_links":{"self":[{"href":"https:\/\/centcols.org\/backup\/en\/wp-json\/wp\/v2\/posts\/78299"}],"collection":[{"href":"https:\/\/centcols.org\/backup\/en\/wp-json\/wp\/v2\/posts"}],"about":[{"href":"https:\/\/centcols.org\/backup\/en\/wp-json\/wp\/v2\/types\/post"}],"author":[{"embeddable":true,"href":"https:\/\/centcols.org\/backup\/en\/wp-json\/wp\/v2\/users\/397"}],"replies":[{"embeddable":true,"href":"https:\/\/centcols.org\/backup\/en\/wp-json\/wp\/v2\/comments?post=78299"}],"version-history":[{"count":0,"href":"https:\/\/centcols.org\/backup\/en\/wp-json\/wp\/v2\/posts\/78299\/revisions"}],"wp:attachment":[{"href":"https:\/\/centcols.org\/backup\/en\/wp-json\/wp\/v2\/media?parent=78299"}],"wp:term":[{"taxonomy":"category","embeddable":true,"href":"https:\/\/centcols.org\/backup\/en\/wp-json\/wp\/v2\/categories?post=78299"},{"taxonomy":"post_tag","embeddable":true,"href":"https:\/\/centcols.org\/backup\/en\/wp-json\/wp\/v2\/tags?post=78299"}],"curies":[{"name":"wp","href":"https:\/\/api.w.org\/{rel}","templated":true}]}}