{"id":78303,"date":"2023-08-06T11:05:53","date_gmt":"2023-08-06T09:05:53","guid":{"rendered":"https:\/\/centcols.org\/backup\/lautaret-2\/"},"modified":"2023-08-06T11:05:53","modified_gmt":"2023-08-06T09:05:53","slug":"lautaret-2","status":"publish","type":"post","link":"https:\/\/centcols.org\/backup\/en\/lautaret-2\/","title":{"rendered":"Le Col du Lautaret"},"content":{"rendered":"\n<h2 class=\"kt-adv-heading76174_4207b7-70 wp-block-kadence-advancedheading\" data-kb-block=\"kb-adv-heading76174_4207b7-70\">Toponymie<\/h2>\n\n\n\n<p class=\"has-medium-font-size\">Le toponyme du col du Lautaret (<strong><a href=\"https:\/\/centcols.org\/backup\/util\/geo\/visu.php?code=FR-05-2057\" target=\"_blank\" rel=\"noopener\" title=\"\">FR-05-2057<\/a><\/strong>) a une origine discut\u00e9e. Ce nom d\u00e9riverait&nbsp;:<\/p>\n\n\n\n<ul>\n<li><span style=\"font-size: 20px; font-family: arial, helvetica, sans-serif;\">de autaret (du latin altare \u2013 autel) petite hauteur sur laquelle on sacrifiait aux dieux<\/span><\/li>\n<li><span style=\"font-size: 20px; font-family: arial, helvetica, sans-serif;\">ou plus vraisemblablement du radical&nbsp;pr\u00e9-indoeurop\u00e9en&nbsp;<em>aut <\/em>exprimant l&#8217;id\u00e9e de \u00ab&nbsp;hauteur&nbsp;\u00bb, \u00ab&nbsp;\u00e9l\u00e9vation&nbsp;\u00bb, radical d&#8217;o\u00f9 sont issus, d&#8217;une part le mot latin&nbsp;<em>all\u00e2re<\/em>, \u00ab&nbsp;autel&nbsp;\u00bb et d&#8217;autre part,&nbsp;<em>allaret<\/em>,&nbsp;<em>allare<\/em>&nbsp;ou&nbsp;<em>autaret<\/em>, \u00ab&nbsp;point le plus haut d&#8217;un sentier aboutissant \u00e0 un col ou \u00e0 un alpage, \u00e0 une montagne&nbsp;\u00bb.<\/span><\/li>\n<\/ul>\n\n\n\n<p class=\"has-medium-font-size\">A noter&nbsp;: le catalogue des cols de France contient 2 cols du Lautaret et 4 cols de l\u2019Autaret.<\/p>\n\n\n<div class=\"wp-block-image\">\n<figure class=\"aligncenter size-large\"><img loading=\"lazy\" decoding=\"async\" width=\"1200\" height=\"900\" src=\"https:\/\/centcols.org\/backup\/wp-content\/uploads\/2023\/07\/lautaret-photo-1200x900.jpg\" alt=\"\" class=\"wp-image-75752\" srcset=\"https:\/\/centcols.org\/backup\/wp-content\/uploads\/2023\/07\/lautaret-photo-1200x900.jpg 1200w, https:\/\/centcols.org\/backup\/wp-content\/uploads\/2023\/07\/lautaret-photo-500x375.jpg 500w, https:\/\/centcols.org\/backup\/wp-content\/uploads\/2023\/07\/lautaret-photo-768x576.jpg 768w, https:\/\/centcols.org\/backup\/wp-content\/uploads\/2023\/07\/lautaret-photo-1536x1152.jpg 1536w, https:\/\/centcols.org\/backup\/wp-content\/uploads\/2023\/07\/lautaret-photo-2048x1536.jpg 2048w, https:\/\/centcols.org\/backup\/wp-content\/uploads\/2023\/07\/lautaret-photo-600x450.jpg 600w\" sizes=\"(max-width: 1200px) 100vw, 1200px\" \/><\/figure><\/div>\n\n\n<h2 class=\"kt-adv-heading76174_87f99c-d3 wp-block-kadence-advancedheading\" data-kb-block=\"kb-adv-heading76174_87f99c-d3\">Situation g\u00e9ographique<\/h2>\n\n\n\n<h3 class=\"kt-adv-heading76174_61c403-18 wp-block-kadence-advancedheading\" data-kb-block=\"kb-adv-heading76174_61c403-18\">Massifs<\/h3>\n\n\n\n<p class=\"has-medium-font-size\">C&#8217;est un des points les plus bas de la ligne de cr\u00eate s\u00e9parant&nbsp;les <a href=\"https:\/\/fr.wikipedia.org\/wiki\/Alpes_du_Nord\" target=\"_blank\" rel=\"noopener\" title=\"\">Alpes du Nord<\/a>&nbsp;et les&nbsp;<a href=\"https:\/\/fr.wikipedia.org\/wiki\/Alpes_du_Sud_(France)\" target=\"_blank\" rel=\"noopener\" title=\"\">Alpes du Sud<\/a>, entre le massif des&nbsp;<a href=\"https:\/\/fr.wikipedia.org\/wiki\/Massif_des_Arves\" target=\"_blank\" rel=\"noopener\" title=\"\">Arves<\/a>&nbsp;au nord et le &nbsp;<a href=\"https:\/\/fr.wikipedia.org\/wiki\/Massif_des_%C3%89crins\" target=\"_blank\" rel=\"noopener\" title=\"\">massif des \u00c9crins<\/a> au sud. &nbsp;<\/p>\n\n\n\n<h3 class=\"kt-adv-heading76174_351adb-75 wp-block-kadence-advancedheading\" data-kb-block=\"kb-adv-heading76174_351adb-75\">G\u00e9ologie<\/h3>\n\n\n\n<p class=\"has-medium-font-size\">Le col du Lautaret ne fait pas exception \u00e0 la r\u00e8gle qui pr\u00e9vaut dans ce secteur alpin.&nbsp; Des couches g\u00e9ologiques dissemblables se c\u00f4toient et se chevauchent all\u00e9grement sous la pouss\u00e9e du soul\u00e8vement alpin toujours en cours actuellement. <\/p>\n\n\n\n<p class=\"has-medium-font-size\">Ce qui caract\u00e9rise le Col du Lautaret est sa cr\u00eate mousse, arrondie, r\u00e9sultat de l\u2019action abrasive d\u2019un glacier se r\u00e9pandant dans chacune des deux vall\u00e9es contig\u00fces. Un d\u00e9p\u00f4t morainique de fond de glacier a accentu\u00e9 la platitude du col.&nbsp; Serre Orel, le petit mamelon situ\u00e9 au sud du col, plus r\u00e9sistant a gard\u00e9 un relief plus vigoureux.<\/p>\n\n\n\n<p class=\"has-medium-font-size\">Un bon nombre d\u2019\u00e9difices religieux en Oisans, dans les vall\u00e9es de la Guisane, de la Clar\u00e9e, de la haute Durance et de la haute Romanche ont \u00e9t\u00e9 construits avec les tufs calcaires \u00e0 v\u00e9g\u00e9taux extraits des tuffi\u00e8res locales dont l\u2019une se trouve au col du Lautaret dans le Jardin alpin. Appel\u00e9es ainsi en raison de leur formation particuli\u00e8re par interaction entre le calcaire, l\u2019eau et des v\u00e9g\u00e9taux.&nbsp;<\/p>\n\n\n\n<p class=\"has-medium-font-size\">Le lecteur int\u00e9ress\u00e9 se reportera&nbsp;\u00e0 l\u2019article tr\u00e8s complet de&nbsp;<a href=\"http:\/\/www.geol-alp.com\/h_oisans\/_lieux\/guisane_vallouise\/Lautaret.html\" target=\"_blank\" rel=\"noopener\" title=\"\">geol-alp.com&nbsp;<\/a><\/p>\n\n\n\n<h3 class=\"wp-block-heading\">Hydrographie<\/h3>\n\n\n\n<p class=\"has-medium-font-size\">Le col du Lautaret est situ\u00e9 sur la ligne de partage des eaux entre le &nbsp;<a href=\"https:\/\/cyclotourisme-grenoble-ctg.org\/CTG\/les-cols-situes-sur-les-lignes-de-partage-des-eaux-autour-du-bassin-de-lisere\/\" target=\"_blank\" rel=\"noopener\" title=\"\">bassin de l\u2019Is\u00e8re<\/a> et le <a href=\"https:\/\/cyclotourisme-grenoble-ctg.org\/CTG\/les-cols-situes-sur-les-lpe-autour-du-bassin-de-la-durance\/\" target=\"_blank\" rel=\"noopener\" title=\"\">bassin de la Durance<\/a> (tous deux tributaires du Rh\u00f4ne).<\/p>\n\n\n\n<p class=\"has-medium-font-size\">Cot\u00e9 <strong>Alpes du Nord<\/strong> (mais orient\u00e9 \u00e0 l\u2019ouest au col du Lautaret), la <a href=\"https:\/\/fr.wikipedia.org\/wiki\/Romanche_(rivi%C3%A8re)\" target=\"_blank\" rel=\"noopener\" title=\"\">Romanche<\/a> (affluent du Drac puis de l\u2019Is\u00e8re)&nbsp; prend sa source au sud-ouest du col, au&nbsp;glacier de la Plate des Agneaux, dans la partie nord du&nbsp;massif des \u00c9crins.<\/p>\n\n\n\n<p class=\"has-medium-font-size\">Cot\u00e9 <strong>Alpes du sud<\/strong>, <a href=\"https:\/\/fr.wikipedia.org\/wiki\/Vall%C3%A9e_de_la_Guisane\" target=\"_blank\" rel=\"noopener\" title=\"\">&nbsp;la Guisane<\/a> (affluent de la Durance) prend sa source pr\u00e8s du col, au sud de celui-ci, &nbsp;sur le versant nord du massif de&nbsp;<a href=\"https:\/\/fr.wikipedia.org\/wiki\/Combeynot\" target=\"_blank\" rel=\"noopener\" title=\"\">Combeynot<\/a>.<\/p>\n\n\n\n<h3 class=\"wp-block-heading\">Acc\u00e8s<\/h3>\n\n\n<div class=\"wp-block-image\">\n<figure class=\"aligncenter size-large is-resized\"><img loading=\"lazy\" decoding=\"async\" width=\"802\" height=\"439\" src=\"https:\/\/centcols.org\/backup\/wp-content\/uploads\/2023\/07\/Lautaret.jpg\" alt=\"\" class=\"wp-image-75758\" style=\"width:941px;height:514px\" srcset=\"https:\/\/centcols.org\/backup\/wp-content\/uploads\/2023\/07\/Lautaret.jpg 802w, https:\/\/centcols.org\/backup\/wp-content\/uploads\/2023\/07\/Lautaret-500x274.jpg 500w, https:\/\/centcols.org\/backup\/wp-content\/uploads\/2023\/07\/Lautaret-768x420.jpg 768w, https:\/\/centcols.org\/backup\/wp-content\/uploads\/2023\/07\/Lautaret-600x328.jpg 600w\" sizes=\"(max-width: 802px) 100vw, 802px\" \/><\/figure><\/div>\n\n\n<p class=\"has-medium-font-size\"><strong>Versant Ouest (Alpes du Nord)<\/strong><\/p>\n\n\n\n<p class=\"has-medium-font-size\">La N85 conduit de Grenoble (\u00e0 90 km, alt. 214 m) \u00e0 Vizille (\u00e0 72 km, alt. 278 m), puis la D1091 \u00e0 &nbsp;Bourg d\u2019Oisans (\u00e0 40 km, alt. 719m).<\/p>\n\n\n\n<p class=\"has-medium-font-size\">Apr\u00e8s Bourg d\u2019Oisans la ligne droite longue de 4,5 km \u2013 le long de la rive droite de la Romanche conduit au Clapier. Au niveau du barrage \u00e9ponyme, la D1091 attaque la rampe des Comm\u00e8res, au dessus des gorges de l\u2019Infernet.<br>La m\u00e9moire collective veut que ce vocable \u00ab&nbsp;rampe des comm\u00e8res&nbsp;\u00bb vienne de la n\u00e9cessit\u00e9 pour les voyageurs de descendre de la diligence \u2013 pour ne pas \u00e9puiser les montures &#8211; sur cette section de route \u00e0 la pente trop raide. Cette marche forc\u00e9e d\u00e9liait les langues et surtout celles des dames qui parlaient de tout, de rien.<br>Une explication plus rationnelle veut que ce nom provienne de la pr\u00e9sence du ruisseau des Comm\u00e8res qu\u2019il a \u00e9t\u00e9 n\u00e9cessaire de canaliser pour le passage de la route. Pour plus de d\u00e9tails&nbsp;:<br><a href=\"https:\/\/freneydoisans.com\/freneytique\/mystere-de-la-rampe-des-commeres\/\" target=\"_blank\" rel=\"noopener\" title=\"\">https:\/\/freneydoisans.com\/freneytique\/mystere-de-la-rampe-des-commeres\/<\/a><\/p>\n\n\n\n<p class=\"has-medium-font-size\">Puis la route m\u00e8ne au barrage du Chambon (\u00e0 25 km, alt.&nbsp; 1040 m), et franchit la limite Is\u00e8re \/ Hautes-Alpes \u00e0 19 km du col, (alt. 1134 m) puis traverse la Grave (\u00e0 11 km, alt.1526 m)<\/p>\n\n\n\n<p class=\"has-medium-font-size\"><strong>Versant&nbsp;Sud-Est (Alpes du Sud)<\/strong><\/p>\n\n\n\n<p class=\"has-medium-font-size\">De Brian\u00e7on (\u00e0 27 km,&nbsp;alt. 1215 m) la D1091 conduit au col du Lautaret en traversant la station de Serre-Chevalier et ses diff\u00e9rents villages&nbsp;: Chantemerle (commune de St Chaffrey &#8211;&nbsp; \u00e0 22,5 km,&nbsp; alt. 1350m), Villeneuve (commune de La Salle-les-Alpes, \u00e0 19 km alt. 1385), le Monetier les Bains (\u00e0 13 km, alt.1500 m).<\/p>\n\n\n\n<div class=\"wp-block-columns is-layout-flex wp-container-core-columns-is-layout-1 wp-block-columns-is-layout-flex\">\n<div class=\"wp-block-column is-layout-flow wp-block-column-is-layout-flow\">\n<p class=\"has-medium-font-size\"><strong>Acc\u00e8s depuis le Galibier<\/strong><\/p>\n\n\n\n<p class=\"has-medium-font-size\">Du col du Galibier (2642 m) au col du Lautaret (2057 m), 8,7 km de descente par la D1091 (pente moyenne 6,7 %).<\/p>\n<\/div>\n<\/div>\n\n\n\n<div class=\"wp-block-columns are-vertically-aligned-center is-layout-flex wp-container-core-columns-is-layout-2 wp-block-columns-is-layout-flex\">\n<div class=\"wp-block-column is-vertically-aligned-center is-layout-flow wp-block-column-is-layout-flow\"><\/div>\n\n\n\n<div class=\"wp-block-column is-vertically-aligned-center is-layout-flow wp-block-column-is-layout-flow\"><\/div>\n<\/div>\n\n\n\n<h3 class=\"kt-adv-heading76174_0c03f1-5f wp-block-kadence-advancedheading\" data-kb-block=\"kb-adv-heading76174_0c03f1-5f\"><strong>Modifications des acc\u00e8s<\/strong><\/h3>\n\n\n\n<p class=\"has-medium-font-size\"><strong>Versant ouest (Alpes du nord)<\/strong><\/p>\n\n\n\n<p class=\"has-medium-font-size\">Cette route \u00e0 travers les Alpes a \u00e9t\u00e9 pr\u00e9c\u00e9d\u00e9e par plusieurs autres voies de circulation, dont une&nbsp;voie romaine&nbsp;reliant Grenoble \u00e0 Brian\u00e7on durant l\u2019Antiquit\u00e9&nbsp;et, des si\u00e8cles plus &nbsp;tard, la route de Grenoble \u00e0 Brian\u00e7on, aussi nomm\u00e9e petite route de l\u2019Oisans, puis la&nbsp;route imp\u00e9riale&nbsp;n<sup>o<\/sup>&nbsp;110&nbsp;au d\u00e9but du&nbsp;xix<sup>e<\/sup>&nbsp;si\u00e8cle. Leurs trac\u00e9s n\u2019\u00e9taient pas identiques, mais globalement proches.<\/p>\n\n\n\n<p class=\"has-medium-font-size\">Avant la cr\u00e9ation du&nbsp;<a href=\"https:\/\/fr.wikipedia.org\/wiki\/Barrage_du_Chambon\" target=\"_blank\" rel=\"noopener\" title=\"\">barrage du Chambon<\/a>&nbsp;(mis en eau en 1935), la route passait en fond de vall\u00e9e. Le lac de retenue ayant pour effet de noyer cet endroit, un nouveau trac\u00e9 est fait pour la route, qui passe sur le couronnement du barrage avant de longer le lac sur son c\u00f4t\u00e9 nord en passant par le&nbsp;<a href=\"https:\/\/fr.wikipedia.org\/wiki\/Tunnel_du_Chambon\" target=\"_blank\" rel=\"noopener\" title=\"\">tunnel du Chambon<\/a>.<\/p>\n\n\n\n<p class=\"has-medium-font-size\">Le&nbsp;10 avril 2015, le&nbsp;<a href=\"https:\/\/fr.wikipedia.org\/wiki\/Tunnel_du_Chambon\" target=\"_blank\" rel=\"noopener\" title=\"\">tunnel du Chambon<\/a>&nbsp;&nbsp;est compl\u00e8tement ferm\u00e9 \u00e0 la circulation, pour cause d\u2019<a href=\"https:\/\/fr.wikipedia.org\/wiki\/Glissement_de_terrain_du_Chambon\" target=\"_blank\" rel=\"noopener\" title=\"\">\u00e9boulements et glissements de terrain<\/a>&nbsp;ayant fragilis\u00e9 l\u2019ouvrage. Ceci provoque une coupure totale de la D1091 et d\u2019importants probl\u00e8mes de circulation dans la vall\u00e9e, pour les habitants comme pour les professionnels et touristes habitu\u00e9s \u00e0 l\u2019emprunter Une&nbsp;<a href=\"https:\/\/fr.wikipedia.org\/wiki\/Route_de_secours_1091\" target=\"_blank\" rel=\"noopener\" title=\"\">route de secours (RS 1091)<\/a>&nbsp;a \u00e9t\u00e9 ouverte sur la rive gauche du lac le&nbsp;24 novembre 2015. Elle a \u00e9t\u00e9 emprunt\u00e9 par le BRA en 2017 (par obligation) et en 2019 (lors de l\u2019inauguration du nouveau tunnel par le d\u00e9partement de l\u2019Is\u00e8re). Voie verte depuis 2020, elle a \u00e9t\u00e9 emprunt\u00e9 en 2023 pour \u00e9viter le passage dans le tunnel long de&nbsp;990&nbsp;m.<\/p>\n\n\n<div class=\"wp-block-image\">\n<figure class=\"aligncenter size-large is-resized\"><img loading=\"lazy\" decoding=\"async\" width=\"860\" height=\"466\" src=\"https:\/\/centcols.org\/backup\/wp-content\/uploads\/2023\/07\/Chambon.jpg\" alt=\"\" class=\"wp-image-75764\" style=\"width:940px;height:509px\" srcset=\"https:\/\/centcols.org\/backup\/wp-content\/uploads\/2023\/07\/Chambon.jpg 860w, https:\/\/centcols.org\/backup\/wp-content\/uploads\/2023\/07\/Chambon-500x271.jpg 500w, https:\/\/centcols.org\/backup\/wp-content\/uploads\/2023\/07\/Chambon-768x416.jpg 768w, https:\/\/centcols.org\/backup\/wp-content\/uploads\/2023\/07\/Chambon-600x325.jpg 600w\" sizes=\"(max-width: 860px) 100vw, 860px\" \/><figcaption class=\"wp-element-caption\"><strong>Les travaux de percement d\u2019un tunnel de d\u00e9rivation, men\u00e9s par le D\u00e9partement de l\u2019Is\u00e8re, ont commenc\u00e9 en&nbsp;mai 2016. Ce&nbsp;<a href=\"http:\/\/geoconfluences.ens-lyon.fr\/actualites\/veille\/la-fermeture-du-tunnel-du-chambon-un-exemple-de-risque-en-montagne#:~:text=D'une%20\" target=\"_blank\" rel=\"noopener\" title=\"\">tunnel de d\u00e9rivation<\/a>&nbsp;est creus\u00e9 plus profond\u00e9ment dans la montagne et permet d\u2019\u00e9viter la zone fragilis\u00e9e. Apr\u00e8s&nbsp; des ouvertures temporaires, l\u2019ouverture d\u00e9finitive a eu lieu le&nbsp;15 d\u00e9cembre 2017, apr\u00e8s deux ans et demi de fermeture.<\/strong><\/figcaption><\/figure><\/div>\n\n\n<p class=\"has-medium-font-size\"><strong>Vers le Galibier<\/strong><\/p>\n\n\n\n<p class=\"has-medium-font-size\">La route actuelle date de 1936.<\/p>\n\n\n\n<p class=\"has-medium-font-size\">Pour un historique des &nbsp;modifications de la route, consulter l\u2019article de Lucien Chevalier&nbsp;:&nbsp;<strong><u><a href=\"https:\/\/centcols.org\/backup\/wp-admin\/Une%20histoire%20de%20la%20route%20du%20col%20du%20Galibier%20.\" target=\"_blank\" rel=\"noreferrer noopener\">Une histoire de la route du col du Galibier<\/a><\/u><\/strong>.<\/p>\n\n\n\n<p><\/p>\n\n\n\n<h2 class=\"wp-block-heading\">A voir &#8211; tourisme&nbsp;<\/h2>\n\n\n\n<h4 class=\"wp-block-heading has-medium-font-size\"><br>Versant ouest (Alpes du nord)<\/h4>\n\n\n\n<p class=\"has-medium-font-size\"><strong>Le barrage du Chambon<\/strong><\/p>\n\n\n\n<p class=\"has-medium-font-size\">&nbsp;Les travaux de construction ont commenc\u00e9 en septembre&nbsp;1929, et se sont achev\u00e9s&nbsp;en d\u00e9cembre 1935.<\/p>\n\n\n<div class=\"wp-block-image\">\n<figure class=\"aligncenter size-large\"><img loading=\"lazy\" decoding=\"async\" width=\"1200\" height=\"800\" src=\"https:\/\/centcols.org\/backup\/wp-content\/uploads\/2023\/07\/4528492-diaporama.jpg\" alt=\"\" class=\"wp-image-75776\" srcset=\"https:\/\/centcols.org\/backup\/wp-content\/uploads\/2023\/07\/4528492-diaporama.jpg 1200w, https:\/\/centcols.org\/backup\/wp-content\/uploads\/2023\/07\/4528492-diaporama-500x333.jpg 500w, https:\/\/centcols.org\/backup\/wp-content\/uploads\/2023\/07\/4528492-diaporama-768x512.jpg 768w, https:\/\/centcols.org\/backup\/wp-content\/uploads\/2023\/07\/4528492-diaporama-600x400.jpg 600w\" sizes=\"(max-width: 1200px) 100vw, 1200px\" \/><\/figure><\/div>\n\n\n<p class=\"has-medium-font-size\">Depuis 2003, il est labellis\u00e9<strong>&nbsp;<a href=\"https:\/\/fr.wikipedia.org\/wiki\/Liste_des_%C3%A9difices_labellis%C3%A9s_%C2%AB_Patrimoine_du_XXe_si%C3%A8cle_%C2%BB_de_l%27Is%C3%A8re\" target=\"_blank\" rel=\"noopener\" title=\"\">\u00ab&nbsp;Patrimoine du&nbsp;XXe&nbsp;si\u00e8cle&nbsp;\u00bb de l&#8217;Is\u00e8re<\/a><\/strong>.<\/p>\n\n\n\n<p class=\"has-medium-font-size\">Apr\u00e8s 80&nbsp;ans d\u2019existence, le barrage est victime du ph\u00e9nom\u00e8ne d&#8217;alcali-r\u00e9action&nbsp;(maladie du b\u00e9ton), il doit tous les quinze ans subir un traitement particulier. C&#8217;est pour cela que dans les vingt ans \u00e0 venir un remplacement&nbsp;du barrage est envisag\u00e9.<\/p>\n\n\n\n<figure class=\"wp-block-image size-large\"><img decoding=\"async\" src=\"blob:https:\/\/centcols.org\/backup\/122d29b7-e066-4c3f-89a1-bcc6590cfee0\" alt=\"\"\/><\/figure>\n\n\n\n<p class=\"has-medium-font-size\"><strong>La Grave&nbsp;<\/strong><\/p>\n\n\n\n<div class=\"wp-block-columns is-layout-flex wp-container-core-columns-is-layout-3 wp-block-columns-is-layout-flex\">\n<div class=\"wp-block-column is-layout-flow wp-block-column-is-layout-flow\" style=\"flex-basis:66.66%\">\n<ul>\n<li><span style=\"font-size: 20px; font-family: arial, helvetica, sans-serif;\">Grand site de ski hors-piste de renomm\u00e9e internationale avec les Vallons de la Meije.<\/span><\/li>\n<li><span style=\"font-size: 20px; font-family: arial, helvetica, sans-serif;\">Ensemble religieux compos\u00e9 de l&#8217;\u00e9glise paroissiale, d&#8217;une chapelle et du cimeti\u00e8re, \u00e0 la Grave, class\u00e9&nbsp;monument historique&nbsp;depuis 1959. Cet ensemble comprend l<strong>&#8216;<\/strong><strong><a href=\"https:\/\/fr.wikipedia.org\/wiki\/%C3%89glise_Notre-Dame-de-l%27Assomption_de_La_Grave\" target=\"_blank\" rel=\"noreferrer noopener\">\u00e9glise Notre-Dame-de-l&#8217;Assomption<\/a><\/strong>, datant initialement du&nbsp;XI<sup>e<\/sup> si\u00e8cle, et de style roman lombard ; elle a connu des reconstructions ou modifications aux XV<sup>e<\/sup>,&nbsp;XVII<sup>e<\/sup>&nbsp;et&nbsp;XIX<sup>e<\/sup>&nbsp;si\u00e8cles. Font aussi partie de l&#8217;ensemble religieux&nbsp;: le cimeti\u00e8re entourant l&#8217;\u00e9glise et la&nbsp;<em>Chapelle des P\u00e9nitents Blancs<\/em><sup>.<\/sup><\/span><\/li>\n<\/ul>\n<\/div>\n\n\n\n<div class=\"wp-block-column is-layout-flow wp-block-column-is-layout-flow\" style=\"flex-basis:33.33%\"><div class=\"wp-block-image\">\n<figure class=\"aligncenter size-large is-resized\"><img loading=\"lazy\" decoding=\"async\" width=\"502\" height=\"683\" src=\"https:\/\/centcols.org\/backup\/wp-content\/uploads\/2023\/07\/image-5.png\" alt=\"\" class=\"wp-image-75782\" style=\"width:342px;height:465px\" srcset=\"https:\/\/centcols.org\/backup\/wp-content\/uploads\/2023\/07\/image-5.png 502w, https:\/\/centcols.org\/backup\/wp-content\/uploads\/2023\/07\/image-5-367x500.png 367w\" sizes=\"(max-width: 502px) 100vw, 502px\" \/><\/figure><\/div><\/div>\n<\/div>\n\n\n\n<p class=\"has-medium-font-size\"><strong>Villar-d\u2019Ar\u00eane&nbsp;<\/strong><\/p>\n\n\n\n<p class=\"has-medium-font-size\">Le b\u00e2timent du four banal accueille encore la tradition de la cuisson du pain, quelques jours dans l&#8217;ann\u00e9e et notamment le&nbsp;3<sup>e<\/sup>&nbsp;week-end de novembre, avec la fabrication du \u00ab&nbsp;pain bouilli&nbsp;\u00bb<\/p>\n\n\n\n<h4 class=\"wp-block-heading has-medium-font-size\">Versant&nbsp;sud-est (Alpes du sud)<\/h4>\n\n\n\n<div class=\"wp-block-columns is-layout-flex wp-container-core-columns-is-layout-4 wp-block-columns-is-layout-flex\">\n<div class=\"wp-block-column is-layout-flow wp-block-column-is-layout-flow\" style=\"flex-basis:100%\">\n<ul>\n<li><span style=\"font-size: 20px; font-family: arial, helvetica, sans-serif;\">Station de ski de Serre-Chevalier<\/span><\/li>\n<li><span style=\"font-size: 20px; font-family: arial, helvetica, sans-serif;\"><a href=\"https:\/\/lesgrandsbainsdumonetier.fr\/\" target=\"_blank\" rel=\"noopener\">Les Grands Bains du Monetier&nbsp;<\/a>: Situ\u00e9 au c\u0153ur de la station de ski de Serre-Chevalier, dans les Alpes du Sud, l\u2019\u00e9tablissement SPA des Grands Bains du Mon\u00eatier b\u00e9n\u00e9ficie d\u2019une Eau Naturellement Chaude qui jaillit \u00e0 temp\u00e9rature de 44\u00b0C en sortie de source.<\/span><\/li>\n<li><span style=\"font-size: 20px; font-family: arial, helvetica, sans-serif;\">Le Casset (commune de Mon\u00e9tier-les Bains). Au <a href=\"https:\/\/www.serre-chevalier.com\/fr\/faune-flore\/centre-accueil-parc-national-ecrins-casset\" target=\"_blank\" rel=\"noopener\">Centre d&#8217;accueil du Parc national des \u00c9crins<\/a>&nbsp;: projections, ateliers, rencontre avec un garde-moniteur, &#8230;<\/span><\/li>\n<\/ul>\n\n\n\n<p><\/p>\n<\/div>\n<\/div>\n\n\n\n<div class=\"wp-block-columns is-layout-flex wp-container-core-columns-is-layout-5 wp-block-columns-is-layout-flex\">\n<div class=\"wp-block-column is-layout-flow wp-block-column-is-layout-flow\" style=\"flex-basis:33.33%\"><\/div>\n\n\n\n<div class=\"wp-block-column is-layout-flow wp-block-column-is-layout-flow\" style=\"flex-basis:66.66%\"><\/div>\n<\/div>\n\n\n\n<div class=\"wp-block-columns is-layout-flex wp-container-core-columns-is-layout-6 wp-block-columns-is-layout-flex\">\n<div class=\"wp-block-column is-layout-flow wp-block-column-is-layout-flow\" style=\"flex-basis:66.66%\"><\/div>\n\n\n\n<div class=\"wp-block-column is-layout-flow wp-block-column-is-layout-flow\" style=\"flex-basis:33.33%\"><\/div>\n<\/div>\n\n\n\n<h4 class=\"wp-block-heading has-medium-font-size\">Au col<\/h4>\n\n\n\n<p class=\"has-medium-font-size\"><strong>La station alpine<\/strong> Joseph-Fourier est une structure de l&#8217;Universit\u00e9 Grenoble-Alpes&nbsp;et du&nbsp;CNRS. Elle se compose de trois entit\u00e9s, dont deux au col du Lautaret&nbsp;:<\/p>\n\n\n\n<ul>\n<li><span style=\"font-size: 20px; font-family: arial, helvetica, sans-serif;\">le chalet-laboratoire du Lautaret\u00a0;<\/span><\/li>\n<li><span style=\"font-size: 20px; font-family: arial, helvetica, sans-serif;\">le\u00a0<a href=\"https:\/\/fr.wikipedia.org\/wiki\/Jardin_botanique_du_col_du_Lautaret\" target=\"_blank\" rel=\"noopener\">jardin botanique alpin du Lautaret<\/a>\u00a0(qui est \u00e9galement un\u00a0site class\u00e9)\u00a0;<\/span><\/li>\n<li><span style=\"font-size: 20px; font-family: arial, helvetica, sans-serif;\">l&#8217;<a href=\"https:\/\/fr.wikipedia.org\/wiki\/Arboretum_Robert_Ruffier-Lanche\" target=\"_blank\" rel=\"noopener\">arboretum Robert Ruffier-Lanche<\/a>\u00a0(sur le campus de\u00a0Saint-Martin d&#8217;H\u00e8res).<\/span><\/li>\n<\/ul>\n\n\n\n<p class=\"has-medium-font-size\">Le jardin botanique pr\u00e9sente des plantes de la r\u00e9gion du col du Lautaret et des autres montagnes du monde. Les collections du jardin pr\u00e9sentent plus de 2&nbsp;000 esp\u00e8ces. Il s&#8217;ins\u00e8re dans un environnement naturel lui-m\u00eame marqu\u00e9 par des conditions climatiques sp\u00e9cifiques et une importante biodiversit\u00e9. Diff\u00e9rentes \u00e9tudes scientifiques ont \u00e9t\u00e9 et sont men\u00e9es dans le secteur, en lien avec la station alpine Joseph-Fourier et d&#8217;autres organismes de recherche scientifique. Les&nbsp;<em>Cahiers illustr\u00e9s du Lautaret<\/em>&nbsp;sont l&#8217;exemple d&#8217;une restitution au public de travaux men\u00e9s en lien avec cette station, par le biais de documents \u00e9dit\u00e9s.<\/p>\n\n\n\n<p class=\"has-medium-font-size\">Depuis 2016, les installations situ\u00e9es au col du Lautaret ont \u00e9t\u00e9 compl\u00e9t\u00e9es par la&nbsp;galerie de l&#8217;Alpe, \u00e9difice plus adapt\u00e9 aux activit\u00e9s d&#8217;accueil du public, de recherche et de formation de la station alpine que les chalets existants.<\/p>\n\n\n\n<p class=\"has-medium-font-size\">A noter &nbsp;:<br><em>&#8211; avant d&#8217;\u00eatre au col du Lautaret, le jardin alpin \u00e9tait \u00e0 Villar-d&#8217;Ar\u00eane (un peu au dessus du village en allant vers le pied du col)<br>&#8211; avec le r\u00e9chauffement climatique, des plantations exp\u00e9rimentales sont men\u00e9es dans les pentes du Galibier au dessus de 2400 m &#8230;..<\/em><\/p>\n\n\n\n<p class=\"has-medium-font-size\"><strong>La<\/strong> <strong>Chapelle des fusill\u00e9s<\/strong>&nbsp;: Perch\u00e9e au sommet du col du Lautaret, une chapelle a \u00e9t\u00e9 \u00e9rig\u00e9e en m\u00e9moire de plusieurs victimes de la seconde guerre mondiale.<br>Au d\u00e9but du mois d&#8217;ao\u00fbt 1944, une colonne de soldats allemands en retraite avance p\u00e9niblement de Brian\u00e7on vers Grenoble. Harcel\u00e9s par les r\u00e9sistants, ils s\u00e8ment la mort tout au long de leur parcours. Le 11 ao\u00fbt, dix-sept r\u00e9sistants sont ex\u00e9cut\u00e9s au col du Lautaret. Le m\u00eame jour, les Allemands prennent en otage tous les habitants masculins de Villar-d&#8217;Ar\u00eane. Six otages et un soldat allemand p\u00e9rissent dans l&#8217;explosion d&#8217;une mine sous le tunnel du Chambon. Les 14 et 15 ao\u00fbt 1944, les nazis ex\u00e9cutent \u00e0 Bourg-d&#8217;Oisans des Juifs, des r\u00e9sistants et des otages, avant de poursuivre leur route vers Grenoble.<\/p>\n\n\n\n<h2 class=\"wp-block-heading\">Situation administrative<\/h2>\n\n\n\n<h3 class=\"wp-block-heading\">Actuellement<\/h3>\n\n\n\n<p class=\"has-medium-font-size\">Le col marque&nbsp; la limite entre deux communes des Hautes-Alpes &nbsp;<a href=\"https:\/\/fr.wikipedia.org\/wiki\/Villar-d%27Ar%C3%AAne\" target=\"_blank\" rel=\"noopener\" title=\"\">Villar-d&#8217;Ar\u00eane<\/a>&nbsp;et&nbsp;<a href=\"https:\/\/fr.wikipedia.org\/wiki\/Villar-d%27Ar%C3%AAne\" target=\"_blank\" rel=\"noopener\" title=\"\">Mon\u00eatier-les-Bains<\/a>.<\/p>\n\n\n\n<h3 class=\"wp-block-heading\">Histoire<\/h3>\n\n\n\n<p class=\"has-medium-font-size\">Les deux versants du col du Lautaret sont dans le d\u00e9partement des Hautes-Alpes.<\/p>\n\n\n\n<p class=\"has-medium-font-size\">&nbsp;Pourquoi la limite des d\u00e9partements Is\u00e8re Hautes-Alpes ne&nbsp; co\u00efncide pas avec la LPE Is\u00e8re \/ Durance&nbsp; au col du Lautaret ?<\/p>\n\n\n\n<p class=\"has-medium-font-size\"><em>\u00c0 la cr\u00e9ation du d\u00e9partement,<\/em>&nbsp;<em>en 1790, les communes de&nbsp;La Grave&nbsp;et de&nbsp;<a href=\"https:\/\/fr.wikipedia.org\/wiki\/Villar-d%27Ar%C3%AAne\" target=\"_blank\" rel=\"noopener\" title=\"\">Villar-d\u2019Ar\u00eane<\/a> (val de Romanche) r\u00e9clam\u00e8rent leur rattachement aux Hautes-Alpes (et non pas \u00e0 l\u2019Is\u00e8re) parce qu\u2019elles esp\u00e9raient b\u00e9n\u00e9ficier ainsi du statut avantageux des&nbsp;<u><a href=\"https:\/\/fr.wikipedia.org\/wiki\/R%C3%A9publique_des_Escartons\" target=\"_blank\" rel=\"noopener\" title=\"\">Escartons du Brian\u00e7onnais<\/a><\/u>.<\/em><\/p>\n\n\n\n<p class=\"has-medium-font-size\">Jusqu\u2019en 1790, les deux versants du col du Lautaret ont fait partie de la Province du Dauphin\u00e9 et, depuis 1790, ils sont situ\u00e9s dans le d\u00e9partement des Hautes-Alpes.<\/p>\n\n\n\n<h2 class=\"wp-block-heading\">Cyclisme et cyclotourisme<\/h2>\n\n\n\n<p class=\"has-medium-font-size\">Le col du Lautaret est &#8220;un grand classique&#8221; sur la route du <a href=\"https:\/\/centcols.org\/backup\/le-col-du-galibier\/\" target=\"_blank\" rel=\"noopener\" title=\"\">col du Galibier<\/a> : toutes les \u00e9preuves de cyclisme (Tour de France, Crit\u00e9rium du Dauphin\u00e9), tous les circuits de cyclotourisme (Marmotte, BRA) y passent.<\/p>\n\n\n\n<h3 class=\"wp-block-heading\">Profil<\/h3>\n\n\n\n<p class=\"has-medium-font-size\">On trouve de nombreux profils sur internet.<\/p>\n\n\n\n<p class=\"has-medium-font-size\">A titre d\u2019exemple, ceux copi\u00e9s sur le <a href=\"https:\/\/www.cols-cyclisme.com\/arves-et-grandes-rousses\/france\/col-du-lautaret-depuis-le-clapier-c48.htm\" target=\"_blank\" rel=\"noopener\" title=\"\">site cols-cyclisme<\/a> montrent qu\u2019il n\u2019y a pas de passage \u00ab&nbsp;s\u00e9v\u00e8re&nbsp;\u00bb dans la mont\u00e9e du Lautaret.<\/p>\n\n\n<div class=\"wp-block-image\">\n<figure class=\"aligncenter size-large\"><img loading=\"lazy\" decoding=\"async\" width=\"636\" height=\"420\" src=\"https:\/\/centcols.org\/backup\/wp-content\/uploads\/2023\/07\/Profil1-1.jpg\" alt=\"\" class=\"wp-image-75800\" srcset=\"https:\/\/centcols.org\/backup\/wp-content\/uploads\/2023\/07\/Profil1-1.jpg 636w, https:\/\/centcols.org\/backup\/wp-content\/uploads\/2023\/07\/Profil1-1-500x330.jpg 500w, https:\/\/centcols.org\/backup\/wp-content\/uploads\/2023\/07\/Profil1-1-600x396.jpg 600w\" sizes=\"(max-width: 636px) 100vw, 636px\" \/><\/figure><\/div>\n\n<div class=\"wp-block-image\">\n<figure class=\"aligncenter size-large\"><img loading=\"lazy\" decoding=\"async\" width=\"633\" height=\"352\" src=\"https:\/\/centcols.org\/backup\/wp-content\/uploads\/2023\/07\/Profil2.jpg\" alt=\"\" class=\"wp-image-75806\" srcset=\"https:\/\/centcols.org\/backup\/wp-content\/uploads\/2023\/07\/Profil2.jpg 633w, https:\/\/centcols.org\/backup\/wp-content\/uploads\/2023\/07\/Profil2-500x278.jpg 500w, https:\/\/centcols.org\/backup\/wp-content\/uploads\/2023\/07\/Profil2-600x334.jpg 600w\" sizes=\"(max-width: 633px) 100vw, 633px\" \/><\/figure><\/div>\n\n\n<p class=\"has-text-align-right\"><em><em>Un article de G\u00e9rard Galland <\/em><\/em><br><em><em>avec les contributions de Jules Arnaud et <\/em><\/em><br><em><em>Bernard Giraudeau (pour la partie g\u00e9ologie)<\/em><\/em><\/p>\n","protected":false},"excerpt":{"rendered":"<p>Le toponyme du col du Lautaret (FR-05-2057) a une origine discut\u00e9e. Ce nom d\u00e9riverait&nbsp;: de autaret (du latin altare \u2013 autel) petite hauteur sur laquelle on sacrifiait aux dieux ou plus vraisemblablement du radical&nbsp;pr\u00e9-indoeurop\u00e9en&nbsp;aut exprimant l&#8217;id\u00e9e de \u00ab&nbsp;hauteur&nbsp;\u00bb, \u00ab&nbsp;\u00e9l\u00e9vation&nbsp;\u00bb, radical d&#8217;o\u00f9 sont issus, d&#8217;une part le mot latin&nbsp;all\u00e2re, \u00ab&nbsp;autel&nbsp;\u00bb et d&#8217;autre part,&nbsp;allaret,&nbsp;allare&nbsp;ou&nbsp;autaret, \u00ab&nbsp;point le plus [&hellip;]<\/p>\n","protected":false},"author":397,"featured_media":0,"comment_status":"closed","ping_status":"closed","sticky":false,"template":"","format":"standard","meta":{"_acf_changed":false,"ub_ctt_via":"","_monsterinsights_skip_tracking":false,"_monsterinsights_sitenote_active":false,"_monsterinsights_sitenote_note":"","_monsterinsights_sitenote_category":0,"footnotes":""},"categories":[629],"tags":[],"acf":[],"featured_image_urls":{"full":"","thumbnail":"","medium":"","medium_large":"","large":"","1536x1536":"","2048x2048":"","woocommerce_thumbnail":"","woocommerce_single":"","woocommerce_gallery_thumbnail":""},"post_excerpt_stackable":"<p>Toponymie Le toponyme du col du Lautaret (FR-05-2057) a une origine discut\u00e9e. Ce nom d\u00e9riverait&nbsp;: de autaret (du latin altare \u2013 autel) petite hauteur sur laquelle on sacrifiait aux dieux ou plus vraisemblablement du radical&nbsp;pr\u00e9-indoeurop\u00e9en&nbsp;aut exprimant l&#8217;id\u00e9e de \u00ab&nbsp;hauteur&nbsp;\u00bb, \u00ab&nbsp;\u00e9l\u00e9vation&nbsp;\u00bb, radical d&#8217;o\u00f9 sont issus, d&#8217;une part le mot latin&nbsp;all\u00e2re, \u00ab&nbsp;autel&nbsp;\u00bb et d&#8217;autre part,&nbsp;allaret,&nbsp;allare&nbsp;ou&nbsp;autaret, \u00ab&nbsp;point le plus haut d&#8217;un sentier aboutissant \u00e0 un col ou \u00e0 un alpage, \u00e0 une montagne&nbsp;\u00bb. A noter&nbsp;: le catalogue des cols de France contient 2 cols du Lautaret et 4 cols de l\u2019Autaret. Situation g\u00e9ographique Massifs C&#8217;est un des points les plus bas de la&hellip;<\/p>\n","category_list":"<a href=\"https:\/\/centcols.org\/backup\/en\/categorie\/miscellaneous\/\" rel=\"category tag\">Miscellaneous<\/a>","author_info":{"display_name":"Denis Chouquet-Stringer","author_link":"https:\/\/centcols.org\/backup\/en\/author\/6183\/"},"comments_num":"0 comments","featured_image_urls_v2":{"full":"","thumbnail":"","medium":"","medium_large":"","large":"","1536x1536":"","2048x2048":"","woocommerce_thumbnail":"","woocommerce_single":"","woocommerce_gallery_thumbnail":""},"post_excerpt_stackable_v2":"<p>Toponymie Le toponyme du col du Lautaret (FR-05-2057) a une origine discut\u00e9e. Ce nom d\u00e9riverait&nbsp;: de autaret (du latin altare \u2013 autel) petite hauteur sur laquelle on sacrifiait aux dieux ou plus vraisemblablement du radical&nbsp;pr\u00e9-indoeurop\u00e9en&nbsp;aut exprimant l&#8217;id\u00e9e de \u00ab&nbsp;hauteur&nbsp;\u00bb, \u00ab&nbsp;\u00e9l\u00e9vation&nbsp;\u00bb, radical d&#8217;o\u00f9 sont issus, d&#8217;une part le mot latin&nbsp;all\u00e2re, \u00ab&nbsp;autel&nbsp;\u00bb et d&#8217;autre part,&nbsp;allaret,&nbsp;allare&nbsp;ou&nbsp;autaret, \u00ab&nbsp;point le plus haut d&#8217;un sentier aboutissant \u00e0 un col ou \u00e0 un alpage, \u00e0 une montagne&nbsp;\u00bb. A noter&nbsp;: le catalogue des cols de France contient 2 cols du Lautaret et 4 cols de l\u2019Autaret. Situation g\u00e9ographique Massifs C&#8217;est un des points les plus bas de la&hellip;<\/p>\n","category_list_v2":"<a href=\"https:\/\/centcols.org\/backup\/en\/categorie\/miscellaneous\/\" rel=\"category tag\">Miscellaneous<\/a>","author_info_v2":{"name":"Denis Chouquet-Stringer","url":"https:\/\/centcols.org\/backup\/en\/author\/6183\/"},"comments_num_v2":"0 comments","featured_image_src":null,"_links":{"self":[{"href":"https:\/\/centcols.org\/backup\/en\/wp-json\/wp\/v2\/posts\/78303"}],"collection":[{"href":"https:\/\/centcols.org\/backup\/en\/wp-json\/wp\/v2\/posts"}],"about":[{"href":"https:\/\/centcols.org\/backup\/en\/wp-json\/wp\/v2\/types\/post"}],"author":[{"embeddable":true,"href":"https:\/\/centcols.org\/backup\/en\/wp-json\/wp\/v2\/users\/397"}],"replies":[{"embeddable":true,"href":"https:\/\/centcols.org\/backup\/en\/wp-json\/wp\/v2\/comments?post=78303"}],"version-history":[{"count":0,"href":"https:\/\/centcols.org\/backup\/en\/wp-json\/wp\/v2\/posts\/78303\/revisions"}],"wp:attachment":[{"href":"https:\/\/centcols.org\/backup\/en\/wp-json\/wp\/v2\/media?parent=78303"}],"wp:term":[{"taxonomy":"category","embeddable":true,"href":"https:\/\/centcols.org\/backup\/en\/wp-json\/wp\/v2\/categories?post=78303"},{"taxonomy":"post_tag","embeddable":true,"href":"https:\/\/centcols.org\/backup\/en\/wp-json\/wp\/v2\/tags?post=78303"}],"curies":[{"name":"wp","href":"https:\/\/api.w.org\/{rel}","templated":true}]}}