{"id":78533,"date":"2023-10-24T16:23:11","date_gmt":"2023-10-24T14:23:11","guid":{"rendered":"https:\/\/centcols.org\/backup\/deces-gerard-obrecht\/"},"modified":"2023-10-24T16:23:11","modified_gmt":"2023-10-24T14:23:11","slug":"deces-gerard-obrecht","status":"publish","type":"post","link":"https:\/\/centcols.org\/backup\/en\/deces-gerard-obrecht\/","title":{"rendered":"G\u00e9rard Obrecht"},"content":{"rendered":"\n<figure class=\"wp-block-image size-full\"><img loading=\"lazy\" decoding=\"async\" width=\"804\" height=\"951\" src=\"https:\/\/centcols.org\/backup\/wp-content\/uploads\/2023\/10\/image-20.png\" alt=\"\" class=\"wp-image-77379\" srcset=\"https:\/\/centcols.org\/backup\/wp-content\/uploads\/2023\/10\/image-20.png 804w, https:\/\/centcols.org\/backup\/wp-content\/uploads\/2023\/10\/image-20-423x500.png 423w, https:\/\/centcols.org\/backup\/wp-content\/uploads\/2023\/10\/image-20-768x908.png 768w, https:\/\/centcols.org\/backup\/wp-content\/uploads\/2023\/10\/image-20-600x710.png 600w\" sizes=\"(max-width: 804px) 100vw, 804px\" \/><\/figure>\n\n\n\n<p><strong> G\u00e9rard Obrecht&nbsp; cc 2543<\/strong><br><br>N\u00e9nesse, comme l&#8217;appelait bon nombre de ses amis, nous a quitt\u00e9 lundi.<\/p>\n\n\n\n<p>Depuis 1986, il \u00e9tait membre du club des cent cols o\u00f9 il a cotis\u00e9 sans discontinuer. Il portait le num\u00e9ro 2543.<strong><\/strong><\/p>\n\n\n\n<p>G\u00e9n\u00e9reux, serviable, il s&#8217;\u00e9tait d\u00e9vou\u00e9 pour prendre la pr\u00e9sidence de l&#8217;AS Meudon cyclo pendant plusieurs ann\u00e9es.<strong><\/strong><\/p>\n\n\n\n<p>Dot\u00e9 d&#8217;un physique \u00e0 l&#8217;oppos\u00e9 de celui d&#8217;un grimpeur, il avait r\u00e9ussi \u00e0 franchir 2389 cols. Pour ne pas trop nous faire attendre au sommet, il avait l&#8217;habitude d&#8217;anticiper les d\u00e9parts : &#8220;je pars en facteur, vous me rattraperez&#8221;. Arriv\u00e9 en haut, il ne s&#8217;arr\u00eatait quasiment pas pour nous \u00e9viter de trop nous refroidir. Mais, d\u00e8s midi tapante, il devenait vite d&#8217;une humeur de chien si le d\u00e9jeuner ou le pique nique n&#8217;\u00e9tait pas rapidement en vue.<strong><\/strong><\/p>\n\n\n\n<p>Outre la confr\u00e9rie du CCC, il faisait aussi partie de celle, beaucoup plus informelle, des AOC, les Avaleurs Obstin\u00e9s de Cols. De cols de montagne, bien s\u00fbr, mais pas que. Car il aimait aussi la bonne ch\u00e8re et le bon vin.<strong><\/strong><\/p>\n\n\n\n<p>Il a convi\u00e9 ses amis proches, un jour prochain, \u00e0 la dispersion de ses cendres au col de la Gourdasse&nbsp;<a href=\"https:\/\/centcols.org\/backup\/util\/geo\/visuGen.php?code=FR-21-0463\">FR-21-0463<\/a>, un col qui lui \u00e9tait cher, qu&#8217;il a gravi des dizaines de fois et o\u00f9 il a donn\u00e9 ses derniers coups de p\u00e9dales.<strong><\/strong><\/p>\n\n\n\n<p>C&#8217;est s\u00fbr, N\u00e9nesse, nous ne l&#8217;oublierons pas<strong> <\/strong><\/p>\n\n\n\n<p><strong>Denis Chouquet-Stringer&nbsp;<\/strong><\/p>\n","protected":false},"excerpt":{"rendered":"<p>G\u00e9rard Obrecht&nbsp; cc 2543 N\u00e9nesse, comme l&#8217;appelait bon nombre de ses amis, nous a quitt\u00e9 lundi. Depuis 1986, il \u00e9tait membre du club des cent cols o\u00f9 il a cotis\u00e9 sans discontinuer. Il portait le num\u00e9ro 2543. G\u00e9n\u00e9reux, serviable, il s&#8217;\u00e9tait d\u00e9vou\u00e9 pour prendre la pr\u00e9sidence de l&#8217;AS Meudon cyclo pendant plusieurs ann\u00e9es. Dot\u00e9 d&#8217;un [&hellip;]<\/p>\n","protected":false},"author":69,"featured_media":77381,"comment_status":"closed","ping_status":"closed","sticky":false,"template":"","format":"standard","meta":{"_acf_changed":false,"ub_ctt_via":"","_monsterinsights_skip_tracking":false,"_monsterinsights_sitenote_active":false,"_monsterinsights_sitenote_note":"","_monsterinsights_sitenote_category":0,"footnotes":""},"categories":[630],"tags":[],"acf":[],"featured_image_urls":{"full":["https:\/\/centcols.org\/backup\/wp-content\/uploads\/2023\/10\/image-20.png",804,951,false],"thumbnail":["https:\/\/centcols.org\/backup\/wp-content\/uploads\/2023\/10\/image-20-300x300.png",300,300,true],"medium":["https:\/\/centcols.org\/backup\/wp-content\/uploads\/2023\/10\/image-20-423x500.png",423,500,true],"medium_large":["https:\/\/centcols.org\/backup\/wp-content\/uploads\/2023\/10\/image-20-768x908.png",768,908,true],"large":["https:\/\/centcols.org\/backup\/wp-content\/uploads\/2023\/10\/image-20.png",804,951,false],"1536x1536":["https:\/\/centcols.org\/backup\/wp-content\/uploads\/2023\/10\/image-20.png",804,951,false],"2048x2048":["https:\/\/centcols.org\/backup\/wp-content\/uploads\/2023\/10\/image-20.png",804,951,false],"woocommerce_thumbnail":["https:\/\/centcols.org\/backup\/wp-content\/uploads\/2023\/10\/image-20-300x300.png",300,300,true],"woocommerce_single":["https:\/\/centcols.org\/backup\/wp-content\/uploads\/2023\/10\/image-20-600x710.png",600,710,true],"woocommerce_gallery_thumbnail":["https:\/\/centcols.org\/backup\/wp-content\/uploads\/2023\/10\/image-20-100x100.png",100,100,true]},"post_excerpt_stackable":"<p>G\u00e9rard Obrecht&nbsp; cc 2543N\u00e9nesse, comme l&#8217;appelait bon nombre de ses amis, nous a quitt\u00e9 lundi. Depuis 1986, il \u00e9tait membre du club des cent cols o\u00f9 il a cotis\u00e9 sans discontinuer. Il portait le num\u00e9ro 2543. G\u00e9n\u00e9reux, serviable, il s&#8217;\u00e9tait d\u00e9vou\u00e9 pour prendre la pr\u00e9sidence de l&#8217;AS Meudon cyclo pendant plusieurs ann\u00e9es. Dot\u00e9 d&#8217;un physique \u00e0 l&#8217;oppos\u00e9 de celui d&#8217;un grimpeur, il avait r\u00e9ussi \u00e0 franchir 2389 cols. Pour ne pas trop nous faire attendre au sommet, il avait l&#8217;habitude d&#8217;anticiper les d\u00e9parts : &#8220;je pars en facteur, vous me rattraperez&#8221;. Arriv\u00e9 en haut, il ne s&#8217;arr\u00eatait quasiment pas pour&hellip;<\/p>\n","category_list":"<a href=\"https:\/\/centcols.org\/backup\/en\/categorie\/carnet-noir-en\/\" rel=\"category tag\">Carnet noir<\/a>","author_info":{"display_name":"Enrico Alberini","author_link":"https:\/\/centcols.org\/backup\/en\/author\/5065\/"},"comments_num":"0 comments","featured_image_urls_v2":{"full":["https:\/\/centcols.org\/backup\/wp-content\/uploads\/2023\/10\/image-20.png",804,951,false],"thumbnail":["https:\/\/centcols.org\/backup\/wp-content\/uploads\/2023\/10\/image-20-300x300.png",300,300,true],"medium":["https:\/\/centcols.org\/backup\/wp-content\/uploads\/2023\/10\/image-20-423x500.png",423,500,true],"medium_large":["https:\/\/centcols.org\/backup\/wp-content\/uploads\/2023\/10\/image-20-768x908.png",768,908,true],"large":["https:\/\/centcols.org\/backup\/wp-content\/uploads\/2023\/10\/image-20.png",804,951,false],"1536x1536":["https:\/\/centcols.org\/backup\/wp-content\/uploads\/2023\/10\/image-20.png",804,951,false],"2048x2048":["https:\/\/centcols.org\/backup\/wp-content\/uploads\/2023\/10\/image-20.png",804,951,false],"woocommerce_thumbnail":["https:\/\/centcols.org\/backup\/wp-content\/uploads\/2023\/10\/image-20-300x300.png",300,300,true],"woocommerce_single":["https:\/\/centcols.org\/backup\/wp-content\/uploads\/2023\/10\/image-20-600x710.png",600,710,true],"woocommerce_gallery_thumbnail":["https:\/\/centcols.org\/backup\/wp-content\/uploads\/2023\/10\/image-20-100x100.png",100,100,true]},"post_excerpt_stackable_v2":"<p>G\u00e9rard Obrecht&nbsp; cc 2543N\u00e9nesse, comme l&#8217;appelait bon nombre de ses amis, nous a quitt\u00e9 lundi. Depuis 1986, il \u00e9tait membre du club des cent cols o\u00f9 il a cotis\u00e9 sans discontinuer. Il portait le num\u00e9ro 2543. G\u00e9n\u00e9reux, serviable, il s&#8217;\u00e9tait d\u00e9vou\u00e9 pour prendre la pr\u00e9sidence de l&#8217;AS Meudon cyclo pendant plusieurs ann\u00e9es. Dot\u00e9 d&#8217;un physique \u00e0 l&#8217;oppos\u00e9 de celui d&#8217;un grimpeur, il avait r\u00e9ussi \u00e0 franchir 2389 cols. Pour ne pas trop nous faire attendre au sommet, il avait l&#8217;habitude d&#8217;anticiper les d\u00e9parts : &#8220;je pars en facteur, vous me rattraperez&#8221;. Arriv\u00e9 en haut, il ne s&#8217;arr\u00eatait quasiment pas pour&hellip;<\/p>\n","category_list_v2":"<a href=\"https:\/\/centcols.org\/backup\/en\/categorie\/carnet-noir-en\/\" rel=\"category tag\">Carnet noir<\/a>","author_info_v2":{"name":"Enrico Alberini","url":"https:\/\/centcols.org\/backup\/en\/author\/5065\/"},"comments_num_v2":"0 comments","featured_image_src":"https:\/\/centcols.org\/backup\/wp-content\/uploads\/2023\/10\/image-20.png","_links":{"self":[{"href":"https:\/\/centcols.org\/backup\/en\/wp-json\/wp\/v2\/posts\/78533"}],"collection":[{"href":"https:\/\/centcols.org\/backup\/en\/wp-json\/wp\/v2\/posts"}],"about":[{"href":"https:\/\/centcols.org\/backup\/en\/wp-json\/wp\/v2\/types\/post"}],"author":[{"embeddable":true,"href":"https:\/\/centcols.org\/backup\/en\/wp-json\/wp\/v2\/users\/69"}],"replies":[{"embeddable":true,"href":"https:\/\/centcols.org\/backup\/en\/wp-json\/wp\/v2\/comments?post=78533"}],"version-history":[{"count":0,"href":"https:\/\/centcols.org\/backup\/en\/wp-json\/wp\/v2\/posts\/78533\/revisions"}],"wp:featuredmedia":[{"embeddable":true,"href":"https:\/\/centcols.org\/backup\/en\/wp-json\/wp\/v2\/media\/77381"}],"wp:attachment":[{"href":"https:\/\/centcols.org\/backup\/en\/wp-json\/wp\/v2\/media?parent=78533"}],"wp:term":[{"taxonomy":"category","embeddable":true,"href":"https:\/\/centcols.org\/backup\/en\/wp-json\/wp\/v2\/categories?post=78533"},{"taxonomy":"post_tag","embeddable":true,"href":"https:\/\/centcols.org\/backup\/en\/wp-json\/wp\/v2\/tags?post=78533"}],"curies":[{"name":"wp","href":"https:\/\/api.w.org\/{rel}","templated":true}]}}