{"id":78940,"date":"2023-07-20T14:54:00","date_gmt":"2023-07-20T12:54:00","guid":{"rendered":"https:\/\/centcols.org\/backup\/montbenoit2\/"},"modified":"2023-07-20T14:54:00","modified_gmt":"2023-07-20T12:54:00","slug":"montbenoit2","status":"publish","type":"post","link":"https:\/\/centcols.org\/backup\/en\/montbenoit2\/","title":{"rendered":"Rassemblement suisse \u00e0 Montbenoit &#8211; Compte rendu"},"content":{"rendered":"\n<p>Sortie sur route du samedi 15 juillet \u00e0 Montbenoit (France) organis\u00e9e par Christian Binggeli.<\/p>\n\n\n\n<p>18 participants dont 5 Fran\u00e7ais. <\/p>\n\n\n\n<p>Soleil et chaleur pour un petit caf\u00e9 avant le d\u00e9part sous l\u2019imposant clocher de l\u2019Abbaye de Montbenoit. <\/p>\n\n\n\n<p>57 km, 4 cols sur de jolies routes sans circulation mais tr\u00e8s vallonn\u00e9es. <\/p>\n\n\n\n<p>Au retour pain fromage, petites saucisses offert par Christine et Jean-Yves Morard, Clairette offert par Claude et excellent breuvage (Porte de Novembre) offert par Jean-Marc Bittel qui f\u00eatait son d\u00e9part \u00e0 la retraite.<\/p>\n\n\n\n<p class=\"has-text-align-right\"><strong><span style=\"color:#0693e3\" class=\"tadv-color\">Pierre Mai<\/span><\/strong><\/p>\n\n\n\n<p>Photos de Michel Boni<\/p>\n\n\n\n<p><a href=\"https:\/\/photos.app.goo.gl\/pzgxSS8grkHNYVUV8\" target=\"_blank\" rel=\"noopener\" title=\"\">https:\/\/photos.app.goo.gl\/pzgxSS8grkHNYVUV8<\/a><\/p>\n\n\n\n<p>Photos de Pierre Mai<\/p>\n\n\n\n<p><a href=\"https:\/\/photos.app.goo.gl\/yQZrt6fUyN31xVrQ6\" target=\"_blank\" rel=\"noopener\" title=\"\">https:\/\/photos.app.goo.gl\/yQZrt6fUyN31xVrQ6<\/a><\/p>\n\n\n<p><!-- wp:paragraph--><\/p>\n<p>Photos de Christian Binggeli<\/p>\n<p><!-- \/wp:paragraph --><\/p>\n<p><!-- wp:paragraph  --><\/p>\n<p><a title=\"\" href=\"https:\/\/photos.app.goo.gl\/neQsXLqAr6e8DfH18\" target=\"_blank\" rel=\"noopener\">https:\/\/photos.app.goo.gl\/neQsXLqAr6e8DfH18<\/a><\/p>\n<p><!-- \/wp:paragraph --><\/p>","protected":false},"excerpt":{"rendered":"<p>Sortie sur route du samedi 15 juillet \u00e0 Montbenoit (France) organis\u00e9e par Christian Binggeli. 18 participants dont 5 Fran\u00e7ais. Soleil et chaleur pour un petit caf\u00e9 avant le d\u00e9part sous l\u2019imposant clocher de l\u2019Abbaye de Montbenoit. 57 km, 4 cols sur de jolies routes sans circulation mais tr\u00e8s vallonn\u00e9es. Au retour pain fromage, petites saucisses [&hellip;]<\/p>\n","protected":false},"author":69,"featured_media":0,"comment_status":"closed","ping_status":"closed","sticky":false,"template":"","format":"standard","meta":{"_acf_changed":false,"ub_ctt_via":"","_monsterinsights_skip_tracking":false,"_monsterinsights_sitenote_active":false,"_monsterinsights_sitenote_note":"","_monsterinsights_sitenote_category":0,"footnotes":""},"categories":[139],"tags":[],"acf":[],"featured_image_urls":{"full":"","thumbnail":"","medium":"","medium_large":"","large":"","1536x1536":"","2048x2048":"","woocommerce_thumbnail":"","woocommerce_single":"","woocommerce_gallery_thumbnail":""},"post_excerpt_stackable":"<p>Sortie sur route du samedi 15 juillet \u00e0 Montbenoit (France) organis\u00e9e par Christian Binggeli. 18 participants dont 5 Fran\u00e7ais. Soleil et chaleur pour un petit caf\u00e9 avant le d\u00e9part sous l\u2019imposant clocher de l\u2019Abbaye de Montbenoit. 57 km, 4 cols sur de jolies routes sans circulation mais tr\u00e8s vallonn\u00e9es. Au retour pain fromage, petites saucisses offert par Christine et Jean-Yves Morard, Clairette offert par Claude et excellent breuvage (Porte de Novembre) offert par Jean-Marc Bittel qui f\u00eatait son d\u00e9part \u00e0 la retraite. Pierre Mai Photos de Michel Boni https:\/\/photos.app.goo.gl\/pzgxSS8grkHNYVUV8 Photos de Pierre Mai https:\/\/photos.app.goo.gl\/yQZrt6fUyN31xVrQ6 Photos de Christian Binggeli https:\/\/photos.app.goo.gl\/neQsXLqAr6e8DfH18<\/p>\n","category_list":"<a href=\"https:\/\/centcols.org\/backup\/en\/categorie\/uncategorized\/\" rel=\"category tag\">Uncategorized<\/a>","author_info":{"display_name":"Enrico Alberini","author_link":"https:\/\/centcols.org\/backup\/en\/author\/5065\/"},"comments_num":"0 comments","featured_image_urls_v2":{"full":"","thumbnail":"","medium":"","medium_large":"","large":"","1536x1536":"","2048x2048":"","woocommerce_thumbnail":"","woocommerce_single":"","woocommerce_gallery_thumbnail":""},"post_excerpt_stackable_v2":"<p>Sortie sur route du samedi 15 juillet \u00e0 Montbenoit (France) organis\u00e9e par Christian Binggeli. 18 participants dont 5 Fran\u00e7ais. Soleil et chaleur pour un petit caf\u00e9 avant le d\u00e9part sous l\u2019imposant clocher de l\u2019Abbaye de Montbenoit. 57 km, 4 cols sur de jolies routes sans circulation mais tr\u00e8s vallonn\u00e9es. Au retour pain fromage, petites saucisses offert par Christine et Jean-Yves Morard, Clairette offert par Claude et excellent breuvage (Porte de Novembre) offert par Jean-Marc Bittel qui f\u00eatait son d\u00e9part \u00e0 la retraite. Pierre Mai Photos de Michel Boni https:\/\/photos.app.goo.gl\/pzgxSS8grkHNYVUV8 Photos de Pierre Mai https:\/\/photos.app.goo.gl\/yQZrt6fUyN31xVrQ6 Photos de Christian Binggeli https:\/\/photos.app.goo.gl\/neQsXLqAr6e8DfH18<\/p>\n","category_list_v2":"<a href=\"https:\/\/centcols.org\/backup\/en\/categorie\/uncategorized\/\" rel=\"category tag\">Uncategorized<\/a>","author_info_v2":{"name":"Enrico Alberini","url":"https:\/\/centcols.org\/backup\/en\/author\/5065\/"},"comments_num_v2":"0 comments","featured_image_src":null,"_links":{"self":[{"href":"https:\/\/centcols.org\/backup\/en\/wp-json\/wp\/v2\/posts\/78940"}],"collection":[{"href":"https:\/\/centcols.org\/backup\/en\/wp-json\/wp\/v2\/posts"}],"about":[{"href":"https:\/\/centcols.org\/backup\/en\/wp-json\/wp\/v2\/types\/post"}],"author":[{"embeddable":true,"href":"https:\/\/centcols.org\/backup\/en\/wp-json\/wp\/v2\/users\/69"}],"replies":[{"embeddable":true,"href":"https:\/\/centcols.org\/backup\/en\/wp-json\/wp\/v2\/comments?post=78940"}],"version-history":[{"count":0,"href":"https:\/\/centcols.org\/backup\/en\/wp-json\/wp\/v2\/posts\/78940\/revisions"}],"wp:attachment":[{"href":"https:\/\/centcols.org\/backup\/en\/wp-json\/wp\/v2\/media?parent=78940"}],"wp:term":[{"taxonomy":"category","embeddable":true,"href":"https:\/\/centcols.org\/backup\/en\/wp-json\/wp\/v2\/categories?post=78940"},{"taxonomy":"post_tag","embeddable":true,"href":"https:\/\/centcols.org\/backup\/en\/wp-json\/wp\/v2\/tags?post=78940"}],"curies":[{"name":"wp","href":"https:\/\/api.w.org\/{rel}","templated":true}]}}