{"id":79018,"date":"2023-12-21T18:06:44","date_gmt":"2023-12-21T17:06:44","guid":{"rendered":"https:\/\/centcols.org\/backup\/la-savoie-et-lisere-a-bicycle\/"},"modified":"2023-12-21T18:06:44","modified_gmt":"2023-12-21T17:06:44","slug":"la-savoie-et-lisere-a-bicycle","status":"publish","type":"post","link":"https:\/\/centcols.org\/backup\/en\/la-savoie-et-lisere-a-bicycle\/","title":{"rendered":"La Savoie et l&#8217;Is\u00e8re \u00e0 bicycle"},"content":{"rendered":"<div class=\"wp-block-image\">\n<figure class=\"aligncenter size-full\"><img loading=\"lazy\" decoding=\"async\" width=\"600\" height=\"800\" src=\"https:\/\/centcols.org\/backup\/wp-content\/uploads\/2023\/12\/Baroncelli-couverture.jpg\" alt=\"\" class=\"wp-image-78980\" srcset=\"https:\/\/centcols.org\/backup\/wp-content\/uploads\/2023\/12\/Baroncelli-couverture.jpg 600w, https:\/\/centcols.org\/backup\/wp-content\/uploads\/2023\/12\/Baroncelli-couverture-375x500.jpg 375w\" sizes=\"(max-width: 600px) 100vw, 600px\" \/><\/figure><\/div>\n\n\n<p>En ao\u00fbt 1871, Adrien de Baroncelli, futur auteur de c\u00e9l\u00e8bres guides de voyages alors \u00e2g\u00e9 de dix-neuf ans, enfourche Frou-Frou, son fid\u00e8le \u00ab&nbsp;v\u00e9loce&nbsp;\u00bb et s&#8217;en va parcourir en solitaire les routes savoyardes et is\u00e9roises.<br>R\u00e9pondant \u00e0 une sollicitation du r\u00e9dacteur du V\u00e9locip\u00e8de illustr\u00e9, il fait parvenir au journal la narration de ce voyage qui sera publi\u00e9e dans six num\u00e9ros d&#8217;ao\u00fbt \u00e0 octobre 1872.<br>Ce texte est aujourd&#8217;hui unanimement consid\u00e9r\u00e9 comme le premier r\u00e9cit de voyage \u00e0 bicyclette. R\u00e9guli\u00e8rement cit\u00e9 dans les publications li\u00e9es \u00e0 la v\u00e9locip\u00e9die mais rarement lu in extenso, il n&#8217;avait jamais fait l&#8217;objet d&#8217;une parution en volume, seuls quelques rares collectionneurs l&#8217;avaient eu sous les yeux, r\u00e9cemment rejoints par d&#8217;autres privil\u00e9gi\u00e9s l&#8217;ayant retrouv\u00e9 en ligne sur des sites sp\u00e9cialis\u00e9s.<br>Grand amateur de r\u00e9cits de voyage \u00e0 v\u00e9lo, il m&#8217;est apparu important de mettre \u00e0 la disposition du plus grand nombre ce texte fondateur dans lequel se retrouvent d\u00e9j\u00e0 les principaux \u00e9l\u00e9ments constitutifs de tout bon ouvrage du genre&nbsp;: description de la machine, conseils m\u00e9caniques, rencontres sur la route, vie quotidienne et paysages et sites crois\u00e9s.<br>Compl\u00e9t\u00e9 de notes relatives au panorama v\u00e9locip\u00e9dique des ces ann\u00e9es post-guerre contre la Prusse, d&#8217;\u00e9l\u00e9ments biographiques et bibliographiques et d\u2019illustrations significatives, ce petit ouvrage se veut un modeste apport \u00e0 la grande histoire de la bicyclette.<br><em>Jean-Yves MOUNIER<br>Adrien de Baroncelli<br>La Savoie et l&#8217;Is\u00e8re \u00e0 bicycle, Voyage d&#8217;Adrien de Baroncelli, d&#8217;ao\u00fbt \u00e0 septembre 1871<br>\u00c9dition&nbsp;\u00e9tablie par Jean-Yves Mounier<br>2023 \u2013 60 pages \u2013 R\u00e9alisation Gilbert Jaccon, <a href=\"http:\/\/www.gilbertjac.com\/\" target=\"_blank\" rel=\"noreferrer noopener\">http:\/\/www.gilbertjac.com\/<\/a> disponible aupr\u00e8s de Jean-Yves Mounier <a href=\"m&#97;&#105;lto:<&#97; &#104;ref&#61;&#34;&#109;&#97;ilto&#58;jymo&#117;&#110;&#105;er&#64;o&#114;&#97;ng&#101;&#46;&#102;r\"&#62;&#106;&#121;mou&#110;ie&#114;&#64;&#111;&#114;a&#110;ge&#46;f&#114;&#60;&#47;a>\">&#60;a hr&#101;&#102;&#61;\"&#109;&#97;&#105;&#108;to:&#106;ym&#111;&#117;ni&#101;r&#64;or&#97;&#110;g&#101;&#46;&#102;r&#34;&#62;&#106;ymo&#117;nier&#64;or&#97;&#110;ge.f&#114;&#60;&#47;&#97;><\/a><br>Prix&nbsp;: 12 \u20ac + frais de port<\/em><\/p>\n","protected":false},"excerpt":{"rendered":"<p>En ao\u00fbt 1871, Adrien de Baroncelli, futur auteur de c\u00e9l\u00e8bres guides de voyages alors \u00e2g\u00e9 de dix-neuf ans, enfourche Frou-Frou, son fid\u00e8le \u00ab&nbsp;v\u00e9loce&nbsp;\u00bb et s&#8217;en va parcourir en solitaire les routes savoyardes et is\u00e9roises.R\u00e9pondant \u00e0 une sollicitation du r\u00e9dacteur du V\u00e9locip\u00e8de illustr\u00e9, il fait parvenir au journal la narration de ce voyage qui sera publi\u00e9e [&hellip;]<\/p>\n","protected":false},"author":17,"featured_media":78982,"comment_status":"closed","ping_status":"closed","sticky":false,"template":"","format":"standard","meta":{"_acf_changed":false,"ub_ctt_via":"","_monsterinsights_skip_tracking":false,"_monsterinsights_sitenote_active":false,"_monsterinsights_sitenote_note":"","_monsterinsights_sitenote_category":0,"footnotes":""},"categories":[633,634],"tags":[],"acf":[],"featured_image_urls":{"full":["https:\/\/centcols.org\/backup\/wp-content\/uploads\/2023\/12\/Baroncelli-couverture.jpg",600,800,false],"thumbnail":["https:\/\/centcols.org\/backup\/wp-content\/uploads\/2023\/12\/Baroncelli-couverture-300x300.jpg",300,300,true],"medium":["https:\/\/centcols.org\/backup\/wp-content\/uploads\/2023\/12\/Baroncelli-couverture-375x500.jpg",375,500,true],"medium_large":["https:\/\/centcols.org\/backup\/wp-content\/uploads\/2023\/12\/Baroncelli-couverture.jpg",600,800,false],"large":["https:\/\/centcols.org\/backup\/wp-content\/uploads\/2023\/12\/Baroncelli-couverture.jpg",600,800,false],"1536x1536":["https:\/\/centcols.org\/backup\/wp-content\/uploads\/2023\/12\/Baroncelli-couverture.jpg",600,800,false],"2048x2048":["https:\/\/centcols.org\/backup\/wp-content\/uploads\/2023\/12\/Baroncelli-couverture.jpg",600,800,false],"woocommerce_thumbnail":["https:\/\/centcols.org\/backup\/wp-content\/uploads\/2023\/12\/Baroncelli-couverture-300x300.jpg",300,300,true],"woocommerce_single":["https:\/\/centcols.org\/backup\/wp-content\/uploads\/2023\/12\/Baroncelli-couverture.jpg",600,800,false],"woocommerce_gallery_thumbnail":["https:\/\/centcols.org\/backup\/wp-content\/uploads\/2023\/12\/Baroncelli-couverture-100x100.jpg",100,100,true]},"post_excerpt_stackable":"<p>En ao\u00fbt 1871, Adrien de Baroncelli, futur auteur de c\u00e9l\u00e8bres guides de voyages alors \u00e2g\u00e9 de dix-neuf ans, enfourche Frou-Frou, son fid\u00e8le \u00ab&nbsp;v\u00e9loce&nbsp;\u00bb et s&#8217;en va parcourir en solitaire les routes savoyardes et is\u00e9roises.R\u00e9pondant \u00e0 une sollicitation du r\u00e9dacteur du V\u00e9locip\u00e8de illustr\u00e9, il fait parvenir au journal la narration de ce voyage qui sera publi\u00e9e dans six num\u00e9ros d&#8217;ao\u00fbt \u00e0 octobre 1872.Ce texte est aujourd&#8217;hui unanimement consid\u00e9r\u00e9 comme le premier r\u00e9cit de voyage \u00e0 bicyclette. R\u00e9guli\u00e8rement cit\u00e9 dans les publications li\u00e9es \u00e0 la v\u00e9locip\u00e9die mais rarement lu in extenso, il n&#8217;avait jamais fait l&#8217;objet d&#8217;une parution en volume, seuls quelques&hellip;<\/p>\n","category_list":"<a href=\"https:\/\/centcols.org\/backup\/en\/categorie\/gazette-en-2\/\" rel=\"category tag\">Gazette<\/a>, <a href=\"https:\/\/centcols.org\/backup\/en\/categorie\/lectures-en\/\" rel=\"category tag\">Lectures<\/a>","author_info":{"display_name":"R\u00e9gis Paraz","author_link":"https:\/\/centcols.org\/backup\/en\/author\/3225\/"},"comments_num":"0 comments","featured_image_urls_v2":{"full":["https:\/\/centcols.org\/backup\/wp-content\/uploads\/2023\/12\/Baroncelli-couverture.jpg",600,800,false],"thumbnail":["https:\/\/centcols.org\/backup\/wp-content\/uploads\/2023\/12\/Baroncelli-couverture-300x300.jpg",300,300,true],"medium":["https:\/\/centcols.org\/backup\/wp-content\/uploads\/2023\/12\/Baroncelli-couverture-375x500.jpg",375,500,true],"medium_large":["https:\/\/centcols.org\/backup\/wp-content\/uploads\/2023\/12\/Baroncelli-couverture.jpg",600,800,false],"large":["https:\/\/centcols.org\/backup\/wp-content\/uploads\/2023\/12\/Baroncelli-couverture.jpg",600,800,false],"1536x1536":["https:\/\/centcols.org\/backup\/wp-content\/uploads\/2023\/12\/Baroncelli-couverture.jpg",600,800,false],"2048x2048":["https:\/\/centcols.org\/backup\/wp-content\/uploads\/2023\/12\/Baroncelli-couverture.jpg",600,800,false],"woocommerce_thumbnail":["https:\/\/centcols.org\/backup\/wp-content\/uploads\/2023\/12\/Baroncelli-couverture-300x300.jpg",300,300,true],"woocommerce_single":["https:\/\/centcols.org\/backup\/wp-content\/uploads\/2023\/12\/Baroncelli-couverture.jpg",600,800,false],"woocommerce_gallery_thumbnail":["https:\/\/centcols.org\/backup\/wp-content\/uploads\/2023\/12\/Baroncelli-couverture-100x100.jpg",100,100,true]},"post_excerpt_stackable_v2":"<p>En ao\u00fbt 1871, Adrien de Baroncelli, futur auteur de c\u00e9l\u00e8bres guides de voyages alors \u00e2g\u00e9 de dix-neuf ans, enfourche Frou-Frou, son fid\u00e8le \u00ab&nbsp;v\u00e9loce&nbsp;\u00bb et s&#8217;en va parcourir en solitaire les routes savoyardes et is\u00e9roises.R\u00e9pondant \u00e0 une sollicitation du r\u00e9dacteur du V\u00e9locip\u00e8de illustr\u00e9, il fait parvenir au journal la narration de ce voyage qui sera publi\u00e9e dans six num\u00e9ros d&#8217;ao\u00fbt \u00e0 octobre 1872.Ce texte est aujourd&#8217;hui unanimement consid\u00e9r\u00e9 comme le premier r\u00e9cit de voyage \u00e0 bicyclette. R\u00e9guli\u00e8rement cit\u00e9 dans les publications li\u00e9es \u00e0 la v\u00e9locip\u00e9die mais rarement lu in extenso, il n&#8217;avait jamais fait l&#8217;objet d&#8217;une parution en volume, seuls quelques&hellip;<\/p>\n","category_list_v2":"<a href=\"https:\/\/centcols.org\/backup\/en\/categorie\/gazette-en-2\/\" rel=\"category tag\">Gazette<\/a>, <a href=\"https:\/\/centcols.org\/backup\/en\/categorie\/lectures-en\/\" rel=\"category tag\">Lectures<\/a>","author_info_v2":{"name":"R\u00e9gis Paraz","url":"https:\/\/centcols.org\/backup\/en\/author\/3225\/"},"comments_num_v2":"0 comments","featured_image_src":"https:\/\/centcols.org\/backup\/wp-content\/uploads\/2023\/12\/Baroncelli-couverture.jpg","_links":{"self":[{"href":"https:\/\/centcols.org\/backup\/en\/wp-json\/wp\/v2\/posts\/79018"}],"collection":[{"href":"https:\/\/centcols.org\/backup\/en\/wp-json\/wp\/v2\/posts"}],"about":[{"href":"https:\/\/centcols.org\/backup\/en\/wp-json\/wp\/v2\/types\/post"}],"author":[{"embeddable":true,"href":"https:\/\/centcols.org\/backup\/en\/wp-json\/wp\/v2\/users\/17"}],"replies":[{"embeddable":true,"href":"https:\/\/centcols.org\/backup\/en\/wp-json\/wp\/v2\/comments?post=79018"}],"version-history":[{"count":0,"href":"https:\/\/centcols.org\/backup\/en\/wp-json\/wp\/v2\/posts\/79018\/revisions"}],"wp:featuredmedia":[{"embeddable":true,"href":"https:\/\/centcols.org\/backup\/en\/wp-json\/wp\/v2\/media\/78982"}],"wp:attachment":[{"href":"https:\/\/centcols.org\/backup\/en\/wp-json\/wp\/v2\/media?parent=79018"}],"wp:term":[{"taxonomy":"category","embeddable":true,"href":"https:\/\/centcols.org\/backup\/en\/wp-json\/wp\/v2\/categories?post=79018"},{"taxonomy":"post_tag","embeddable":true,"href":"https:\/\/centcols.org\/backup\/en\/wp-json\/wp\/v2\/tags?post=79018"}],"curies":[{"name":"wp","href":"https:\/\/api.w.org\/{rel}","templated":true}]}}