{"id":79352,"date":"2024-01-26T17:51:41","date_gmt":"2024-01-26T16:51:41","guid":{"rendered":"https:\/\/centcols.org\/backup\/?p=79352"},"modified":"2024-02-11T11:09:56","modified_gmt":"2024-02-11T10:09:56","slug":"rassemblements-regionaux-2024","status":"publish","type":"post","link":"https:\/\/centcols.org\/backup\/en\/rassemblements-regionaux-2024\/","title":{"rendered":"Regional Assemblies 2024"},"content":{"rendered":"\n<p>Regional Assemblies are not only an opportunity for Club des Cent Cols members to meet one another, but others as well. You can invite cycling friends who don&#8217;t yet know about us and to who the idea to join us might arise. Passing cyclists might be interested in our \u2018\u2019stand\u2019\u2019 on the day, and will be warmly welcomed, as always by our Club. So here is the provisional programme for 2024, for which will appear on our website.<\/p>\n\n\n\n<p><\/p>\n\n\n\n<h2 class=\"wp-block-heading\">Saturday 25 May, Alpes du Nord &#8211; Jura<\/h2>\n\n\n\n<p><br>Col de la Rochette (FR-01-1112)<br><\/p>\n\n\n\n<p>Meet at Hauteville Lompnes at 9 h 00.<br><em>Road\u00a0<\/em>: Possibility to reach the Col de la Rochette from the east via the Col de la L\u00e8be (Itinerary waymarked by the d\u00e9partement).<br><em>MTB\u00a0:<\/em> Some nice little cols to climb, details to appear on the club&#8217;s site.<br>Contact : Alain Guillaud-Bachet<br>T\u00e9l : +33 6 72 90 21 73 Mail : <a href=\"&#109;&#97;il&#116;o:&#97;&#109;&#103;u&#105;l&#108;aud&#98;a&#99;&#104;e&#116;&#64;wa&#110;&#97;d&#111;o&#46;f&#114;\">&#97;&#109;&#103;&#117;&#105;l&#108;au&#100;b&#97;&#99;&#104;&#101;&#116;&#64;&#119;a&#110;ad&#111;&#111;&#46;fr<\/a><\/p>\n\n\n\n<p><\/p>\n\n\n\n<h2 class=\"wp-block-heading\">Saturday 1st June, Switzerland. MTB<\/h2>\n\n\n\n<p>Start\u00a0from Puidoux village(Canton de Vaud)<br>Meet\u00a0: village car park at 9h30 for coffee, d\u00e9part at 10h00. 24 km, 800 m of climbing, 6 cols : La Porte de Bret (CH-VD-0675), col de Gourze(CH-VD-0799),<br>Le Basset (CH-VD-0683), Le Pas (CH-VD-0963), les Craux(CH-VD-0958), La Golette(CH-VD-0952).<br>Contact : Alain Besson, Ch. des Coumenets 11. 1000 Lausanne 26<br>T\u00e9l : +41 21 544 85 20 Natel : +41 79 605 36 30 Mail : <a href=\"m&#97;&#105;&#108;t&#111;:&#97;1&#98;es&#115;&#111;n&#64;g&#109;ail.com\">&#97;1b&#101;&#115;&#115;&#111;&#110;&#64;&#103;&#109;a&#105;&#108;&#46;&#99;&#111;m<\/a><\/p>\n\n\n\n<p><\/p>\n\n\n\n<p><\/p>\n\n\n\n<h2 class=\"wp-block-heading\">Saturday 8 June, Grand Est<\/h2>\n\n\n\n<p><br>Col de la Grimaude (FR-68-1122a) JC Braumann<br>Rendez-vous at 8 h 30 at the car park of the multi-purpose hall, next to the church at Plainfaing (88) for coffee. Start at 9 h 00.<br>Road\u00a0: circuit with 2 to 8 cols.\u00a0\u00a0\u00a0\u00a0\u00a0\u00a0 MTB\u00a0: Circuit with 4 cols.<br>GPS tracks will be published later on our site.<br>Contacts :<br>Jean-Chrisrtophe Braumann T\u00e9l : +33 6 48 80 28 48 Mail : jean-christophe.braumann@orange.fr<br>Denis Mathieu T\u00e9l : +33 6 85 20 02 55 Mail : <a href=\"&#109;&#97;&#105;l&#116;o&#58;d&#101;ni.&#109;&#97;t&#104;i&#101;&#117;&#64;&#111;r&#97;n&#103;e&#46;fr\">&#100;en&#105;.ma&#116;&#104;&#105;&#101;&#117;&#64;&#111;r&#97;&#110;&#103;e&#46;&#102;r<\/a><\/p>\n\n\n\n<p><\/p>\n\n\n\n<h2 class=\"wp-block-heading\">Saturday 15 June, Grand Ouest<\/h2>\n\n\n\n<p>Rendez-vous at 9h 00 at the pic-nic areaat the southern entry to Saint-L\u00e9onard-des-Bois (a BPF site), before the river on the left, on the D258.<br>Start at 9h30 for ashort ride of 36 km with 584 m of climbing: <em>Openrunner\u00a0 RCC2024<\/em><br>Passage via the Col des Ruaudi\u00e8res (FR-53-0239) and the Col de St Sulpice (FR-53-0246)<br>Communal pic-nicafterfor those who can do it, at the starting point.<br>Contact : Bernard Migot<br>T\u00e9l: 06 08 74 95 99 Mail : <a href=\"ma&#105;l&#116;o&#58;b&#101;rnard&#109;&#105;got&#64;&#108;&#105;ve&#46;&#102;&#114;\">be&#114;n&#97;&#114;d&#109;&#105;&#103;o&#116;&#64;liv&#101;.&#102;r<\/a><\/p>\n\n\n\n<p><\/p>\n\n\n\n<h2 class=\"wp-block-heading\">Saturday 22 June, Dauphin\u00e9<\/h2>\n\n\n\n<p><br>Collet d\u2019H\u00e9rans(FR-38-0934)<br>Road\u00a0 : Start at 8 h 30, Clelles railway station. Up to 11 cols for 85 km and 1700 m of climbing (riding after the get-together). MTB\u00a0\u00a0\u00a0 : Start at 8 h 30\u00a0from the Col du Fau. Up to 15 cols for 52 km and 1750 m of climbing (riding after the get-together).<br>Contact : Pierre Chatel<br>T\u00e9l : +33 6 82 63 46 28 Mail : <a href=\"m&#97;i&#108;to&#58;p&#105;e&#114;re&#64;&#99;&#121;c&#108;&#111;&#100;&#111;cu&#115;&#46;fr\">&#112;i&#101;&#114;re&#64;c&#121;&#99;&#108;o&#100;&#111;&#99;&#117;s&#46;&#102;&#114;<\/a><\/p>\n\n\n\n<p><\/p>\n\n\n\n<h2 class=\"wp-block-heading\">Saturday 13 July, Switzerland. MTB<\/h2>\n\n\n\n<p>Start\u00a0from Riaz (Canton de Fribourg)<br>Rendez-vous football pitch car parkat 9h30 for coffee, start at 10h00.<br>36 km, 1100 m of climbing,\u00a0 4 cols\u00a0: Le Basset (CH-FR-1155), Le Pas (CH-FR-1088), Le Crau (CH-FR-1097),Les Fourches (CH-FR-1021).<br>Contact : Christian Binggeli, Chemin du Jura 1. 1135 Denens.<br>T\u00e9l : +41 21 801 01 75 Natel : +41 78 723 11 33 Mail : <a href=\"m&#97;i&#108;&#116;o:&#99;&&#97;&#109;&#112;&#59;&#116;&#98;ingge&#108;i&#64;bluew&#105;&#110;.c&#104;\">&#99;&#38;a&#109;p;tb&#105;&#110;&#103;&#103;eli&#64;&#98;l&#117;e&#119;in&#46;&#99;h<\/a><\/p>\n\n\n\n<p><\/p>\n\n\n\n<h2 class=\"wp-block-heading\">Saturday 10 August, Switzerland. Road<\/h2>\n\n\n\n<p>Start\u00a0 from Neuenegg (Canton de Bern)<br>Rendez-vous\u00a0: parking\u00a0 Laupenstrasseat 9h30 for coffee, start at10h00.<br>44km, 1000mof climbing, 8 cols\u00a0:H\u00fcbeli(CH-BE-0776), Bodenacher(CH-BE-0734), Gschneit(CH-BE-0941), Ratzenberg(CH-BE-0876), Oberfl\u00fch(CH-BE-0927), Hubel (CH-BE-0890), \u00c4bni(CH-BE-0879), Wintergrab(CH-BE-0715).<br>Contact : Michel Boni, Impasse du Castel 7, 1700 Fribourg.<br>T\u00e9l :+41 79 302 95 82 Mail : <a href=\"&#109;ail&#116;&#111;&#58;m&#105;ch&#101;&#108;.b&#111;n&#105;&#64;bl&#117;e&#119;&#105;n&#46;&#99;&#104;\">&#109;&#105;&#99;&#104;&#101;l.&#98;o&#110;&#105;&#64;&#98;l&#117;&#101;&#119;in&#46;&#99;&#104;<\/a><\/p>\n\n\n\n<p><\/p>\n\n\n\n<h2 class=\"wp-block-heading\">Saturday 31 August, Alpes du Sud<\/h2>\n\n\n\n<p><br>Col de Parquetout (FR-38-1398)<br>Any route you like to a rendez-vous from 11 h 30 at the pic-nic arealeaving Saint-Michel-en-Beaumont en route to the Col de Parquetout.<br>Contacts :<br>Jean-Paul Zuanon, T\u00e9l : +33 4 76 30 49 21<br>Bernard Henry, T\u00e9l :+33 6 08 74 29 59 Mail : <a href=\"mai&#108;&#116;o&#58;&#98;&#101;rn&#97;r&#100;&#46;he&#110;ry&#48;5&#64;o&#114;&#97;n&#103;e&#46;&#102;&#114;\">&#98;&#101;r&#110;&#97;rd.&#104;&#101;nr&#121;05&#64;&#111;r&#97;ng&#101;&#46;&#102;r<\/a><\/p>\n\n\n\n<p><\/p>\n\n\n\n<h2 class=\"wp-block-heading\">Friday 30, Saturday 31 August and Sunday 1, Monday 2 September, Occitanie, Nouvelle Aquitaine, the Rencontre Occitane Bernardini<\/h2>\n\n\n\n<p>In 2024, it will be a pleasure to see you at Bagn\u00e8res de Luchon in the heart of the Pyr\u00e9n\u00e9es.<br> <br><em>Friday 30 August,<\/em> A hard circuit for 16 cols including two&#8221;2000&#8243;\u00a0:<em>Openrunner 17914472<\/em> <\/p>\n\n\n\n<p><em>Saturday 31 August<\/em> 9 cols including 4 &#8220;2000&#8221;will be on the menu :\u00a0<a href=\"https:\/\/www.openrunner.com\/route-details\/17914986\" target=\"_blank\" rel=\"noreferrer noopener\"><em>Openrunner17914986<\/em><\/a> Starting from Benque Dessous et Dessus, the route is brought to 34 km, 1500 m of climbing and &#8230; the same number of cols.<br><br><em>Sunday 1 September<\/em>, the Rencontre Occitane Bernardini :\u00a0<br>Open to all with 1 col :<a href=\"https:\/\/www.openrunner.com\/route-details\/17914256\"><em>Openrunner 17914256<\/em><\/a><br>Or a bit more fullaccording to choice :\u00a0<a href=\"Openrunner%2017914303\"><em>Openrunner 17914303<\/em><\/a>\u00a0(7 cols)<br><br><em>Monday 2 September<\/em><br>Start from Cazeaux de Larboust, 2 cols with 1 &#8220;2000&#8221; :\u00a0<a href=\"Openrunner%2017915073\"><em>Openrunner 17915073<\/em><\/a><br><br>You may also do 33 different cols including 7 &#8220;2000&#8221;. These circuits are obviously only suggestions. Around Luchon there are also good road rides. Bagn\u00e8res de Luchon has lots of accommodation. Le Vacanc\u00e9ole &#8220;R\u00e9sidence Illixon&#8221;seems to offer a good service for a reasonable price.<br>Contact :Fred Singla<br>T\u00e9l : 06 33 68 33 44 Mail : <a href=\"m&#97;i&#108;&#116;o&#58;&#53;173&#99;c&#99;&#64;g&#109;&#97;&#105;&#108;.c&#111;m\">5&#49;&#55;&#51;&#99;&#99;c&#64;&#103;&#109;ai&#108;&#46;&#99;om<\/a><\/p>\n\n\n\n<p><\/p>\n\n\n\n<h2 class=\"wp-block-heading\">Saturday 7 September, Dr\u00f4me, Ard\u00e8che, Vaucluse<\/h2>\n\n\n\n<p><br>Col de la Croix de Cruas (FR-07-0388)<br>The Col de la Croix de Cruas is in Ard\u00e8che on the ridge of hillsthat overlooks the Rh\u00f4ne between Le Pouzin and Le Teil.<br>Welcome from 11h until 15h30.<br>The organisersoffer youa convivial timewith foodmade of local products.<br>Not much parking space at the col, so the rides will start near the village of Saint Vincent de Barr\u00e8s. There is parking close to the cemetary.<br>Programme\u00a0:<br><em>Road\u00a0:<\/em> 60km, 1150m of climbing, 5 cols, two off-road cols 2 are optional<em>Openrunner\u00a017972233<\/em><br>MTB or Gravel\u00a0: 44km, 1150m of climbing, 7 cols Number<em>Openrunner17968679<\/em><br><em>Please let us know a few days beforethe date so that we can estimate what is needed.<\/em><br>Contacts :<br>Alain BENOIST T\u00e9l : 06 76 96 23 94 Mail : <a href=\"mailto&#58;&#97;la&#105;n&#46;&#98;&#101;&#110;&#111;i&#115;&#116;.d&#116;&#48;4&#115;&#119;&#64;g&#109;&#97;i&#108;&#46;c&#111;&#109; \">ala&#105;n.&#98;en&#111;is&#116;&#46;d&#116;04s&#119;&#64;&#103;&#109;a&#105;l.&#99;o&#109; <\/a><br>Alain THIBON T\u00e9l : 06 37 31 54 76 Mail : <a href=\"m&#97;il&#116;&#111;&#58;t&#104;&#105;b&#111;&#110;a&#64;wan&#97;&#100;&#111;&#111;&#46;&#102;&#114;\">th&#105;&#98;&#111;&#110;&#97;&#64;wa&#110;a&#100;oo&#46;fr<\/a><\/p>\n\n\n\n<p><\/p>\n\n\n\n<h2 class=\"wp-block-heading\">Saturday 14 September, Belgium<\/h2>\n\n\n\n<p><br>Rendez-vous at Grammont (9500)<br>Contact :Henk Leroy<br>T\u00e9l : +32 475 62 74 04 Mail : <a href=\"&#109;&#97;&#105;&#108;t&#111;&#58;h&#101;&#110;&#107;&#46;l&#101;&#114;&#111;&#121;&#64;&#116;&#101;&#108;e&#110;&#101;&#116;&#46;&#98;&#101;\">&#104;en&#107;.le&#114;o&#121;&#64;&#116;&#101;lenet.&#98;e<\/a><\/p>\n\n\n\n<p><\/p>\n\n\n\n<h2 class=\"wp-block-heading\">Sunday 22 september Ain-Loire-Rh\u00f4ne<\/h2>\n\n\n\n<p><br>Col du Pavillon (FR-69-0755)<br>Road and MTB<br>Contact : Pierre Brivet<br>T\u00e9l : +336 89 84 07 97 Mail : <a href=\"&#109;ai&#108;&#116;o&#58;&#112;&#105;e&#114;re.brive&#116;&#64;or&#97;&#110;ge&#46;f&#114;\">&#112;&#105;e&#114;re&#46;&#98;r&#105;&#118;&#101;t&#64;o&#114;&#97;&#110;&#103;e&#46;&#102;&#114;<\/a><\/p>\n\n\n\n<h2 class=\"wp-block-heading\">Saturday 5 &amp; Sunday 6 October, Italy<\/h2>\n\n\n\n<p><br>Raduno \u2013 Bassano del Grappa (Veneto)<br>Contact : Luigi Spina<br>T\u00e9l : +393494163174 Mail : <a href=\"&#109;a&#105;l&#116;&#111;:l&#117;igi&#46;&#115;p&#105;&#110;&#97;&#64;&#103;mx&#46;d&#101;\">l&#117;&#105;g&#105;.&#115;p&#105;&#110;a&#64;&#103;m&#120;&#46;&#100;&#101;<\/a><\/p>\n\n\n\n<p><\/p>\n\n\n\n<h2 class=\"wp-block-heading\">Sunday 6 October, Pyr\u00e9n\u00e9es, Cent Cols \/ Cols Durs<\/h2>\n\n\n\n<p><br>Col de Latrape (FR-09-1111)<br>Rendez-vous from 9 h 00 to13 h 00.<br>Contact : Alain Gillodes<br>T\u00e9l : +33 6 78 67 83 62 Mail : <a href=\"&#109;&#97;&#105;lt&#111;&#58;a&#108;a&#105;&#110;.gi&#108;&#108;od&#101;&#115;&#64;o&#114;an&#103;e.&#102;&#114;\">&#97;&#108;ain.&#103;i&#108;&#108;od&#101;&#115;&#64;&#111;&#114;&#97;nge&#46;fr<\/a><\/p>\n","protected":false},"excerpt":{"rendered":"<p>Regional Assemblies are not only an opportunity for Club des Cent Cols members to meet one another, but others as well. You can invite cycling friends who don&#8217;t yet know about us and to who the idea to join us might arise. Passing cyclists might be interested in our \u2018\u2019stand\u2019\u2019 on the day, and will [&hellip;]<\/p>\n","protected":false},"author":69,"featured_media":78861,"comment_status":"closed","ping_status":"closed","sticky":false,"template":"","format":"standard","meta":{"_acf_changed":false,"ub_ctt_via":"","_monsterinsights_skip_tracking":false,"_monsterinsights_sitenote_active":false,"_monsterinsights_sitenote_note":"","_monsterinsights_sitenote_category":0,"footnotes":""},"categories":[341,625],"tags":[],"acf":[],"featured_image_urls":{"full":["https:\/\/centcols.org\/backup\/wp-content\/uploads\/2023\/12\/acceuil-ride-with-us.jpg",600,800,false],"thumbnail":["https:\/\/centcols.org\/backup\/wp-content\/uploads\/2023\/12\/acceuil-ride-with-us-300x300.jpg",300,300,true],"medium":["https:\/\/centcols.org\/backup\/wp-content\/uploads\/2023\/12\/acceuil-ride-with-us-375x500.jpg",375,500,true],"medium_large":["https:\/\/centcols.org\/backup\/wp-content\/uploads\/2023\/12\/acceuil-ride-with-us.jpg",600,800,false],"large":["https:\/\/centcols.org\/backup\/wp-content\/uploads\/2023\/12\/acceuil-ride-with-us.jpg",600,800,false],"1536x1536":["https:\/\/centcols.org\/backup\/wp-content\/uploads\/2023\/12\/acceuil-ride-with-us.jpg",600,800,false],"2048x2048":["https:\/\/centcols.org\/backup\/wp-content\/uploads\/2023\/12\/acceuil-ride-with-us.jpg",600,800,false],"woocommerce_thumbnail":["https:\/\/centcols.org\/backup\/wp-content\/uploads\/2023\/12\/acceuil-ride-with-us-300x300.jpg",300,300,true],"woocommerce_single":["https:\/\/centcols.org\/backup\/wp-content\/uploads\/2023\/12\/acceuil-ride-with-us.jpg",600,800,false],"woocommerce_gallery_thumbnail":["https:\/\/centcols.org\/backup\/wp-content\/uploads\/2023\/12\/acceuil-ride-with-us-100x100.jpg",100,100,true]},"post_excerpt_stackable":"<p>Regional Assemblies are not only an opportunity for Club des Cent Cols members to meet one another, but others as well. You can invite cycling friends who don&#8217;t yet know about us and to who the idea to join us might arise. Passing cyclists might be interested in our \u2018\u2019stand\u2019\u2019 on the day, and will be warmly welcomed, as always by our Club. So here is the provisional programme for 2024, for which will appear on our website. Saturday 25 May, Alpes du Nord &#8211; Jura Col de la Rochette (FR-01-1112) Meet at Hauteville Lompnes at 9 h 00.Road\u00a0: Possibility&hellip;<\/p>\n","category_list":"<a href=\"https:\/\/centcols.org\/backup\/en\/categorie\/regionalmeetings-en\/\" rel=\"category tag\">Regional Meetings<\/a>, <a href=\"https:\/\/centcols.org\/backup\/en\/categorie\/regionalmeetings-en\/regional-meetings-2024\/\" rel=\"category tag\">Regional meetings 2024<\/a>","author_info":{"display_name":"Enrico Alberini","author_link":"https:\/\/centcols.org\/backup\/en\/author\/5065\/"},"comments_num":"0 comments","featured_image_urls_v2":{"full":["https:\/\/centcols.org\/backup\/wp-content\/uploads\/2023\/12\/acceuil-ride-with-us.jpg",600,800,false],"thumbnail":["https:\/\/centcols.org\/backup\/wp-content\/uploads\/2023\/12\/acceuil-ride-with-us-300x300.jpg",300,300,true],"medium":["https:\/\/centcols.org\/backup\/wp-content\/uploads\/2023\/12\/acceuil-ride-with-us-375x500.jpg",375,500,true],"medium_large":["https:\/\/centcols.org\/backup\/wp-content\/uploads\/2023\/12\/acceuil-ride-with-us.jpg",600,800,false],"large":["https:\/\/centcols.org\/backup\/wp-content\/uploads\/2023\/12\/acceuil-ride-with-us.jpg",600,800,false],"1536x1536":["https:\/\/centcols.org\/backup\/wp-content\/uploads\/2023\/12\/acceuil-ride-with-us.jpg",600,800,false],"2048x2048":["https:\/\/centcols.org\/backup\/wp-content\/uploads\/2023\/12\/acceuil-ride-with-us.jpg",600,800,false],"woocommerce_thumbnail":["https:\/\/centcols.org\/backup\/wp-content\/uploads\/2023\/12\/acceuil-ride-with-us-300x300.jpg",300,300,true],"woocommerce_single":["https:\/\/centcols.org\/backup\/wp-content\/uploads\/2023\/12\/acceuil-ride-with-us.jpg",600,800,false],"woocommerce_gallery_thumbnail":["https:\/\/centcols.org\/backup\/wp-content\/uploads\/2023\/12\/acceuil-ride-with-us-100x100.jpg",100,100,true]},"post_excerpt_stackable_v2":"<p>Regional Assemblies are not only an opportunity for Club des Cent Cols members to meet one another, but others as well. You can invite cycling friends who don&#8217;t yet know about us and to who the idea to join us might arise. Passing cyclists might be interested in our \u2018\u2019stand\u2019\u2019 on the day, and will be warmly welcomed, as always by our Club. So here is the provisional programme for 2024, for which will appear on our website. Saturday 25 May, Alpes du Nord &#8211; Jura Col de la Rochette (FR-01-1112) Meet at Hauteville Lompnes at 9 h 00.Road\u00a0: Possibility&hellip;<\/p>\n","category_list_v2":"<a href=\"https:\/\/centcols.org\/backup\/en\/categorie\/regionalmeetings-en\/\" rel=\"category tag\">Regional Meetings<\/a>, <a href=\"https:\/\/centcols.org\/backup\/en\/categorie\/regionalmeetings-en\/regional-meetings-2024\/\" rel=\"category tag\">Regional meetings 2024<\/a>","author_info_v2":{"name":"Enrico Alberini","url":"https:\/\/centcols.org\/backup\/en\/author\/5065\/"},"comments_num_v2":"0 comments","featured_image_src":"https:\/\/centcols.org\/backup\/wp-content\/uploads\/2023\/12\/acceuil-ride-with-us.jpg","_links":{"self":[{"href":"https:\/\/centcols.org\/backup\/en\/wp-json\/wp\/v2\/posts\/79352"}],"collection":[{"href":"https:\/\/centcols.org\/backup\/en\/wp-json\/wp\/v2\/posts"}],"about":[{"href":"https:\/\/centcols.org\/backup\/en\/wp-json\/wp\/v2\/types\/post"}],"author":[{"embeddable":true,"href":"https:\/\/centcols.org\/backup\/en\/wp-json\/wp\/v2\/users\/69"}],"replies":[{"embeddable":true,"href":"https:\/\/centcols.org\/backup\/en\/wp-json\/wp\/v2\/comments?post=79352"}],"version-history":[{"count":0,"href":"https:\/\/centcols.org\/backup\/en\/wp-json\/wp\/v2\/posts\/79352\/revisions"}],"wp:featuredmedia":[{"embeddable":true,"href":"https:\/\/centcols.org\/backup\/en\/wp-json\/wp\/v2\/media\/78861"}],"wp:attachment":[{"href":"https:\/\/centcols.org\/backup\/en\/wp-json\/wp\/v2\/media?parent=79352"}],"wp:term":[{"taxonomy":"category","embeddable":true,"href":"https:\/\/centcols.org\/backup\/en\/wp-json\/wp\/v2\/categories?post=79352"},{"taxonomy":"post_tag","embeddable":true,"href":"https:\/\/centcols.org\/backup\/en\/wp-json\/wp\/v2\/tags?post=79352"}],"curies":[{"name":"wp","href":"https:\/\/api.w.org\/{rel}","templated":true}]}}