{"id":79646,"date":"2024-01-22T18:08:40","date_gmt":"2024-01-22T17:08:40","guid":{"rendered":"https:\/\/centcols.org\/backup\/sejour-dete-2024-a-vogue\/"},"modified":"2024-04-13T17:08:26","modified_gmt":"2024-04-13T15:08:26","slug":"sejour-dete-2024-a-vogue","status":"publish","type":"post","link":"https:\/\/centcols.org\/backup\/en\/sejour-dete-2024-a-vogue\/","title":{"rendered":"Summer stay in Vog\u00fce, 29 June to 06 July 2024"},"content":{"rendered":"\n<p>Enrico Alberini, Jean Luc Matte, Christophe Badonnel and the IT group have contributed to this page presenting the stay.<\/p>\n\n\n\n<h1 class=\"wp-block-heading\"><span style=\"color: #cf2e2e;\" class=\"stk-highlight\">Only 3 full-board places available<\/span><\/h1>\n\n\n\n<p>The 2024 summer stay will take place from 29 Juneto 06 July 2024 in the Ard\u00e8che d\u00e9partment. It has been prepared by a small team&nbsp; : Corinne Dameron, Roland Dameron and Bernard Pommel.<\/p>\n\n\n\n<p>We will be staying in the holiday village&#8221;Domaine Lou Capitelle&#8221;.<\/p>\n\n\n\n<nav class=\"wp-block-stackable-table-of-contents stk-block-table-of-contents stk-block stk-b79db77\" data-block-id=\"b79db77\"><style>.stk-b79db77 .stk-table-of-contents__table{column-count:2 !important}<\/style><p class=\"stk-table-of-contents__title\">Contents<\/p><ul class=\"stk-table-of-contents__table\"><li><a href=\"#presentation-de-la-region\">Presentation of the region :<\/a><\/li><li><a href=\"#circuits\">Circuits<\/a><\/li><li><a href=\"#le-rassemblement-international-annuel\">The annual international meeting Jean Perdoux<\/a><\/li><li><a href=\"#hebergement\">Accomodation<\/a><\/li><li><a href=\"#note-du-conseil-d-administration\">Note du Conseil d&#8217;administration<\/a><\/li><li><a href=\"#inscriptions\">Bookings<\/a><ul><li><a href=\"#bulletin-d-inscription-vogue-en-francais\">Bulletin d\u2019Inscription Vog\u00fce en fran\u00e7ais<\/a><\/li><li><a href=\"#booking-form-vogue-in-english\">Booking form Vog\u00fce in English<\/a><\/li><li><a href=\"#modulo-discrizione-vogue-in-italiano\">Modulo d\u2019iscrizione Vog\u00fce in italiano<\/a><\/li><\/ul><\/li><li><a href=\"#autres-activites-ou-visites\">Other activities or visits<\/a><\/li><\/ul><\/nav>\n\n\n\n<p><strong>Cyclist :<\/strong><\/p>\n\n\n\n<h2 class=\"wp-block-heading\" id=\"presentation-de-la-region\"><strong>Presentation of the region <\/strong>:<\/h2>\n\n\n\n<p>Located in the Auvergne-Rh\u00f4ne-Alpes region, nestled in the heart of the picturesque countryside ofthe southern Ard\u00e8che, Vog\u00fce was built to be sheltered from the winds, at the foot of fifty metre high cliffs along the river Ard\u00e8che.<\/p>\n\n\n\n<p><div class=\"leaflet-map WPLeafletMap\" style=\"height:600px; width:100%;\"><\/div><script>\nwindow.WPLeafletMapPlugin = window.WPLeafletMapPlugin || [];\nwindow.WPLeafletMapPlugin.push(function WPLeafletMapShortcode() {\/*<script>*\/\nvar baseUrl = atob('aHR0cHM6Ly97c30udGlsZS5vcGVuc3RyZWV0bWFwLm9yZy97en0ve3h9L3t5fS5wbmc=');\nvar base = (!baseUrl && window.MQ) ?\n    window.MQ.mapLayer() : L.tileLayer(baseUrl,\n        L.Util.extend({}, {\n            detectRetina: 0,\n        },\n        {\"subdomains\":\"abc\",\"noWrap\":false,\"maxZoom\":18}        )\n    );\n    var options = L.Util.extend({}, {\n        layers: [base],\n        attributionControl: false\n    },\n    {\"zoomControl\":true,\"scrollWheelZoom\":true,\"doubleClickZoom\":false,\"fitBounds\":false,\"minZoom\":0,\"maxZoom\":18,\"maxBounds\":null,\"attribution\":\"<a href=\\\"http:\\\/\\\/leafletjs.com\\\">Leaflet<\\\/a>; \\u00a9 <a href=\\\"http:\\\/\\\/www.openstreetmap.org\\\/copyright\\\">OpenStreetMap<\\\/a> contributors\"},\n    {});\nwindow.WPLeafletMapPlugin.createMap(options).setView([44.547,4.414],12);});<\/script><br><\/p>\n\n\n<script>\nwindow.WPLeafletMapPlugin = window.WPLeafletMapPlugin || [];\nwindow.WPLeafletMapPlugin.push(function WPLeafletMarkerShortcode() {\/*<script>*\/\nvar map = window.WPLeafletMapPlugin.getCurrentMap();\nvar group = window.WPLeafletMapPlugin.getCurrentGroup();\nvar marker_options = window.WPLeafletMapPlugin.getIconOptions({\"iconUrl\":\"\\\/res\\\/lib\\\/leaflet\\\/images\\\/hotel.png\",\"iconSize\":\"24,72\",\"popupAnchor\":\"0,-32\"});\nvar marker = L.marker(\n    [44.547,4.414],\n    marker_options\n);\nvar is_image = map.is_image_map;\nif (marker_options.draggable) {\n    marker.on('dragend', function () {\n        var latlng = this.getLatLng();\n        var lat = latlng.lat;\n        var lng = latlng.lng;\n        if (is_image) {\n            console.log('leaflet-marker y=' + lat + ' x=' + lng);\n        } else {\n            console.log('leaflet-marker lat=' + lat + ' lng=' + lng);\n        }\n    });\n}\nmarker.addTo( group );\nmarker.bindPopup(window.WPLeafletMapPlugin.unescape('Lou Capitelle'));window.WPLeafletMapPlugin.markers.push( marker );\n        });<\/script>\n\n\n<div class=\"wp-block-image\">\n<figure data-wp-context=\"{&quot;uploadedSrc&quot;:&quot;https:\\\/\\\/centcols.org\\\/backup\\\/wp-content\\\/uploads\\\/2024\\\/02\\\/chateau-\\u00a9loucapitelle.jpg&quot;,&quot;figureClassNames&quot;:&quot;aligncenter size-medium&quot;,&quot;figureStyles&quot;:null,&quot;imgClassNames&quot;:&quot;wp-image-79437&quot;,&quot;imgStyles&quot;:null,&quot;targetWidth&quot;:1200,&quot;targetHeight&quot;:798,&quot;scaleAttr&quot;:false,&quot;ariaLabel&quot;:&quot;Enlarge image&quot;,&quot;alt&quot;:&quot;&quot;}\" data-wp-interactive=\"core\/image\" class=\"aligncenter size-medium wp-lightbox-container\"><img loading=\"lazy\" decoding=\"async\" width=\"500\" height=\"333\" data-wp-init=\"callbacks.setButtonStyles\" data-wp-on--click=\"actions.showLightbox\" data-wp-on--load=\"callbacks.setButtonStyles\" data-wp-on-window--resize=\"callbacks.setButtonStyles\" src=\"https:\/\/centcols.org\/backup\/wp-content\/uploads\/2024\/02\/chateau-\u00a9loucapitelle-500x333.jpg\" alt=\"\" class=\"wp-image-79437\" srcset=\"https:\/\/centcols.org\/backup\/wp-content\/uploads\/2024\/02\/chateau-\u00a9loucapitelle-500x333.jpg 500w, https:\/\/centcols.org\/backup\/wp-content\/uploads\/2024\/02\/chateau-\u00a9loucapitelle-768x511.jpg 768w, https:\/\/centcols.org\/backup\/wp-content\/uploads\/2024\/02\/chateau-\u00a9loucapitelle-600x399.jpg 600w, https:\/\/centcols.org\/backup\/wp-content\/uploads\/2024\/02\/chateau-\u00a9loucapitelle.jpg 1200w\" sizes=\"(max-width: 500px) 100vw, 500px\" \/><button\n\t\t\tclass=\"lightbox-trigger\"\n\t\t\ttype=\"button\"\n\t\t\taria-haspopup=\"dialog\"\n\t\t\taria-label=\"Enlarge image\"\n\t\t\tdata-wp-init=\"callbacks.initTriggerButton\"\n\t\t\tdata-wp-on--click=\"actions.showLightbox\"\n\t\t\tdata-wp-style--right=\"context.imageButtonRight\"\n\t\t\tdata-wp-style--top=\"context.imageButtonTop\"\n\t\t>\n\t\t\t<svg xmlns=\"http:\/\/www.w3.org\/2000\/svg\" width=\"12\" height=\"12\" fill=\"none\" viewBox=\"0 0 12 12\">\n\t\t\t\t<path fill=\"#fff\" d=\"M2 0a2 2 0 0 0-2 2v2h1.5V2a.5.5 0 0 1 .5-.5h2V0H2Zm2 10.5H2a.5.5 0 0 1-.5-.5V8H0v2a2 2 0 0 0 2 2h2v-1.5ZM8 12v-1.5h2a.5.5 0 0 0 .5-.5V8H12v2a2 2 0 0 1-2 2H8Zm2-12a2 2 0 0 1 2 2v2h-1.5V2a.5.5 0 0 0-.5-.5H8V0h2Z\" \/>\n\t\t\t<\/svg>\n\t\t<\/button><figcaption class=\"wp-element-caption\">ch\u00e2teau \u00a9loucapitelle<\/figcaption><\/figure><\/div>\n\n\n<p>Close to the Ard\u00e8che gorge, this pretty villageis listed among the&#8221;Plus beaux villages de France&#8221;and is recognised for its outstanding natural setting, its mediaeval architecture andits atmosphere of authenticity.<\/p>\n\n\n\n<p>There are traces of prehistoric human occupation,although it wasn&#8217;t until the Middle Agesthat the village grew significantly. Founded by the lords of Vog\u00fce in the12 th century, it quickly developed around the castle. This is one of the village&#8217;s historic jewels, rebuilt in the 17th century, and is open to the public, with several exhibition rooms. A short distance from the castle is Sainte Marie&#8217;s church, built on the site of a Bendictine abbey. It was completely rebuilt in 1691, after the wars of religion.<\/p>\n\n\n\n<p>Walking along its narrow lanes, one can&#8217;t fail to notice its stone houses, typical of the area. Some of the houses date from the 17 th century. Until 1940, stonemasons dug the blue stone of Vog\u00fce. They lived in the rue des balcons where the stone stairs are witness to their craftmanship.<\/p>\n\n\n\n<p>Today, the village lives mainly by tourism thanks to its three labels : Plus beau village de France, Village de caract\u00e8re and the Via Ard\u00e8che.<\/p>\n\n\n\n<p>From Domaine Lou Capitelle, you can go in search of the marvels of the C\u00e9vennes ard\u00e9choises, the massif du Tanargue, the plateau du M\u00e9zenc or the Gerbier de Jonc. You will find the Ard\u00e8che gorge, the famous Pont d&#8217;Arc, the Chauvet grotto, the villages of Joyeuse, Largenti\u00e8re and the castles of Montr\u00e9al, and of Joannas.<\/p>\n\n\n\n<p>You will taste criques, caillettes, the maoche and the many specialities based on the chestnut, another emblem of this beautiful country. You&#8217;ll finish your meal with a picodon, washed down with syrah or viognier, followed by a macaron de Joyeuse, a speciality of the town since 1851.<\/p>\n\n\n\n<p>Last but not least, there will be cols, more than 60 as many road as off-road.<\/p>\n\n\n\n<p><a href=\"https:\/\/www.francetvinfo.fr\/culture\/patrimoine\/ardeche-a-la-decouverte-du-village-de-vogue_6064170.html\" target=\"_blank\" rel=\"noreferrer noopener\">A la d\u00e9couverte du village de l\u2019Ard\u00e8che<\/a><\/p>\n\n\n\n<h2 class=\"wp-block-heading\" id=\"circuits\">Circuits<\/h2>\n\n\n\n<p><strong>Road rides:<\/strong><\/p>\n\n\n\n<div class=\"wp-block-columns is-layout-flex wp-container-core-columns-is-layout-1 wp-block-columns-is-layout-flex\">\n<div class=\"wp-block-column is-layout-flow wp-block-column-is-layout-flow\">\n<p><a href=\"https:\/\/www.openrunner.com\/route-details\/18412376\" target=\"_blank\" rel=\"noreferrer noopener\">R0 Rassemblement Juvinas<\/a><\/p>\n\n\n\n<p><a href=\"https:\/\/www.openrunner.com\/route-details\/18412405\" target=\"_blank\" rel=\"noreferrer noopener\">R 1 la corniche du Vivarais<\/a><\/p>\n\n\n\n<p><a href=\"https:\/\/www.openrunner.com\/route-details\/18412426\" target=\"_blank\" rel=\"noreferrer noopener\">R 2 des c\u00f4tes et des croix<\/a><\/p>\n<\/div>\n\n\n\n<div class=\"wp-block-column is-layout-flow wp-block-column-is-layout-flow\">\n<p><a href=\"https:\/\/www.openrunner.com\/route-details\/18412440\" target=\"_blank\" rel=\"noreferrer noopener\">R 3 autour d&#8217;Aubenas<\/a><\/p>\n\n\n\n<p><a href=\"https:\/\/www.openrunner.com\/route-details\/18412461\" target=\"_blank\" rel=\"noreferrer noopener\">R 4 cols en stock<\/a><\/p>\n\n\n\n<p><a href=\"https:\/\/www.openrunner.com\/route-details\/18412484\" target=\"_blank\" rel=\"noreferrer noopener\">R 5 ch\u00e2teaux et chemins<\/a><\/p>\n<\/div>\n\n\n\n<div class=\"wp-block-column is-layout-flow wp-block-column-is-layout-flow\">\n<p><a href=\"https:\/\/www.openrunner.com\/route-details\/18412495\" target=\"_blank\" rel=\"noreferrer noopener\">R 6 petites routes, grands bonheurs<\/a><\/p>\n\n\n\n<p><a href=\"https:\/\/www.openrunner.com\/route-details\/18412514\" target=\"_blank\" rel=\"noreferrer noopener\">R 7 les gorges d\u00e9ploy\u00e9es<\/a><\/p>\n\n\n\n<p><a href=\"https:\/\/www.openrunner.com\/route-details\/18412537\" target=\"_blank\" rel=\"noreferrer noopener\">R 8 des serres et des coulets<\/a><\/p>\n<\/div>\n<\/div>\n\n\n\n<p><strong>Road ride mapping<\/strong><\/p>\n\n\n\n<p><strong>Mountain-bike rides:<\/strong><\/p>\n\n\n\n<div class=\"wp-block-columns is-layout-flex wp-container-core-columns-is-layout-2 wp-block-columns-is-layout-flex\">\n<div class=\"wp-block-column is-layout-flow wp-block-column-is-layout-flow\">\n<p><a href=\"https:\/\/www.openrunner.com\/route-details\/18412626\" target=\"_blank\" rel=\"noreferrer noopener\">V0 Rassemblement Juvinas<\/a><\/p>\n\n\n\n<p><a href=\"https:\/\/www.openrunner.com\/route-details\/18412640\" target=\"_blank\" rel=\"noreferrer noopener\">V 1 Grospierres<\/a><\/p>\n\n\n\n<p><a href=\"https:\/\/www.openrunner.com\/route-details\/18412652\" target=\"_blank\" rel=\"noreferrer noopener\">V 2 Lagorce<\/a><\/p>\n<\/div>\n\n\n\n<div class=\"wp-block-column is-layout-flow wp-block-column-is-layout-flow\">\n<p><a href=\"https:\/\/www.openrunner.com\/route-details\/18412672\" target=\"_blank\" rel=\"noreferrer noopener\">V 3 Joannas<\/a><\/p>\n\n\n\n<p><a href=\"https:\/\/www.openrunner.com\/route-details\/18412685\" target=\"_blank\" rel=\"noreferrer noopener\">V 4 col d&#8217;Auriolles<\/a><\/p>\n\n\n\n<p><a href=\"https:\/\/www.openrunner.com\/route-details\/18412875\" target=\"_blank\" rel=\"noreferrer noopener\">V 5 Vals-les-Bains<\/a><\/p>\n<\/div>\n\n\n\n<div class=\"wp-block-column is-layout-flow wp-block-column-is-layout-flow\">\n<p><a href=\"https:\/\/www.openrunner.com\/route-details\/18412903\" target=\"_blank\" rel=\"noreferrer noopener\">V 6 Beaumont<\/a><\/p>\n\n\n\n<p><a href=\"https:\/\/www.openrunner.com\/route-details\/18412936\" target=\"_blank\" rel=\"noreferrer noopener\">V 7 Saint-Joseph-des-Bancs<\/a><\/p>\n\n\n\n<p><a href=\"https:\/\/www.openrunner.com\/route-details\/18412964\" target=\"_blank\" rel=\"noreferrer noopener\">V 8 Vals-les-Bains<\/a><\/p>\n<\/div>\n<\/div>\n\n\n\n<p><strong>Mountain-bike ride mapping<\/strong><\/p>\n\n\n\n<h2 class=\"wp-block-heading\" id=\"le-rassemblement-international-annuel\"><strong>The annual international meeting<\/strong> <strong>Jean Perdoux<\/strong><\/h2>\n\n\n\n<p>The traditional <strong>annual international assembly<\/strong> will take place on Sunday 30 June 2024 from 11H00 at the community of Juvinas close to the <a href=\"https:\/\/centcols.org\/backup\/util\/geo\/visu.php?code=FR-07-0718\" target=\"_blank\" rel=\"noreferrer noopener\">col de Juvinas FR-07-0718<\/a>.<\/p>\n\n\n\n<figure class=\"wp-block-gallery has-nested-images columns-default is-cropped wp-block-gallery-1 is-layout-flex wp-block-gallery-is-layout-flex\">\n<figure class=\"wp-block-image size-medium\"><a href=\"https:\/\/centcols.org\/backup\/wp-content\/uploads\/2024\/02\/col-de-Juvinas-500x375.jpg\"><img loading=\"lazy\" decoding=\"async\" width=\"500\" height=\"375\" data-id=\"79443\" src=\"https:\/\/centcols.org\/backup\/wp-content\/uploads\/2024\/02\/col-de-Juvinas-500x375.jpg\" alt=\"\" class=\"wp-image-79443\" srcset=\"https:\/\/centcols.org\/backup\/wp-content\/uploads\/2024\/02\/col-de-Juvinas-500x375.jpg 500w, https:\/\/centcols.org\/backup\/wp-content\/uploads\/2024\/02\/col-de-Juvinas-768x576.jpg 768w, https:\/\/centcols.org\/backup\/wp-content\/uploads\/2024\/02\/col-de-Juvinas-600x450.jpg 600w, https:\/\/centcols.org\/backup\/wp-content\/uploads\/2024\/02\/col-de-Juvinas.jpg 1200w\" sizes=\"(max-width: 500px) 100vw, 500px\" \/><\/a><figcaption class=\"wp-element-caption\">col de Juvinas \u00a9 Luc Rioland<\/figcaption><\/figure>\n\n\n\n<figure class=\"wp-block-image size-medium\"><a href=\"https:\/\/centcols.org\/backup\/wp-content\/uploads\/2024\/02\/JUVINAS-500x375.jpg\"><img loading=\"lazy\" decoding=\"async\" width=\"500\" height=\"375\" data-id=\"79449\" src=\"https:\/\/centcols.org\/backup\/wp-content\/uploads\/2024\/02\/JUVINAS-500x375.jpg\" alt=\"\" class=\"wp-image-79449\" srcset=\"https:\/\/centcols.org\/backup\/wp-content\/uploads\/2024\/02\/JUVINAS-500x375.jpg 500w, https:\/\/centcols.org\/backup\/wp-content\/uploads\/2024\/02\/JUVINAS-768x576.jpg 768w, https:\/\/centcols.org\/backup\/wp-content\/uploads\/2024\/02\/JUVINAS-600x450.jpg 600w, https:\/\/centcols.org\/backup\/wp-content\/uploads\/2024\/02\/JUVINAS.jpg 1200w\" sizes=\"(max-width: 500px) 100vw, 500px\" \/><\/a><figcaption class=\"wp-element-caption\">vue sur le village du Juvinas \u00a9mairie Juvinas<\/figcaption><\/figure>\n<\/figure>\n\n\n\n<p>A buffet ap\u00e9ritif will be served there and all our members can enjoy it, not only those who have taken full board. All you need to do is book the picnic lunch (see the booking page).<\/p>\n\n\n\n<p><a href=\"https:\/\/www.aubenas-vals.com\/video\/1-minute-col-de-juvinas-ardeche-drone\/\" target=\"_blank\" rel=\"noreferrer noopener\">Vue du col en drone<\/a><\/p>\n\n\n\n<h2 class=\"wp-block-heading\" id=\"hebergement\">Accomodation<\/h2>\n\n\n\n<p>The Domaine Lou Capitelle will welcome us to the heart&nbsp; of an exceptional riverside site facing the limestone cliffs that begin the Gorges de l&#8217;Ard\u00e8che. You&#8217;ll stay in 18m2 rooms with twin single bed sand seperate bathrooms. Single rooms are available. Bed linen and towels will be provided, and will be changed once during the stay. Meals (breakfast and dinner) will be taken in a panoramic restaurant with a unique view over the village of Vog\u00fce.<\/p>\n\n\n\n<p>You&#8217;ll also have free access to an interior swimming pool with whirlpool bath, massage jets, jacuzzi. Don&#8217;t forget to bring your costume (swimming trunks not allowed).<\/p>\n\n\n\n<figure class=\"wp-block-gallery has-nested-images columns-2 is-cropped wp-block-gallery-2 is-layout-flex wp-block-gallery-is-layout-flex\">\n<figure class=\"wp-block-image size-medium\"><a href=\"https:\/\/centcols.org\/backup\/wp-content\/uploads\/2024\/02\/SALLE-DE-RESTAURANT-500x333.jpg\"><img loading=\"lazy\" decoding=\"async\" width=\"500\" height=\"333\" data-id=\"79461\" src=\"https:\/\/centcols.org\/backup\/wp-content\/uploads\/2024\/02\/SALLE-DE-RESTAURANT-500x333.jpg\" alt=\"\" class=\"wp-image-79461\" srcset=\"https:\/\/centcols.org\/backup\/wp-content\/uploads\/2024\/02\/SALLE-DE-RESTAURANT-500x333.jpg 500w, https:\/\/centcols.org\/backup\/wp-content\/uploads\/2024\/02\/SALLE-DE-RESTAURANT-768x512.jpg 768w, https:\/\/centcols.org\/backup\/wp-content\/uploads\/2024\/02\/SALLE-DE-RESTAURANT-600x400.jpg 600w, https:\/\/centcols.org\/backup\/wp-content\/uploads\/2024\/02\/SALLE-DE-RESTAURANT.jpg 1200w\" sizes=\"(max-width: 500px) 100vw, 500px\" \/><\/a><figcaption class=\"wp-element-caption\">salle de restaurant \u00a9loucapitelle<\/figcaption><\/figure>\n\n\n\n<figure class=\"wp-block-image size-medium\"><a href=\"https:\/\/centcols.org\/backup\/wp-content\/uploads\/2024\/02\/Chambre-Lou-Capitelle-500x333.jpg\"><img loading=\"lazy\" decoding=\"async\" width=\"500\" height=\"333\" data-id=\"79431\" src=\"https:\/\/centcols.org\/backup\/wp-content\/uploads\/2024\/02\/Chambre-Lou-Capitelle-500x333.jpg\" alt=\"\" class=\"wp-image-79431\" srcset=\"https:\/\/centcols.org\/backup\/wp-content\/uploads\/2024\/02\/Chambre-Lou-Capitelle-500x333.jpg 500w, https:\/\/centcols.org\/backup\/wp-content\/uploads\/2024\/02\/Chambre-Lou-Capitelle-768x512.jpg 768w, https:\/\/centcols.org\/backup\/wp-content\/uploads\/2024\/02\/Chambre-Lou-Capitelle-600x400.jpg 600w, https:\/\/centcols.org\/backup\/wp-content\/uploads\/2024\/02\/Chambre-Lou-Capitelle.jpg 1200w\" sizes=\"(max-width: 500px) 100vw, 500px\" \/><\/a><figcaption class=\"wp-element-caption\">chambre \u00a9loucapitelle<\/figcaption><\/figure>\n\n\n\n<figure class=\"wp-block-image size-medium\"><a href=\"https:\/\/centcols.org\/backup\/wp-content\/uploads\/2024\/02\/Piscine-Lou-Capitelle-500x333.jpg\"><img loading=\"lazy\" decoding=\"async\" width=\"500\" height=\"333\" data-id=\"79455\" src=\"https:\/\/centcols.org\/backup\/wp-content\/uploads\/2024\/02\/Piscine-Lou-Capitelle-500x333.jpg\" alt=\"\" class=\"wp-image-79455\" srcset=\"https:\/\/centcols.org\/backup\/wp-content\/uploads\/2024\/02\/Piscine-Lou-Capitelle-500x333.jpg 500w, https:\/\/centcols.org\/backup\/wp-content\/uploads\/2024\/02\/Piscine-Lou-Capitelle-768x512.jpg 768w, https:\/\/centcols.org\/backup\/wp-content\/uploads\/2024\/02\/Piscine-Lou-Capitelle-600x400.jpg 600w, https:\/\/centcols.org\/backup\/wp-content\/uploads\/2024\/02\/Piscine-Lou-Capitelle.jpg 1200w\" sizes=\"(max-width: 500px) 100vw, 500px\" \/><\/a><figcaption class=\"wp-element-caption\">piscine \u00a9loucapitelle<\/figcaption><\/figure>\n<\/figure>\n\n\n\n<div class=\"wp-block-columns is-layout-flex wp-container-core-columns-is-layout-3 wp-block-columns-is-layout-flex\">\n<div class=\"wp-block-column is-layout-flow wp-block-column-is-layout-flow\" style=\"flex-basis:50%\">\n<p>The relaxing area hammam and sauna are available for a supplement.<\/p>\n\n\n\n<p><strong>Here is the address:<br><\/strong>Domaine Lou Capitelle<br>470 rue du Pigeonnier<br>07200 Vog\u00fce<\/p>\n\n\n\n<p><strong>Other Accommodation:<br><\/strong>Camping Oasis des Garrigues<br>290 chemin de l&#8217;Auzon<br>07200 Vog\u00fce<\/p>\n<\/div>\n\n\n\n<div class=\"wp-block-column has-very-light-gray-background-color has-background is-layout-flow wp-block-column-is-layout-flow\" style=\"flex-basis:50%\">\n<div class=\"wp-block-group\"><div class=\"wp-block-group__inner-container is-layout-constrained wp-block-group-is-layout-constrained\">\n<h2 class=\"wp-block-heading has-text-align-center\" id=\"note-du-conseil-d-administration\"><strong>WORD FROM THE BOARD OF ADMINISTRATION<\/strong><\/h2>\n\n\n\n<p>It you are considering booking an accommodation different from those suggested, think of subscribing to \u2018Solidarity Fund\u2019 for us :<\/p>\n<\/div><\/div>\n\n\n\n<ol>\n<li>to be able to organize the events offered to the participants (information sessions, welcome and farewell drinks),<\/li>\n\n\n\n<li>to be able to offer the Cent Cols booklet on Praz-sur-Arly stay<\/li>\n\n\n\n<li>to share out the preparation and organisation cost equally between all the participants.<\/li>\n<\/ol>\n<\/div>\n<\/div>\n\n\n\n<h2 class=\"wp-block-heading\" id=\"inscriptions\">Bookings<\/h2>\n\n\n\n<p>Please download the PDF format booking form from the internet link you\u2019ll find below. Note that the form comprizes 2 pages&nbsp;: the Booking Form itself (please fill it in completely and sign it) and the particular conditions which you should also sign. If you intend to come with your partner, please subscribe them as an associate member with your DT and don\u2019t forget to put their associate member number in the appropriate place on the form.<\/p>\n\n\n\n<p>All the participants must subscribe to the \u2018Solidarity Fund\u2019, whatever the choice they make (full board, \u20187 evening meals only\u2019 or \u2018participants only\u2019 (i.e those who arrange for their own accommodation and meals) with the exception of the associate members (Cent Cols board decision of 26 September 2020). This Solidarity Fund corresponds to all the services the participants will benefit from&nbsp;: cost of preparing the week and its circuits, producing the maps and trombinoscope that will be put on display, the welcome and farewell drinks, the booklet, organizing members\u2019companions\u2019activities, insurance, etc.<\/p>\n\n\n\n<p>Please remember that the stays are made available only for Cent Cols members, which means your yearly membership fee must be updated before you send your booking form.<\/p>\n\n\n\n<p>You can choose from the following formulas&nbsp;:<br>\u2022 &#8216;Full board\u2019 for 527 \u20ac, plus the Solidarity Fund for 16 \u20ac, for a total sum of 543 \u20ac&nbsp;;<br>\u2022 &#8216;7 evening meals only\u2019 for 164 \u20ac, if you arrange your own accommodation, but wish to dine with your friends. You must add the Solidarity Fund for 16 \u20ac, for a total sum of 180 \u20ac&nbsp;;<br>\u2022 Optional subscription to Gritchen insurance (2.34&nbsp;% of the subscription cost with a minimum of 8 \u20ac per person or 16 \u20ac per couple)&nbsp;;<br>\u2022 \u2018Solidarity Fund\u2019 for 16 \u20ac if you arrange your own accommodation and meals.<\/p>\n\n\n\n<p>If, and only if, you do not have FFCT insurance, you must subscribe to the compulsory insurance on the form for 7 euros. You can pay by cheque or by bank transfer to the Club\u2019s account. Because of the additional costs required by Paypal, we do not accept this form of payment.<\/p>\n\n\n\n<p>If you are a couple, one of which is an associate member and not a member of the FFCT, and you want to take out Gritchen insurance, choose two packages at 527 \u20ac, a package for organisational costs at 16 \u20ac, i.e. a total of 1070 \u20ac, add the Gritchen insurance at 2.34% x 1070 \u20ac = 25.03 \u20ac (which is higher than the minimum of 16 \u20ac) and the non-FFCT insurance at 7 \u20ac, i.e. a total of 1102.03 \u20ac<\/p>\n\n\n\n<p>The acceptance of bookings will be taken in the order of payment, whether by cheque or by bank transfer. For the former, it is the postmark which counts, for the second, please send a copy of the transfer with your booking. If the stay is fully booked, a waiting list will be put in place, and acceptance will operate in the same way as the direct bookings.<\/p>\n\n\n\n<p>If you have not already sent your photo for the trombinoscope, and would like to be on it, tick the appropriate box on the booking form and send your photo in jpg format by email.<\/p>\n\n\n\n<p>Further information will be put on the Club\u2019s website in due course. For each new piece of information, the person responsible for holiday weeks will put a notification on the message board. If you would like to receive these mails, and have not already joined the message board, we invite you to do so.<\/p>\n\n\n\n<p>If you have any questions, please do not hesitate to contact the person responsible : +33 6 78 87 33 67<\/p>\n\n\n\n<p>T\u00e9l\u00e9charger le bulletin \/ download the<strong> <\/strong>booking form \/ scarica il modulo<\/p>\n\n\n\n<h4 class=\"wp-block-heading\" id=\"bulletin-d-inscription-vogue-en-francais\"><strong><a title=\"\" href=\"https:\/\/centcols.org\/backup\/wp-content\/uploads\/2024\/02\/Bulletin-dinscription-FR.pdf\" target=\"_blank\" rel=\"noopener\">Bulletin d\u2019Inscription Vog\u00fce en fran\u00e7ais<\/a><\/strong><\/h4>\n\n\n\n<h4 class=\"wp-block-heading\" id=\"booking-form-vogue-in-english\"><strong><a href=\"https:\/\/centcols.org\/backup\/wp-content\/uploads\/2024\/02\/Bulletin-Inscription-GB.pdf\" target=\"_blank\" rel=\"noopener\" title=\"\">Booking form Vog\u00fce in English<\/a><\/strong><\/h4>\n\n\n\n<h4 class=\"wp-block-heading\" id=\"modulo-discrizione-vogue-in-italiano\"><strong><a title=\"\" href=\"https:\/\/centcols.org\/backup\/wp-content\/uploads\/2024\/02\/Bulletin-dinscription-IT.pdf\" target=\"_blank\" rel=\"noopener\">Modulo d\u2019iscrizione Vog\u00fce in italiano<\/a><\/strong><\/h4>\n\n\n\n<p><a href=\"https:\/\/centcols.org\/backup\/wp-content\/uploads\/2021\/06\/CGA-Residence-de-tourisme-Cent-cols.pdf\" target=\"_blank\" rel=\"noreferrer noopener\">Conditions g\u00e9n\u00e9rales assurance Gritchen<\/a><\/p>\n\n\n\n<p><a href=\"https:\/\/centcols.org\/backup\/wp-content\/uploads\/2021\/06\/Gritchen_Covid19_Gritchen_FR.pdf\" target=\"_blank\" rel=\"noreferrer noopener\">Gritchen couverture Covid 19<\/a><\/p>\n\n\n\n<p><strong>The last date for receipt of bookings is 14\/05\/2024 .<\/strong><\/p>\n\n\n\n<p>You can leaf through the booklet <strong><a href=\"http:\/\/centcols.net\/wp-content\/uploads\/2024\/04\/livret-vogue-Jean-Perdoux-2024-04-08-GG.pdf\">HERE<\/a>.<\/strong> It will be given to the participants upon arrival. You\u2019ll find the welcome message, the information on the area to discover, the map directions, a reminder on safety measures and a detailed presentation of the circuits.<\/p>\n\n\n\n<p>In this digital version, you can view the cols on a map and display their photos by clicking on the code for each pass (on pages 10,11 and 36,37 of the provisional road and mountain bike programme).<\/p>\n\n\n<div class=\"wp-block-image\">\n<figure class=\"aligncenter size-medium\"><a href=\"https:\/\/centcols.org\/backup\/wp-content\/uploads\/2024\/04\/livret-vogue-Jean-Perdoux-2024-04-08-GG.pdf\" target=\"_blank\" rel=\"noreferrer noopener\"><img decoding=\"async\" src=\"https:\/\/centcols.org\/backup\/wp-content\/uploads\/2024\/02\/livret-Vogue-page-1-353x500.jpg\" alt=\"\" class=\"wp-image-80026\"\/><\/a><\/figure><\/div>\n\n\n<h2 class=\"wp-block-heading\" id=\"autres-activites-ou-visites\">Other activities or visits<\/h2>\n\n\n\n<div class=\"wp-block-stackable-icon-list stk-block-icon-list stk-block stk-9a80f1f\" data-block-id=\"9a80f1f\"><svg style=\"display:none\"><defs><g id=\"stk-icon-list__icon-svg-def-9a80f1f\"><svg xmlns=\"http:\/\/www.w3.org\/2000\/svg\" viewBox=\"0 0 190 190\"><polygon points=\"173.8,28.4 60.4,141.8 15.7,97.2 5.1,107.8 60.4,163 184.4,39 173.8,28.4\"\/><\/svg><\/g><\/defs><\/svg><ul class=\"stk-block-icon-list__ul stk-block-icon-list--column\">\n<li class=\"wp-block-stackable-icon-list-item stk-block-icon-list-item stk-block stk-09ac0ba\" data-block-id=\"09ac0ba\"><div class=\"stk-block-icon-list-item__content\"><span class=\"stk--svg-wrapper\"><div class=\"stk--inner-svg\"><svg aria-hidden=\"true\" width=\"32\" height=\"32\"><use xlink:href=\"#stk-icon-list__icon-svg-def-9a80f1f\"><\/use><\/svg><\/div><\/span><span class=\"stk-block-icon-list-item__text\"><ul><li><strong>Aubenas<\/strong> : the ch\u00e2teau of Aubenas also known as the ch\u00e2teau of Montlaur, D\u00f4me St-Benoit, the Delich\u00e8res house, a gothic building decorated with gargoylescarved insandstone, the Saint-Laurent church, h\u00f4tel Goudard-Ruelle, the chapel of the Cordeliers and its creme de marron (Sabaton, Imbert).<\/li><\/ul><a href=\"https:\/\/www.patrimoine-ardeche.com\/visites\/aubenas.htm\">cit\u00e9 d&#8217;Aubenas<\/a><ul><li><strong>Privas<\/strong> : prefecture of the Ard\u00e8che, tower of Diane de Poitiers, <a href=\"https:\/\/www.ardeche-buissonniere.fr\/preparer-et-reserver\/decouvrir\/a-denicher\/107207_le-pont-louis-xiii\/\">Louis XIII<\/a> bridge, the <a href=\"https:\/\/www.privas.fr\/decouvrir-bouger\/histoire-et-patrimoine\/patrimoine-naturel\">site of Montoulon<\/a>, <a href=\"https:\/\/www.clementfaugier.fr\/fr\/accueil\">capital of marron glac\u00e9<\/a><strong>Many mediaeval villages<\/strong> : Alba-la-Romaine, Balazuc, Labeaume, Ruoms, Beaulieu, Banne, Boucieu-le-Roi, Vallon Pont-d&#8217;Arc, Naves, Saint-Laurent-sous-Coiron<strong>Many castles<\/strong> : Joyeuse, Montr\u00e9al, Joannas, Vog\u00fce, Rochemaure, <a href=\"https:\/\/www.chateauhautsegur.fr\/francais\/accueil_fr.htm\">Hauts\u00e9gur<\/a><strong>Many grottoes<\/strong> : <a href=\"https:\/\/www.grotte-ardeche.com\/\">grotte St-Marcel-d&#8217;Ard\u00e8che<\/a>, <a href=\"https:\/\/www.grottemadeleine.com\/\">grotte de la Madeleine<\/a>, <a href=\"https:\/\/www.orgnac.com\/\">l&#8217;Aven d&#8217;Orgnac<\/a> a Grand site de France, the Prehistoric city, <a href=\"https:\/\/www.grottechauvet2ardeche.com\/\">la grotte Chauvet 2 Ard\u00e8che<\/a>, the biggest replica cavein the world, restores the magic of the Chauvet grotto<a href=\"https:\/\/www.parc-monts-ardeche.fr\/\"><strong>Parc naturel r\u00e9gional des Monts d&#8217;Ard\u00e8che<\/strong><\/a><\/li><\/ul>The massif of Tanargue is bounded by three valleys : the Beaume, the Borne and the Lignon. Itextendsto the south west of the Ard\u00e8che d\u00e9partment, close to the Gard and the Loz\u00e8re (its highest pointis the Grand Tanargue at 1511 metres).The Maison du Parc, the Maison des Monts d&#8217;Ard\u00e8che, at the heart of the Domaine de Rochemure in the community of Jaujac.<ul><li><a href=\"https:\/\/www.gerbier-de-jonc.fr\/FR\/home.html\"><strong>Le Mont Gerbier de Jonc<\/strong><\/a><\/li><\/ul>To find the three sources that give birth to the longest river in France : the LoireClimb the most famous&#8217;suc&#8217;in the Ard\u00e8che that rises to 1551 metresThe Maison de site of Gerbier de Jonc<ul><li><a href=\"https:\/\/www.bois-de-paiolive.org\/\"><strong>le bois de Pa\u00efolive<\/strong><\/a><\/li><\/ul>&#8220;Inhabited&#8221;by strange and inimitable sculptures fromlimestone blocks broken and deformedby erosion. Enigmatic and bewitching, this mineral and vegetal chaos invites exploration.<ul><li><a href=\"https:\/\/via-ardeche.fr\/\"><strong>La Via Ard\u00e8che<\/strong><\/a> : is a cyclepath (greenway) 53 km long, built on abandoned railway lines <a href=\"https:\/\/www.vals-les-bains.fr\/la-source-intermittente-2\/\"><strong>la source Intermittente de Vals-les-Bains<\/strong><\/a> : this is a geyser that erupts 4 times a day. Sometimes, the jet is quiet, and when not, it can rise 15 metres high! Its all up to nature.<\/li><\/ul><\/span><\/div><\/li>\n\n\n\n<li class=\"wp-block-stackable-icon-list-item stk-block-icon-list-item stk-block stk-4ffcb98\" data-block-id=\"4ffcb98\"><div class=\"stk-block-icon-list-item__content\"><span class=\"stk--svg-wrapper\"><div class=\"stk--inner-svg\"><svg aria-hidden=\"true\" width=\"32\" height=\"32\"><use xlink:href=\"#stk-icon-list__icon-svg-def-9a80f1f\"><\/use><\/svg><\/div><\/span><span class=\"stk-block-icon-list-item__text\"><ul><li><strong>Various<\/strong><\/li><\/ul>Take the road from Vallon Pont-d&#8217;Arc to Saint-Martin-d&#8217;Ard\u00e8che : 29 km, it overlooks the gorge on theleft bank, with 11 observation points providedDescend the gorge in a kayak starting from Vog\u00fce<\/span><\/div><\/li>\n\n\n\n<li class=\"wp-block-stackable-icon-list-item stk-block-icon-list-item stk-block stk-cf8b8bc\" data-block-id=\"cf8b8bc\"><div class=\"stk-block-icon-list-item__content\"><span class=\"stk--svg-wrapper\"><div class=\"stk--inner-svg\"><svg aria-hidden=\"true\" width=\"32\" height=\"32\"><use xlink:href=\"#stk-icon-list__icon-svg-def-9a80f1f\"><\/use><\/svg><\/div><\/span><span class=\"stk-block-icon-list-item__text\">The<a href=\"https:\/\/www.gorges-ardeche-pontdarc.fr\/decouverte-ardeche\/sites-naturels-ardeche\/cascade-de-rochecolombe-ardeche\/\"> cascade de Rochecolombe<\/a>, <\/span><\/div><\/li>\n\n\n\n<li class=\"wp-block-stackable-icon-list-item stk-block-icon-list-item stk-block stk-5ff581d\" data-block-id=\"5ff581d\"><div class=\"stk-block-icon-list-item__content\"><span class=\"stk--svg-wrapper\"><div class=\"stk--inner-svg\"><svg aria-hidden=\"true\" width=\"32\" height=\"32\"><use xlink:href=\"#stk-icon-list__icon-svg-def-9a80f1f\"><\/use><\/svg><\/div><\/span><span class=\"stk-block-icon-list-item__text\">the<a href=\"https:\/\/www.cevennes-ardeche.com\/cevennes-dardeche\/vous-allez-adorer\/les-gorges-du-chassezac\/\"> gorges du Chassezac<\/a>, <\/span><\/div><\/li>\n\n\n\n<li class=\"wp-block-stackable-icon-list-item stk-block-icon-list-item stk-block stk-e359cea\" data-block-id=\"e359cea\"><div class=\"stk-block-icon-list-item__content\"><span class=\"stk--svg-wrapper\"><div class=\"stk--inner-svg\"><svg aria-hidden=\"true\" width=\"32\" height=\"32\"><use xlink:href=\"#stk-icon-list__icon-svg-def-9a80f1f\"><\/use><\/svg><\/div><\/span><span class=\"stk-block-icon-list-item__text\"><a href=\"https:\/\/www.gorges-ardeche-pontdarc.fr\/decouverte-ardeche\/sites-naturels-ardeche\/cirque-de-gens-ardeche\/\">cirque de Gens<\/a>, <\/span><\/div><\/li>\n\n\n\n<li class=\"wp-block-stackable-icon-list-item stk-block-icon-list-item stk-block stk-0736bff\" data-block-id=\"0736bff\"><div class=\"stk-block-icon-list-item__content\"><span class=\"stk--svg-wrapper\"><div class=\"stk--inner-svg\"><svg aria-hidden=\"true\" width=\"32\" height=\"32\"><use xlink:href=\"#stk-icon-list__icon-svg-def-9a80f1f\"><\/use><\/svg><\/div><\/span><span class=\"stk-block-icon-list-item__text\"><a href=\"https:\/\/www.ardeche-guide.com\/lieux-de-visites\/patrimoine-naturel\/defiles-de-ruoms-161676\">d\u00e9fil\u00e9 de Ruoms<\/a>, <\/span><\/div><\/li>\n\n\n\n<li class=\"wp-block-stackable-icon-list-item stk-block-icon-list-item stk-block stk-c2abb3b\" data-block-id=\"c2abb3b\"><div class=\"stk-block-icon-list-item__content\"><span class=\"stk--svg-wrapper\"><div class=\"stk--inner-svg\"><svg aria-hidden=\"true\" width=\"32\" height=\"32\"><use xlink:href=\"#stk-icon-list__icon-svg-def-9a80f1f\"><\/use><\/svg><\/div><\/span><span class=\"stk-block-icon-list-item__text\"><a href=\"https:\/\/destination.cevennes-parcnational.fr\/fr\/trek\/42378-Viaduc-de-Doulovy\">viaduc de Doulovy<\/a><\/span><\/div><\/li>\n<\/ul><\/div>\n","protected":false},"excerpt":{"rendered":"<p>Le s\u00e9jour d\u2019\u00e9t\u00e9 2024 se d\u00e9roulera du 29 juin au 06 juillet 2024 dans le d\u00e9partement de l\u2019Ard\u00e8che. Il a \u00e9t\u00e9 pr\u00e9par\u00e9 par une petite \u00e9quipe\u00a0 : Corinne Dameron, Roland Dameron et Bernard Pommel. Situ\u00e9 dans la r\u00e9gion Auvergne-Rh\u00f4ne-Alpes, nich\u00e9 au coeur des paysages pittoresques de l\u2019Ard\u00e8che m\u00e9ridionale, Vog\u00fce s\u2019est construit \u00e0 l\u2019abri des vents, au pied d\u2019une falaise de cinquante m\u00e8tres de haut, le long de la rivi\u00e8re Ard\u00e8che.<\/p>\n","protected":false},"author":69,"featured_media":79439,"comment_status":"closed","ping_status":"closed","sticky":false,"template":"","format":"standard","meta":{"_acf_changed":false,"ub_ctt_via":"","_monsterinsights_skip_tracking":false,"_monsterinsights_sitenote_active":false,"_monsterinsights_sitenote_note":"","_monsterinsights_sitenote_category":0,"footnotes":""},"categories":[272],"tags":[],"acf":[],"featured_image_urls":{"full":["https:\/\/centcols.org\/backup\/wp-content\/uploads\/2024\/02\/chateau-\u00a9loucapitelle.jpg",1200,798,false],"thumbnail":["https:\/\/centcols.org\/backup\/wp-content\/uploads\/2024\/02\/chateau-\u00a9loucapitelle-300x300.jpg",300,300,true],"medium":["https:\/\/centcols.org\/backup\/wp-content\/uploads\/2024\/02\/chateau-\u00a9loucapitelle-500x333.jpg",500,333,true],"medium_large":["https:\/\/centcols.org\/backup\/wp-content\/uploads\/2024\/02\/chateau-\u00a9loucapitelle-768x511.jpg",768,511,true],"large":["https:\/\/centcols.org\/backup\/wp-content\/uploads\/2024\/02\/chateau-\u00a9loucapitelle.jpg",1200,798,false],"1536x1536":["https:\/\/centcols.org\/backup\/wp-content\/uploads\/2024\/02\/chateau-\u00a9loucapitelle.jpg",1200,798,false],"2048x2048":["https:\/\/centcols.org\/backup\/wp-content\/uploads\/2024\/02\/chateau-\u00a9loucapitelle.jpg",1200,798,false],"woocommerce_thumbnail":["https:\/\/centcols.org\/backup\/wp-content\/uploads\/2024\/02\/chateau-\u00a9loucapitelle-300x300.jpg",300,300,true],"woocommerce_single":["https:\/\/centcols.org\/backup\/wp-content\/uploads\/2024\/02\/chateau-\u00a9loucapitelle-600x399.jpg",600,399,true],"woocommerce_gallery_thumbnail":["https:\/\/centcols.org\/backup\/wp-content\/uploads\/2024\/02\/chateau-\u00a9loucapitelle-100x100.jpg",100,100,true]},"post_excerpt_stackable":"<p>Le s\u00e9jour d\u2019\u00e9t\u00e9 2024 se d\u00e9roulera du 29 juin au 06 juillet 2024 dans le d\u00e9partement de l\u2019Ard\u00e8che. Il a \u00e9t\u00e9 pr\u00e9par\u00e9 par une petite \u00e9quipe\u00a0 : Corinne Dameron, Roland Dameron et Bernard Pommel. Situ\u00e9 dans la r\u00e9gion Auvergne-Rh\u00f4ne-Alpes, nich\u00e9 au coeur des paysages pittoresques de l\u2019Ard\u00e8che m\u00e9ridionale, Vog\u00fce s\u2019est construit \u00e0 l\u2019abri des vents, au pied d\u2019une falaise de cinquante m\u00e8tres de haut, le long de la rivi\u00e8re Ard\u00e8che.<\/p>\n","category_list":"<a href=\"https:\/\/centcols.org\/backup\/en\/categorie\/sejours-en\/\" rel=\"category tag\">Sejours<\/a>","author_info":{"display_name":"Enrico Alberini","author_link":"https:\/\/centcols.org\/backup\/en\/author\/5065\/"},"comments_num":"0 comments","featured_image_urls_v2":{"full":["https:\/\/centcols.org\/backup\/wp-content\/uploads\/2024\/02\/chateau-\u00a9loucapitelle.jpg",1200,798,false],"thumbnail":["https:\/\/centcols.org\/backup\/wp-content\/uploads\/2024\/02\/chateau-\u00a9loucapitelle-300x300.jpg",300,300,true],"medium":["https:\/\/centcols.org\/backup\/wp-content\/uploads\/2024\/02\/chateau-\u00a9loucapitelle-500x333.jpg",500,333,true],"medium_large":["https:\/\/centcols.org\/backup\/wp-content\/uploads\/2024\/02\/chateau-\u00a9loucapitelle-768x511.jpg",768,511,true],"large":["https:\/\/centcols.org\/backup\/wp-content\/uploads\/2024\/02\/chateau-\u00a9loucapitelle.jpg",1200,798,false],"1536x1536":["https:\/\/centcols.org\/backup\/wp-content\/uploads\/2024\/02\/chateau-\u00a9loucapitelle.jpg",1200,798,false],"2048x2048":["https:\/\/centcols.org\/backup\/wp-content\/uploads\/2024\/02\/chateau-\u00a9loucapitelle.jpg",1200,798,false],"woocommerce_thumbnail":["https:\/\/centcols.org\/backup\/wp-content\/uploads\/2024\/02\/chateau-\u00a9loucapitelle-300x300.jpg",300,300,true],"woocommerce_single":["https:\/\/centcols.org\/backup\/wp-content\/uploads\/2024\/02\/chateau-\u00a9loucapitelle-600x399.jpg",600,399,true],"woocommerce_gallery_thumbnail":["https:\/\/centcols.org\/backup\/wp-content\/uploads\/2024\/02\/chateau-\u00a9loucapitelle-100x100.jpg",100,100,true]},"post_excerpt_stackable_v2":"<p>Le s\u00e9jour d\u2019\u00e9t\u00e9 2024 se d\u00e9roulera du 29 juin au 06 juillet 2024 dans le d\u00e9partement de l\u2019Ard\u00e8che. Il a \u00e9t\u00e9 pr\u00e9par\u00e9 par une petite \u00e9quipe\u00a0 : Corinne Dameron, Roland Dameron et Bernard Pommel. Situ\u00e9 dans la r\u00e9gion Auvergne-Rh\u00f4ne-Alpes, nich\u00e9 au coeur des paysages pittoresques de l\u2019Ard\u00e8che m\u00e9ridionale, Vog\u00fce s\u2019est construit \u00e0 l\u2019abri des vents, au pied d\u2019une falaise de cinquante m\u00e8tres de haut, le long de la rivi\u00e8re Ard\u00e8che.<\/p>\n","category_list_v2":"<a href=\"https:\/\/centcols.org\/backup\/en\/categorie\/sejours-en\/\" rel=\"category tag\">Sejours<\/a>","author_info_v2":{"name":"Enrico Alberini","url":"https:\/\/centcols.org\/backup\/en\/author\/5065\/"},"comments_num_v2":"0 comments","featured_image_src":"https:\/\/centcols.org\/backup\/wp-content\/uploads\/2024\/02\/chateau-\u00a9loucapitelle.jpg","_links":{"self":[{"href":"https:\/\/centcols.org\/backup\/en\/wp-json\/wp\/v2\/posts\/79646"}],"collection":[{"href":"https:\/\/centcols.org\/backup\/en\/wp-json\/wp\/v2\/posts"}],"about":[{"href":"https:\/\/centcols.org\/backup\/en\/wp-json\/wp\/v2\/types\/post"}],"author":[{"embeddable":true,"href":"https:\/\/centcols.org\/backup\/en\/wp-json\/wp\/v2\/users\/69"}],"replies":[{"embeddable":true,"href":"https:\/\/centcols.org\/backup\/en\/wp-json\/wp\/v2\/comments?post=79646"}],"version-history":[{"count":0,"href":"https:\/\/centcols.org\/backup\/en\/wp-json\/wp\/v2\/posts\/79646\/revisions"}],"wp:featuredmedia":[{"embeddable":true,"href":"https:\/\/centcols.org\/backup\/en\/wp-json\/wp\/v2\/media\/79439"}],"wp:attachment":[{"href":"https:\/\/centcols.org\/backup\/en\/wp-json\/wp\/v2\/media?parent=79646"}],"wp:term":[{"taxonomy":"category","embeddable":true,"href":"https:\/\/centcols.org\/backup\/en\/wp-json\/wp\/v2\/categories?post=79646"},{"taxonomy":"post_tag","embeddable":true,"href":"https:\/\/centcols.org\/backup\/en\/wp-json\/wp\/v2\/tags?post=79646"}],"curies":[{"name":"wp","href":"https:\/\/api.w.org\/{rel}","templated":true}]}}