{"id":79796,"date":"2024-01-11T18:04:25","date_gmt":"2024-01-11T17:04:25","guid":{"rendered":"https:\/\/centcols.org\/backup\/?p=79796"},"modified":"2024-03-28T17:10:00","modified_gmt":"2024-03-28T16:10:00","slug":"sejour-printemps-porticcio-2024","status":"publish","type":"post","link":"https:\/\/centcols.org\/backup\/en\/sejour-printemps-porticcio-2024\/","title":{"rendered":"S\u00e9jour de printemps \u00e0 Porticcio du 20 au 27 avril 2024"},"content":{"rendered":"\n<p><em>Ont contribu\u00e9 \u00e0 cette page de pr\u00e9sentation du s\u00e9jour Nadine et Bernard Giraudeau, les responsables informatique et s\u00e9jours.<\/em><\/p>\n\n\n\n<p>Le premier s\u00e9jour de printemps en Corse a eu lieu en 2010 \u00e0 Porticcio dans le Golfe d\u2019Ajaccio. Puis les s\u00e9jours se sont succ\u00e9d\u00e9 dans l\u2019Ile de beaut\u00e9, par intervalle r\u00e9gulier de trois ans, en Balagne \u00e0 Lozari, puis dans la plaine orientale \u00e0 Ghisonaccia et enfin \u00e0 Propriano dans le Golfe de Valinco. Ces quatre s\u00e9jours ont permis de faire le tour de l\u2019\u00eele et de connaitre de multiples micror\u00e9gions de Corse pour les tr\u00e8s nombreux participants de ces s\u00e9jours.<\/p>\n\n\n\n<p>En 2024, <strong>la station baln\u00e9aire de Porticcio<\/strong> nous accueillera de nouveau<\/p>\n\n\n\n<nav class=\"wp-block-stackable-table-of-contents stk-block-table-of-contents stk-block stk-b79db77\" data-block-id=\"b79db77\"><style>.stk-b79db77 .stk-table-of-contents__table{column-count:2 !important}<\/style><p class=\"stk-table-of-contents__title\">Sommaire<\/p><ul class=\"stk-table-of-contents__table\"><li><a href=\"#presentation-de-la-region\">Porticcio et ses environs<\/a><\/li><li><a href=\"#les-circuits\">Les circuits<\/a><\/li><li><a href=\"#hebergement\">H\u00e9bergement<\/a><\/li><li><a href=\"#note-du-conseil-d-administration\">Note du Conseil d&#8217;administration<\/a><\/li><li><a href=\"#inscriptions\">Inscriptions<\/a><\/li><li><a href=\"#livret\">Livret<\/a><\/li><li><a href=\"#il-ny-a-pas-que-le-velo-dans-la-vie\">Il n\u2019y a pas que le v\u00e9lo dans la vie<\/a><\/li><\/ul><\/nav>\n\n\n\n<p><strong><u>V\u00e9locistes<\/u><\/strong><\/p>\n\n\n\n<h2 class=\"wp-block-heading\" id=\"presentation-de-la-region\">Porticcio et ses environs<\/h2>\n\n\n\n<p><strong>Le<\/strong> <strong>Golfe d\u2019Ajaccio <\/strong>est le plus vaste des 4 grands golfes de la c\u00f4te occidentale de la Corse. Sa rive nord abrite l\u2019agglom\u00e9ration ajaccienne et se prolonge jusqu\u2019au site des fameuses Iles Sanguinaires refermant le golfe au nord. Sa rive sud est beaucoup plus longue et pr\u00e9sente plusieurs pointes surmont\u00e9es de tours g\u00e9noises d\u00e9limitant des anses secondaires Capu di Muru ferme le golfe au sud.<\/p>\n\n\n<p><div class=\"leaflet-map WPLeafletMap\" style=\"height:600px; width:100%;\"><\/div><script>\nwindow.WPLeafletMapPlugin = window.WPLeafletMapPlugin || [];\nwindow.WPLeafletMapPlugin.push(function WPLeafletMapShortcode() {\/*<script>*\/\nvar baseUrl = atob('aHR0cHM6Ly97c30udGlsZS5vcGVuc3RyZWV0bWFwLm9yZy97en0ve3h9L3t5fS5wbmc=');\nvar base = (!baseUrl && window.MQ) ?\n    window.MQ.mapLayer() : L.tileLayer(baseUrl,\n        L.Util.extend({}, {\n            detectRetina: 0,\n        },\n        {\"subdomains\":\"abc\",\"noWrap\":false,\"maxZoom\":18}        )\n    );\n    var options = L.Util.extend({}, {\n        layers: [base],\n        attributionControl: false\n    },\n    {\"zoomControl\":true,\"scrollWheelZoom\":true,\"doubleClickZoom\":false,\"fitBounds\":false,\"minZoom\":0,\"maxZoom\":18,\"maxBounds\":null,\"attribution\":\"<a href=\\\"http:\\\/\\\/leafletjs.com\\\">Leaflet<\\\/a>; \\u00a9 <a href=\\\"http:\\\/\\\/www.openstreetmap.org\\\/copyright\\\">OpenStreetMap<\\\/a> contributors\"},\n    {});\nwindow.WPLeafletMapPlugin.createMap(options).setView([41.895,8.807],12);});<\/script><br \/>\n<script>\nwindow.WPLeafletMapPlugin = window.WPLeafletMapPlugin || [];\nwindow.WPLeafletMapPlugin.push(function WPLeafletMarkerShortcode() {\/*<script>*\/\nvar map = window.WPLeafletMapPlugin.getCurrentMap();\nvar group = window.WPLeafletMapPlugin.getCurrentGroup();\nvar marker_options = window.WPLeafletMapPlugin.getIconOptions({\"iconUrl\":\"\\\/res\\\/lib\\\/leaflet\\\/images\\\/hotel.png\",\"iconSize\":\"24,72\",\"popupAnchor\":\"0,-32\"});\nvar marker = L.marker(\n    [41.895,8.807],\n    marker_options\n);\nvar is_image = map.is_image_map;\nif (marker_options.draggable) {\n    marker.on('dragend', function () {\n        var latlng = this.getLatLng();\n        var lat = latlng.lat;\n        var lng = latlng.lng;\n        if (is_image) {\n            console.log('leaflet-marker y=' + lat + ' x=' + lng);\n        } else {\n            console.log('leaflet-marker lat=' + lat + ' lng=' + lng);\n        }\n    });\n}\nmarker.addTo( group );\nmarker.bindPopup(window.WPLeafletMapPlugin.unescape('Marina Viva'));window.WPLeafletMapPlugin.markers.push( marker );\n        });<\/script><\/p>\n\n\n\n<p>Si Ajaccio occupe seule la rive nord du golf, la rive sud est partag\u00e9e entre 4 communes. Ce sont en fait les hameaux qui sont implant\u00e9s sur le littoral tandis que les chefs-lieux ancestraux trouvent leur localisation en montagne \u00e0 l\u2019abri jadis des razzias sarrasines et des miasmes des mar\u00e9cages littoraux. Celui de Porticcio en est un exemple criant puisque le hameau d\u00e9passe largement le village de Grosseto Prugna (situ\u00e9 \u00e0 25 km par la route) en population et en superficie construite.<\/p>\n\n\n<div class=\"wp-block-image\">\n<figure data-wp-context=\"{&quot;uploadedSrc&quot;:&quot;https:\\\/\\\/centcols.org\\\/backup\\\/wp-content\\\/uploads\\\/2023\\\/10\\\/le-golfe-dAjaccio-depuis-Boca-dArinella.png&quot;,&quot;figureClassNames&quot;:&quot;aligncenter size-full&quot;,&quot;figureStyles&quot;:null,&quot;imgClassNames&quot;:&quot;wp-image-77283&quot;,&quot;imgStyles&quot;:null,&quot;targetWidth&quot;:504,&quot;targetHeight&quot;:609,&quot;scaleAttr&quot;:false,&quot;ariaLabel&quot;:&quot;Enlarge image&quot;,&quot;alt&quot;:&quot;&quot;}\" data-wp-interactive=\"core\/image\" class=\"aligncenter size-full wp-lightbox-container\"><img loading=\"lazy\" decoding=\"async\" width=\"504\" height=\"609\" data-wp-init=\"callbacks.setButtonStyles\" data-wp-on--click=\"actions.showLightbox\" data-wp-on--load=\"callbacks.setButtonStyles\" data-wp-on-window--resize=\"callbacks.setButtonStyles\" src=\"https:\/\/centcols.org\/backup\/wp-content\/uploads\/2023\/10\/le-golfe-dAjaccio-depuis-Boca-dArinella.png\" alt=\"\" class=\"wp-image-77283\" srcset=\"https:\/\/centcols.org\/backup\/wp-content\/uploads\/2023\/10\/le-golfe-dAjaccio-depuis-Boca-dArinella.png 504w, https:\/\/centcols.org\/backup\/wp-content\/uploads\/2023\/10\/le-golfe-dAjaccio-depuis-Boca-dArinella-414x500.png 414w\" sizes=\"(max-width: 504px) 100vw, 504px\" \/><button\n\t\t\tclass=\"lightbox-trigger\"\n\t\t\ttype=\"button\"\n\t\t\taria-haspopup=\"dialog\"\n\t\t\taria-label=\"Enlarge image\"\n\t\t\tdata-wp-init=\"callbacks.initTriggerButton\"\n\t\t\tdata-wp-on--click=\"actions.showLightbox\"\n\t\t\tdata-wp-style--right=\"context.imageButtonRight\"\n\t\t\tdata-wp-style--top=\"context.imageButtonTop\"\n\t\t>\n\t\t\t<svg xmlns=\"http:\/\/www.w3.org\/2000\/svg\" width=\"12\" height=\"12\" fill=\"none\" viewBox=\"0 0 12 12\">\n\t\t\t\t<path fill=\"#fff\" d=\"M2 0a2 2 0 0 0-2 2v2h1.5V2a.5.5 0 0 1 .5-.5h2V0H2Zm2 10.5H2a.5.5 0 0 1-.5-.5V8H0v2a2 2 0 0 0 2 2h2v-1.5ZM8 12v-1.5h2a.5.5 0 0 0 .5-.5V8H12v2a2 2 0 0 1-2 2H8Zm2-12a2 2 0 0 1 2 2v2h-1.5V2a.5.5 0 0 0-.5-.5H8V0h2Z\" \/>\n\t\t\t<\/svg>\n\t\t<\/button><\/figure><\/div>\n\n\n<p>Le transport maritime<\/p>\n\n\n\n<p>Le port de d\u00e9barquement privil\u00e9gi\u00e9 pour arriver \u00e0 Porticcio est bien entendu celui d\u2019Ajaccio. Mais le port de Propriano distant de 50 km de Porticcio est une option.<\/p>\n\n\n\n<p>Le port d\u2019embarquement fait l\u2019objet d\u2019un double choix :<\/p>\n\n\n\n<p>\u2013 celui de la compagnie selon les prestations et le prix<\/p>\n\n\n\n<p>\u2013 celui du port d\u2019embarquement selon votre provenance<\/p>\n\n\n\n<p>La <a href=\"https:\/\/www.lameridionale.fr\/fr\" target=\"_blank\" rel=\"noreferrer noopener\"><strong>Compagnie Meridionale<\/strong><\/a> et <a href=\"https:\/\/www.corsicalinea.com\" target=\"_blank\" rel=\"noreferrer noopener\"><strong>Corsica Linea<\/strong><\/a> partent de Marseille.<\/p>\n\n\n\n<p>La <a href=\"https:\/\/www.corsica-ferries.fr\" target=\"_blank\" rel=\"noreferrer noopener\"><strong>Corsica Ferries<\/strong><\/a> a Toulon et Nice comme ports d\u2019attache.<\/p>\n\n\n\n<p>Nous avons obtenu une r\u00e9duction du prix du transport par la Compagnie M\u00e9ridionale. A l\u2019aller et au retour, le bateau quitte, en g\u00e9n\u00e9ral, le quai \u00e0 19h00 \u00e0 Marseille comme \u00e0 Ajaccio pour rejoindre le port de d\u00e9barquement le lendemain matin vers 07h00.<\/p>\n\n\n\n<h2 class=\"wp-block-heading\" id=\"les-circuits\">Les circuits<\/h2>\n\n\n\n<p>Les parcours du premier s\u00e9jour de 2010 n\u2019ont pas \u00e9t\u00e9 repris de mani\u00e8re syst\u00e9matique mais ceux de 2024 les chevauchent forc\u00e9ment.<\/p>\n\n\n\n<p>Depuis 2010, de nombreux cols ont \u00e9t\u00e9 ajout\u00e9s au catalogue des cols de France, gr\u00e2ce au travail constant du GT-FR.<\/p>\n\n\n\n<p>Avertissement. La Corse n\u2019est pas une terre de VTT, par l\u2019absence de longues pistes reli\u00e9es entre elles, les sentiers sont en g\u00e9n\u00e9ral pentus, pierreux et envahis souvent par une v\u00e9g\u00e9tation agressive. Mais il y aura tout de m\u00eame 9 parcours muletiers que l\u2019on peut qualifi\u00e9s de courts et avec une d\u00e9nivel\u00e9e adapt\u00e9e au cycliste vieillissant. L\u2019\u00e9chelle d\u2019appr\u00e9ciation varie d\u2019agr\u00e9able pour plusieurs d\u2019entre eux \u00e0 fortement d\u00e9sagr\u00e9able pour au moins un parcours.<\/p>\n\n\n\n<p class=\"has-text-align-center\"><a href=\"https:\/\/centcols.org\/backup\/wp-content\/uploads\/2024\/01\/situation-parcours-VTT.pdf\" target=\"_blank\" rel=\"noreferrer noopener\">Situation des parcours VTT<\/a><\/p>\n\n\n\n<div class=\"wp-block-columns is-layout-flex wp-container-core-columns-is-layout-1 wp-block-columns-is-layout-flex\">\n<div class=\"wp-block-column is-layout-flow wp-block-column-is-layout-flow\">\n<p><a href=\"https:\/\/www.openrunner.com\/route-details\/16902642\" target=\"_blank\" rel=\"noreferrer noopener\">V1 Autour de Punta di Lisa<\/a><\/p>\n\n\n\n<p><a href=\"https:\/\/www.openrunner.com\/route-details\/16601227\" target=\"_blank\" rel=\"noreferrer noopener\">V2 La cr\u00eate de San Sisto<\/a><\/p>\n\n\n\n<p><a href=\"https:\/\/www.openrunner.com\/route-details\/18000069\" target=\"_blank\" rel=\"noreferrer noopener\">V3 La for\u00eat de Vero<\/a><\/p>\n<\/div>\n\n\n\n<div class=\"wp-block-column is-layout-flow wp-block-column-is-layout-flow\">\n<p><a href=\"https:\/\/www.openrunner.com\/route-details\/16962072\" target=\"_blank\" rel=\"noreferrer noopener\">V4 Sarra d\u2019Aramina<\/a><\/p>\n\n\n\n<p><a href=\"https:\/\/www.openrunner.com\/route-details\/16998445\" target=\"_blank\" rel=\"noreferrer noopener\">V5 Tolla<\/a><\/p>\n\n\n\n<p><a href=\"https:\/\/www.openrunner.com\/route-details\/17874223\" target=\"_blank\" rel=\"noreferrer noopener\">V6 La cr\u00eate de Punta d\u2019Urghjavari<\/a><\/p>\n<\/div>\n\n\n\n<div class=\"wp-block-column is-layout-flow wp-block-column-is-layout-flow\">\n<p><a href=\"https:\/\/www.openrunner.com\/route-details\/17878910\" target=\"_blank\" rel=\"noreferrer noopener\">V7 Bocca d\u2019Aghja di Bastiani<\/a><\/p>\n\n\n\n<p><a href=\"https:\/\/www.openrunner.com\/route-details\/16631826\" target=\"_blank\" rel=\"noreferrer noopener\">V8a Coti-Chiavari court<\/a><\/p>\n\n\n\n<p><a href=\"https:\/\/www.openrunner.com\/route-details\/16923439\" target=\"_blank\" rel=\"noreferrer noopener\">V8b Coti-Chiavari long<\/a><\/p>\n<\/div>\n<\/div>\n\n\n\n<div class=\"wp-block-stackable-divider stk-block-divider stk-block stk-b8ae9bc\" data-block-id=\"b8ae9bc\"><hr class=\"stk-block-divider__hr\"\/><\/div>\n\n\n\n<p class=\"has-text-align-center\"><a href=\"https:\/\/centcols.org\/backup\/wp-content\/uploads\/2024\/01\/situation-parcours-routiers-1.pdf\" target=\"_blank\" rel=\"noreferrer noopener\">Situation des parcours routiers<\/a><\/p>\n\n\n\n<p>Mais 11 parcours routiers sont propos\u00e9s pour ce s\u00e9jour. Les petites routes calmes et bucoliques ont \u00e9t\u00e9 privil\u00e9gi\u00e9es au d\u00e9triment des routes passag\u00e8res (ces derni\u00e8res, prises en g\u00e9n\u00e9ral dans le sens de la descente). De nombreux villages seront travers\u00e9s et de magnifiques points de vue sur le littoral ou sur la montagne corse \u00e9mailleront votre p\u00e9riple du jour. Les cols routiers de l\u2019\u00eele sont nombreux et seront \u00e0 port\u00e9 de v\u00e9lo depuis le centre d\u2019h\u00e9bergement ou par une approche en v\u00e9hicule raisonnable. Il est \u00e0 not\u00e9 que la ville d\u2019Ajaccio elle-m\u00eame ne se quitte qu\u2019au travers de cols. L\u2019utilisation d\u2019un Gravel permet de rejoindre quelques cols \u00e0 proximit\u00e9 de la route.<\/p>\n\n\n\n<div class=\"wp-block-columns is-layout-flex wp-container-core-columns-is-layout-2 wp-block-columns-is-layout-flex\">\n<div class=\"wp-block-column is-layout-flow wp-block-column-is-layout-flow\">\n<p><a href=\"https:\/\/www.openrunner.com\/route-details\/16261302\" target=\"_blank\" rel=\"noreferrer noopener\">R1 Le Balcon du Golfe d\u2019Ajaccio<\/a><\/p>\n\n\n\n<p><a href=\"https:\/\/www.openrunner.com\/route-details\/17720702\" target=\"_blank\" rel=\"noreferrer noopener\">R2 L\u2019Ornano<\/a><\/p>\n\n\n\n<p><a href=\"https:\/\/www.openrunner.com\/route-details\/16908107\" target=\"_blank\" rel=\"noreferrer noopener\">R3 La vall\u00e9e du Prunelli<\/a><\/p>\n\n\n\n<p><a href=\"https:\/\/www.openrunner.com\/route-details\/17726185\" target=\"_blank\" rel=\"noreferrer noopener\">R4 La basse vall\u00e9e de la Gravona<\/a><\/p>\n\n\n\n<p><a href=\"https:\/\/www.openrunner.com\/route-details\/17725835\" target=\"_blank\" rel=\"noreferrer noopener\">G2 L\u2019Ornano gravel<\/a><\/p>\n<\/div>\n\n\n\n<div class=\"wp-block-column is-layout-flow wp-block-column-is-layout-flow\">\n<p><a href=\"https:\/\/www.openrunner.com\/route-details\/17009490\" target=\"_blank\" rel=\"noreferrer noopener\">R5a le Col de la Vaccia court<\/a><\/p>\n\n\n\n<p><a href=\"https:\/\/www.openrunner.com\/route-details\/17009380\" target=\"_blank\" rel=\"noreferrer noopener\">R5b le Col de la Vaccia long<\/a><\/p>\n\n\n\n<p><a href=\"https:\/\/www.openrunner.com\/route-details\/16912993\" target=\"_blank\" rel=\"noreferrer noopener\">R6 Bocca di Sarzoggio et di Tartavellu<\/a><\/p>\n\n\n\n<p><a href=\"https:\/\/www.openrunner.com\/route-details\/16261707\" target=\"_blank\" rel=\"noreferrer noopener\">R7 Bocca di Scalella et Col de Vizzavona<\/a><\/p>\n<\/div>\n\n\n\n<div class=\"wp-block-column is-layout-flow wp-block-column-is-layout-flow\">\n<p><a href=\"https:\/\/www.openrunner.com\/route-details\/16927525\" target=\"_blank\" rel=\"noreferrer noopener\">R8 Col de San Bastiani<\/a><\/p>\n\n\n\n<p><a href=\"https:\/\/www.openrunner.com\/route-details\/16261785\" target=\"_blank\" rel=\"noreferrer noopener\">R9 Le Cruzini<\/a><\/p>\n\n\n\n<p><a href=\"https:\/\/www.openrunner.com\/route-details\/16975870\" target=\"_blank\" rel=\"noreferrer noopener\">R10 Piana et Porto<\/a><\/p>\n\n\n\n<p><a href=\"https:\/\/www.openrunner.com\/route-details\/17719795\" target=\"_blank\" rel=\"noreferrer noopener\">R11 Col de Verde et Col de Sorba<\/a><\/p>\n<\/div>\n<\/div>\n\n\n\n<h2 class=\"wp-block-heading\" id=\"hebergement\">H\u00e9bergement<\/h2>\n\n\n\n<p>Nous serons h\u00e9berg\u00e9s \u00e0 l\u2019<strong>h\u00f4tel Club Marina Viva<\/strong>. L\u2019\u00e9tablissement se trouve au fond du golfe d\u2019Ajaccio, s\u00e9par\u00e9 de la mer M\u00e9dit\u00e9rran\u00e9e par un fin liser\u00e9 de sable dor\u00e9 domin\u00e9 par la tour g\u00e9noise de Capitello. Le centre se niche dans un domaine bois\u00e9 de pins, d\u2019eucalyptus, de mimosas et de palmiers.<\/p>\n\n\n\n<p>Marina Viva se trouve \u00e0 13 km du port d\u2019Ajaccio par la route. Le temps de trajet ? C\u2019est tr\u00e8s variable selon les heures de la journ\u00e9e !<br>Une navette maritime relie Porticcio et Ajaccio plusieurs fois par jour. L\u2019embarcad\u00e8re se trouve \u00e0 moins de 1 km de Marina Viva.<\/p>\n\n\n\n<figure class=\"wp-block-gallery has-nested-images columns-2 is-cropped wp-block-gallery-1 is-layout-flex wp-block-gallery-is-layout-flex\">\n<figure class=\"wp-block-image size-large\"><a href=\"https:\/\/centcols.org\/backup\/wp-content\/uploads\/2024\/02\/restaurant-hotel-Club-Marina-Viva.jpg\"><img loading=\"lazy\" decoding=\"async\" width=\"1200\" height=\"800\" data-id=\"79789\" src=\"https:\/\/centcols.org\/backup\/wp-content\/uploads\/2024\/02\/restaurant-hotel-Club-Marina-Viva.jpg\" alt=\"\" class=\"wp-image-79789\" srcset=\"https:\/\/centcols.org\/backup\/wp-content\/uploads\/2024\/02\/restaurant-hotel-Club-Marina-Viva.jpg 1200w, https:\/\/centcols.org\/backup\/wp-content\/uploads\/2024\/02\/restaurant-hotel-Club-Marina-Viva-500x333.jpg 500w, https:\/\/centcols.org\/backup\/wp-content\/uploads\/2024\/02\/restaurant-hotel-Club-Marina-Viva-768x512.jpg 768w, https:\/\/centcols.org\/backup\/wp-content\/uploads\/2024\/02\/restaurant-hotel-Club-Marina-Viva-600x400.jpg 600w\" sizes=\"(max-width: 1200px) 100vw, 1200px\" \/><\/a><figcaption class=\"wp-element-caption\">restaurant\u00a9Club Marina Viva<\/figcaption><\/figure>\n\n\n\n<figure class=\"wp-block-image size-large\"><a href=\"https:\/\/centcols.org\/backup\/wp-content\/uploads\/2024\/02\/chambre-hotel-Club-Marina-Viva.jpg\"><img loading=\"lazy\" decoding=\"async\" width=\"1200\" height=\"800\" data-id=\"79777\" src=\"https:\/\/centcols.org\/backup\/wp-content\/uploads\/2024\/02\/chambre-hotel-Club-Marina-Viva.jpg\" alt=\"\" class=\"wp-image-79777\" srcset=\"https:\/\/centcols.org\/backup\/wp-content\/uploads\/2024\/02\/chambre-hotel-Club-Marina-Viva.jpg 1200w, https:\/\/centcols.org\/backup\/wp-content\/uploads\/2024\/02\/chambre-hotel-Club-Marina-Viva-500x333.jpg 500w, https:\/\/centcols.org\/backup\/wp-content\/uploads\/2024\/02\/chambre-hotel-Club-Marina-Viva-768x512.jpg 768w, https:\/\/centcols.org\/backup\/wp-content\/uploads\/2024\/02\/chambre-hotel-Club-Marina-Viva-600x400.jpg 600w\" sizes=\"(max-width: 1200px) 100vw, 1200px\" \/><\/a><figcaption class=\"wp-element-caption\">chambre\u00a9Club Marina Viva<\/figcaption><\/figure>\n\n\n\n<figure class=\"wp-block-image size-large\"><a href=\"https:\/\/centcols.org\/backup\/wp-content\/uploads\/2024\/02\/hotel-Club-Marina-Viva.jpg\"><img loading=\"lazy\" decoding=\"async\" width=\"1200\" height=\"800\" data-id=\"79783\" src=\"https:\/\/centcols.org\/backup\/wp-content\/uploads\/2024\/02\/hotel-Club-Marina-Viva.jpg\" alt=\"\" class=\"wp-image-79783\" srcset=\"https:\/\/centcols.org\/backup\/wp-content\/uploads\/2024\/02\/hotel-Club-Marina-Viva.jpg 1200w, https:\/\/centcols.org\/backup\/wp-content\/uploads\/2024\/02\/hotel-Club-Marina-Viva-500x333.jpg 500w, https:\/\/centcols.org\/backup\/wp-content\/uploads\/2024\/02\/hotel-Club-Marina-Viva-768x512.jpg 768w, https:\/\/centcols.org\/backup\/wp-content\/uploads\/2024\/02\/hotel-Club-Marina-Viva-600x400.jpg 600w\" sizes=\"(max-width: 1200px) 100vw, 1200px\" \/><\/a><figcaption class=\"wp-element-caption\">h\u00f4tel\u00a9Club Marina Viva<\/figcaption><\/figure>\n<\/figure>\n\n\n\n<div class=\"wp-block-columns is-layout-flex wp-container-core-columns-is-layout-3 wp-block-columns-is-layout-flex\">\n<div class=\"wp-block-column is-layout-flow wp-block-column-is-layout-flow\" style=\"flex-basis:50%\">\n<p>&nbsp;<a href=\"https:\/\/www.marinaviva.fr\/\" target=\"_blank\" rel=\"noreferrer noopener\">H\u00f4tel Club Marina Viva<\/a> , D55,&nbsp;&nbsp;20166 PORTICCIO. Tel : +33 4 95 25 25 58.<\/p>\n\n\n\n<p>Adresse mail :&nbsp;<a>hotel@marinaviva.fr<\/a><\/p>\n\n\n\n<p>Pour ceux qui souhaitent se loger en <strong>camping ou camping-car<\/strong>, deux campings situ\u00e9s \u00e0 proximit\u00e9 peuvent vous accueillir.<\/p>\n\n\n\n<p><strong><a href=\"https:\/\/www.porticcio-camping.fr\/\" target=\"_blank\" rel=\"noreferrer noopener\">Camping B\u00e9nista<\/a>,<\/strong> Boulevard Marie \u2013 Jeanne Bozzi, 20166 PORTICCIO. Tel : +33 9 74 56 40 23<\/p>\n\n\n\n<p><a href=\"http:\/\/camping-prunelli.com\/\" target=\"_blank\" rel=\"noreferrer noopener\"><strong>Camping <\/strong><strong>Prunelli<\/strong><\/a>, r\u00e9sidence du Prunelli 1, 20166 CAURO. Tel : +33 4 95 25 19 23<\/p>\n\n\n\n<p>&nbsp;<\/p>\n<\/div>\n\n\n\n<div class=\"wp-block-column has-very-light-gray-background-color has-background is-layout-flow wp-block-column-is-layout-flow\" style=\"flex-basis:50%\">\n<div class=\"wp-block-group\"><div class=\"wp-block-group__inner-container is-layout-constrained wp-block-group-is-layout-constrained\">\n<h2 class=\"wp-block-heading has-text-align-center\" id=\"note-du-conseil-d-administration\"><strong>WORD FROM THE BOARD OF ADMINISTRATION<\/strong><\/h2>\n\n\n\n<p>It you are considering booking an accommodation different from those suggested, think of subscribing to \u2018Solidarity Fund\u2019 for us :<\/p>\n<\/div><\/div>\n\n\n\n<ol>\n<li>to be able to organize the events offered to the participants (information sessions, welcome and farewell drinks),<\/li>\n\n\n\n<li>to be able to offer the Cent Cols booklet on Praz-sur-Arly stay<\/li>\n\n\n\n<li>to share out the preparation and organisation cost equally between all the participants.<\/li>\n<\/ol>\n<\/div>\n<\/div>\n\n\n\n<h2 class=\"wp-block-heading\" id=\"inscriptions\">Inscriptions<\/h2>\n\n\n\n<p>Pour vous inscrire, t\u00e9l\u00e9chargez le bulletin d\u2019inscription PDF avec le lien ci-dessous et suivez les instructions qui s\u2019y trouvent. La date limite de r\u00e9ception des inscriptions a \u00e9t\u00e9 fix\u00e9e au 15 f\u00e9vrier 2024.<\/p>\n\n\n\n<p>Les s\u00e9jours n\u2019\u00e9tant accessibles, pour des raisons l\u00e9gales, qu\u2019aux seuls membres du Club, veillez \u00e0 \u00eatre \u00e0 jour de cotisation avant d\u2019envoyer votre bulletin d\u2019inscription<\/p>\n\n\n\n<p>T\u00e9l\u00e9charger le bulletin \/ download the booking form \/ scarica il modulo<\/p>\n\n\n\n<div class=\"wp-block-columns is-layout-flex wp-container-core-columns-is-layout-4 wp-block-columns-is-layout-flex\">\n<div class=\"wp-block-column is-layout-flow wp-block-column-is-layout-flow\">\n<p><a href=\"https:\/\/centcols.org\/backup\/wp-content\/uploads\/2023\/10\/Bulletin-dinscription.pdf\" target=\"_blank\" rel=\"noreferrer noopener\">Bulletin d\u2019Inscription Porticcio<\/a><\/p>\n\n\n\n<p><a href=\"https:\/\/centcols.org\/backup\/wp-content\/uploads\/2023\/11\/booking-form-Porticcio-in-English.pdf\" target=\"_blank\" rel=\"noreferrer noopener\">Booking form Porticcio<\/a><\/p>\n\n\n\n<p><a href=\"https:\/\/centcols.org\/backup\/wp-content\/uploads\/2023\/10\/Bulletin-dinscription_IT.pdf\">Modulo d\u2019iscrizione Porticcio<\/a><\/p>\n<\/div>\n\n\n\n<div class=\"wp-block-column is-layout-flow wp-block-column-is-layout-flow\">\n<p><a href=\"https:\/\/centcols.org\/backup\/wp-content\/uploads\/2021\/06\/Gritchen_Covid19_Gritchen_FR.pdf\" target=\"_blank\" rel=\"noreferrer noopener\">Gritchen couverture Covid 19<\/a><\/p>\n\n\n\n<p><a href=\"https:\/\/centcols.org\/backup\/wp-content\/uploads\/2021\/06\/CGA-Residence-de-tourisme-Cent-cols.pdf\" target=\"_blank\" rel=\"noreferrer noopener\">Conditions g\u00e9n\u00e9rales assurance Gritchen<\/a><\/p>\n<\/div>\n<\/div>\n\n\n\n<h2 class=\"wp-block-heading\" id=\"livret\">Livret<\/h2>\n\n\n\n<p>Vous pouvez feuilleter <strong>ici<\/strong> l<strong>e livret<\/strong> qui sera distribu\u00e9 lors du s\u00e9jour et qui contient, outre les messages de bienvenue, des informations sur la r\u00e9gion et sur l\u2019acc\u00e8s, des \u00e9l\u00e9ments sur la s\u00e9curit\u00e9 et le descriptif d\u00e9taill\u00e9 des circuits.<\/p>\n\n\n\n<p>Dans cette version num\u00e9rique, vous pouvez visualiser les cols sur carte et afficher leurs photos par un clic sur le code de chaque col (dans les pages 12,13,14,15 et 49,50,51 du programme pr\u00e9visionnel route et VTT)<\/p>\n\n\n<div class=\"wp-block-image\">\n<figure class=\"aligncenter size-medium\"><a href=\"https:\/\/centcols.org\/backup\/wp-content\/uploads\/2024\/02\/livret-corse-2024-02-10.pdf\" target=\"_blank\" rel=\"noreferrer noopener\"><img loading=\"lazy\" decoding=\"async\" width=\"353\" height=\"500\" src=\"https:\/\/centcols.org\/backup\/wp-content\/uploads\/2024\/02\/livret-corse-353x500.jpg\" alt=\"\" class=\"wp-image-79800\" srcset=\"https:\/\/centcols.org\/backup\/wp-content\/uploads\/2024\/02\/livret-corse-353x500.jpg 353w, https:\/\/centcols.org\/backup\/wp-content\/uploads\/2024\/02\/livret-corse-847x1200.jpg 847w, https:\/\/centcols.org\/backup\/wp-content\/uploads\/2024\/02\/livret-corse-768x1088.jpg 768w, https:\/\/centcols.org\/backup\/wp-content\/uploads\/2024\/02\/livret-corse-600x850.jpg 600w, https:\/\/centcols.org\/backup\/wp-content\/uploads\/2024\/02\/livret-corse.jpg 875w\" sizes=\"(max-width: 353px) 100vw, 353px\" \/><\/a><\/figure><\/div>\n\n\n<h2 class=\"wp-block-heading\" id=\"il-ny-a-pas-que-le-velo-dans-la-vie\">Il n\u2019y a pas que le v\u00e9lo dans la vie<\/h2>\n\n\n\n<p class=\"has-text-align-center\">Quelles bonnes adresses :<\/p>\n\n\n\n<div class=\"wp-block-columns is-layout-flex wp-container-core-columns-is-layout-5 wp-block-columns-is-layout-flex\">\n<div class=\"wp-block-column is-layout-flow wp-block-column-is-layout-flow\">\n<p>\u2022 <a href=\"https:\/\/www.ajaccio-tourisme.com\/decouvrir\/visites-et-patrimoine\/\" target=\"_blank\" rel=\"noreferrer noopener\">office de tourisme du pays d\u2019Ajaccio<\/a><\/p>\n\n\n\n<p>\u2022 <a href=\"https:\/\/generationvoyage.fr\/visiter-ajaccio-faire-voir\/\" target=\"_blank\" rel=\"noreferrer noopener\">les 10 choses incontournables \u00e0 faire \u00e0 Ajaccio<\/a><\/p>\n\n\n\n<p>\u2022 <a href=\"https:\/\/www.voyagetips.com\/que-faire-a-ajaccio\/\" target=\"_blank\" rel=\"noreferrer noopener\">que faire \u00e0 Ajaccio<\/a><\/p>\n\n\n\n<p>\u2022 Le Mus\u00e9e Fesch, deuxi\u00e8me mus\u00e9e apr\u00e8s le Louvre en mati\u00e8re de peinture italienne<\/p>\n<\/div>\n\n\n\n<div class=\"wp-block-column is-layout-flow wp-block-column-is-layout-flow\">\n<p>\u2022 la maison Bonaparte, maison natale de Napol\u00e9on 1er<\/p>\n\n\n\n<p>\u2022 les grandes places de la ville et Napol\u00e9on 1er, Le Casone, La Place Diamant, la Place Foch<\/p>\n\n\n\n<p>\u2022 le site de la Parata et les Iles Sanguinaires en bus ou bateau<\/p>\n<\/div>\n<\/div>\n\n\n\n<p class=\"has-text-align-center\">\u2022 Randonn\u00e9es p\u00e9destres faciles \u00e0 plus difficiles<\/p>\n\n\n\n<div class=\"wp-block-columns is-layout-flex wp-container-core-columns-is-layout-6 wp-block-columns-is-layout-flex\">\n<div class=\"wp-block-column is-layout-flow wp-block-column-is-layout-flow\">\n<p><a href=\"https:\/\/www.openrunner.com\/route-details\/17794519\">RP 1 La Parata<\/a><\/p>\n\n\n\n<p>3,3 km et 61 en D+<\/p>\n\n\n\n<p>Randonn\u00e9es autour de la tour de la Parata<\/p>\n\n\n\n<p>Grand site de France<\/p>\n\n\n\n<p><a href=\"https:\/\/www.openrunner.com\/route-details\/17865887\">RP 2 Le Sentier des Cr\u00eates<\/a><\/p>\n\n\n\n<p>8,6 km et 328 m en D+<\/p>\n\n\n\n<p>Corniche au dessus de la rive nord du Golfe d\u2019Ajaccio<\/p>\n\n\n\n<p><a href=\"https:\/\/www.openrunner.com\/route-details\/17864976\">RP 3 Le belv\u00e9d\u00e8re des cr\u00eates<\/a><\/p>\n\n\n\n<p>10,8 km et 474 m en D+<\/p>\n\n\n\n<p>Beaux points de vue au dessus de la ville et du golfe<\/p>\n\n\n\n<p><a href=\"https:\/\/www.openrunner.com\/route-details\/17794580\">RP 4 La Stada Antica de Frassu<\/a><\/p>\n\n\n\n<p>10 km et 350 m en D+<\/p>\n\n\n\n<p>Marche au dessus de Porticcio et points de vue<\/p>\n<\/div>\n\n\n\n<div class=\"wp-block-column is-layout-flow wp-block-column-is-layout-flow\">\n<p><a href=\"https:\/\/www.openrunner.com\/route-details\/17794674\">RP 5 Le p\u00e9nitencier de Chiavari<\/a><\/p>\n\n\n\n<p>10 km et 217 m en D+<\/p>\n\n\n\n<p>Marche dans la for\u00eat de Coti, b\u00e2timents du p\u00e9nitencier et point de vue depuis le lac<\/p>\n\n\n\n<p><a href=\"https:\/\/www.openrunner.com\/route-details\/17794693\">RP 6 La tour g\u00e9noise de Capu di Muru<\/a><\/p>\n\n\n\n<p>8,20 km et 228 m en D+<\/p>\n\n\n\n<p>Tour g\u00e9noise et chapelle de Capu di Muru<\/p>\n\n\n\n<p><a href=\"https:\/\/www.openrunner.com\/route-details\/17794736\">RP 7 L&#8217;Aragnascu<\/a><\/p>\n\n\n\n<p>8,3 km et 352 m en D+<\/p>\n\n\n\n<p>Splendide point de vue sur le Golfe d\u2019Ajaccio<\/p>\n\n\n\n<p><a href=\"https:\/\/www.openrunner.com\/route-details\/17794746\">RP 8 Le rocher des Gozzi<\/a><\/p>\n\n\n\n<p>6,5 km et 423 m en D+<\/p>\n\n\n\n<p>Point de vue sur le Golfe d\u2019Ajaccio<\/p>\n<\/div>\n<\/div>\n\n\n\n<div class=\"wp-block-columns is-layout-flex wp-container-core-columns-is-layout-7 wp-block-columns-is-layout-flex\">\n<div class=\"wp-block-column is-layout-flow wp-block-column-is-layout-flow\">\n<p>\u2013 visites diverses :<\/p>\n\n\n\n<p>\u2022 <a href=\"https:\/\/www.acupulatta.com\/\" target=\"_blank\" rel=\"noreferrer noopener\">le parc A Cupulatta<\/a>, parc unique en Europe sur les tortues<\/p>\n\n\n\n<p>\u2022 <a href=\"https:\/\/www.corsicapam.com\/presentation.html\" target=\"_blank\" rel=\"noreferrer noopener\">distillerie d\u2019huilles essentielles Corsica-Pam<\/a><\/p>\n\n\n\n<p>\u2022 <a href=\"https:\/\/www.mandriolu.com\/\" target=\"_blank\" rel=\"noreferrer noopener\">distillerie d\u2019huilles essentielles Mandriolu<\/a><\/p>\n\n\n\n<p>\u2022 <a href=\"https:\/\/www.visit-corsica.com\/Mon-sejour\/Artisans-d-art\/Tous-les-artisans-d-art\/CECCALDI-ARTISAN-COUTELIER\" target=\"_blank\" rel=\"noreferrer noopener\">coutellerie corse<\/a><\/p>\n<\/div>\n\n\n\n<div class=\"wp-block-column is-layout-flow wp-block-column-is-layout-flow\">\n<p>\u2013 insolites :<\/p>\n\n\n\n<p>\u2022 <a href=\"https:\/\/www.bouger-voyager.com\/bains-de-guitera\/\" target=\"_blank\" rel=\"noreferrer noopener\">les bains de Guitera<\/a>, bains rustiques, libre d\u2019acc\u00e8s, des eaux sulfur\u00e9es et curatives \u00e0 42\u00b0<\/p>\n\n\n\n<p>\u2022 <a href=\"https:\/\/www.alta-rocca-tourisme.com\/bains-de-caldane\/sainte-lucie-de-tallano\/loicor2av5000pv\" target=\"_blank\" rel=\"noreferrer noopener\">bains naturels de Caldane<\/a>, bains \u00e0 38\u00b0, eau l\u00e9g\u00e8rement sulfureuse, restauration<\/p>\n\n\n\n<p>\u2022 <a href=\"https:\/\/www.celavuprunelli.corsica\/fr\/activite\/le-petit-train-du-maquis\/\" target=\"_blank\" rel=\"noreferrer noopener\">le petit train du maquis<\/a> : visite guid\u00e9es du maquis en petit train ou \u00e0 pied<\/p>\n<\/div>\n<\/div>\n","protected":false},"excerpt":{"rendered":"<p>Le s\u00e9jour d\u2019\u00e9t\u00e9 2024 se d\u00e9roulera du 29 juin au 06 juillet 2024 dans le d\u00e9partement de l\u2019Ard\u00e8che. Il a \u00e9t\u00e9 pr\u00e9par\u00e9 par une petite \u00e9quipe\u00a0 : Corinne Dameron, Roland Dameron et Bernard Pommel. Situ\u00e9 dans la r\u00e9gion Auvergne-Rh\u00f4ne-Alpes, nich\u00e9 au coeur des paysages pittoresques de l\u2019Ard\u00e8che m\u00e9ridionale, Vog\u00fce s\u2019est construit \u00e0 l\u2019abri des vents, au pied d\u2019une falaise de cinquante m\u00e8tres de haut, le long de la rivi\u00e8re Ard\u00e8che.<\/p>\n","protected":false},"author":75,"featured_media":77285,"comment_status":"closed","ping_status":"closed","sticky":false,"template":"","format":"standard","meta":{"_acf_changed":false,"ub_ctt_via":"","_monsterinsights_skip_tracking":false,"_monsterinsights_sitenote_active":false,"_monsterinsights_sitenote_note":"","_monsterinsights_sitenote_category":0,"footnotes":""},"categories":[272],"tags":[],"acf":[],"featured_image_urls":{"full":["https:\/\/centcols.org\/backup\/wp-content\/uploads\/2023\/10\/le-golfe-dAjaccio-depuis-Boca-dArinella.png",504,609,false],"thumbnail":["https:\/\/centcols.org\/backup\/wp-content\/uploads\/2023\/10\/le-golfe-dAjaccio-depuis-Boca-dArinella-300x300.png",300,300,true],"medium":["https:\/\/centcols.org\/backup\/wp-content\/uploads\/2023\/10\/le-golfe-dAjaccio-depuis-Boca-dArinella-414x500.png",414,500,true],"medium_large":["https:\/\/centcols.org\/backup\/wp-content\/uploads\/2023\/10\/le-golfe-dAjaccio-depuis-Boca-dArinella.png",504,609,false],"large":["https:\/\/centcols.org\/backup\/wp-content\/uploads\/2023\/10\/le-golfe-dAjaccio-depuis-Boca-dArinella.png",504,609,false],"1536x1536":["https:\/\/centcols.org\/backup\/wp-content\/uploads\/2023\/10\/le-golfe-dAjaccio-depuis-Boca-dArinella.png",504,609,false],"2048x2048":["https:\/\/centcols.org\/backup\/wp-content\/uploads\/2023\/10\/le-golfe-dAjaccio-depuis-Boca-dArinella.png",504,609,false],"woocommerce_thumbnail":["https:\/\/centcols.org\/backup\/wp-content\/uploads\/2023\/10\/le-golfe-dAjaccio-depuis-Boca-dArinella-300x300.png",300,300,true],"woocommerce_single":["https:\/\/centcols.org\/backup\/wp-content\/uploads\/2023\/10\/le-golfe-dAjaccio-depuis-Boca-dArinella.png",504,609,false],"woocommerce_gallery_thumbnail":["https:\/\/centcols.org\/backup\/wp-content\/uploads\/2023\/10\/le-golfe-dAjaccio-depuis-Boca-dArinella-100x100.png",100,100,true]},"post_excerpt_stackable":"<p>Le s\u00e9jour d\u2019\u00e9t\u00e9 2024 se d\u00e9roulera du 29 juin au 06 juillet 2024 dans le d\u00e9partement de l\u2019Ard\u00e8che. Il a \u00e9t\u00e9 pr\u00e9par\u00e9 par une petite \u00e9quipe\u00a0 : Corinne Dameron, Roland Dameron et Bernard Pommel. Situ\u00e9 dans la r\u00e9gion Auvergne-Rh\u00f4ne-Alpes, nich\u00e9 au coeur des paysages pittoresques de l\u2019Ard\u00e8che m\u00e9ridionale, Vog\u00fce s\u2019est construit \u00e0 l\u2019abri des vents, au pied d\u2019une falaise de cinquante m\u00e8tres de haut, le long de la rivi\u00e8re Ard\u00e8che.<\/p>\n","category_list":"<a href=\"https:\/\/centcols.org\/backup\/en\/categorie\/sejours-en\/\" rel=\"category tag\">Sejours<\/a>","author_info":{"display_name":"Christophe Badonnel","author_link":"https:\/\/centcols.org\/backup\/en\/author\/5799\/"},"comments_num":"0 comments","featured_image_urls_v2":{"full":["https:\/\/centcols.org\/backup\/wp-content\/uploads\/2023\/10\/le-golfe-dAjaccio-depuis-Boca-dArinella.png",504,609,false],"thumbnail":["https:\/\/centcols.org\/backup\/wp-content\/uploads\/2023\/10\/le-golfe-dAjaccio-depuis-Boca-dArinella-300x300.png",300,300,true],"medium":["https:\/\/centcols.org\/backup\/wp-content\/uploads\/2023\/10\/le-golfe-dAjaccio-depuis-Boca-dArinella-414x500.png",414,500,true],"medium_large":["https:\/\/centcols.org\/backup\/wp-content\/uploads\/2023\/10\/le-golfe-dAjaccio-depuis-Boca-dArinella.png",504,609,false],"large":["https:\/\/centcols.org\/backup\/wp-content\/uploads\/2023\/10\/le-golfe-dAjaccio-depuis-Boca-dArinella.png",504,609,false],"1536x1536":["https:\/\/centcols.org\/backup\/wp-content\/uploads\/2023\/10\/le-golfe-dAjaccio-depuis-Boca-dArinella.png",504,609,false],"2048x2048":["https:\/\/centcols.org\/backup\/wp-content\/uploads\/2023\/10\/le-golfe-dAjaccio-depuis-Boca-dArinella.png",504,609,false],"woocommerce_thumbnail":["https:\/\/centcols.org\/backup\/wp-content\/uploads\/2023\/10\/le-golfe-dAjaccio-depuis-Boca-dArinella-300x300.png",300,300,true],"woocommerce_single":["https:\/\/centcols.org\/backup\/wp-content\/uploads\/2023\/10\/le-golfe-dAjaccio-depuis-Boca-dArinella.png",504,609,false],"woocommerce_gallery_thumbnail":["https:\/\/centcols.org\/backup\/wp-content\/uploads\/2023\/10\/le-golfe-dAjaccio-depuis-Boca-dArinella-100x100.png",100,100,true]},"post_excerpt_stackable_v2":"<p>Le s\u00e9jour d\u2019\u00e9t\u00e9 2024 se d\u00e9roulera du 29 juin au 06 juillet 2024 dans le d\u00e9partement de l\u2019Ard\u00e8che. Il a \u00e9t\u00e9 pr\u00e9par\u00e9 par une petite \u00e9quipe\u00a0 : Corinne Dameron, Roland Dameron et Bernard Pommel. Situ\u00e9 dans la r\u00e9gion Auvergne-Rh\u00f4ne-Alpes, nich\u00e9 au coeur des paysages pittoresques de l\u2019Ard\u00e8che m\u00e9ridionale, Vog\u00fce s\u2019est construit \u00e0 l\u2019abri des vents, au pied d\u2019une falaise de cinquante m\u00e8tres de haut, le long de la rivi\u00e8re Ard\u00e8che.<\/p>\n","category_list_v2":"<a href=\"https:\/\/centcols.org\/backup\/en\/categorie\/sejours-en\/\" rel=\"category tag\">Sejours<\/a>","author_info_v2":{"name":"Christophe Badonnel","url":"https:\/\/centcols.org\/backup\/en\/author\/5799\/"},"comments_num_v2":"0 comments","featured_image_src":"https:\/\/centcols.org\/backup\/wp-content\/uploads\/2023\/10\/le-golfe-dAjaccio-depuis-Boca-dArinella.png","_links":{"self":[{"href":"https:\/\/centcols.org\/backup\/en\/wp-json\/wp\/v2\/posts\/79796"}],"collection":[{"href":"https:\/\/centcols.org\/backup\/en\/wp-json\/wp\/v2\/posts"}],"about":[{"href":"https:\/\/centcols.org\/backup\/en\/wp-json\/wp\/v2\/types\/post"}],"author":[{"embeddable":true,"href":"https:\/\/centcols.org\/backup\/en\/wp-json\/wp\/v2\/users\/75"}],"replies":[{"embeddable":true,"href":"https:\/\/centcols.org\/backup\/en\/wp-json\/wp\/v2\/comments?post=79796"}],"version-history":[{"count":0,"href":"https:\/\/centcols.org\/backup\/en\/wp-json\/wp\/v2\/posts\/79796\/revisions"}],"wp:featuredmedia":[{"embeddable":true,"href":"https:\/\/centcols.org\/backup\/en\/wp-json\/wp\/v2\/media\/77285"}],"wp:attachment":[{"href":"https:\/\/centcols.org\/backup\/en\/wp-json\/wp\/v2\/media?parent=79796"}],"wp:term":[{"taxonomy":"category","embeddable":true,"href":"https:\/\/centcols.org\/backup\/en\/wp-json\/wp\/v2\/categories?post=79796"},{"taxonomy":"post_tag","embeddable":true,"href":"https:\/\/centcols.org\/backup\/en\/wp-json\/wp\/v2\/tags?post=79796"}],"curies":[{"name":"wp","href":"https:\/\/api.w.org\/{rel}","templated":true}]}}