{"id":80646,"date":"2024-04-16T20:13:56","date_gmt":"2024-04-16T18:13:56","guid":{"rendered":"https:\/\/centcols.org\/backup\/jean-perdoux\/"},"modified":"2024-04-16T20:13:56","modified_gmt":"2024-04-16T18:13:56","slug":"jean-perdoux","status":"publish","type":"post","link":"https:\/\/centcols.org\/backup\/en\/jean-perdoux\/","title":{"rendered":"Jean Perdoux"},"content":{"rendered":"\n<p>Jean Perdoux, pr\u00e9sident fondateur du Club des Cent Cols est d\u00e9c\u00e9d\u00e9 le 13 mars \u00e0 l\u2019\u00e2ge de 87 ans. C\u2019est une longue page de l\u2019histoire du Club des Cent Cols qui se tourne. Nous avons perdu notre guide, pas ses id\u00e9es.<\/p>\n\n\n\n<figure class=\"wp-block-image size-large\"><img loading=\"lazy\" decoding=\"async\" width=\"1200\" height=\"1200\" src=\"https:\/\/centcols.org\/backup\/wp-content\/uploads\/2024\/04\/jeanperdoux-galibier-1-1200x1200.jpg\" alt=\"\" class=\"wp-image-80521\" srcset=\"https:\/\/centcols.org\/backup\/wp-content\/uploads\/2024\/04\/jeanperdoux-galibier-1-1200x1200.jpg 1200w, https:\/\/centcols.org\/backup\/wp-content\/uploads\/2024\/04\/jeanperdoux-galibier-1-500x500.jpg 500w, https:\/\/centcols.org\/backup\/wp-content\/uploads\/2024\/04\/jeanperdoux-galibier-1-300x300.jpg 300w, https:\/\/centcols.org\/backup\/wp-content\/uploads\/2024\/04\/jeanperdoux-galibier-1-768x768.jpg 768w, https:\/\/centcols.org\/backup\/wp-content\/uploads\/2024\/04\/jeanperdoux-galibier-1-600x600.jpg 600w, https:\/\/centcols.org\/backup\/wp-content\/uploads\/2024\/04\/jeanperdoux-galibier-1-100x100.jpg 100w, https:\/\/centcols.org\/backup\/wp-content\/uploads\/2024\/04\/jeanperdoux-galibier-1.jpg 1431w\" sizes=\"(max-width: 1200px) 100vw, 1200px\" \/><\/figure>\n\n\n\n<figure class=\"wp-block-image size-full\"><img loading=\"lazy\" decoding=\"async\" width=\"1200\" height=\"675\" src=\"https:\/\/centcols.org\/backup\/wp-content\/uploads\/2024\/04\/plannicolas.jpg\" alt=\"\" class=\"wp-image-80515\" srcset=\"https:\/\/centcols.org\/backup\/wp-content\/uploads\/2024\/04\/plannicolas.jpg 1200w, https:\/\/centcols.org\/backup\/wp-content\/uploads\/2024\/04\/plannicolas-500x281.jpg 500w, https:\/\/centcols.org\/backup\/wp-content\/uploads\/2024\/04\/plannicolas-768x432.jpg 768w, https:\/\/centcols.org\/backup\/wp-content\/uploads\/2024\/04\/plannicolas-600x338.jpg 600w\" sizes=\"(max-width: 1200px) 100vw, 1200px\" \/><figcaption class=\"wp-element-caption\">3 pr\u00e9sidents au collet du Plan Nicolas \u00e0 l&#8217;occasion de l&#8217;ascension du col du Galibier pour les 80 ans d&#8217;Henri Dusseau en 2013. \u00a9Photo G\u00e9rard Galland<\/figcaption><\/figure>\n\n\n\n<div class=\"wp-block-columns is-layout-flex wp-container-core-columns-is-layout-1 wp-block-columns-is-layout-flex\">\n<div class=\"wp-block-column is-layout-flow wp-block-column-is-layout-flow\">\n<h2 class=\"wp-block-heading\">Incipit de l&#8217;\u00e9ditorial du Pr\u00e9sident sur la prochaine revue<\/h2>\n\n\n\n<p>Triste nouvelle, Jean Perdoux n&#8217;est plus de ce monde<\/p>\n\n\n\n<p>Jean Perdoux, pr\u00e9sident fondateur du Club des Cent Cols est d\u00e9c\u00e9d\u00e9 le 13 mars \u00e0 l\u2019\u00e2ge de 87 ans. C\u2019est une longue page de l\u2019histoire du Club des Cent Cols qui se tourne. Nous avons perdu notre guide, pas ses id\u00e9es.<\/p>\n\n\n\n<p>Qui \u00e9tait Jean ? Jean Perdoux \u00e9tait une personne extraordinaire qui a fait des choses extraordinaires.&nbsp; Sans lui, le Club des Cent Cols n&#8217;aurait jamais exist\u00e9, nous ne nous serions jamais vus, rencontr\u00e9s. Il faut donc remercier notre bonne \u00e9toile que Jean ait cr\u00e9\u00e9 la confr\u00e9rie, qui nous permet de pratiquer notre sport, le cyclisme, de mani\u00e8re passionn\u00e9. Jean nous a donn\u00e9 un but et des objectifs.&nbsp; C&#8217;est \u00e9galement \u00e0 Jean que l&#8217;on doit la construction de la piste cyclable autour du lac d&#8217;Annecy.&nbsp; Cette piste a une longue histoire et n&#8217;a \u00e9t\u00e9 achev\u00e9e qu&#8217;en 2022. Jean nous a expliqu\u00e9 le Lac d\u2019Annecy et la piste cyclable lors de l\u2019arr\u00eat au Bon Wagon pendant le tour du lac du dimanche matin, 6 novembre 2022, le lendemain de l&#8217;Assembl\u00e9e G\u00e9n\u00e9rale du 50e anniversaire du Club. Bien s\u00fbr, Jean a fait beaucoup d&#8217;autres choses dans sa vie en faveur des autres, de la FFCT, de sa commune. Jean \u00e9tait un homme g\u00e9n\u00e9reux.<\/p>\n\n\n\n<p>Jean restera \u00e0 jamais dans notre m\u00e9moire et nous nous souviendrons de lui chaque fois que nous franchirons un col.&nbsp; Une belle fa\u00e7on de se souvenir de Jean est que de nombreux cyclistes rel\u00e8vent le challenge &#8220;Les Cent Cols de Jean Perdoux&#8221;, pour lequel il faut franchir les cent premiers cols gravis par le pr\u00e9sident fondateur du club.<\/p>\n\n\n\n<p>Le Conseil d&#8217;Administration du Club a d\u00e9cid\u00e9 de donner le nom de Jean au traditionnel rassemblement international et donc, \u00e0 partir de la prochaine rencontre, le rassemblement s&#8217;appellera \u00ab&nbsp;Rassemblement international annuel Jean Perdoux&nbsp;\u00bb.<\/p>\n\n\n\n<p>Enrico Alberini<br>Pr\u00e9sident du Club des Cent Cols<\/p>\n\n\n\n<h2 class=\"wp-block-heading\">Quelques t\u00e9moignages recueillis \u00e0 l&#8217;annonce du d\u00e9c\u00e8s :<\/h2>\n\n\n\n<p><em>Emotion et souvenirs \u00e0 l&#8217;annonce du d\u00e9c\u00e8s de Jean Perdoux.<br>Emotion de perdre celui par qui est n\u00e9e l&#8217;id\u00e9e g\u00e9niale de notre Confr\u00e8rie qui continue plus de 50 ans apr\u00e8s sa cr\u00e9ation \u00e0 rassembler les amoureux du v\u00e9lo en montagne.<br>Souvenirs des nombreuses concentrations o\u00f9 Jean \u00e9voquait dans ses interventions les valeurs d&#8217;effort, d&#8217;entr&#8217;aide, d&#8217;amiti\u00e9 et de simplicit\u00e9 qui lui tenaient tant \u00e0 coeur. Souvenirs aussi des assembl\u00e9es g\u00e9n\u00e9rales auxquelles il ne manquait pas de participer soit par sa pr\u00e9sence, soit par l&#8217;envoi d&#8217;un message.<\/em><br><em>Toutes mes condol\u00e9ances \u00e0 Tanou,\u00a0 \u00e0 leurs enfants et \u00e0 toute la famille. Claude B\u00e9nistrand CC 0284 et pr\u00e9sident honoraire<\/em><\/p>\n\n\n\n<p><em>C\u2019est une bien triste nouvelle cette annonce du d\u00e9c\u00e8s de Jean-Perdoux\u00a0!<br>P\u00e8re fondateur de notre formidable confr\u00e9rie, et ancien membre du bureau de la FFCT. Au-del\u00e0 des cols, il affectionnait beaucoup les cartes postales anciennes, et particuli\u00e8rement les cartes humoristiques sur le th\u00e8me du V\u00e9lo que je poste de temps en temps sur ma page Facebook, il aimait me le dire\u2026<br>Au revoir Cher Jean\u00a0!<br>Toutes mes condol\u00e9ances \u00e0 sa famille. Jean-Marc Lef\u00e8vre CC3331<\/em><\/p>\n\n\n\n<p><em>J\u2019ai re\u00e7u l\u2019information par de nombreuses personnes car Jean \u00e9tait connu et reconnu de longue date\u00a0apr\u00e8s tout ce qu\u2019il a donn\u00e9 au cyclotourisme,\u00a0 aux 100 cols mais aussi \u00e0 la f\u00e9d\u00e9ration et au d\u00e9partement de Haute-Savoie et \u00e0 tous ceux et celles qu\u2019il a c\u00f4toy\u00e9s.<br>Je ne pourrai me rendre \u00e0 Annecy mardi pour le obs\u00e8ques mais\u00a0 la F\u00e9d\u00e9ration sera repr\u00e9sent\u00e9e.<br>Bien cordialement<\/em>. <em>Martine Cano Pr\u00e9sidente de la F\u00e9d\u00e9ration Fran\u00e7aise de Cyclotourisme<\/em><\/p>\n\n\n\n<p><em>Bonsoir \u00e0 tous,<br>De bons souvenirs \u2026 la visite d&#8217;Annecy pour les 40 ans du CCC (2012), la rencontre au <a href=\"https:\/\/photos.google.com\/share\/AF1QipO-WPhiqBe6q-hi6QVjOhEqKQ1Pp0Ww75PjJzLnOCE1UxwoZTioqhhI_4PyYAHLHQ\/photo\/AF1QipOx1tcA_6ULhGe0S0KBaezUF3EYDk4AAPc-n32C?key=NnNuOUdPYkwyMHhSQ2xCX09MWWdVWmVkN2NpRmln\">Luitel en 2022<\/a>, l&#8217;ascension du Galibier (et <a href=\"https:\/\/photos.google.com\/share\/AF1QipOD7a7rQBAy7XXoU5egKuSgj90I1WiegY4jXAAdHZB7hfb6kE07hz8wcp3odpd0TQ\/photo\/AF1QipM8RPWnP-P40cTDYOp_GhADbW1db5COhV9Kgavh?key=WUFWcGYwUmlERDc1MEJ3cWstY3lDZlphOXR4ZWF3\">photo au Collet de Plan Nicolas en 2013<\/a>) pour les 80 ans d&#8217;Henri Dusseau. Mes condol\u00e9ances \u00e0 ses proches \u2026<br>Et amiti\u00e9s \u00e0 tous, impossible d&#8217;oublier Jean \u2026 en d\u00e9clarant un col. G\u00e9rard GALLAND CCC 933<\/em><\/p>\n\n\n\n<p><em>Chers cencolistes,<br>Comme tous les membres, je suis attrist\u00e9 par cette nouvelle. Nous\u00a0ne verrons plus, comme \u00e0 Annecy, tous les pr\u00e9sidents pr\u00e9sents devant nous.<br>Je ne connaissais pas Jean, je lui ai juste dit ma reconnaissance lors de l&#8217;AG du cinquantenaire.<br>Condol\u00e9ances \u00e0 sa famille. VAILLOUD christian CC 5215\u00a0<\/em><\/p>\n\n\n\n<p><em>Une pens\u00e9e pour ce moment\u00a0<br>Un grand merci \u00e0 Jean pour la r\u00e9ussite et l&#8217;\u00e9volution de ce club&#8230;pour lequel je n&#8217;aurai pas connu ou pu faire la d\u00e9couverte de nos beaux massifs montagneux&#8230; Fran\u00e7oise Valluche<\/em><\/p>\n\n\n\n<p><em>Bonjour,<br>Je ne connaissais pas Jean Perdoux personnellement, mais comme tout le monde l&#8217;a fait remarquer, il est l&#8217;instigateur\u00a0 il y a 50 ans d&#8217;un projet qui passionne encore de nombreux amoureux de la montagne.<br>Je ne serai pas pr\u00e9sent aux obs\u00e8ques de Jean Perdoux.<br>J&#8217;ai une pens\u00e9e pour sa famille.<br>Amicalement. Jean-Luc Matte<\/em><\/p>\n\n\n\n<p><em>L&#8217;\u00e2ge et le handicap ne nous permettent plus de long voyage mais nous serons toujours reconnaissant \u00e0 Jean Perdoux d&#8217;avoir fond\u00e9 ce club que nous aimons et de nous avoir permis de d\u00e9couvrir la montagne sous un autre jour, des cols de toutes sortes o\u00f9 la r\u00e9compense de l&#8217;effort m\u00e9ritait le d\u00e9passement de soi-m\u00eame. Merci \u00e0 lui, nous aurons toujours une pens\u00e9e amicale pour lui en nous rem\u00e9morant nos randonn\u00e9es \u00e0 la chasse aux cols.<\/em> <em>Maryl\u00e8ne et Claude DUPONT<\/em><\/p>\n\n\n\n<p><em>C\u2019est effectivement une mauvaise nouvelle, \u00e0 ce jour nous sommes orphelins d\u2019un grand cr\u00e9ateur et passionn\u00e9 de la nature.<br>Je salue la m\u00e9moire d\u2019un fondateur qui nous a permis de partager sa passion. La d\u00e9couverte et \u00a0recherche de cols, nous a permis de nous d\u00e9passer, et de faire de tr\u00e8s belles connaissance au sein de cet immense club.<br>Je pense que de l\u00e0-haut il continuera \u00e0 veiller sur cette magnifique organisation que son les 100 cols.<br>Sinc\u00e8res condol\u00e9ances \u00e0 sa famille. Edouard Escribano\u00a0cc 6741<\/em><\/p>\n\n\n\n<p><em>Bonsoir<br>J&#8217;ai une pens\u00e9e pour Jean Perdoux qui \u00e9tait le fondateur du Club des Cent Cols.<br>Je suis rentr\u00e9 au club en 1994, 30 ans d\u00e9j\u00e0, il l&#8217;a cr\u00e9\u00e9 en 1972.<br>Je sais tout ce que je lui dois, &#8230; , merci.<br>Je pr\u00e9sente \u00e0 toute sa famille, \u00e0 tous ses proches et \u00e0 tous ses amis toutes mes condol\u00e9ances.\u200c Yves Blache,\u00a0\u00a0 cent cols n\u00b03876.<\/em><\/p>\n\n\n\n<p><em>\u00a0C&#8217;est une bien triste\u00a0 nouvelle que cette disparition de Jean Perdoux avec lequel nous avions des relations privil\u00e9gi\u00e9es. Chantal a pris contact avec Tanou, la femme de Jean, pour lui dire toute notre tristesse et lui souhaiter bon courage pour les jours \u00e0 venir. Malheureusement nous ne pourrons participer aux obs\u00e8ques, Chantal\u00a0devant garder\u00a0sa m\u00e8re qui est ag\u00e9e de 102 ans.<br>Bien amicalement. Alain Gillodes<\/em><\/p>\n\n\n\n<p>\u00a0<em> M. le pr\u00e9sident transmettez mes condol\u00e9ances \u00e0 sa famille. Sa cr\u00e9ation, les Cent Cols, id\u00e9e simple et g\u00e9niale perdurera, chaque col franchi sera une mani\u00e8re de lui rendre hommage.<br>Cordialement. J-P LESCOUEZEC<\/em><\/p>\n\n\n\n<p><em>Bien s\u00fbr , c&#8217;est avec une grande tristesse que j&#8217;ai appris le d\u00e9c\u00e8s de Jean.<br>Je l&#8217;ai connu comme pr\u00e9sident des cyclotouristes de CHAMBERY quand j&#8217;avais 15 ans et j&#8217;avais fait quelques sorties avec lui<br>\u00e0 cette \u00e9poque et il m&#8217;avait apporter beaucoup de son savoir faire.<br>Jean \u00e9tait un coll\u00e8gue de mon p\u00e8re, Gilbert, dans l&#8217;entreprise Bourgey et Montreuil \u00e0 Chamb\u00e9ry puis \u00e0 Annecy<br>J&#8217;ai eu le plaisir de le rencontrer lors de l&#8217;AG du cinquanti\u00e8me anniversaire \u00e0 Annecy.<br>Je ne pourrai pas \u00eatre pr\u00e9sent \u00e0 la c\u00e9r\u00e9monie ce mardi mais je penserai \u00e0 lui et \u00e0 l&#8217;ensemble des membres du CCC.<\/em> <em>Pierre Barrucand N\u00b0 3926 n\u00e9 le 1er octobre 1949<\/em><\/p>\n<\/div>\n\n\n\n<div class=\"wp-block-column is-layout-flow wp-block-column-is-layout-flow\">\n<h2 class=\"wp-block-heading\">Discours de R\u00e9gis Paraz lors des obs\u00e8ques<\/h2>\n\n\n\n<p>Je n\u2019ai pas de mandat officiel pour intervenir au nom du Club des Cent Cols mais c\u2019est en tant qu\u2019ami et ancien pr\u00e9sident du club que je tiens \u00e0 lui rendre hommage et \u00e0 t\u00e9moigner \u00e0 sa famille mon soutien dans ces moments douloureux.<\/p>\n\n\n\n<p>C\u2019est en 2011, que nous avions \u00e9tabli des relations plus personnelles lors d\u2019une rencontre en vue des c\u00e9l\u00e9brations du quaranti\u00e8me anniversaire du Club des Cent Cols qui devaient se d\u00e9rouler en 2012.<\/p>\n\n\n\n<p>Entr\u00e9 au Club des Cent Cols en 1991, la premi\u00e8re fois que j\u2019ai aper\u00e7u Jean c\u2019\u00e9tait au Col du Luitel \u00e0 l\u2019occasion de la c\u00e9l\u00e9bration du vingti\u00e8me anniversaire du Club des Cent Cols qu\u2019il avait cr\u00e9\u00e9 en 1972. Le col du Luitel \u00e9tait le centi\u00e8me col diff\u00e9rent franchi par Jean dans sa carri\u00e8re de cyclotouriste et c\u2019est l\u00e0 qu\u2019il eut&nbsp; l\u2019id\u00e9e de regrouper tous les cyclistes qui aimaient rouler en montagne, escalader des cols.<\/p>\n\n\n\n<p>Il y avait beaucoup de monde, malgr\u00e9 une m\u00e9t\u00e9o maussade, ce 11 juillet 1992 pour c\u00e9l\u00e9brer cet \u00e9v\u00e8nement&nbsp;; preuve que son id\u00e9e \u00e9tait un tr\u00e9sor d\u2019intelligence et de cr\u00e9ativit\u00e9&nbsp; qui a trouv\u00e9 \u00e9cho aupr\u00e8s de nombreux \u00abaficionados\u00bb.<\/p>\n\n\n\n<p>Simple membre anonyme et inexp\u00e9riment\u00e9,&nbsp; j\u2019ai d\u00e9couvert \u00e0 travers le discours qu\u2019il a prononc\u00e9 ce jour-l\u00e0 ses profondes convictions, sa philosophie et son engagement au service du cyclotourisme. Lors d\u2019autres rassemblements et assembl\u00e9es g\u00e9n\u00e9rales il exprimait \u00e0 chaque fois ces m\u00eames convictions.<\/p>\n\n\n\n<p>La r\u00e8gle du jeu qu\u2019il avait \u00e9dict\u00e9e refl\u00e8te son go\u00fbt de l\u2019effort et sa foi en l\u2019homme&nbsp;; elle est simple et bas\u00e9e sur la confiance, chacun d\u00e9clarant les cols franchis \u00e0 la seule force musculaire.<\/p>\n\n\n\n<p>Jean \u00e9tait un humaniste tr\u00e8s attach\u00e9 au partage. S\u2019il avait envie de r\u00e9unir les gens autour de sa&nbsp; passion pour le cyclotourisme et la montagne, c\u2019\u00e9tait aussi pour d\u00e9fendre des valeurs telles que l\u2019amiti\u00e9, la fid\u00e9lit\u00e9, la convivialit\u00e9, l\u2019entraide.<\/p>\n\n\n\n<p>Cette id\u00e9e de partage se retrouvait lors des rendez-vous ; il avait institutionnalis\u00e9 le partage du pain, du vin et du fromage.<\/p>\n\n\n\n<p>Il a pouss\u00e9 tr\u00e8s loin son id\u00e9e de rassembler en favorisant l\u2019internationalisation du Club. Son id\u00e9e a transcend\u00e9 les fronti\u00e8res et suscit\u00e9 l\u2019adh\u00e9sion de cyclotouristes de nombreux pays et de tous continents.<\/p>\n\n\n\n<p>Rassembleur, f\u00e9d\u00e9rateur, il a inspir\u00e9 \u00e0 ce jour plus de 8000 femmes et hommes guid\u00e9s par son id\u00e9e puissante.<\/p>\n\n\n\n<p>Homme engag\u00e9, il a su d\u00e9fendre la cause du cyclotourisme, en tant qu\u2019administrateur de la FFCT au d\u00e9but des ann\u00e9es 70. C\u2019est d\u2019ailleurs l\u00e0, qu&#8217;il a c\u00f4toy\u00e9 au sein du Conseil d\u2019Administration Jacques Faizant qui fut un des premiers adh\u00e9rents au Club des Cent Cols et qui fournit gratuitement un certain nombre de dessins de sa main pour illustrer la revue annuelle.&nbsp; Il a cr\u00e9\u00e9 le Comit\u00e9 D\u00e9partemental de Cyclotourisme de Haute-Savoie en 1975. \u00c9clectique, il a aussi contribu\u00e9 \u00e0 la promotion du cyclisme urbain en tant que pr\u00e9sident du Club des Villes Cyclables. Il est l\u2019initiateur de la magnifique piste cyclable du bord du lac d\u2019Annecy.<\/p>\n\n\n\n<p>Lors de mon engagement au sein du Club des Cent Cols je me suis attach\u00e9\u00a0 \u00e0 maintenir l\u2019esprit de tol\u00e9rance et les valeurs auxquelles il \u00e9tait tr\u00e8s attach\u00e9. Je trouvais aupr\u00e8s de lui, soutien, conseils et propos bienveillants que ce soit lors de\u00a0 rencontres du Club\u00a0 ou bien, chez lui,\u00a0 \u00e0 l\u2019occasion d\u2019un d\u00e9jeuner annuel confectionn\u00e9 par Tanou.<\/p>\n\n\n\n<p>Une longue page de l\u2019histoire du Club des Cent Cols vient de se tourner. Le club est lui aussi en deuil. Nous partageons la peine profonde de la famille suite \u00e0 la perte de Jean, fondateur et \u00e2me du club. Sa passion, son d\u00e9vouement et son esprit visionnaire ont marqu\u00e9 chacun d\u2019entre nous. Malgr\u00e9 l\u2019absence cruelle de Jean, le Club des Cent Cols continuera son chemin, portant en lui l\u2019h\u00e9ritage pr\u00e9cieux qu\u2019il nous a l\u00e9gu\u00e9. Chaque ascension, chaque kilom\u00e8tre parcouru sera un hommage vibrant \u00e0 sa m\u00e9moire. Jean restera \u00e0 jamais grav\u00e9 dans nos c\u0153urs et sur les sommets qu\u2019il aimait tant conqu\u00e9rir.<br> Mes sinc\u00e8res condol\u00e9ances<\/p>\n\n\n\n<h2 class=\"wp-block-heading\"> Bernard Pommel a conclu de la mani\u00e8re suivante un dossier qu&#8217;il a \u00e9labor\u00e9 sur les cols franchis par Napol\u00e9on <\/h2>\n\n\n\n<p>\u00ab Napol\u00e9on : \u00e9pilogue \u00bb<\/p>\n\n\n\n<p>Nous sommes \u00e0 l\u2019automne 1820. Napol\u00e9on qui se morfond \u00e0 Sainte-H\u00e9l\u00e8ne d\u00e9cide, pour passer le temps, de compter les cols qu\u2019il a franchis. Son chiffre approche et m\u00eame d\u00e9passe l\u00e9g\u00e8rement la centaine. &#8221; <em>Tiens, se dit-il, apr\u00e8s avoir cr\u00e9\u00e9 la L\u00e9gion d\u2019honneur je pourrais cr\u00e9er un club des gens qui ont pass\u00e9 100 cols\u2026 Je l\u2019appellerais \u00ab la L\u00e9gion des Cent Cols \u00bb ou quelque chose comme cela\u2026 Je dirais que la r\u00e8gle est  : pour entrer au club il faut avoir franchi au moins cent cols diff\u00e9rents\u2026 <br> Oui mais comment ? Avec quel moyen de locomotion ? Doit-on compter de mani\u00e8re identique ceux que l\u2019on a fait \u00e0 pied, sur un cheval, dans un v\u00e9hicule tir\u00e9 par un cheval ?<\/em> &#8220;<br>Napol\u00e9on r\u00e9fl\u00e9chit quelques instants, ne trouve pas de solution, et abandonne l\u2019id\u00e9e.<\/p>\n\n\n\n<p>150 ans plus tard, du c\u00f4t\u00e9 du Luitel, un certain Jean Perdoux\u2026<a href=\"https:\/\/centcols.org\/backup\/historique\/historique_du_ccc.htm\" target=\"_blank\" rel=\"noreferrer noopener\">https:\/\/centcols.org\/backup\/historique\/historique_du_ccc.htm<\/a><\/p>\n\n\n\n<p>\u00bb<\/p>\n<\/div>\n<\/div>\n","protected":false},"excerpt":{"rendered":"<p>Jean Perdoux, pr\u00e9sident fondateur du Club des Cent Cols est d\u00e9c\u00e9d\u00e9 le 13 mars \u00e0 l\u2019\u00e2ge de 87 ans. C\u2019est une longue page de l\u2019histoire du Club des Cent Cols qui se tourne. Nous avons perdu notre guide, pas ses id\u00e9es.<\/p>\n","protected":false},"author":17,"featured_media":80523,"comment_status":"closed","ping_status":"closed","sticky":false,"template":"","format":"standard","meta":{"_acf_changed":false,"ub_ctt_via":"","_monsterinsights_skip_tracking":false,"_monsterinsights_sitenote_active":false,"_monsterinsights_sitenote_note":"","_monsterinsights_sitenote_category":0,"footnotes":""},"categories":[630],"tags":[],"acf":[],"featured_image_urls":{"full":["https:\/\/centcols.org\/backup\/wp-content\/uploads\/2024\/04\/jeanperdoux-galibier-1.jpg",1431,1431,false],"thumbnail":["https:\/\/centcols.org\/backup\/wp-content\/uploads\/2024\/04\/jeanperdoux-galibier-1-300x300.jpg",300,300,true],"medium":["https:\/\/centcols.org\/backup\/wp-content\/uploads\/2024\/04\/jeanperdoux-galibier-1-500x500.jpg",500,500,true],"medium_large":["https:\/\/centcols.org\/backup\/wp-content\/uploads\/2024\/04\/jeanperdoux-galibier-1-768x768.jpg",768,768,true],"large":["https:\/\/centcols.org\/backup\/wp-content\/uploads\/2024\/04\/jeanperdoux-galibier-1-1200x1200.jpg",1200,1200,true],"1536x1536":["https:\/\/centcols.org\/backup\/wp-content\/uploads\/2024\/04\/jeanperdoux-galibier-1.jpg",1431,1431,false],"2048x2048":["https:\/\/centcols.org\/backup\/wp-content\/uploads\/2024\/04\/jeanperdoux-galibier-1.jpg",1431,1431,false],"woocommerce_thumbnail":["https:\/\/centcols.org\/backup\/wp-content\/uploads\/2024\/04\/jeanperdoux-galibier-1-300x300.jpg",300,300,true],"woocommerce_single":["https:\/\/centcols.org\/backup\/wp-content\/uploads\/2024\/04\/jeanperdoux-galibier-1-600x600.jpg",600,600,true],"woocommerce_gallery_thumbnail":["https:\/\/centcols.org\/backup\/wp-content\/uploads\/2024\/04\/jeanperdoux-galibier-1-100x100.jpg",100,100,true]},"post_excerpt_stackable":"<p>Jean Perdoux, pr\u00e9sident fondateur du Club des Cent Cols est d\u00e9c\u00e9d\u00e9 le 13 mars \u00e0 l\u2019\u00e2ge de 87 ans. C\u2019est une longue page de l\u2019histoire du Club des Cent Cols qui se tourne. Nous avons perdu notre guide, pas ses id\u00e9es.<\/p>\n","category_list":"<a href=\"https:\/\/centcols.org\/backup\/en\/categorie\/carnet-noir-en\/\" rel=\"category tag\">Carnet noir<\/a>","author_info":{"display_name":"R\u00e9gis Paraz","author_link":"https:\/\/centcols.org\/backup\/en\/author\/3225\/"},"comments_num":"0 comments","featured_image_urls_v2":{"full":["https:\/\/centcols.org\/backup\/wp-content\/uploads\/2024\/04\/jeanperdoux-galibier-1.jpg",1431,1431,false],"thumbnail":["https:\/\/centcols.org\/backup\/wp-content\/uploads\/2024\/04\/jeanperdoux-galibier-1-300x300.jpg",300,300,true],"medium":["https:\/\/centcols.org\/backup\/wp-content\/uploads\/2024\/04\/jeanperdoux-galibier-1-500x500.jpg",500,500,true],"medium_large":["https:\/\/centcols.org\/backup\/wp-content\/uploads\/2024\/04\/jeanperdoux-galibier-1-768x768.jpg",768,768,true],"large":["https:\/\/centcols.org\/backup\/wp-content\/uploads\/2024\/04\/jeanperdoux-galibier-1-1200x1200.jpg",1200,1200,true],"1536x1536":["https:\/\/centcols.org\/backup\/wp-content\/uploads\/2024\/04\/jeanperdoux-galibier-1.jpg",1431,1431,false],"2048x2048":["https:\/\/centcols.org\/backup\/wp-content\/uploads\/2024\/04\/jeanperdoux-galibier-1.jpg",1431,1431,false],"woocommerce_thumbnail":["https:\/\/centcols.org\/backup\/wp-content\/uploads\/2024\/04\/jeanperdoux-galibier-1-300x300.jpg",300,300,true],"woocommerce_single":["https:\/\/centcols.org\/backup\/wp-content\/uploads\/2024\/04\/jeanperdoux-galibier-1-600x600.jpg",600,600,true],"woocommerce_gallery_thumbnail":["https:\/\/centcols.org\/backup\/wp-content\/uploads\/2024\/04\/jeanperdoux-galibier-1-100x100.jpg",100,100,true]},"post_excerpt_stackable_v2":"<p>Jean Perdoux, pr\u00e9sident fondateur du Club des Cent Cols est d\u00e9c\u00e9d\u00e9 le 13 mars \u00e0 l\u2019\u00e2ge de 87 ans. C\u2019est une longue page de l\u2019histoire du Club des Cent Cols qui se tourne. Nous avons perdu notre guide, pas ses id\u00e9es.<\/p>\n","category_list_v2":"<a href=\"https:\/\/centcols.org\/backup\/en\/categorie\/carnet-noir-en\/\" rel=\"category tag\">Carnet noir<\/a>","author_info_v2":{"name":"R\u00e9gis Paraz","url":"https:\/\/centcols.org\/backup\/en\/author\/3225\/"},"comments_num_v2":"0 comments","featured_image_src":"https:\/\/centcols.org\/backup\/wp-content\/uploads\/2024\/04\/jeanperdoux-galibier-1.jpg","_links":{"self":[{"href":"https:\/\/centcols.org\/backup\/en\/wp-json\/wp\/v2\/posts\/80646"}],"collection":[{"href":"https:\/\/centcols.org\/backup\/en\/wp-json\/wp\/v2\/posts"}],"about":[{"href":"https:\/\/centcols.org\/backup\/en\/wp-json\/wp\/v2\/types\/post"}],"author":[{"embeddable":true,"href":"https:\/\/centcols.org\/backup\/en\/wp-json\/wp\/v2\/users\/17"}],"replies":[{"embeddable":true,"href":"https:\/\/centcols.org\/backup\/en\/wp-json\/wp\/v2\/comments?post=80646"}],"version-history":[{"count":0,"href":"https:\/\/centcols.org\/backup\/en\/wp-json\/wp\/v2\/posts\/80646\/revisions"}],"wp:featuredmedia":[{"embeddable":true,"href":"https:\/\/centcols.org\/backup\/en\/wp-json\/wp\/v2\/media\/80523"}],"wp:attachment":[{"href":"https:\/\/centcols.org\/backup\/en\/wp-json\/wp\/v2\/media?parent=80646"}],"wp:term":[{"taxonomy":"category","embeddable":true,"href":"https:\/\/centcols.org\/backup\/en\/wp-json\/wp\/v2\/categories?post=80646"},{"taxonomy":"post_tag","embeddable":true,"href":"https:\/\/centcols.org\/backup\/en\/wp-json\/wp\/v2\/tags?post=80646"}],"curies":[{"name":"wp","href":"https:\/\/api.w.org\/{rel}","templated":true}]}}