{"id":80707,"date":"2024-05-07T16:03:17","date_gmt":"2024-05-07T14:03:17","guid":{"rendered":"https:\/\/centcols.org\/backup\/?p=80707"},"modified":"2024-05-09T07:54:23","modified_gmt":"2024-05-09T05:54:23","slug":"luitel","status":"publish","type":"post","link":"https:\/\/centcols.org\/backup\/en\/luitel\/","title":{"rendered":"Col Luitel"},"content":{"rendered":"\n<p>The\u00a0<strong>Col Luitel<\/strong>\u00a0(<a href=\"https:\/\/centcols.org\/backup\/util\/geo\/visuGen.php?code=FR-38-1262\" target=\"_blank\" rel=\"noreferrer noopener\">FR-38-1262<\/a>),<\/p>\n\n\n\n<p>For a member of the club de Cent Cols, this name always &#8216;rings a bell&#8217; because it recalls the <strong>creation of the club<\/strong>\u00a0: <a href=\"https:\/\/centcols.org\/backup\/en\/historique-cent-cols-2\/\" target=\"_blank\" rel=\"noreferrer noopener\">it was after climbing this col in 1970, that Jean Perdoux had the idea to create : &#8216;the Club des Cent Cols&#8217; <\/a>\u00a0before he wrote the rules in <strong>1972.<\/strong><\/p>\n\n\n\n<p>For a Grenoblois going to ski at Chamrousse, \u00ab\u00a0the Luitel\u00a0\u00bb,\u00a0 was at the crossroads of the D111 (from Uriage to Chamrousse) and the narrow road that descends to S\u00e9chilienne \u2026 below the start of the Arselle ski de fond pistes\u00a0 \u2026 but no, the col is 500 metres from there, in the middle of the\u00a0Luitel nature reserve.<\/p>\n\n\n\n<div class=\"wp-block-stackable-columns stk-block-columns stk-block stk-4ab8b72\" data-block-id=\"4ab8b72\"><style>.stk-4ab8b72{margin-bottom:0px !important}<\/style><div class=\"stk-row stk-inner-blocks stk-block-content stk-content-align stk-4ab8b72-column\">\n<div class=\"wp-block-stackable-column stk-block-column stk-column stk-block stk-024f7ca\" data-v=\"4\" data-block-id=\"024f7ca\"><div class=\"stk-column-wrapper stk-block-column__content stk-container stk-024f7ca-container stk--no-background stk--no-padding\"><div class=\"stk-block-content stk-inner-blocks stk-024f7ca-inner-blocks\">\n<div class=\"wp-block-stackable-columns stk-block-columns stk-block stk-f4c2565\" data-block-id=\"f4c2565\"><div class=\"stk-row stk-inner-blocks stk-block-content stk-content-align stk-f4c2565-column\">\n<div class=\"wp-block-stackable-column stk-block-column stk-column stk-block stk-f5ca2af\" data-v=\"4\" data-block-id=\"f5ca2af\"><div class=\"stk-column-wrapper stk-block-column__content stk-container stk-f5ca2af-container stk--no-background stk--no-padding\"><div class=\"stk-block-content stk-inner-blocks stk-f5ca2af-inner-blocks\">\n<div class=\"wp-block-columns is-layout-flex wp-container-core-columns-is-layout-1 wp-block-columns-is-layout-flex\">\n<div class=\"wp-block-column is-layout-flow wp-block-column-is-layout-flow\">\n<p>This (indisputable) position corresponds at the same time to the position on the IGN map, the localisation by the Club des Cent\u00a0 cols, and the of the position of the wooden sign showing Col Luitel 1262 m.<\/p>\n<\/div>\n\n\n\n<div class=\"wp-block-column is-layout-flow wp-block-column-is-layout-flow\">\n<figure class=\"wp-block-image size-full\"><img loading=\"lazy\" decoding=\"async\" width=\"1200\" height=\"800\" src=\"https:\/\/centcols.org\/backup\/wp-content\/uploads\/2024\/05\/1-Panneau.jpg\" alt=\"\" class=\"wp-image-80714\" srcset=\"https:\/\/centcols.org\/backup\/wp-content\/uploads\/2024\/05\/1-Panneau.jpg 1200w, https:\/\/centcols.org\/backup\/wp-content\/uploads\/2024\/05\/1-Panneau-500x333.jpg 500w, https:\/\/centcols.org\/backup\/wp-content\/uploads\/2024\/05\/1-Panneau-768x512.jpg 768w, https:\/\/centcols.org\/backup\/wp-content\/uploads\/2024\/05\/1-Panneau-600x400.jpg 600w\" sizes=\"(max-width: 1200px) 100vw, 1200px\" \/><\/figure>\n<\/div>\n<\/div>\n\n\n\n<div class=\"wp-block-columns is-layout-flex wp-container-core-columns-is-layout-2 wp-block-columns-is-layout-flex\">\n<div class=\"wp-block-column is-layout-flow wp-block-column-is-layout-flow\"><\/div>\n<\/div>\n\n\n\n<div class=\"wp-block-columns is-layout-flex wp-container-core-columns-is-layout-3 wp-block-columns-is-layout-flex\">\n<div class=\"wp-block-column is-layout-flow wp-block-column-is-layout-flow\"><\/div>\n\n\n\n<div class=\"wp-block-column is-layout-flow wp-block-column-is-layout-flow\"><\/div>\n<\/div>\n\n\n\n<div class=\"wp-block-columns is-layout-flex wp-container-core-columns-is-layout-4 wp-block-columns-is-layout-flex\">\n<div class=\"wp-block-column is-layout-flow wp-block-column-is-layout-flow\">\n<p>Verification on the ground in May 2020\u00a0: <a href=\"https:\/\/cyclotourisme-grenoble-ctg.org\/CTG\/mais-ou-est-donc-exactement-le-col-luitel\/\" target=\"_blank\" rel=\"noreferrer noopener\">But where exactly is the Col Luitel ?<\/a><\/p>\n<\/div>\n\n\n\n<div class=\"wp-block-column is-layout-flow wp-block-column-is-layout-flow\">\n<figure class=\"wp-block-image size-full\"><img loading=\"lazy\" decoding=\"async\" width=\"1200\" height=\"708\" src=\"https:\/\/centcols.org\/backup\/wp-content\/uploads\/2024\/05\/2-Carte.jpg\" alt=\"\" class=\"wp-image-80720\" srcset=\"https:\/\/centcols.org\/backup\/wp-content\/uploads\/2024\/05\/2-Carte.jpg 1200w, https:\/\/centcols.org\/backup\/wp-content\/uploads\/2024\/05\/2-Carte-500x295.jpg 500w, https:\/\/centcols.org\/backup\/wp-content\/uploads\/2024\/05\/2-Carte-768x453.jpg 768w, https:\/\/centcols.org\/backup\/wp-content\/uploads\/2024\/05\/2-Carte-600x354.jpg 600w\" sizes=\"(max-width: 1200px) 100vw, 1200px\" \/><\/figure>\n\n\n\n<p class=\"has-text-align-left\"><\/p>\n<\/div>\n<\/div>\n<\/div><\/div><\/div>\n<\/div><\/div>\n<\/div><\/div><\/div>\n<\/div><\/div>\n\n\n\n<h2 class=\"wp-block-heading\">Toponymye<\/h2>\n\n\n\n<p>Luitel&nbsp;: is the name of the col, the lake, the peat bog and the nature reserve.<\/p>\n\n\n\n<p>According to this <a href=\"https:\/\/www.tandfonline.com\/doi\/abs\/10.1080\/00378941.1963.10835448\" target=\"_blank\" rel=\"noreferrer noopener\">article from the Bulletin of the Soci\u00e9t\u00e9 Botanique de France<\/a> (page 150) \u00ab\u00a0The historic documents on the Luitel are practically inexistant. Rare are the old texts that refer to it ; The Is\u00e8re archives tell us nothing interesting about it. The most we can find sometimes cite the names of Lauvestellum, Lutet, Luther, then Luytel and Luitel\u00a0\u00bb(i).<\/p>\n\n\n\n<h2 class=\"wp-block-heading\">Geographical situation<\/h2>\n\n\n\n<h3 class=\"kt-adv-heading_459f2b-54 wp-block-kadence-advancedheading\" data-kb-block=\"kb-adv-heading_459f2b-54\">Massifs<\/h3>\n\n\n\n<p class=\"has-medium-font-size\">\u00a0The col Luitel is located in the south of the Belledonne range<\/p>\n\n\n\n<h3 class=\"kt-adv-heading_608f1a-5d wp-block-kadence-advancedheading\" data-kb-block=\"kb-adv-heading_608f1a-5d\">Geology<\/h3>\n\n\n\n<p>In this place, more than 50000 years ago, an arm of the Romanche valley glacier slowly advanced by the Col Luitel. This veritable grinding continued to cut more or less deep depressions here (from 11 to 16 m.). Lake Luitel, originally much bigger was formed during the retreat of the glaciers. Constantly fed by waters, the lake was partly transformed into a bog by the strength and accumulation of vegetable debris. At<\/p>\n\n\n\n<div class=\"wp-block-columns is-layout-flex wp-container-core-columns-is-layout-5 wp-block-columns-is-layout-flex\">\n<div class=\"wp-block-column is-layout-flow wp-block-column-is-layout-flow\">\n<figure class=\"wp-block-image size-large\"><img loading=\"lazy\" decoding=\"async\" width=\"1200\" height=\"800\" src=\"https:\/\/centcols.org\/backup\/wp-content\/uploads\/2024\/05\/LA-tourbiere-P1000175-1-1200x800.jpg\" alt=\"\" class=\"wp-image-80757\" srcset=\"https:\/\/centcols.org\/backup\/wp-content\/uploads\/2024\/05\/LA-tourbiere-P1000175-1-1200x800.jpg 1200w, https:\/\/centcols.org\/backup\/wp-content\/uploads\/2024\/05\/LA-tourbiere-P1000175-1-500x333.jpg 500w, https:\/\/centcols.org\/backup\/wp-content\/uploads\/2024\/05\/LA-tourbiere-P1000175-1-768x512.jpg 768w, https:\/\/centcols.org\/backup\/wp-content\/uploads\/2024\/05\/LA-tourbiere-P1000175-1-1536x1024.jpg 1536w, https:\/\/centcols.org\/backup\/wp-content\/uploads\/2024\/05\/LA-tourbiere-P1000175-1-2048x1365.jpg 2048w, https:\/\/centcols.org\/backup\/wp-content\/uploads\/2024\/05\/LA-tourbiere-P1000175-1-600x400.jpg 600w\" sizes=\"(max-width: 1200px) 100vw, 1200px\" \/><\/figure>\n<\/div>\n\n\n\n<div class=\"wp-block-column is-layout-flow wp-block-column-is-layout-flow\">\n<figure class=\"wp-block-image size-large\"><img loading=\"lazy\" decoding=\"async\" width=\"1200\" height=\"800\" src=\"https:\/\/centcols.org\/backup\/wp-content\/uploads\/2024\/05\/Le-Lac-Luitel-P1000177-1200x800.jpg\" alt=\"\" class=\"wp-image-80763\" srcset=\"https:\/\/centcols.org\/backup\/wp-content\/uploads\/2024\/05\/Le-Lac-Luitel-P1000177-1200x800.jpg 1200w, https:\/\/centcols.org\/backup\/wp-content\/uploads\/2024\/05\/Le-Lac-Luitel-P1000177-500x333.jpg 500w, https:\/\/centcols.org\/backup\/wp-content\/uploads\/2024\/05\/Le-Lac-Luitel-P1000177-768x512.jpg 768w, https:\/\/centcols.org\/backup\/wp-content\/uploads\/2024\/05\/Le-Lac-Luitel-P1000177-1536x1024.jpg 1536w, https:\/\/centcols.org\/backup\/wp-content\/uploads\/2024\/05\/Le-Lac-Luitel-P1000177-2048x1365.jpg 2048w, https:\/\/centcols.org\/backup\/wp-content\/uploads\/2024\/05\/Le-Lac-Luitel-P1000177-600x400.jpg 600w\" sizes=\"(max-width: 1200px) 100vw, 1200px\" \/><\/figure>\n<\/div>\n<\/div>\n\n\n\n<pre class=\"wp-block-preformatted\">The tourbi\u00e8re                                                                      The Lac Luitel<\/pre>\n\n\n\n<h3 class=\"wp-block-heading\">Hydrography<\/h3>\n\n\n\n<p>Lake Luitel is located to the <strong>north of the col.<\/strong> It is fed by the Rambert Stream that comes from the Arselle plateau (marsh). The lake&#8217;s outlet is located close to the hairpin bend of the D111 (coming from Uriage), just before the junction with the S\u00e9chilienne road. Lower down flows the Pr\u00e9mol Stream, a tributary of Grande Maille Stream at Vaulnaveys-le-Bas, itself a tributary of the Romanche at Vizille.<\/p>\n\n\n\n<p>The clearing of snow from the Chamrousse road using salt and the water run-off lead to the transfer of significant quantities of salt towards the Lake Luitel and its marsh. See the study\u00a0: <em>\u00ab\u00a0Les effets des \u00e9pandages de sel sur la tourbi\u00e8re lacustre du Luitel (massif de Belledonne, France) : la d\u00e9rivation des eaux du ruisseau du Rambert comme rem\u00e8de \u00e0 la pollution\u00a0\u00bb. <\/em><a href=\"https:\/\/www.persee.fr\/doc\/rga_0035-1121_2003_num_91_1_2230\" target=\"_blank\" rel=\"noreferrer noopener\"><em>(Revue de G\u00e9ographie Alpine\u00a0\u00a0Ann\u00e9e 2003\u00a0\u00a091-1\u00a0\u00a0pp. 51-66)<\/em><\/a><\/p>\n\n\n\n<p><strong>Towards the south<\/strong> Bruyant Stream is a tributary of the Romanche at S\u00e9chilienne<\/p>\n\n\n\n<h3 class=\"wp-block-heading\">Acces<\/h3>\n\n\n\n<p><strong>From Grenoble<\/strong> (Palais des sport 23.5 km, 213 m), Gi\u00e9res (at 20 km, alt&nbsp;; 227 m),&nbsp; Uriage (at 13 km, alt&nbsp; 412m)&nbsp; by the D524,&nbsp; MF de Pr\u00e9mol (at 3 km, 1088 m) by the D111, junction D111\/ RF (0,5 km \u2013 1268m).<\/p>\n\n\n\n<p><strong>From Chamrousse <\/strong>(Roche Beranger) (alt 1745 m) by the D111 we reach the junction with the S\u00e9chilienne road after 7.5&nbsp; km of descent.<\/p>\n\n\n\n<p><strong>From S\u00e9chilienne <\/strong>(alt.&nbsp;368m) there is a &nbsp;10 km climb (road C1) to reach the Col Luitel.<\/p>\n\n\n\n<p class=\"has-medium-font-size\"><\/p>\n\n\n\n<h2 class=\"wp-block-heading\">Things to see &#8211; tourism\u00a0\u00a0<\/h2>\n\n\n\n<h3 class=\"wp-block-heading\">At the col<\/h3>\n\n\n\n<p>The <a href=\"https:\/\/www.isere-tourisme.com\/patrimoine-naturel\/reserve-naturelle-du-luitel\" target=\"_blank\" rel=\"noreferrer noopener\">R\u00e9serve Naturelle du lac Luitel,<\/a> the first in France (1961), contains 17 hectares of ecological sites of peat bogs. Le Lac Luitel owes its existence to the great glaciers of the Quaternary.<\/p>\n\n\n\n<p>The Col Luitel&#8217;s marsh was added to the reserve in 1991.<\/p>\n\n\n\n<p>This<a href=\"https:\/\/www.lacsdemontagne.fr\/pages%20web\/38\/Belledonne\/lac%20Luitel\/lac_luitel.htm\" target=\"_blank\" rel=\"noreferrer noopener\"> reserve<\/a>, comprises two elements\u00a0: Lake Luitel, a marsh-lake characterised by floating rafts of vegetation, and the Col Luitel marsh, partly wooded. Maintained footpaths allow us to explore this milieu.<\/p>\n\n\n\n<p class=\"has-medium-font-size\"><\/p>\n\n\n\n<h2 class=\"wp-block-heading\">Administrative situation<\/h2>\n\n\n\n<p>The Col Luitel lies in the community of S\u00e9chilienne.<\/p>\n\n\n\n<p>The boundary with the community of Vaulnaveys-le-Haut is at the level of the D111 (Chamrousse road)<\/p>\n\n\n\n<h2 class=\"wp-block-heading\">Cycling and cycletouring<\/h2>\n\n\n\n<p><a href=\"https:\/\/centcols.org\/backup\/wp-content\/uploads\/2022\/07\/D-L-100-cols.jpg\">Fiftieth anniversary of the Club des Cents Cols<\/a> (Dauphin\u00e9 Lib\u00e9r\u00e9)<\/p>\n\n\n\n<p>On Saturday 25 June 2022 the Club des Cent Cols celebrated its 50 years. The get-together, of about a hundred people took place in the car park of the maison foresti\u00e8re of Premol (altitude 1088 m) situated\u00a0 3 km from the col.<\/p>\n\n\n\n<div class=\"wp-block-columns is-layout-flex wp-container-core-columns-is-layout-7 wp-block-columns-is-layout-flex\">\n<div class=\"wp-block-column is-layout-flow wp-block-column-is-layout-flow\">\n<p>After research and discussions between Guy Harl\u00e9, the organiser of the event, and some local cyclists,&nbsp; this place was chosen for its &nbsp;proximity to the col (and the impossibility of holding the get-together at the col itself because of the very small parking area sited alongside the Luitel nature reserve).<\/p>\n\n\n\n<p>It was absolutely necessary to avoid trampling on the reserve \u2026<\/p>\n\n\n\n<p><\/p>\n\n\n\n<div class=\"wp-block-columns is-layout-flex wp-container-core-columns-is-layout-6 wp-block-columns-is-layout-flex\">\n<div class=\"wp-block-column is-layout-flow wp-block-column-is-layout-flow\"><\/div>\n<\/div>\n<\/div>\n\n\n\n<div class=\"wp-block-column is-layout-flow wp-block-column-is-layout-flow\">\n<figure class=\"wp-block-image size-full\"><img loading=\"lazy\" decoding=\"async\" width=\"414\" height=\"374\" src=\"https:\/\/centcols.org\/backup\/wp-content\/uploads\/2024\/05\/3-Plan-Luitel-Parking-1-1.jpg\" alt=\"\" class=\"wp-image-80781\"\/><\/figure>\n<\/div>\n<\/div>\n\n\n\n<figure class=\"wp-block-image size-full is-resized\"><img loading=\"lazy\" decoding=\"async\" width=\"1200\" height=\"800\" src=\"https:\/\/centcols.org\/backup\/wp-content\/uploads\/2024\/05\/4-Camping-car-a-PREMOL-copie-1.jpg\" alt=\"\" class=\"wp-image-80787\" style=\"width:587px;height:auto\" srcset=\"https:\/\/centcols.org\/backup\/wp-content\/uploads\/2024\/05\/4-Camping-car-a-PREMOL-copie-1.jpg 1200w, https:\/\/centcols.org\/backup\/wp-content\/uploads\/2024\/05\/4-Camping-car-a-PREMOL-copie-1-500x333.jpg 500w, https:\/\/centcols.org\/backup\/wp-content\/uploads\/2024\/05\/4-Camping-car-a-PREMOL-copie-1-768x512.jpg 768w, https:\/\/centcols.org\/backup\/wp-content\/uploads\/2024\/05\/4-Camping-car-a-PREMOL-copie-1-600x400.jpg 600w\" sizes=\"(max-width: 1200px) 100vw, 1200px\" \/><\/figure>\n\n\n\n<pre class=\"wp-block-preformatted\">The evening before \u2013 the preparations for the get-together\n\n\n\n\n<\/pre>\n\n\n\n<div class=\"wp-block-stackable-columns stk-block-columns stk-block stk-64a6a3f\" data-block-id=\"64a6a3f\"><div class=\"stk-row stk-inner-blocks stk-block-content stk-content-align stk-64a6a3f-column\">\n<div class=\"wp-block-stackable-column stk-block-column stk-column stk-block stk-71aa41d\" data-v=\"4\" data-block-id=\"71aa41d\"><div class=\"stk-column-wrapper stk-block-column__content stk-container stk-71aa41d-container stk--no-background stk--no-padding\"><div class=\"stk-block-content stk-inner-blocks stk-71aa41d-inner-blocks\">\n<figure class=\"wp-block-image size-full\"><img loading=\"lazy\" decoding=\"async\" width=\"1200\" height=\"900\" src=\"https:\/\/centcols.org\/backup\/wp-content\/uploads\/2024\/05\/5-rassemblement-copie-2.jpg\" alt=\"\" class=\"wp-image-80817\" srcset=\"https:\/\/centcols.org\/backup\/wp-content\/uploads\/2024\/05\/5-rassemblement-copie-2.jpg 1200w, https:\/\/centcols.org\/backup\/wp-content\/uploads\/2024\/05\/5-rassemblement-copie-2-500x375.jpg 500w, https:\/\/centcols.org\/backup\/wp-content\/uploads\/2024\/05\/5-rassemblement-copie-2-768x576.jpg 768w, https:\/\/centcols.org\/backup\/wp-content\/uploads\/2024\/05\/5-rassemblement-copie-2-600x450.jpg 600w\" sizes=\"(max-width: 1200px) 100vw, 1200px\" \/><\/figure>\n<\/div><\/div><\/div>\n<\/div><\/div>\n\n\n\n<div class=\"wp-block-columns is-layout-flex wp-container-core-columns-is-layout-9 wp-block-columns-is-layout-flex\">\n<div class=\"wp-block-column is-layout-flow wp-block-column-is-layout-flow\">\n<div class=\"wp-block-columns is-layout-flex wp-container-core-columns-is-layout-8 wp-block-columns-is-layout-flex\">\n<div class=\"wp-block-column is-layout-flow wp-block-column-is-layout-flow\">\n<p>The meeting and the speech by the organiser Guy Harl\u00e9<\/p>\n<\/div>\n<\/div>\n<\/div>\n<\/div>\n\n\n\n<div class=\"wp-block-columns is-layout-flex wp-container-core-columns-is-layout-10 wp-block-columns-is-layout-flex\">\n<div class=\"wp-block-column is-layout-flow wp-block-column-is-layout-flow\">\n<figure class=\"wp-block-image size-full\"><img loading=\"lazy\" decoding=\"async\" width=\"1200\" height=\"800\" src=\"https:\/\/centcols.org\/backup\/wp-content\/uploads\/2024\/05\/6-discours-1.jpg\" alt=\"\" class=\"wp-image-80799\" srcset=\"https:\/\/centcols.org\/backup\/wp-content\/uploads\/2024\/05\/6-discours-1.jpg 1200w, https:\/\/centcols.org\/backup\/wp-content\/uploads\/2024\/05\/6-discours-1-500x333.jpg 500w, https:\/\/centcols.org\/backup\/wp-content\/uploads\/2024\/05\/6-discours-1-768x512.jpg 768w, https:\/\/centcols.org\/backup\/wp-content\/uploads\/2024\/05\/6-discours-1-600x400.jpg 600w\" sizes=\"(max-width: 1200px) 100vw, 1200px\" \/><\/figure>\n\n\n\n<pre class=\"wp-block-preformatted\">The speech by the founding president Jean Perdoux<\/pre>\n<\/div>\n\n\n\n<div class=\"wp-block-column is-layout-flow wp-block-column-is-layout-flow\">\n<figure class=\"wp-block-image size-full\"><img loading=\"lazy\" decoding=\"async\" width=\"1200\" height=\"800\" src=\"https:\/\/centcols.org\/backup\/wp-content\/uploads\/2024\/05\/7-discours-2.jpg\" alt=\"\" class=\"wp-image-80805\" srcset=\"https:\/\/centcols.org\/backup\/wp-content\/uploads\/2024\/05\/7-discours-2.jpg 1200w, https:\/\/centcols.org\/backup\/wp-content\/uploads\/2024\/05\/7-discours-2-500x333.jpg 500w, https:\/\/centcols.org\/backup\/wp-content\/uploads\/2024\/05\/7-discours-2-768x512.jpg 768w, https:\/\/centcols.org\/backup\/wp-content\/uploads\/2024\/05\/7-discours-2-600x400.jpg 600w\" sizes=\"(max-width: 1200px) 100vw, 1200px\" \/><\/figure>\n\n\n\n<pre class=\"wp-block-preformatted\">The speech by the current president Enrico Alberini<\/pre>\n<\/div>\n<\/div>\n\n\n\n<h3 class=\"wp-block-heading\">Profile<\/h3>\n\n\n\n<figure class=\"wp-block-image size-full\"><img loading=\"lazy\" decoding=\"async\" width=\"596\" height=\"357\" src=\"https:\/\/centcols.org\/backup\/wp-content\/uploads\/2024\/05\/image-3.png\" alt=\"\" class=\"wp-image-80823\" srcset=\"https:\/\/centcols.org\/backup\/wp-content\/uploads\/2024\/05\/image-3.png 596w, https:\/\/centcols.org\/backup\/wp-content\/uploads\/2024\/05\/image-3-500x299.png 500w\" sizes=\"(max-width: 596px) 100vw, 596px\" \/><\/figure>\n\n\n\n<p><em><em>Profile of the Col Luitel from Uriage.\u00a0<\/em><\/em><\/p>\n\n\n\n<pre class=\"wp-block-preformatted\">Start : Vaulnaveys le Haut\r\nLength : 10.90 km\r\nClimbing : 855 m\r\n% Average : 7.84%\r\n% Maximum : 10.2%\r\n<a href=\"http:\/\/Cols-cyclisme.com\">Cols-cyclisme.com<\/a><\/pre>\n\n\n\n<figure class=\"wp-block-image size-full\"><img loading=\"lazy\" decoding=\"async\" width=\"606\" height=\"358\" src=\"https:\/\/centcols.org\/backup\/wp-content\/uploads\/2024\/05\/image-4.png\" alt=\"\" class=\"wp-image-80829\" srcset=\"https:\/\/centcols.org\/backup\/wp-content\/uploads\/2024\/05\/image-4.png 606w, https:\/\/centcols.org\/backup\/wp-content\/uploads\/2024\/05\/image-4-500x295.png 500w, https:\/\/centcols.org\/backup\/wp-content\/uploads\/2024\/05\/image-4-600x354.png 600w\" sizes=\"(max-width: 606px) 100vw, 606px\" \/><\/figure>\n\n\n\n<p><em><em><em>Profile of the Col Luitel from<\/em><\/em><\/em> <em>S\u00e9chilenne<\/em><\/p>\n\n\n\n<pre class=\"wp-block-preformatted\">Start : S\u00e9chilienne\nLenght : 10.30 km\nClimbing : 901 m\n% Average : 8.75%\n% Maximum : 14.3%\n<a href=\"https:\/\/www.cols-cyclisme.com\/belledonne\/france\/col-luitel-depuis-sechilienne-c102.htm\" target=\"_blank\" rel=\"noreferrer noopener\">Cols-cyclisme.com<\/a>\n\n<\/pre>\n\n\n\n<p class=\"has-medium-font-size\">And, finally, some images on the subject of the  <a href=\"https:\/\/photos.google.com\/share\/AF1QipO-WPhiqBe6q-hi6QVjOhEqKQ1Pp0Ww75PjJzLnOCE1UxwoZTioqhhI_4PyYAHLHQ?key=NnNuOUdPYkwyMHhSQ2xCX09MWWdVWmVkN2NpRmln\" target=\"_blank\" rel=\"noreferrer noopener\">COL LUITEL<\/a><\/p>\n\n\n\n<p class=\"has-text-align-right\"><em>An article by G\u00e9rard Galland<\/em><br><em>and Bernard Giraudeau (for the geological part)<\/em><\/p>\n","protected":false},"excerpt":{"rendered":"<p>The\u00a0Col Luitel\u00a0(FR-38-1262), For a member of the club de Cent Cols, this name always &#8216;rings a bell&#8217; because it recalls the creation of the club\u00a0: it was after climbing this col in 1970, that Jean Perdoux had the idea to create : &#8216;the Club des Cent Cols&#8217; \u00a0before he wrote the rules in 1972. For [&hellip;]<\/p>\n","protected":false},"author":69,"featured_media":0,"comment_status":"closed","ping_status":"closed","sticky":false,"template":"","format":"standard","meta":{"_acf_changed":false,"ub_ctt_via":"","_monsterinsights_skip_tracking":false,"_monsterinsights_sitenote_active":false,"_monsterinsights_sitenote_note":"","_monsterinsights_sitenote_category":0,"footnotes":""},"categories":[629],"tags":[],"acf":[],"featured_image_urls":{"full":"","thumbnail":"","medium":"","medium_large":"","large":"","1536x1536":"","2048x2048":"","woocommerce_thumbnail":"","woocommerce_single":"","woocommerce_gallery_thumbnail":""},"post_excerpt_stackable":"<p>The\u00a0Col Luitel\u00a0(FR-38-1262), For a member of the club de Cent Cols, this name always &#8216;rings a bell&#8217; because it recalls the creation of the club\u00a0: it was after climbing this col in 1970, that Jean Perdoux had the idea to create : &#8216;the Club des Cent Cols&#8217; \u00a0before he wrote the rules in 1972. For a Grenoblois going to ski at Chamrousse, \u00ab\u00a0the Luitel\u00a0\u00bb,\u00a0 was at the crossroads of the D111 (from Uriage to Chamrousse) and the narrow road that descends to S\u00e9chilienne \u2026 below the start of the Arselle ski de fond pistes\u00a0 \u2026 but no, the col is&hellip;<\/p>\n","category_list":"<a href=\"https:\/\/centcols.org\/backup\/en\/categorie\/miscellaneous\/\" rel=\"category tag\">Miscellaneous<\/a>","author_info":{"display_name":"Enrico Alberini","author_link":"https:\/\/centcols.org\/backup\/en\/author\/5065\/"},"comments_num":"0 comments","featured_image_urls_v2":{"full":"","thumbnail":"","medium":"","medium_large":"","large":"","1536x1536":"","2048x2048":"","woocommerce_thumbnail":"","woocommerce_single":"","woocommerce_gallery_thumbnail":""},"post_excerpt_stackable_v2":"<p>The\u00a0Col Luitel\u00a0(FR-38-1262), For a member of the club de Cent Cols, this name always &#8216;rings a bell&#8217; because it recalls the creation of the club\u00a0: it was after climbing this col in 1970, that Jean Perdoux had the idea to create : &#8216;the Club des Cent Cols&#8217; \u00a0before he wrote the rules in 1972. For a Grenoblois going to ski at Chamrousse, \u00ab\u00a0the Luitel\u00a0\u00bb,\u00a0 was at the crossroads of the D111 (from Uriage to Chamrousse) and the narrow road that descends to S\u00e9chilienne \u2026 below the start of the Arselle ski de fond pistes\u00a0 \u2026 but no, the col is&hellip;<\/p>\n","category_list_v2":"<a href=\"https:\/\/centcols.org\/backup\/en\/categorie\/miscellaneous\/\" rel=\"category tag\">Miscellaneous<\/a>","author_info_v2":{"name":"Enrico Alberini","url":"https:\/\/centcols.org\/backup\/en\/author\/5065\/"},"comments_num_v2":"0 comments","featured_image_src":null,"_links":{"self":[{"href":"https:\/\/centcols.org\/backup\/en\/wp-json\/wp\/v2\/posts\/80707"}],"collection":[{"href":"https:\/\/centcols.org\/backup\/en\/wp-json\/wp\/v2\/posts"}],"about":[{"href":"https:\/\/centcols.org\/backup\/en\/wp-json\/wp\/v2\/types\/post"}],"author":[{"embeddable":true,"href":"https:\/\/centcols.org\/backup\/en\/wp-json\/wp\/v2\/users\/69"}],"replies":[{"embeddable":true,"href":"https:\/\/centcols.org\/backup\/en\/wp-json\/wp\/v2\/comments?post=80707"}],"version-history":[{"count":0,"href":"https:\/\/centcols.org\/backup\/en\/wp-json\/wp\/v2\/posts\/80707\/revisions"}],"wp:attachment":[{"href":"https:\/\/centcols.org\/backup\/en\/wp-json\/wp\/v2\/media?parent=80707"}],"wp:term":[{"taxonomy":"category","embeddable":true,"href":"https:\/\/centcols.org\/backup\/en\/wp-json\/wp\/v2\/categories?post=80707"},{"taxonomy":"post_tag","embeddable":true,"href":"https:\/\/centcols.org\/backup\/en\/wp-json\/wp\/v2\/tags?post=80707"}],"curies":[{"name":"wp","href":"https:\/\/api.w.org\/{rel}","templated":true}]}}