{"id":35101,"date":"2019-02-16T18:04:58","date_gmt":"2019-02-16T17:04:58","guid":{"rendered":"http:\/\/centcols.org\/backup\/sejour-ete-2019-saint-die\/"},"modified":"2023-05-21T11:52:45","modified_gmt":"2023-05-21T09:52:45","slug":"sejour-ete-2019-saint-die-2-2","status":"publish","type":"post","link":"https:\/\/centcols.org\/backup\/it\/sejour-ete-2019-saint-die-2-2\/","title":{"rendered":"Soggiorno estivo a Saint-Di\u00e9-des-Vosges  dal 20 al 27 luglio 2019"},"content":{"rendered":"<p><span style=\"color: #808080;\">Hanno contribuito a questa pagina di presentazione del soggiorno\u00a0 Christophe Badonnel, i responsabili informatici e soggiorni.<\/span><\/p>\n<p>Da vedere: <a href=\"https:\/\/centcols.org\/backup\/video-st-die-2019\/\"><span class=\"tlid-translation translation\" lang=\"it\"><span class=\"\" title=\"\">video della televisione <\/span><\/span>vi\u00e0Vosges<\/a> <span class=\"tlid-translation translation\" lang=\"it\"><span class=\"\" title=\"\">in occasione di questo soggiorno<\/span><\/span>.<\/p>\n<div id=\"attachment_35023\" style=\"width: 845px\" class=\"wp-caption aligncenter\"><img loading=\"lazy\" decoding=\"async\" aria-describedby=\"caption-attachment-35023\" class=\" wp-image-35023\" src=\"https:\/\/centcols.org\/backup\/wp-content\/uploads\/2019\/02\/vue-ae\u0301rienne-r-1-500x332.jpg\" alt=\"La Bolle vue a\u00e9rienne (photo La Bolle)\" width=\"835\" height=\"554\" \/><p id=\"caption-attachment-35023\" class=\"wp-caption-text\">La Bolle &#8211; vista area (foto La Bolle)<\/p><\/div>\n<p>Dopo Mittelwihr, Bitche e Bussang, seremo di nuovo nel massiccio dei Vosgi questa estate 2019. Su invito di Christophe Badonnel e d&#8217;una squadra formata intorno a lui, soggiorneremo a Saint-Di\u00e9-des-Vosges e percorreremo dei nuovi angoli dei Vosgi.<\/p>\n<p><span style=\"color: #000000;\">\u00a0<\/span><\/p>\n<div id=\"attachment_34887\" style=\"width: 562px\" class=\"wp-caption alignright\"><img loading=\"lazy\" decoding=\"async\" aria-describedby=\"caption-attachment-34887\" class=\" wp-image-34888\" src=\"https:\/\/centcols.org\/backup\/wp-content\/uploads\/2019\/01\/Carte-GMaps-496x500.jpg\" alt=\"\" width=\"552\" height=\"556\" srcset=\"https:\/\/centcols.org\/backup\/wp-content\/uploads\/2019\/01\/Carte-GMaps-496x500.jpg 496w, https:\/\/centcols.org\/backup\/wp-content\/uploads\/2019\/01\/Carte-GMaps-100x100.jpg 100w, https:\/\/centcols.org\/backup\/wp-content\/uploads\/2019\/01\/Carte-GMaps-600x605.jpg 600w, https:\/\/centcols.org\/backup\/wp-content\/uploads\/2019\/01\/Carte-GMaps-768x775.jpg 768w, https:\/\/centcols.org\/backup\/wp-content\/uploads\/2019\/01\/Carte-GMaps.jpg 906w\" sizes=\"(max-width: 552px) 100vw, 552px\" \/><p id=\"caption-attachment-34887\" class=\"wp-caption-text\">Mappa del contesto<\/p><\/div>\n<p>Situata sulle sponde della Meurthe ai piedi di quattro massicci montagnosi \u00a0(l\u2019Ormont, la Bure, la Madeleine e il Kemberg) Saint-Di\u00e9-des-Vosges \u00e8 equidistante da Nancy e Strasbourg. La sua latitudine \u00e8 di 338 metri con un punto culminante a 901 metri (Roche du Sapin Sec nel massiccio dell\u2019Ormont).<\/p>\n<p><span style=\"color: #000000;\">\u00a0<\/span><\/p>\n<p>Saremo accolti dal Villaggio Vacanze La Bolle (Cap France), ubicato a meno di 10 minuti dal centro citt\u00e0. Situato in ampio parco, \u00e8 composto da chalet e da un grande edificio composto di camere, di sale diverse, dal ristorante (parzialmente a self service) e da spazi comuni. Le due piscine (riscaldate), lo spazio benessere e la spa, i tavoli da ping pong il campo di bocce, etc. saranno a nostra disposizione. Ogni sera saranno proposte delle animazioni dal Villaggio Vacanze. Seremo alloggiati in camere doppie con bagno.<\/p>\n<p><span style=\"color: #000000;\">Troverete qui sotto le rubriche :<br \/>\n<\/span><\/p>\n<ul>\n<li><span style=\"color: #000000;\">Presentazione della regione<\/span><\/li>\n<li><a href=\"\/membres\/cctours\/tours.php?lieu=St-Di\u00e9&amp;an=2019\"><span style=\"color: #000000;\">I circuiti<\/span><\/a><\/li>\n<li><span style=\"color: #000000;\">Alloggio<\/span><\/li>\n<li><span style=\"color: #000000;\">Nota del Consiglio d&#8217;Amministrazione<\/span><\/li>\n<li><span style=\"color: #000000;\">Iscrizione<\/span><\/li>\n<li><span style=\"color: #000000;\">Raduno comune Club des Cent Cols e BIG<\/span><\/li>\n<li><span style=\"color: #000000;\">Altre attivit\u00e0 o visite<br \/>\n<\/span><\/li>\n<\/ul>\n","protected":false},"excerpt":{"rendered":"<p>Hanno contribuito a questa pagina di presentazione del soggiorno\u00a0 Christophe Badonnel, i responsabili informatici e soggiorni. Da vedere: video della televisione vi\u00e0Vosges in occasione di questo soggiorno. Dopo Mittelwihr, Bitche e Bussang, seremo di nuovo nel massiccio dei Vosgi questa estate 2019. Su invito di Christophe Badonnel e d&#8217;una squadra formata intorno a lui, soggiorneremo [&hellip;]<\/p>\n","protected":false},"author":69,"featured_media":0,"comment_status":"closed","ping_status":"closed","sticky":false,"template":"","format":"standard","meta":{"_acf_changed":false,"ub_ctt_via":"","_monsterinsights_skip_tracking":false,"_monsterinsights_sitenote_active":false,"_monsterinsights_sitenote_note":"","_monsterinsights_sitenote_category":0,"footnotes":""},"categories":[263],"tags":[],"acf":[],"featured_image_urls":{"full":"","thumbnail":"","medium":"","medium_large":"","large":"","1536x1536":"","2048x2048":"","woocommerce_thumbnail":"","woocommerce_single":"","woocommerce_gallery_thumbnail":""},"post_excerpt_stackable":"<p>Hanno contribuito a questa pagina di presentazione del soggiorno\u00a0 Christophe Badonnel, i responsabili informatici e soggiorni. Da vedere: video della televisione vi\u00e0Vosges in occasione di questo soggiorno. La Bolle &#8211; vista area (foto La Bolle) Dopo Mittelwihr, Bitche e Bussang, seremo di nuovo nel massiccio dei Vosgi questa estate 2019. Su invito di Christophe Badonnel e d&#8217;una squadra formata intorno a lui, soggiorneremo a Saint-Di\u00e9-des-Vosges e percorreremo dei nuovi angoli dei Vosgi. \u00a0 Mappa del contesto Situata sulle sponde della Meurthe ai piedi di quattro massicci montagnosi \u00a0(l\u2019Ormont, la Bure, la Madeleine e il Kemberg) Saint-Di\u00e9-des-Vosges \u00e8 equidistante da Nancy&hellip;<\/p>\n","category_list":"<a href=\"https:\/\/centcols.org\/backup\/it\/categorie\/sejours-it\/\" rel=\"category tag\">Soggiorni<\/a>","author_info":{"display_name":"Enrico Alberini","author_link":"https:\/\/centcols.org\/backup\/it\/author\/5065\/"},"comments_num":"0 commenti","featured_image_urls_v2":{"full":"","thumbnail":"","medium":"","medium_large":"","large":"","1536x1536":"","2048x2048":"","woocommerce_thumbnail":"","woocommerce_single":"","woocommerce_gallery_thumbnail":""},"post_excerpt_stackable_v2":"<p>Hanno contribuito a questa pagina di presentazione del soggiorno\u00a0 Christophe Badonnel, i responsabili informatici e soggiorni. Da vedere: video della televisione vi\u00e0Vosges in occasione di questo soggiorno. La Bolle &#8211; vista area (foto La Bolle) Dopo Mittelwihr, Bitche e Bussang, seremo di nuovo nel massiccio dei Vosgi questa estate 2019. Su invito di Christophe Badonnel e d&#8217;una squadra formata intorno a lui, soggiorneremo a Saint-Di\u00e9-des-Vosges e percorreremo dei nuovi angoli dei Vosgi. \u00a0 Mappa del contesto Situata sulle sponde della Meurthe ai piedi di quattro massicci montagnosi \u00a0(l\u2019Ormont, la Bure, la Madeleine e il Kemberg) Saint-Di\u00e9-des-Vosges \u00e8 equidistante da Nancy&hellip;<\/p>\n","category_list_v2":"<a href=\"https:\/\/centcols.org\/backup\/it\/categorie\/sejours-it\/\" rel=\"category tag\">Soggiorni<\/a>","author_info_v2":{"name":"Enrico Alberini","url":"https:\/\/centcols.org\/backup\/it\/author\/5065\/"},"comments_num_v2":"0 commenti","featured_image_src":null,"_links":{"self":[{"href":"https:\/\/centcols.org\/backup\/it\/wp-json\/wp\/v2\/posts\/35101"}],"collection":[{"href":"https:\/\/centcols.org\/backup\/it\/wp-json\/wp\/v2\/posts"}],"about":[{"href":"https:\/\/centcols.org\/backup\/it\/wp-json\/wp\/v2\/types\/post"}],"author":[{"embeddable":true,"href":"https:\/\/centcols.org\/backup\/it\/wp-json\/wp\/v2\/users\/69"}],"replies":[{"embeddable":true,"href":"https:\/\/centcols.org\/backup\/it\/wp-json\/wp\/v2\/comments?post=35101"}],"version-history":[{"count":0,"href":"https:\/\/centcols.org\/backup\/it\/wp-json\/wp\/v2\/posts\/35101\/revisions"}],"wp:attachment":[{"href":"https:\/\/centcols.org\/backup\/it\/wp-json\/wp\/v2\/media?parent=35101"}],"wp:term":[{"taxonomy":"category","embeddable":true,"href":"https:\/\/centcols.org\/backup\/it\/wp-json\/wp\/v2\/categories?post=35101"},{"taxonomy":"post_tag","embeddable":true,"href":"https:\/\/centcols.org\/backup\/it\/wp-json\/wp\/v2\/tags?post=35101"}],"curies":[{"name":"wp","href":"https:\/\/api.w.org\/{rel}","templated":true}]}}