{"id":35737,"date":"2018-12-16T09:00:10","date_gmt":"2018-12-16T08:00:10","guid":{"rendered":"https:\/\/centcols.org\/backup\/rassemblement-alpes-nord-2019-2\/"},"modified":"2019-06-11T09:13:52","modified_gmt":"2019-06-11T07:13:52","slug":"rassemblement-alpes-nord-2019-2","status":"publish","type":"post","link":"https:\/\/centcols.org\/backup\/it\/rassemblement-alpes-nord-2019-2\/","title":{"rendered":"Alpi della Svizzera del Nord, Col de la Faucille il  29 giugno 2019"},"content":{"rendered":"<p><a href=\"https:\/\/centcols.org\/backup\/rassemblement-alpes-nord-suisse-2019\/\">version en fran\u00e7ais<\/a><\/p>\n<p>Sabato 29 giugno 2019, Alpi della Svizzera del Nord,\u00a0Col de de la Faucille, 1320 m (Ain)<\/p>\n<div id=\"lmm_387cb058\" style=\"width:100%;\" class=\"mapsmarker markermap marker-8\">\n<div id=\"lmm_panel_387cb058\" class=\"lmm-panel\" style=\"background:#efefef;\">\n<div id=\"lmm_panel_api_387cb058\" class=\"lmm-panel-api\"><a href=\"https:\/\/maps.google.com\/maps?daddr=Col+de+la+Faucille&amp;t=m&amp;layer=1&amp;doflg=ptk&amp;om=0\" target=\"_blank\" title=\"Trova indicazioni stradali\"><img loading=\"lazy\" decoding=\"async\" alt=\"icon-car.png\" src=\"https:\/\/centcols.org\/backup\/wp-content\/plugins\/leaflet-maps-marker\/inc\/img\/icon-car.png\" width=\"14\" height=\"14\" class=\"lmm-panel-api-images\" \/><\/a><\/div><div id=\"lmm_panel_text_387cb058\" class=\"lmm-panel-text\" style=\"font-weight:bold;color:#373737;\">Col de la Faucille<\/div><\/div>\n<div id=\"lmm_map_387cb058\" class=\"lmm-map\" style=\"background:#f6f6f6;border:1px solid #ccc;height:480px; overflow:hidden;padding:0;\"><p style=\"font-size:80%;color:#9f9e9e;margin-left:5px;\">Caricamento delle mappe in corso - restare in attesa...<noscript><br\/><strong>Non \u00e8 stato possibile caricare le mappe - abilitare JavaScript!<\/strong><br\/><a style=\"text-decoration:none;\" href=\"https:\/\/www.mapsmarker.com\/js-disabled\" target=\"_blank\">&rarr; maggiori informazioni<\/a><\/noscript><\/p><\/div>\n<div id=\"lmm_geo_tags_387cb058\" class=\"lmm-geo-tags geo\">\n<span class=\"paneltext\">Col de la Faucille<\/span>\n<span class=\"latitude\">46.368764<\/span>, <span class=\"longitude\">6.020229<\/span>\n<span class=\"popuptext\"><\/span>\n<\/div>\n<\/div>\n<h3>Strada<\/h3>\n<p>Appuntamento\u00a0 : Gex (01),\u00a0parcheggio Perdtemps (vicino al cimitero) a partire dalle 8h30, <strong>partenza verso le\u00a0 9h00<\/strong><\/p>\n<p><a href=\"https:\/\/centcols.org\/backup\/wp-content\/uploads\/2018\/12\/gex.jpg\"><img loading=\"lazy\" decoding=\"async\" class=\"alignnone size-full wp-image-34751\" src=\"https:\/\/centcols.org\/backup\/wp-content\/uploads\/2018\/12\/gex.jpg\" alt=\"\" width=\"604\" height=\"425\" srcset=\"https:\/\/centcols.org\/backup\/wp-content\/uploads\/2018\/12\/gex.jpg 604w, https:\/\/centcols.org\/backup\/wp-content\/uploads\/2018\/12\/gex-600x422.jpg 600w, https:\/\/centcols.org\/backup\/wp-content\/uploads\/2018\/12\/gex-500x352.jpg 500w\" sizes=\"(max-width: 604px) 100vw, 604px\" \/><\/a><\/p>\n<h3>MTB<\/h3>\n<p>Appuntamento : parcheggio del col de la Faucille a partire dalle 8h30<\/p>\n<p><a href=\"https:\/\/centcols.org\/backup\/wp-content\/uploads\/2018\/12\/faucille.jpg\"><img loading=\"lazy\" decoding=\"async\" class=\"alignnone size-full wp-image-34746\" src=\"https:\/\/centcols.org\/backup\/wp-content\/uploads\/2018\/12\/faucille.jpg\" alt=\"\" width=\"743\" height=\"319\" srcset=\"https:\/\/centcols.org\/backup\/wp-content\/uploads\/2018\/12\/faucille.jpg 743w, https:\/\/centcols.org\/backup\/wp-content\/uploads\/2018\/12\/faucille-600x258.jpg 600w, https:\/\/centcols.org\/backup\/wp-content\/uploads\/2018\/12\/faucille-500x215.jpg 500w\" sizes=\"(max-width: 743px) 100vw, 743px\" \/><\/a><\/p>\n<h3>Circuiti<\/h3>\n<h4>Strada<\/h4>\n<p>Partenza dal parcheggio\u00a0 Perdtemps\u00a0 N46\u00b020&#8217;13.6&#8221; E6\u00b003&#8217;35.6&#8221;<br \/>\nfile gpx (da decomprimere)\u00a0 :\u00a0\u00a0<a href=\"https:\/\/centcols.org\/backup\/wp-content\/uploads\/2018\/12\/Faucille-Route.zip\">Faucille-Route<\/a><\/p>\n<h4>MTB, 2 circuiti proprosti<\/h4>\n<p>&#8211; Boucle Crozet (24 km, dislivello\u00a0 600 m circa) : Permette di raggiungere il\u00a0 <a href=\"https:\/\/centcols.org\/backup\/util\/geo\/visuGen.php?code=FR-01-1450\" target=\"_blank\" rel=\"noopener\">Col de Crozet<\/a>, FR-01-1450, ritorno per il <a href=\"https:\/\/centcols.org\/backup\/util\/geo\/visuGen.php?code=FR-01-1580\" target=\"_blank\" rel=\"noopener\">Pas de l&#8217;Echine<\/a>, FR-01-1580, il pi\u00f9 alto passo dell&#8217;Ain.<br \/>\nDal col de Crozet, magnifica vista sul massiccio del Monte Bianco e il bacino\u00a0 l\u00e9manique.<br \/>\nFile gpx Crozet (da decomprimere) :\u00a0<a href=\"https:\/\/centcols.org\/backup\/wp-content\/uploads\/2018\/12\/Boucle-Crozet.zip\">Boucle-Crozet<\/a><\/p>\n<p>&#8211; Boucle Givrine (36 km, dislivello 550 m circa.) : Passaggio per il\u00a0 <a href=\"https:\/\/centcols.org\/backup\/util\/geo\/visuGen.php?code=FR-01-1390a\" target=\"_blank\" rel=\"noopener\">Col de Combe Blanche<\/a>, FR-01-1390a prima di raggiungere il\u00a0 <a href=\"https:\/\/centcols.org\/backup\/util\/geo\/visuGen.php?code=CH-VD-1228\" target=\"_blank\" rel=\"noopener\">Col de la Givrine<\/a>, CH-VD-1228<br \/>\nSu questo circuito dopo il\u00a0 col de Combe Blanche, dopo essere passati in territorio svizzero, fare un piccolo avanti-indietro a destra :<br \/>\n* Col bel tempo,\u00a0 punto di vista di tutta la catena del Monte Bianco<br \/>\n* Con tempo coperto, \u00e8 comunque un punto di vista!<br \/>\nFile gpx Givrine :\u00a0<a href=\"https:\/\/centcols.org\/backup\/wp-content\/uploads\/2018\/12\/Boucle-Givrine.zip\">Boucle-Givrine<\/a><br \/>\nNota :Il Col du Gol\u00e9ron, FR-01-1350, sito in prossimit\u00e0 del circuito, non vi \u00e8 stato proposto. Motivo : si trova nella zona di rispetto il cui accesso \u00e8 vietato fino al 30 giugno.<\/p>\n<p>&nbsp;<\/p>\n<h3>Contatto<\/h3>\n<p>Guy Harl\u00e9<br \/>\n+33 4 50 60 67 27 &#8211; +33 6 77 11 17 03<br \/>\n<a href=\"&#109;ailto:g&#117;&#121;.&#104;arl&#101;&#64;gm&#97;&#105;&#108;.co&#109;\">&#103;u&#121;.h&#97;rle&#64;&#103;&#109;&#97;&#105;&#108;&#46;&#99;om<\/a><\/p>\n","protected":false},"excerpt":{"rendered":"<p>version en fran\u00e7ais Sabato 29 giugno 2019, Alpi della Svizzera del Nord,\u00a0Col de de la Faucille, 1320 m (Ain) Strada Appuntamento\u00a0 : Gex (01),\u00a0parcheggio Perdtemps (vicino al cimitero) a partire dalle 8h30, partenza verso le\u00a0 9h00 MTB Appuntamento : parcheggio del col de la Faucille a partire dalle 8h30 Circuiti Strada Partenza dal parcheggio\u00a0 Perdtemps\u00a0 [&hellip;]<\/p>\n","protected":false},"author":147,"featured_media":0,"comment_status":"closed","ping_status":"closed","sticky":false,"template":"","format":"standard","meta":{"_acf_changed":false,"ub_ctt_via":"","_monsterinsights_skip_tracking":false,"_monsterinsights_sitenote_active":false,"_monsterinsights_sitenote_note":"","_monsterinsights_sitenote_category":0,"footnotes":""},"categories":[269,270],"tags":[],"acf":[],"featured_image_urls":{"full":"","thumbnail":"","medium":"","medium_large":"","large":"","1536x1536":"","2048x2048":"","woocommerce_thumbnail":"","woocommerce_single":"","woocommerce_gallery_thumbnail":""},"post_excerpt_stackable":"<p>version en fran\u00e7ais Sabato 29 giugno 2019, Alpi della Svizzera del Nord,\u00a0Col de de la Faucille, 1320 m (Ain) Col de la Faucille Caricamento delle mappe in corso &#8211; restare in attesa&#8230;Non \u00e8 stato possibile caricare le mappe &#8211; abilitare JavaScript!&rarr; maggiori informazioni Col de la Faucille 46.368764, 6.020229 Strada Appuntamento\u00a0 : Gex (01),\u00a0parcheggio Perdtemps (vicino al cimitero) a partire dalle 8h30, partenza verso le\u00a0 9h00 MTB Appuntamento : parcheggio del col de la Faucille a partire dalle 8h30 Circuiti Strada Partenza dal parcheggio\u00a0 Perdtemps\u00a0 N46\u00b020&#8217;13.6&#8221; E6\u00b003&#8217;35.6&#8221; file gpx (da decomprimere)\u00a0 :\u00a0\u00a0Faucille-Route MTB, 2 circuiti proprosti &#8211; Boucle Crozet (24&hellip;<\/p>\n","category_list":"<a href=\"https:\/\/centcols.org\/backup\/it\/categorie\/rassemblements-it\/les-rassemblements-de-2019-it\/\" rel=\"category tag\">Gli incontri del 2019<\/a>, <a href=\"https:\/\/centcols.org\/backup\/it\/categorie\/rassemblements-it\/\" rel=\"category tag\">Incontri Regionali<\/a>","author_info":{"display_name":"Guy Harl\u00e9","author_link":"https:\/\/centcols.org\/backup\/it\/author\/5193\/"},"comments_num":"0 commenti","featured_image_urls_v2":{"full":"","thumbnail":"","medium":"","medium_large":"","large":"","1536x1536":"","2048x2048":"","woocommerce_thumbnail":"","woocommerce_single":"","woocommerce_gallery_thumbnail":""},"post_excerpt_stackable_v2":"<p>version en fran\u00e7ais Sabato 29 giugno 2019, Alpi della Svizzera del Nord,\u00a0Col de de la Faucille, 1320 m (Ain) Col de la Faucille Caricamento delle mappe in corso &#8211; restare in attesa&#8230;Non \u00e8 stato possibile caricare le mappe &#8211; abilitare JavaScript!&rarr; maggiori informazioni Col de la Faucille 46.368764, 6.020229 Strada Appuntamento\u00a0 : Gex (01),\u00a0parcheggio Perdtemps (vicino al cimitero) a partire dalle 8h30, partenza verso le\u00a0 9h00 MTB Appuntamento : parcheggio del col de la Faucille a partire dalle 8h30 Circuiti Strada Partenza dal parcheggio\u00a0 Perdtemps\u00a0 N46\u00b020&#8217;13.6&#8221; E6\u00b003&#8217;35.6&#8221; file gpx (da decomprimere)\u00a0 :\u00a0\u00a0Faucille-Route MTB, 2 circuiti proprosti &#8211; Boucle Crozet (24&hellip;<\/p>\n","category_list_v2":"<a href=\"https:\/\/centcols.org\/backup\/it\/categorie\/rassemblements-it\/les-rassemblements-de-2019-it\/\" rel=\"category tag\">Gli incontri del 2019<\/a>, <a href=\"https:\/\/centcols.org\/backup\/it\/categorie\/rassemblements-it\/\" rel=\"category tag\">Incontri Regionali<\/a>","author_info_v2":{"name":"Guy Harl\u00e9","url":"https:\/\/centcols.org\/backup\/it\/author\/5193\/"},"comments_num_v2":"0 commenti","featured_image_src":null,"_links":{"self":[{"href":"https:\/\/centcols.org\/backup\/it\/wp-json\/wp\/v2\/posts\/35737"}],"collection":[{"href":"https:\/\/centcols.org\/backup\/it\/wp-json\/wp\/v2\/posts"}],"about":[{"href":"https:\/\/centcols.org\/backup\/it\/wp-json\/wp\/v2\/types\/post"}],"author":[{"embeddable":true,"href":"https:\/\/centcols.org\/backup\/it\/wp-json\/wp\/v2\/users\/147"}],"replies":[{"embeddable":true,"href":"https:\/\/centcols.org\/backup\/it\/wp-json\/wp\/v2\/comments?post=35737"}],"version-history":[{"count":0,"href":"https:\/\/centcols.org\/backup\/it\/wp-json\/wp\/v2\/posts\/35737\/revisions"}],"wp:attachment":[{"href":"https:\/\/centcols.org\/backup\/it\/wp-json\/wp\/v2\/media?parent=35737"}],"wp:term":[{"taxonomy":"category","embeddable":true,"href":"https:\/\/centcols.org\/backup\/it\/wp-json\/wp\/v2\/categories?post=35737"},{"taxonomy":"post_tag","embeddable":true,"href":"https:\/\/centcols.org\/backup\/it\/wp-json\/wp\/v2\/tags?post=35737"}],"curies":[{"name":"wp","href":"https:\/\/api.w.org\/{rel}","templated":true}]}}