{"id":35743,"date":"2018-12-16T18:01:01","date_gmt":"2018-12-16T17:01:01","guid":{"rendered":"https:\/\/centcols.org\/backup\/crans-suisse-2000-2019\/"},"modified":"2019-05-20T09:50:46","modified_gmt":"2019-05-20T07:50:46","slug":"crans-suisse-2000-2019","status":"publish","type":"post","link":"https:\/\/centcols.org\/backup\/it\/crans-suisse-2000-2019\/","title":{"rendered":"Crans-sur-Sierre, Svizzera, uscita + 2000, 10 agosto 2019"},"content":{"rendered":"<p>Sabao 10 agosto 2019, Crans-sur-Sierre, Svizzera<\/p>\n<p>Appuntamento al parcheggio della funivia di Cry d\u2019Er alle 8h30 per il caff\u00e9, <strong>partenza alle\u00a0 9h00<br \/>\n<\/strong>21 km, 850 m di dislivello.\u00a0 2 passi, Pas de l\u2019Ours CH-VS-1520, Col P\u00e9pinet CH-VS-2278.<\/p>\n<p><a href=\"https:\/\/centcols.org\/backup\/wp-content\/uploads\/2018\/12\/crans.jpg\"><img loading=\"lazy\" decoding=\"async\" class=\"alignnone size-full wp-image-34761\" src=\"https:\/\/centcols.org\/backup\/wp-content\/uploads\/2018\/12\/crans.jpg\" alt=\"\" width=\"745\" height=\"368\" srcset=\"https:\/\/centcols.org\/backup\/wp-content\/uploads\/2018\/12\/crans.jpg 745w, https:\/\/centcols.org\/backup\/wp-content\/uploads\/2018\/12\/crans-600x296.jpg 600w, https:\/\/centcols.org\/backup\/wp-content\/uploads\/2018\/12\/crans-500x247.jpg 500w\" sizes=\"(max-width: 745px) 100vw, 745px\" \/><\/a><\/p>\n<h3>Contatto<\/h3>\n<p>Pierre Mai<br \/>\nVy de Bi\u00e8re 8<br \/>\nCH-1144 Ballens<br \/>\nT\u00e9l :\u00a0(0041) 021 807 34 17\u00a0\u00a0Natel\u00a0: 0041 76 498 58 73<br \/>\n<a href=\"&#109;ai&#108;&#116;o&#58;&#112;&#109;a&#105;&#64;&#98;lue&#119;&#105;n&#46;&#99;h\">&#112;ma&#105;&#64;&#98;l&#117;&#101;&#119;&#105;&#110;&#46;c&#104;<\/a><\/p>\n","protected":false},"excerpt":{"rendered":"<p>Sabao 10 agosto 2019, Crans-sur-Sierre, Svizzera Appuntamento al parcheggio della funivia di Cry d\u2019Er alle 8h30 per il caff\u00e9, partenza alle\u00a0 9h00 21 km, 850 m di dislivello.\u00a0 2 passi, Pas de l\u2019Ours CH-VS-1520, Col P\u00e9pinet CH-VS-2278. Contatto Pierre Mai Vy de Bi\u00e8re 8 CH-1144 Ballens T\u00e9l :\u00a0(0041) 021 807 34 17\u00a0\u00a0Natel\u00a0: 0041 76 498 [&hellip;]<\/p>\n","protected":false},"author":147,"featured_media":0,"comment_status":"closed","ping_status":"closed","sticky":false,"template":"","format":"standard","meta":{"_acf_changed":false,"ub_ctt_via":"","_monsterinsights_skip_tracking":false,"_monsterinsights_sitenote_active":false,"_monsterinsights_sitenote_note":"","_monsterinsights_sitenote_category":0,"footnotes":""},"categories":[269,270],"tags":[],"acf":[],"featured_image_urls":{"full":"","thumbnail":"","medium":"","medium_large":"","large":"","1536x1536":"","2048x2048":"","woocommerce_thumbnail":"","woocommerce_single":"","woocommerce_gallery_thumbnail":""},"post_excerpt_stackable":"<p>Sabao 10 agosto 2019, Crans-sur-Sierre, Svizzera Appuntamento al parcheggio della funivia di Cry d\u2019Er alle 8h30 per il caff\u00e9, partenza alle\u00a0 9h00 21 km, 850 m di dislivello.\u00a0 2 passi, Pas de l\u2019Ours CH-VS-1520, Col P\u00e9pinet CH-VS-2278. Contatto Pierre Mai Vy de Bi\u00e8re 8 CH-1144 Ballens T\u00e9l :\u00a0(0041) 021 807 34 17\u00a0\u00a0Natel\u00a0: 0041 76 498 58 73 &#112;mai&#64;&#98;lue&#119;i&#110;&#46;&#99;h<\/p>\n","category_list":"<a href=\"https:\/\/centcols.org\/backup\/it\/categorie\/rassemblements-it\/les-rassemblements-de-2019-it\/\" rel=\"category tag\">Gli incontri del 2019<\/a>, <a href=\"https:\/\/centcols.org\/backup\/it\/categorie\/rassemblements-it\/\" rel=\"category tag\">Incontri Regionali<\/a>","author_info":{"display_name":"Guy Harl\u00e9","author_link":"https:\/\/centcols.org\/backup\/it\/author\/5193\/"},"comments_num":"0 commenti","featured_image_urls_v2":{"full":"","thumbnail":"","medium":"","medium_large":"","large":"","1536x1536":"","2048x2048":"","woocommerce_thumbnail":"","woocommerce_single":"","woocommerce_gallery_thumbnail":""},"post_excerpt_stackable_v2":"<p>Sabao 10 agosto 2019, Crans-sur-Sierre, Svizzera Appuntamento al parcheggio della funivia di Cry d\u2019Er alle 8h30 per il caff\u00e9, partenza alle\u00a0 9h00 21 km, 850 m di dislivello.\u00a0 2 passi, Pas de l\u2019Ours CH-VS-1520, Col P\u00e9pinet CH-VS-2278. Contatto Pierre Mai Vy de Bi\u00e8re 8 CH-1144 Ballens T\u00e9l :\u00a0(0041) 021 807 34 17\u00a0\u00a0Natel\u00a0: 0041 76 498 58 73 p&#109;ai&#64;blu&#101;&#119;&#105;&#110;.c&#104;<\/p>\n","category_list_v2":"<a href=\"https:\/\/centcols.org\/backup\/it\/categorie\/rassemblements-it\/les-rassemblements-de-2019-it\/\" rel=\"category tag\">Gli incontri del 2019<\/a>, <a href=\"https:\/\/centcols.org\/backup\/it\/categorie\/rassemblements-it\/\" rel=\"category tag\">Incontri Regionali<\/a>","author_info_v2":{"name":"Guy Harl\u00e9","url":"https:\/\/centcols.org\/backup\/it\/author\/5193\/"},"comments_num_v2":"0 commenti","featured_image_src":null,"_links":{"self":[{"href":"https:\/\/centcols.org\/backup\/it\/wp-json\/wp\/v2\/posts\/35743"}],"collection":[{"href":"https:\/\/centcols.org\/backup\/it\/wp-json\/wp\/v2\/posts"}],"about":[{"href":"https:\/\/centcols.org\/backup\/it\/wp-json\/wp\/v2\/types\/post"}],"author":[{"embeddable":true,"href":"https:\/\/centcols.org\/backup\/it\/wp-json\/wp\/v2\/users\/147"}],"replies":[{"embeddable":true,"href":"https:\/\/centcols.org\/backup\/it\/wp-json\/wp\/v2\/comments?post=35743"}],"version-history":[{"count":0,"href":"https:\/\/centcols.org\/backup\/it\/wp-json\/wp\/v2\/posts\/35743\/revisions"}],"wp:attachment":[{"href":"https:\/\/centcols.org\/backup\/it\/wp-json\/wp\/v2\/media?parent=35743"}],"wp:term":[{"taxonomy":"category","embeddable":true,"href":"https:\/\/centcols.org\/backup\/it\/wp-json\/wp\/v2\/categories?post=35743"},{"taxonomy":"post_tag","embeddable":true,"href":"https:\/\/centcols.org\/backup\/it\/wp-json\/wp\/v2\/tags?post=35743"}],"curies":[{"name":"wp","href":"https:\/\/api.w.org\/{rel}","templated":true}]}}