{"id":35749,"date":"2018-12-16T18:11:51","date_gmt":"2018-12-16T17:11:51","guid":{"rendered":"https:\/\/centcols.org\/backup\/dav-2019\/"},"modified":"2019-05-21T08:58:11","modified_gmt":"2019-05-21T06:58:11","slug":"dav-2019","status":"publish","type":"post","link":"https:\/\/centcols.org\/backup\/it\/dav-2019\/","title":{"rendered":"Dr\u00f4me Ard\u00e8che Vaucluse, col de Bouti\u00e8re, 31 agosto 2019"},"content":{"rendered":"<p>Sabato 31 agosto 2019, Dr\u00f4me, Ard\u00e8che, Vaucluse<br \/>\nCol de Bouti\u00e8re (FR-26-0654)<\/p>\n<h3>\u00a0Contatto<\/h3>\n<p>Jean-Marie Gilouin<br \/>\n06 31 79 01 06<br \/>\n<a href=\"&#109;&#97;ilto&#58;b&#106;&#109;.&#99;&#101;n&#116;&#99;&#111;ls&#64;g&#109;ail.c&#111;&#109;\">&#98;jm.cent&#99;o&#108;&#115;&#64;gma&#105;l&#46;&#99;&#111;m<\/a><\/p>\n","protected":false},"excerpt":{"rendered":"<p>Sabato 31 agosto 2019, Dr\u00f4me, Ard\u00e8che, Vaucluse Col de Bouti\u00e8re (FR-26-0654) \u00a0Contatto Jean-Marie Gilouin 06 31 79 01 06<\/p>\n","protected":false},"author":147,"featured_media":0,"comment_status":"closed","ping_status":"closed","sticky":false,"template":"","format":"standard","meta":{"_acf_changed":false,"ub_ctt_via":"","_monsterinsights_skip_tracking":false,"_monsterinsights_sitenote_active":false,"_monsterinsights_sitenote_note":"","_monsterinsights_sitenote_category":0,"footnotes":""},"categories":[269,270],"tags":[],"acf":[],"featured_image_urls":{"full":"","thumbnail":"","medium":"","medium_large":"","large":"","1536x1536":"","2048x2048":"","woocommerce_thumbnail":"","woocommerce_single":"","woocommerce_gallery_thumbnail":""},"post_excerpt_stackable":"<p>Sabato 31 agosto 2019, Dr\u00f4me, Ard\u00e8che, Vaucluse Col de Bouti\u00e8re (FR-26-0654) \u00a0Contatto Jean-Marie Gilouin 06 31 79 01 06 &#98;jm.&#99;ent&#99;&#111;ls&#64;&#103;&#109;&#97;il.c&#111;&#109;<\/p>\n","category_list":"<a href=\"https:\/\/centcols.org\/backup\/it\/categorie\/rassemblements-it\/les-rassemblements-de-2019-it\/\" rel=\"category tag\">Gli incontri del 2019<\/a>, <a href=\"https:\/\/centcols.org\/backup\/it\/categorie\/rassemblements-it\/\" rel=\"category tag\">Incontri Regionali<\/a>","author_info":{"display_name":"Guy Harl\u00e9","author_link":"https:\/\/centcols.org\/backup\/it\/author\/5193\/"},"comments_num":"0 commenti","featured_image_urls_v2":{"full":"","thumbnail":"","medium":"","medium_large":"","large":"","1536x1536":"","2048x2048":"","woocommerce_thumbnail":"","woocommerce_single":"","woocommerce_gallery_thumbnail":""},"post_excerpt_stackable_v2":"<p>Sabato 31 agosto 2019, Dr\u00f4me, Ard\u00e8che, Vaucluse Col de Bouti\u00e8re (FR-26-0654) \u00a0Contatto Jean-Marie Gilouin 06 31 79 01 06 b&#106;m&#46;&#99;e&#110;t&#99;o&#108;s&#64;gma&#105;&#108;&#46;co&#109;<\/p>\n","category_list_v2":"<a href=\"https:\/\/centcols.org\/backup\/it\/categorie\/rassemblements-it\/les-rassemblements-de-2019-it\/\" rel=\"category tag\">Gli incontri del 2019<\/a>, <a href=\"https:\/\/centcols.org\/backup\/it\/categorie\/rassemblements-it\/\" rel=\"category tag\">Incontri Regionali<\/a>","author_info_v2":{"name":"Guy Harl\u00e9","url":"https:\/\/centcols.org\/backup\/it\/author\/5193\/"},"comments_num_v2":"0 commenti","featured_image_src":null,"_links":{"self":[{"href":"https:\/\/centcols.org\/backup\/it\/wp-json\/wp\/v2\/posts\/35749"}],"collection":[{"href":"https:\/\/centcols.org\/backup\/it\/wp-json\/wp\/v2\/posts"}],"about":[{"href":"https:\/\/centcols.org\/backup\/it\/wp-json\/wp\/v2\/types\/post"}],"author":[{"embeddable":true,"href":"https:\/\/centcols.org\/backup\/it\/wp-json\/wp\/v2\/users\/147"}],"replies":[{"embeddable":true,"href":"https:\/\/centcols.org\/backup\/it\/wp-json\/wp\/v2\/comments?post=35749"}],"version-history":[{"count":0,"href":"https:\/\/centcols.org\/backup\/it\/wp-json\/wp\/v2\/posts\/35749\/revisions"}],"wp:attachment":[{"href":"https:\/\/centcols.org\/backup\/it\/wp-json\/wp\/v2\/media?parent=35749"}],"wp:term":[{"taxonomy":"category","embeddable":true,"href":"https:\/\/centcols.org\/backup\/it\/wp-json\/wp\/v2\/categories?post=35749"},{"taxonomy":"post_tag","embeddable":true,"href":"https:\/\/centcols.org\/backup\/it\/wp-json\/wp\/v2\/tags?post=35749"}],"curies":[{"name":"wp","href":"https:\/\/api.w.org\/{rel}","templated":true}]}}