{"id":35750,"date":"2018-12-16T18:15:48","date_gmt":"2018-12-16T17:15:48","guid":{"rendered":"https:\/\/centcols.org\/backup\/languedoc-roussillon-2019\/"},"modified":"2019-05-21T09:04:07","modified_gmt":"2019-05-21T07:04:07","slug":"languedoc-roussillon-2019","status":"publish","type":"post","link":"https:\/\/centcols.org\/backup\/it\/languedoc-roussillon-2019\/","title":{"rendered":"Languedoc &#8211; Roussillon, usicta Michel Bernardini 8 settembre 2019"},"content":{"rendered":"<p>Domenica 8 settembre 2019, Languedoc &#8211; Roussillon<br \/>\nUscita Michel Bernardini<\/p>\n<p>Il raduno regionale &#8220;La Bernardini&#8221; si terr\u00e0 ques&#8217;anno dalle parti dei Monts d&#8217;Olmes<br \/>\nNei dintorni, c&#8217;\u00e8 da visitare lil castello cathare di Monts\u00e9gur cos\u00ec come alcuni passi oltre i 2000 m<\/p>\n<p>Un g\u00eete a Montferrier &#8220;Il Paradosso dei Pirenei&#8221; con la possibilit\u00e0 di 10 posti letto e 3 camere<br \/>\nJean-Pierre si propone come cuoco!&#8230;<\/p>\n<h3>Circuiti<\/h3>\n<p>Come per gli anni precedenti, dei percorsi saranno proposti il sabato e il luned\u00ec<\/p>\n<h3>Contatto<\/h3>\n<p>Jean-Pierre Lambert<br \/>\n06 74 63 27 42<br \/>\n<a href=\"m&#97;ilt&#111;:h&#105;g&#104;la&#110;&#100;.f&#108;ower&#64;&#102;&#114;&#101;e&#46;f&#114;\">&#104;ig&#104;&#108;&#97;&#110;d.flo&#119;&#101;&#114;&#64;&#102;r&#101;&#101;&#46;&#102;r<\/a><\/p>\n","protected":false},"excerpt":{"rendered":"<p>Domenica 8 settembre 2019, Languedoc &#8211; Roussillon Uscita Michel Bernardini Il raduno regionale &#8220;La Bernardini&#8221; si terr\u00e0 ques&#8217;anno dalle parti dei Monts d&#8217;Olmes Nei dintorni, c&#8217;\u00e8 da visitare lil castello cathare di Monts\u00e9gur cos\u00ec come alcuni passi oltre i 2000 m Un g\u00eete a Montferrier &#8220;Il Paradosso dei Pirenei&#8221; con la possibilit\u00e0 di 10 posti [&hellip;]<\/p>\n","protected":false},"author":147,"featured_media":0,"comment_status":"closed","ping_status":"closed","sticky":false,"template":"","format":"standard","meta":{"_acf_changed":false,"ub_ctt_via":"","_monsterinsights_skip_tracking":false,"_monsterinsights_sitenote_active":false,"_monsterinsights_sitenote_note":"","_monsterinsights_sitenote_category":0,"footnotes":""},"categories":[269],"tags":[],"acf":[],"featured_image_urls":{"full":"","thumbnail":"","medium":"","medium_large":"","large":"","1536x1536":"","2048x2048":"","woocommerce_thumbnail":"","woocommerce_single":"","woocommerce_gallery_thumbnail":""},"post_excerpt_stackable":"<p>Domenica 8 settembre 2019, Languedoc &#8211; Roussillon Uscita Michel Bernardini Il raduno regionale &#8220;La Bernardini&#8221; si terr\u00e0 ques&#8217;anno dalle parti dei Monts d&#8217;Olmes Nei dintorni, c&#8217;\u00e8 da visitare lil castello cathare di Monts\u00e9gur cos\u00ec come alcuni passi oltre i 2000 m Un g\u00eete a Montferrier &#8220;Il Paradosso dei Pirenei&#8221; con la possibilit\u00e0 di 10 posti letto e 3 camere Jean-Pierre si propone come cuoco!&#8230; Circuiti Come per gli anni precedenti, dei percorsi saranno proposti il sabato e il luned\u00ec Contatto Jean-Pierre Lambert 06 74 63 27 42 &#104;&#105;&#103;&#104;l&#97;nd.f&#108;o&#119;er&#64;&#102;re&#101;&#46;&#102;r<\/p>\n","category_list":"<a href=\"https:\/\/centcols.org\/backup\/it\/categorie\/rassemblements-it\/les-rassemblements-de-2019-it\/\" rel=\"category tag\">Gli incontri del 2019<\/a>","author_info":{"display_name":"Guy Harl\u00e9","author_link":"https:\/\/centcols.org\/backup\/it\/author\/5193\/"},"comments_num":"0 commenti","featured_image_urls_v2":{"full":"","thumbnail":"","medium":"","medium_large":"","large":"","1536x1536":"","2048x2048":"","woocommerce_thumbnail":"","woocommerce_single":"","woocommerce_gallery_thumbnail":""},"post_excerpt_stackable_v2":"<p>Domenica 8 settembre 2019, Languedoc &#8211; Roussillon Uscita Michel Bernardini Il raduno regionale &#8220;La Bernardini&#8221; si terr\u00e0 ques&#8217;anno dalle parti dei Monts d&#8217;Olmes Nei dintorni, c&#8217;\u00e8 da visitare lil castello cathare di Monts\u00e9gur cos\u00ec come alcuni passi oltre i 2000 m Un g\u00eete a Montferrier &#8220;Il Paradosso dei Pirenei&#8221; con la possibilit\u00e0 di 10 posti letto e 3 camere Jean-Pierre si propone come cuoco!&#8230; Circuiti Come per gli anni precedenti, dei percorsi saranno proposti il sabato e il luned\u00ec Contatto Jean-Pierre Lambert 06 74 63 27 42 h&#105;ghl&#97;&#110;&#100;.f&#108;o&#119;er&#64;fr&#101;e&#46;&#102;r<\/p>\n","category_list_v2":"<a href=\"https:\/\/centcols.org\/backup\/it\/categorie\/rassemblements-it\/les-rassemblements-de-2019-it\/\" rel=\"category tag\">Gli incontri del 2019<\/a>","author_info_v2":{"name":"Guy Harl\u00e9","url":"https:\/\/centcols.org\/backup\/it\/author\/5193\/"},"comments_num_v2":"0 commenti","featured_image_src":null,"_links":{"self":[{"href":"https:\/\/centcols.org\/backup\/it\/wp-json\/wp\/v2\/posts\/35750"}],"collection":[{"href":"https:\/\/centcols.org\/backup\/it\/wp-json\/wp\/v2\/posts"}],"about":[{"href":"https:\/\/centcols.org\/backup\/it\/wp-json\/wp\/v2\/types\/post"}],"author":[{"embeddable":true,"href":"https:\/\/centcols.org\/backup\/it\/wp-json\/wp\/v2\/users\/147"}],"replies":[{"embeddable":true,"href":"https:\/\/centcols.org\/backup\/it\/wp-json\/wp\/v2\/comments?post=35750"}],"version-history":[{"count":0,"href":"https:\/\/centcols.org\/backup\/it\/wp-json\/wp\/v2\/posts\/35750\/revisions"}],"wp:attachment":[{"href":"https:\/\/centcols.org\/backup\/it\/wp-json\/wp\/v2\/media?parent=35750"}],"wp:term":[{"taxonomy":"category","embeddable":true,"href":"https:\/\/centcols.org\/backup\/it\/wp-json\/wp\/v2\/categories?post=35750"},{"taxonomy":"post_tag","embeddable":true,"href":"https:\/\/centcols.org\/backup\/it\/wp-json\/wp\/v2\/tags?post=35750"}],"curies":[{"name":"wp","href":"https:\/\/api.w.org\/{rel}","templated":true}]}}