{"id":36729,"date":"2024-02-01T16:10:00","date_gmt":"2024-02-01T15:10:00","guid":{"rendered":"https:\/\/centcols.org\/backup\/?p=36729"},"modified":"2024-02-10T09:45:06","modified_gmt":"2024-02-10T08:45:06","slug":"sejours-futurs","status":"publish","type":"post","link":"https:\/\/centcols.org\/backup\/it\/sejours-futurs\/","title":{"rendered":"Progetti e date dei soggiorni futuri"},"content":{"rendered":"<p><span style=\"font-family: verdana, geneva, sans-serif; font-size: 20px;\"><strong><span style=\"color: #000000;\">Questa pagina ha per oggetto\u00a0 tenere informati i soci dei progetti dei soggiorni futuri, quale che sia il loro stato d&#8217;avanzamento, e di precisarne le date quando queste saranno fissate. Questa rubrica \u00e8 curata dal responsabile dei soggiorni e sar\u00e0 costantemente aggiornata.<\/span><\/strong><\/span><\/p>\n<p><span style=\"font-family: verdana, geneva, sans-serif; font-size: 20px;\">I membri del Consiglio di amministrazione, compreso il comitato soggiorni, sono sempre aperti a proposte per futuri soggiorni.<\/span><\/p>\n<p><span style=\"font-family: verdana, geneva, sans-serif; font-size: 20px;\">Un soggiorno \u00e8 :<\/span><\/p>\n<p><span style=\"font-family: verdana, geneva, sans-serif; font-size: 20px;\">&#8211; alloggio in camera doppia con pensione completa<\/span><\/p>\n<p><span style=\"font-family: verdana, geneva, sans-serif; font-size: 20px;\">&#8211; una regione con molti passi di montagna<\/span><\/p>\n<p><span style=\"font-family: verdana, geneva, sans-serif; font-size: 20px;\">&#8211; e un piccolo team disposto a investire nel riconoscimento dei percorsi per mountain bike, nell&#8217;elaborazione dei circuiti stradali e nella stesura di vari documenti (tracce GPX, roadbook).<\/span><\/p>\n<p><strong><span style=\"font-family: verdana, geneva, sans-serif; font-size: 20px; color: #008000;\">Soggiorno autunnale 2024<\/span><\/strong><\/p>\n<p><span style=\"font-family: verdana, geneva, sans-serif; font-size: 20px;\">Dovrebbe svolgersi dal 27 al 29 settembre a Bugeat in Corr\u00e8ze. Saremo ospitati presso il centro sportivo &#8220;Alain Mimoun&#8221;, Espace 1000 Sources.<\/span><\/p>\n<p><span style=\"font-family: verdana, geneva, sans-serif; font-size: 20px;\">Il contratto \u00e8 in fase di negoziazione. Il soggiorno sar\u00e0 preparato da Armelle e Michel Pfeiffer.<\/span><\/p>\n<p><strong><span style=\"font-family: verdana, geneva, sans-serif; font-size: 20px; color: #008000;\">Soggiorno di primavera 2025<\/span><\/strong><\/p>\n<p><span style=\"font-family: verdana, geneva, sans-serif;\">Si svolger\u00e0 dall&#8217;11 al 18 maggio a Marina di Massa, in Toscana, Italia. Il contratto e il primo acconto saranno versati nei prossimi giorni. Alloggeremo al villaggio Torre Marina di Marina di Massa. Il progetto sar\u00e0 gestito da Enrico Alberini per la logistica. G\u00e9rard Birelli e Thierry Labour si sono occupati della preparazione dei percorsi.<\/span><\/p>\n<p><strong><span style=\"font-family: verdana, geneva, sans-serif; font-size: 20px; color: #008000;\">Soggiorno estivo 2025<\/span><\/strong><\/p>\n<p><span style=\"font-family: verdana, geneva, sans-serif;\">Avevamo previsto di farlo nella Dr\u00f4me Proven\u00e7ale a Remuzat (come il viaggio della primavera 2012). Ma si \u00e8 scoperto che il prezzo offerto dal NEACLUB era particolarmente alto. Dopo alcune ricerche, abbiamo optato per l&#8217;Hameau des Oliviers a Vaison-la-Romaine. La vacanza durer\u00e0 dal 30 agosto al 6 settembre. Sar\u00e0 preparata da un piccolo team: Brigitte e Jean Marie Gilouin, Alain Benoist con il supporto dei nostri soci iscritti al club di Vaison-la-Romaine.<\/span><\/p>\n<p><strong><span style=\"color: #008000;\"><span style=\"font-family: verdana, geneva, sans-serif; font-size: 20px;\">Soggiorno autunnale 2025<\/span><\/span><\/strong><\/p>\n<p><span style=\"font-family: verdana, geneva, sans-serif;\">Non \u00e8 stata scelta l&#8217;opzione di Aarau in Svizzera, nella regione dell&#8217;Argovia, ai piedi delle montagne del Giura. Visto il successo del soggiorno di Autun, ci saremmo trovati molto presto di fronte a problemi di capacit\u00e0 nello stabilimento svizzero (80 posti al massimo con camere da 3). Abbiamo scelto il villaggio vacanze Escandille di Autrans, nell&#8217;Is\u00e8re. Si svolger\u00e0 dal 10 al 12 ottobre.<\/span><\/p>\n<p><strong><span style=\"color: #008000;\"><span style=\"font-family: verdana, geneva, sans-serif; font-size: 20px;\">Soggiorni 2026<\/span><\/span><\/strong><\/p>\n<p><span style=\"font-family: verdana, geneva, sans-serif;\">Ad oggi non abbiamo proposte.<\/span><\/p>\n\n\n<p><\/p>\n","protected":false},"excerpt":{"rendered":"<p>Questa pagina ha per oggetto\u00a0 tenere informati i soci dei progetti dei soggiorni futuri, quale che sia il loro stato d&#8217;avanzamento, e di precisarne le date quando queste saranno fissate. Questa rubrica \u00e8 curata dal responsabile dei soggiorni e sar\u00e0 costantemente aggiornata. I membri del Consiglio di amministrazione, compreso il comitato soggiorni, sono sempre aperti [&hellip;]<\/p>\n","protected":false},"author":69,"featured_media":35824,"comment_status":"closed","ping_status":"closed","sticky":false,"template":"","format":"standard","meta":{"_acf_changed":false,"ub_ctt_via":"","_monsterinsights_skip_tracking":false,"_monsterinsights_sitenote_active":false,"_monsterinsights_sitenote_note":"","_monsterinsights_sitenote_category":0,"footnotes":""},"categories":[263],"tags":[],"acf":[],"featured_image_urls":{"full":["https:\/\/centcols.org\/backup\/wp-content\/uploads\/2019\/06\/V1-Nant-.jpg",1200,900,false],"thumbnail":["https:\/\/centcols.org\/backup\/wp-content\/uploads\/2019\/06\/V1-Nant--300x300.jpg",300,300,true],"medium":["https:\/\/centcols.org\/backup\/wp-content\/uploads\/2019\/06\/V1-Nant--500x375.jpg",500,375,true],"medium_large":["https:\/\/centcols.org\/backup\/wp-content\/uploads\/2019\/06\/V1-Nant--768x576.jpg",768,576,true],"large":["https:\/\/centcols.org\/backup\/wp-content\/uploads\/2019\/06\/V1-Nant--1200x900.jpg",1200,900,true],"1536x1536":["https:\/\/centcols.org\/backup\/wp-content\/uploads\/2019\/06\/V1-Nant-.jpg",1200,900,false],"2048x2048":["https:\/\/centcols.org\/backup\/wp-content\/uploads\/2019\/06\/V1-Nant-.jpg",1200,900,false],"woocommerce_thumbnail":["https:\/\/centcols.org\/backup\/wp-content\/uploads\/2019\/06\/V1-Nant--300x300.jpg",300,300,true],"woocommerce_single":["https:\/\/centcols.org\/backup\/wp-content\/uploads\/2019\/06\/V1-Nant--600x450.jpg",600,450,true],"woocommerce_gallery_thumbnail":["https:\/\/centcols.org\/backup\/wp-content\/uploads\/2019\/06\/V1-Nant--100x100.jpg",100,100,true]},"post_excerpt_stackable":"<p>Questa pagina ha per oggetto\u00a0 tenere informati i soci dei progetti dei soggiorni futuri, quale che sia il loro stato d&#8217;avanzamento, e di precisarne le date quando queste saranno fissate. Questa rubrica \u00e8 curata dal responsabile dei soggiorni e sar\u00e0 costantemente aggiornata. I membri del Consiglio di amministrazione, compreso il comitato soggiorni, sono sempre aperti a proposte per futuri soggiorni. Un soggiorno \u00e8 : &#8211; alloggio in camera doppia con pensione completa &#8211; una regione con molti passi di montagna &#8211; e un piccolo team disposto a investire nel riconoscimento dei percorsi per mountain bike, nell&#8217;elaborazione dei circuiti stradali e&hellip;<\/p>\n","category_list":"<a href=\"https:\/\/centcols.org\/backup\/it\/categorie\/sejours-it\/\" rel=\"category tag\">Soggiorni<\/a>","author_info":{"display_name":"Enrico Alberini","author_link":"https:\/\/centcols.org\/backup\/it\/author\/5065\/"},"comments_num":"0 commenti","featured_image_urls_v2":{"full":["https:\/\/centcols.org\/backup\/wp-content\/uploads\/2019\/06\/V1-Nant-.jpg",1200,900,false],"thumbnail":["https:\/\/centcols.org\/backup\/wp-content\/uploads\/2019\/06\/V1-Nant--300x300.jpg",300,300,true],"medium":["https:\/\/centcols.org\/backup\/wp-content\/uploads\/2019\/06\/V1-Nant--500x375.jpg",500,375,true],"medium_large":["https:\/\/centcols.org\/backup\/wp-content\/uploads\/2019\/06\/V1-Nant--768x576.jpg",768,576,true],"large":["https:\/\/centcols.org\/backup\/wp-content\/uploads\/2019\/06\/V1-Nant--1200x900.jpg",1200,900,true],"1536x1536":["https:\/\/centcols.org\/backup\/wp-content\/uploads\/2019\/06\/V1-Nant-.jpg",1200,900,false],"2048x2048":["https:\/\/centcols.org\/backup\/wp-content\/uploads\/2019\/06\/V1-Nant-.jpg",1200,900,false],"woocommerce_thumbnail":["https:\/\/centcols.org\/backup\/wp-content\/uploads\/2019\/06\/V1-Nant--300x300.jpg",300,300,true],"woocommerce_single":["https:\/\/centcols.org\/backup\/wp-content\/uploads\/2019\/06\/V1-Nant--600x450.jpg",600,450,true],"woocommerce_gallery_thumbnail":["https:\/\/centcols.org\/backup\/wp-content\/uploads\/2019\/06\/V1-Nant--100x100.jpg",100,100,true]},"post_excerpt_stackable_v2":"<p>Questa pagina ha per oggetto\u00a0 tenere informati i soci dei progetti dei soggiorni futuri, quale che sia il loro stato d&#8217;avanzamento, e di precisarne le date quando queste saranno fissate. Questa rubrica \u00e8 curata dal responsabile dei soggiorni e sar\u00e0 costantemente aggiornata. I membri del Consiglio di amministrazione, compreso il comitato soggiorni, sono sempre aperti a proposte per futuri soggiorni. Un soggiorno \u00e8 : &#8211; alloggio in camera doppia con pensione completa &#8211; una regione con molti passi di montagna &#8211; e un piccolo team disposto a investire nel riconoscimento dei percorsi per mountain bike, nell&#8217;elaborazione dei circuiti stradali e&hellip;<\/p>\n","category_list_v2":"<a href=\"https:\/\/centcols.org\/backup\/it\/categorie\/sejours-it\/\" rel=\"category tag\">Soggiorni<\/a>","author_info_v2":{"name":"Enrico Alberini","url":"https:\/\/centcols.org\/backup\/it\/author\/5065\/"},"comments_num_v2":"0 commenti","featured_image_src":"https:\/\/centcols.org\/backup\/wp-content\/uploads\/2019\/06\/V1-Nant-.jpg","_links":{"self":[{"href":"https:\/\/centcols.org\/backup\/it\/wp-json\/wp\/v2\/posts\/36729"}],"collection":[{"href":"https:\/\/centcols.org\/backup\/it\/wp-json\/wp\/v2\/posts"}],"about":[{"href":"https:\/\/centcols.org\/backup\/it\/wp-json\/wp\/v2\/types\/post"}],"author":[{"embeddable":true,"href":"https:\/\/centcols.org\/backup\/it\/wp-json\/wp\/v2\/users\/69"}],"replies":[{"embeddable":true,"href":"https:\/\/centcols.org\/backup\/it\/wp-json\/wp\/v2\/comments?post=36729"}],"version-history":[{"count":0,"href":"https:\/\/centcols.org\/backup\/it\/wp-json\/wp\/v2\/posts\/36729\/revisions"}],"wp:featuredmedia":[{"embeddable":true,"href":"https:\/\/centcols.org\/backup\/it\/wp-json\/wp\/v2\/media\/35824"}],"wp:attachment":[{"href":"https:\/\/centcols.org\/backup\/it\/wp-json\/wp\/v2\/media?parent=36729"}],"wp:term":[{"taxonomy":"category","embeddable":true,"href":"https:\/\/centcols.org\/backup\/it\/wp-json\/wp\/v2\/categories?post=36729"},{"taxonomy":"post_tag","embeddable":true,"href":"https:\/\/centcols.org\/backup\/it\/wp-json\/wp\/v2\/tags?post=36729"}],"curies":[{"name":"wp","href":"https:\/\/api.w.org\/{rel}","templated":true}]}}