{"id":37487,"date":"2020-01-16T11:15:37","date_gmt":"2020-01-16T10:15:37","guid":{"rendered":"https:\/\/centcols.org\/backup\/?p=37487"},"modified":"2020-01-16T11:15:37","modified_gmt":"2020-01-16T10:15:37","slug":"dav-2020","status":"publish","type":"post","link":"https:\/\/centcols.org\/backup\/it\/dav-2020\/","title":{"rendered":"Dr\u00f4me Ard\u00e8che Vaucluse, col de Veaux, 5 settembre 2020"},"content":{"rendered":"<p>Sabato 5 settembre 2020, Dr\u00f4me, Ard\u00e8che, Vaucluse<br \/>\nCol de Veaux (FR-26-0386), da confermare<\/p>\n<div>\n<p class=\"western\" align=\"left\"><span style=\"color: #222222;\"><span style=\"font-family: Arial, Helvetica, sans-serif;\"><span style=\"font-size: medium;\">Accoglienza a partire dalle 11 h 00 al Col de Veaux per condividere salumi e formaggio (conferma del luogo successivamente).<\/span><\/span><\/span><\/p>\n<p align=\"left\"><div id=\"lmm_a1b73758\" style=\"width:100%;\" class=\"mapsmarker markermap marker-21\">\n<div id=\"lmm_panel_a1b73758\" class=\"lmm-panel\" style=\"background:#efefef;\">\n<div id=\"lmm_panel_api_a1b73758\" class=\"lmm-panel-api\"><a href=\"https:\/\/maps.google.com\/maps?daddr=Mollans-sur-Ouv%C3%A8ze+Auvergne-Rh%C3%B4ne-Alpes%2C+France&amp;t=m&amp;layer=1&amp;doflg=ptk&amp;om=0\" target=\"_blank\" title=\"Trova indicazioni stradali\"><img loading=\"lazy\" decoding=\"async\" alt=\"icon-car.png\" src=\"https:\/\/centcols.org\/backup\/wp-content\/plugins\/leaflet-maps-marker\/inc\/img\/icon-car.png\" width=\"14\" height=\"14\" class=\"lmm-panel-api-images\" \/><\/a><\/div><div id=\"lmm_panel_text_a1b73758\" class=\"lmm-panel-text\" style=\"font-weight:bold;color:#373737;\">Col de Veaux<\/div><\/div>\n<div id=\"lmm_map_a1b73758\" class=\"lmm-map\" style=\"background:#f6f6f6;border:1px solid #ccc;height:480px; overflow:hidden;padding:0;\"><p style=\"font-size:80%;color:#9f9e9e;margin-left:5px;\">Caricamento delle mappe in corso - restare in attesa...<noscript><br\/><strong>Non \u00e8 stato possibile caricare le mappe - abilitare JavaScript!<\/strong><br\/><a style=\"text-decoration:none;\" href=\"https:\/\/www.mapsmarker.com\/js-disabled\" target=\"_blank\">&rarr; maggiori informazioni<\/a><\/noscript><\/p><\/div>\n<div id=\"lmm_geo_tags_a1b73758\" class=\"lmm-geo-tags geo\">\n<span class=\"paneltext\">Col de Veaux<\/span>\n<span class=\"latitude\">44.228584<\/span>, <span class=\"longitude\">5.189849<\/span>\n<span class=\"popuptext\">Col de Veaux<\/span>\n<\/div>\n<\/div><\/p>\n<\/div>\n<h3>\u00a0Contatto<\/h3>\n<p>Jean-Marie Gilouin<br \/>\n0033 6 31 79 01 06<br \/>\n<a href=\"ma&#105;&#108;&#116;o&#58;&#98;j&#109;&#46;c&#101;nt&#99;o&#108;&#115;&#64;&#103;mail.&#99;o&#109;\">&#98;&#106;m&#46;c&#101;n&#116;col&#115;&#64;&#103;&#109;a&#105;l&#46;&#99;&#111;m<\/a><\/p>\n","protected":false},"excerpt":{"rendered":"<p>Sabato 5 settembre 2020, Dr\u00f4me, Ard\u00e8che, Vaucluse Col de Veaux (FR-26-0386), da confermare Accoglienza a partire dalle 11 h 00 al Col de Veaux per condividere salumi e formaggio (conferma del luogo successivamente). \u00a0Contatto Jean-Marie Gilouin 0033 6 31 79 01 06<\/p>\n","protected":false},"author":69,"featured_media":0,"comment_status":"closed","ping_status":"closed","sticky":false,"template":"","format":"standard","meta":{"_acf_changed":false,"ub_ctt_via":"","_monsterinsights_skip_tracking":false,"_monsterinsights_sitenote_active":false,"_monsterinsights_sitenote_note":"","_monsterinsights_sitenote_category":0,"footnotes":""},"categories":[284,270],"tags":[],"acf":[],"featured_image_urls":{"full":"","thumbnail":"","medium":"","medium_large":"","large":"","1536x1536":"","2048x2048":"","woocommerce_thumbnail":"","woocommerce_single":"","woocommerce_gallery_thumbnail":""},"post_excerpt_stackable":"<p>Sabato 5 settembre 2020, Dr\u00f4me, Ard\u00e8che, Vaucluse Col de Veaux (FR-26-0386), da confermare Accoglienza a partire dalle 11 h 00 al Col de Veaux per condividere salumi e formaggio (conferma del luogo successivamente). Col de Veaux Caricamento delle mappe in corso &#8211; restare in attesa&#8230;Non \u00e8 stato possibile caricare le mappe &#8211; abilitare JavaScript!&rarr; maggiori informazioni Col de Veaux 44.228584, 5.189849 Col de Veaux \u00a0Contatto Jean-Marie Gilouin 0033 6 31 79 01 06 &#98;&#106;m&#46;c&#101;n&#116;&#99;o&#108;s&#64;gma&#105;l.c&#111;m<\/p>\n","category_list":"<a href=\"https:\/\/centcols.org\/backup\/it\/categorie\/rassemblements-it\/rassemblements-2020-it\/\" rel=\"category tag\">Gli incontri del 2020<\/a>, <a href=\"https:\/\/centcols.org\/backup\/it\/categorie\/rassemblements-it\/\" rel=\"category tag\">Incontri Regionali<\/a>","author_info":{"display_name":"Enrico Alberini","author_link":"https:\/\/centcols.org\/backup\/it\/author\/5065\/"},"comments_num":"0 commenti","featured_image_urls_v2":{"full":"","thumbnail":"","medium":"","medium_large":"","large":"","1536x1536":"","2048x2048":"","woocommerce_thumbnail":"","woocommerce_single":"","woocommerce_gallery_thumbnail":""},"post_excerpt_stackable_v2":"<p>Sabato 5 settembre 2020, Dr\u00f4me, Ard\u00e8che, Vaucluse Col de Veaux (FR-26-0386), da confermare Accoglienza a partire dalle 11 h 00 al Col de Veaux per condividere salumi e formaggio (conferma del luogo successivamente). Col de Veaux Caricamento delle mappe in corso &#8211; restare in attesa&#8230;Non \u00e8 stato possibile caricare le mappe &#8211; abilitare JavaScript!&rarr; maggiori informazioni Col de Veaux 44.228584, 5.189849 Col de Veaux \u00a0Contatto Jean-Marie Gilouin 0033 6 31 79 01 06 b&#106;&#109;.&#99;&#101;&#110;tc&#111;&#108;&#115;&#64;g&#109;&#97;il.c&#111;m<\/p>\n","category_list_v2":"<a href=\"https:\/\/centcols.org\/backup\/it\/categorie\/rassemblements-it\/rassemblements-2020-it\/\" rel=\"category tag\">Gli incontri del 2020<\/a>, <a href=\"https:\/\/centcols.org\/backup\/it\/categorie\/rassemblements-it\/\" rel=\"category tag\">Incontri Regionali<\/a>","author_info_v2":{"name":"Enrico Alberini","url":"https:\/\/centcols.org\/backup\/it\/author\/5065\/"},"comments_num_v2":"0 commenti","featured_image_src":null,"_links":{"self":[{"href":"https:\/\/centcols.org\/backup\/it\/wp-json\/wp\/v2\/posts\/37487"}],"collection":[{"href":"https:\/\/centcols.org\/backup\/it\/wp-json\/wp\/v2\/posts"}],"about":[{"href":"https:\/\/centcols.org\/backup\/it\/wp-json\/wp\/v2\/types\/post"}],"author":[{"embeddable":true,"href":"https:\/\/centcols.org\/backup\/it\/wp-json\/wp\/v2\/users\/69"}],"replies":[{"embeddable":true,"href":"https:\/\/centcols.org\/backup\/it\/wp-json\/wp\/v2\/comments?post=37487"}],"version-history":[{"count":0,"href":"https:\/\/centcols.org\/backup\/it\/wp-json\/wp\/v2\/posts\/37487\/revisions"}],"wp:attachment":[{"href":"https:\/\/centcols.org\/backup\/it\/wp-json\/wp\/v2\/media?parent=37487"}],"wp:term":[{"taxonomy":"category","embeddable":true,"href":"https:\/\/centcols.org\/backup\/it\/wp-json\/wp\/v2\/categories?post=37487"},{"taxonomy":"post_tag","embeddable":true,"href":"https:\/\/centcols.org\/backup\/it\/wp-json\/wp\/v2\/tags?post=37487"}],"curies":[{"name":"wp","href":"https:\/\/api.w.org\/{rel}","templated":true}]}}