{"id":38611,"date":"2019-08-13T17:52:16","date_gmt":"2019-08-13T15:52:16","guid":{"rendered":"https:\/\/centcols.org\/backup\/video-st-maurice-2018\/"},"modified":"2023-01-06T18:37:41","modified_gmt":"2023-01-06T17:37:41","slug":"video-st-maurice-2018","status":"publish","type":"post","link":"https:\/\/centcols.org\/backup\/it\/video-st-maurice-2018\/","title":{"rendered":"Soggiorno di St-Maurice: video della RTS del 2 settembre 2018"},"content":{"rendered":"<p>Video girato prima e in occasione del <a href=\"\/?p=33104\">s\u00e9jour d&#8217;\u00e9t\u00e9 \u00e0 St-Maurice<\/a> dalla <a href=\"https:\/\/www.rts.ch\/\">Radio T\u00e9l\u00e9vision Suisse (RTS)<\/a>, e diffuso il 2 settembre.<\/p>\n<div style=\"width: 1024px;\" class=\"wp-video\"><!--[if lt IE 9]><script>document.createElement('video');<\/script><![endif]-->\n<video class=\"wp-video-shortcode\" id=\"video-38611-1\" width=\"1024\" height=\"576\" preload=\"metadata\" controls=\"controls\"><source type=\"video\/mp4\" src=\"https:\/\/centcols.org\/backup\/wp-content\/uploads\/2019\/08\/st-maurice-2018.mp4?_=1\" \/><a href=\"https:\/\/centcols.org\/backup\/wp-content\/uploads\/2019\/08\/st-maurice-2018.mp4\">https:\/\/centcols.org\/backup\/wp-content\/uploads\/2019\/08\/st-maurice-2018.mp4<\/a><\/video><\/div>\n","protected":false},"excerpt":{"rendered":"<p>Video girato prima e in occasione del s\u00e9jour d&#8217;\u00e9t\u00e9 \u00e0 St-Maurice dalla Radio T\u00e9l\u00e9vision Suisse (RTS), e diffuso il 2 settembre.<\/p>\n","protected":false},"author":69,"featured_media":0,"comment_status":"closed","ping_status":"closed","sticky":false,"template":"","format":"standard","meta":{"_acf_changed":false,"ub_ctt_via":"","_monsterinsights_skip_tracking":false,"_monsterinsights_sitenote_active":false,"_monsterinsights_sitenote_note":"","_monsterinsights_sitenote_category":0,"footnotes":""},"categories":[219,291],"tags":[],"acf":[],"featured_image_urls":{"full":"","thumbnail":"","medium":"","medium_large":"","large":"","1536x1536":"","2048x2048":"","woocommerce_thumbnail":"","woocommerce_single":"","woocommerce_gallery_thumbnail":""},"post_excerpt_stackable":"<p>Video girato prima e in occasione del s\u00e9jour d&#8217;\u00e9t\u00e9 \u00e0 St-Maurice dalla Radio T\u00e9l\u00e9vision Suisse (RTS), e diffuso il 2 settembre. https:\/\/centcols.org\/backup\/wp-content\/uploads\/2019\/08\/st-maurice-2018.mp4<\/p>\n","category_list":"<a href=\"https:\/\/centcols.org\/backup\/categorie\/articles-de-presse\/2018\/\" rel=\"category tag\">2018<\/a>, <a href=\"https:\/\/centcols.org\/backup\/it\/categorie\/articles-de-presse-it\/2018-it\/\" rel=\"category tag\">2018<\/a>","author_info":{"display_name":"Enrico Alberini","author_link":"https:\/\/centcols.org\/backup\/it\/author\/5065\/"},"comments_num":"0 commenti","featured_image_urls_v2":{"full":"","thumbnail":"","medium":"","medium_large":"","large":"","1536x1536":"","2048x2048":"","woocommerce_thumbnail":"","woocommerce_single":"","woocommerce_gallery_thumbnail":""},"post_excerpt_stackable_v2":"<p>Video girato prima e in occasione del s\u00e9jour d&#8217;\u00e9t\u00e9 \u00e0 St-Maurice dalla Radio T\u00e9l\u00e9vision Suisse (RTS), e diffuso il 2 settembre. https:\/\/centcols.org\/backup\/wp-content\/uploads\/2019\/08\/st-maurice-2018.mp4<\/p>\n","category_list_v2":"<a href=\"https:\/\/centcols.org\/backup\/categorie\/articles-de-presse\/2018\/\" rel=\"category tag\">2018<\/a>, <a href=\"https:\/\/centcols.org\/backup\/it\/categorie\/articles-de-presse-it\/2018-it\/\" rel=\"category tag\">2018<\/a>","author_info_v2":{"name":"Enrico Alberini","url":"https:\/\/centcols.org\/backup\/it\/author\/5065\/"},"comments_num_v2":"0 commenti","featured_image_src":null,"_links":{"self":[{"href":"https:\/\/centcols.org\/backup\/it\/wp-json\/wp\/v2\/posts\/38611"}],"collection":[{"href":"https:\/\/centcols.org\/backup\/it\/wp-json\/wp\/v2\/posts"}],"about":[{"href":"https:\/\/centcols.org\/backup\/it\/wp-json\/wp\/v2\/types\/post"}],"author":[{"embeddable":true,"href":"https:\/\/centcols.org\/backup\/it\/wp-json\/wp\/v2\/users\/69"}],"replies":[{"embeddable":true,"href":"https:\/\/centcols.org\/backup\/it\/wp-json\/wp\/v2\/comments?post=38611"}],"version-history":[{"count":0,"href":"https:\/\/centcols.org\/backup\/it\/wp-json\/wp\/v2\/posts\/38611\/revisions"}],"wp:attachment":[{"href":"https:\/\/centcols.org\/backup\/it\/wp-json\/wp\/v2\/media?parent=38611"}],"wp:term":[{"taxonomy":"category","embeddable":true,"href":"https:\/\/centcols.org\/backup\/it\/wp-json\/wp\/v2\/categories?post=38611"},{"taxonomy":"post_tag","embeddable":true,"href":"https:\/\/centcols.org\/backup\/it\/wp-json\/wp\/v2\/tags?post=38611"}],"curies":[{"name":"wp","href":"https:\/\/api.w.org\/{rel}","templated":true}]}}