{"id":39739,"date":"2019-08-01T20:42:37","date_gmt":"2019-08-01T18:42:37","guid":{"rendered":"https:\/\/centcols.org\/backup\/challenge-des-cols-lpe\/"},"modified":"2022-07-22T13:07:48","modified_gmt":"2022-07-22T11:07:48","slug":"challenge-des-cols-lpe","status":"publish","type":"post","link":"https:\/\/centcols.org\/backup\/it\/challenge-des-cols-lpe\/","title":{"rendered":"Challenge dei passi stradali situati sugli \u00ab Spartiacque inter-mare delle  Alpi \u00bb"},"content":{"rendered":"<p>G\u00e9rard Galland ci propone questo challenge:<\/p>\n<p>Valicare tutti i passi stradali situati sui cinque principali spartiacque delle Alpi, e cio\u00e8:\u00a0<em>1 \u2013 Mar del Nord \/ Adriatico, 2 \u2013 Mediterraneo Occidentale \/ Adriatico, 3 \u2013 Mar del Nord \/ Mediterraneo O., 4 \u2013 Mar del Nord \/ Mar Nero, 5 \u2013 Mar Nero \/ Adriatico. 80<\/em>\u00a0passi.<\/p>\n<p>Numerosi paesi coinvolti.<\/p>\n<p>Questo challenge \u00e8 aperto ai soci e non soci del Club des Cent Cols.<\/p>\n<p>Contatto: <a href=\"ma&#105;lto:&#76;PE&#100;&#101;&#115;&#65;lp&#101;&#115;&#64;ce&#110;&#116;&#99;ols.ne&#116;\">L&#80;Ed&#101;s&#65;l&#112;&#101;&#115;&#64;&#99;e&#110;tc&#111;l&#115;.&#110;e&#116;<\/a><br \/>Modulo d\u2019iscrizione <a href=\"https:\/\/centcols.org\/backup\/wp-content\/uploads\/2019\/08\/bichallengelpe.pdf\">Formato PDF<\/a> <a href=\"https:\/\/centcols.org\/backup\/wp-content\/uploads\/2019\/08\/bichallengelpe.zip\">\u00a0Formato Word<\/a><\/p>\n<h2>Obiettivi<\/h2>\n<p>L\u2019obiettivo di questo challenge \u00e8 anche d\u2019incitare i partecipanti a un\u2019osservazione dettagliata delle zone visitate riguardanti la rete idrografica delle Alpi e in particolare d\u2019interessarsi al percorso futuro delle acque che colano da una parte e dall\u2019altra dei passi scalati.<\/p>\n<p>Il termine spartiacque \u00e8 evocato nei commenti dell\u2019articolo 2 della nostra regola del gioco, estratto:\u00a0<em>\u00ab\u00a0un\u00a0<u>luogo nominato su una mappa catastale<\/u>\u2026.. con un titolo, risponde al<u>la\u00a0RDG<\/u>, sotto riserva \u2026. \u00a0\u00a0che sia situato su uno spartiacque\u00a0\u00bb.<\/em><em><br \/><\/em>Uno <strong>spartiacque<\/strong>\u00a0designa un confine geografico che divide un territorio in due bacini idrografici che ricevono, da ogni lato dello spartiacque, le acque che saranno raccolte in due corsi d\u2019acqua differenti. cio\u00e8 due fiumi, due mari o oceani.<br \/>Spartiacque significa\u00a0<strong>separazione<\/strong>. Spesso una frontiera \u2013 politica, linguistica \u2026 segue uno spartiacque. Molto fortunatamente la comunicazione \u00e8 possibile grazie a dei punti di passaggio \u2026 questi <strong>punti di passaggio<\/strong>\u00a0hanno un nome: \u00ab\u00a0<strong>passi<\/strong>\u00a0\u00bb.<\/p>\n<p><strong>Le Alpi<\/strong>\u00a0sono considerate come il castello d\u2019acqua dell\u2019Europa; i principali fiumi europei vi hanno le proprie sorgenti- Alimentano 4 bacini idrografici che versano acque e 4 mari: il <strong>Mar del Nord<\/strong>\u00a0(con il Reno e i suoi affluenti), il\u00a0<strong>Mediterraneo Occidentale<\/strong>\u00a0(con il Rodano e i suoi affluenti, il Var, la Roya, e i fiumi costieri liguri), l\u2019<strong>Adriatico<\/strong>\u00a0(con il Po e i suoi affluenti, l\u2019Adige, il Piave, il Tagliamento, l\u2019Isonzo) e il <strong>Mar Nero<\/strong>\u00a0(con degli affluenti del Danubio).<\/p>\n<p>A partire da 2\u00a0<strong>triplici punti idrografici<\/strong>\u00a0(un triplice punto idrografico \u00e8 un punto dove si congiungono tre bacini idrografici), il Witenwasserenstock (Rodano \u2013 Reno &#8211; Po) e il Passo Lunghin (Reno \u2013 Po &#8211; Danubio) tutti e due situati in Svizzera, si possono definire\u00a0<a href=\"http:\/\/cyclotourisme-grenoble-ctg.org\/CTG\/les-cols-routiers-situes-sur-les-principales-lignes-de-partage-des-eaux-des-alpes\/\">5 spartiacque nelle alpi<\/a>:<\/p>\n<p>Tra i due triplici punti:<\/p>\n<ol>\n<li><a href=\"http:\/\/cyclotourisme-grenoble-ctg.org\/CTG\/les-cents-cols\/page-1-les-cols-situes-sur-la-ligne-de-partage-des-eaux-mer-du-nord-adriatique\/\">LPE\u00a0Mar del Nord \u2013 Adriatico<\/a> (quasi interamente in Svizzera, con un breve passaggio in Italia)<\/li>\n<\/ol>\n<p style=\"text-align: center;\"><img decoding=\"async\" class=\"aligncenter\" src=\"https:\/\/centcols.org\/backup\/wp-content\/uploads\/2019\/08\/splugen-500x356.jpg\" \/>1. Spl\u00fcgen Pass (foto G\u00e9rard Galland)<\/p>\n<p>Partendo da Witenwasserenstock :<\/p>\n<ol start=\"2\">\n<li><a href=\"http:\/\/cyclotourisme-grenoble-ctg.org\/CTG\/les-cents-cols\/page-2-les-cols-situes-sur-la-ligne-de-partage-des-eaux-mediterranee-occidentale-adriatique\/\" target=\"_blank\" rel=\"noopener noreferrer\">LPE M\u00e9diterran\u00e9e occidentale \u2013 Adriatique<\/a> (in Svizzera, Italia e Francia)<br \/>\n<div id=\"attachment_36249\" style=\"width: 510px\" class=\"wp-caption aligncenter\"><a href=\"https:\/\/centcols.org\/backup\/wp-content\/uploads\/2019\/08\/grandstbernard.jpg\"><img loading=\"lazy\" decoding=\"async\" aria-describedby=\"caption-attachment-36249\" class=\"wp-image-36253 size-medium\" title=\"col du Grand Saint-Bernard\" src=\"https:\/\/centcols.org\/backup\/wp-content\/uploads\/2019\/08\/grandstbernard-500x313.jpg\" alt=\"\" width=\"500\" height=\"313\" srcset=\"https:\/\/centcols.org\/backup\/wp-content\/uploads\/2019\/08\/grandstbernard-500x313.jpg 500w, https:\/\/centcols.org\/backup\/wp-content\/uploads\/2019\/08\/grandstbernard-600x375.jpg 600w, https:\/\/centcols.org\/backup\/wp-content\/uploads\/2019\/08\/grandstbernard-768x480.jpg 768w, https:\/\/centcols.org\/backup\/wp-content\/uploads\/2019\/08\/grandstbernard-1200x750.jpg 1200w, https:\/\/centcols.org\/backup\/wp-content\/uploads\/2019\/08\/grandstbernard.jpg 1420w\" sizes=\"(max-width: 500px) 100vw, 500px\" \/><\/a><p id=\"caption-attachment-36249\" class=\"wp-caption-text\">col del Grand Saint-Bernard<\/p><\/div>\n<\/li>\n<li><a href=\"http:\/\/cyclotourisme-grenoble-ctg.org\/CTG\/les-cents-cols\/page-3-les-cols-situes-sur-la-ligne-de-partage-des-eaux-mediterranee-occidentale-mer-du-nord\/\" target=\"_blank\" rel=\"noopener noreferrer\">LPE Mar del Nord &#8211; Mediterraneo occidentale<\/a> (Interamente in Svizzera)<br \/>\n<div id=\"attachment_36254\" style=\"width: 510px\" class=\"wp-caption aligncenter\"><a href=\"https:\/\/centcols.org\/backup\/wp-content\/uploads\/2019\/08\/coldechaude.jpg\"><img loading=\"lazy\" decoding=\"async\" aria-describedby=\"caption-attachment-36254\" class=\"wp-image-36258 size-medium\" title=\"Col de Chaude\" src=\"https:\/\/centcols.org\/backup\/wp-content\/uploads\/2019\/08\/coldechaude-500x375.jpg\" alt=\"\" width=\"500\" height=\"375\" srcset=\"https:\/\/centcols.org\/backup\/wp-content\/uploads\/2019\/08\/coldechaude-500x375.jpg 500w, https:\/\/centcols.org\/backup\/wp-content\/uploads\/2019\/08\/coldechaude-600x450.jpg 600w, https:\/\/centcols.org\/backup\/wp-content\/uploads\/2019\/08\/coldechaude-768x576.jpg 768w, https:\/\/centcols.org\/backup\/wp-content\/uploads\/2019\/08\/coldechaude.jpg 1184w\" sizes=\"(max-width: 500px) 100vw, 500px\" \/><\/a><p id=\"caption-attachment-36254\" class=\"wp-caption-text\">Col de Chaude (foto G\u00e9rard Galland)<\/p><\/div>\n<\/li>\n<\/ol>\n<p>Partendo dal\u00a0 Piz Lunghin :<\/p>\n<ol start=\"4\">\n<li><a href=\"http:\/\/cyclotourisme-grenoble-ctg.org\/CTG\/les-cents-cols\/page-4-les-cols-situes-sur-la-ligne-de-partage-des-eaux-mer-noire-mer-du-nord\/\" target=\"_blank\" rel=\"noopener noreferrer\">LPE Mar del Nord \u2013 Mar Nero<\/a> (in Svizzera, Italai, Austria e Germania)<br \/>\n<div id=\"attachment_36259\" style=\"width: 510px\" class=\"wp-caption aligncenter\"><a href=\"https:\/\/centcols.org\/backup\/wp-content\/uploads\/2019\/08\/albulapass.jpg\"><img loading=\"lazy\" decoding=\"async\" aria-describedby=\"caption-attachment-36259\" class=\"wp-image-36263 size-medium\" src=\"https:\/\/centcols.org\/backup\/wp-content\/uploads\/2019\/08\/albulapass-500x377.jpg\" alt=\"Albula Pass\" width=\"500\" height=\"377\" srcset=\"https:\/\/centcols.org\/backup\/wp-content\/uploads\/2019\/08\/albulapass-500x377.jpg 500w, https:\/\/centcols.org\/backup\/wp-content\/uploads\/2019\/08\/albulapass-600x452.jpg 600w, https:\/\/centcols.org\/backup\/wp-content\/uploads\/2019\/08\/albulapass-768x579.jpg 768w, https:\/\/centcols.org\/backup\/wp-content\/uploads\/2019\/08\/albulapass-1200x904.jpg 1200w, https:\/\/centcols.org\/backup\/wp-content\/uploads\/2019\/08\/albulapass.jpg 1281w\" sizes=\"(max-width: 500px) 100vw, 500px\" \/><\/a><p id=\"caption-attachment-36259\" class=\"wp-caption-text\">Albula Pass (foto Daniel Cattin)<\/p><\/div>\n<\/li>\n<\/ol>\n<p>5. <a href=\"http:\/\/cyclotourisme-grenoble-ctg.org\/CTG\/les-cents-cols\/page-5-les-cols-situes-sur-la-ligne-de-partage-des-eaux-mer-noire-adriatique\/\" target=\"_blank\" rel=\"noopener noreferrer\">LPE Mar Nero \u2013 Adriatico<\/a> (in Svizzera, Italia, Austria e Slovenia).<\/p>\n<div id=\"attachment_36264\" style=\"width: 510px\" class=\"wp-caption aligncenter\"><a href=\"https:\/\/centcols.org\/backup\/wp-content\/uploads\/2019\/08\/livigno.jpg\"><img loading=\"lazy\" decoding=\"async\" aria-describedby=\"caption-attachment-36264\" class=\"wp-image-36268 size-medium\" src=\"https:\/\/centcols.org\/backup\/wp-content\/uploads\/2019\/08\/livigno-500x337.jpg\" alt=\"Val et Forcola di Livigno\" width=\"500\" height=\"337\" srcset=\"https:\/\/centcols.org\/backup\/wp-content\/uploads\/2019\/08\/livigno-500x337.jpg 500w, https:\/\/centcols.org\/backup\/wp-content\/uploads\/2019\/08\/livigno-600x405.jpg 600w, https:\/\/centcols.org\/backup\/wp-content\/uploads\/2019\/08\/livigno-768x518.jpg 768w, https:\/\/centcols.org\/backup\/wp-content\/uploads\/2019\/08\/livigno-1200x809.jpg 1200w, https:\/\/centcols.org\/backup\/wp-content\/uploads\/2019\/08\/livigno.jpg 1431w\" sizes=\"(max-width: 500px) 100vw, 500px\" \/><\/a><p id=\"caption-attachment-36264\" class=\"wp-caption-text\">Valle e Forcola di Livigno (foto Lucien Chevalier)<\/p><\/div>\n<p>Alcune descrizioni degli spartiacque e dei passi situati su questi spartiacque sono disponibili ai link qui sotto. Una presentazione con mappe e fotografie prese sui principali passi \u00e8 pure disponibile in collegamento con questi articoli.<\/p>\n<p>Un altro approccio \u00e8 di concentrarsi sullo <strong>spartiacque \u00ab\u00a0principale\u00a0\u00bb delle acque Atlantico \u2013 Mediterraneo (A\/M)<\/strong>\u00a0che, dalla Repubblica Ceca attraverso il massiccio dei Sudeti e il sud della Germania attraverso le Alpi (Spartiacque 4, 1 e 3 qui sotto) e si prolunga verso l\u2019ovest e il sud nello Jura e poi il Massiccio Centrale prima di attraversare i Pirenei, la Spagna e il Marocco. Quest\u2019approccio ritorna a considerare come solo mare il Mediterraneo occidentale, l\u2019Adriatico e il Mar Nero. Esso fa dello spartiacque Mediterraneo occidentale \u2013 Adriatico (2), uno spartiacque di \u00ab\u00a0secondo ordine\u00a0\u00bb \u2026 nonostante il suo passaggio per il Cervino, il Monte Bianco, il Monte Thabor e il Monte Saccarel.<\/p>\n<p>Un importante documento su questo spartiacque \u00ab\u00a0principale\u00a0\u00bb \u00e8 disponibile sul sito del<a href=\"http:\/\/lpe-asso.org\/notre-association\/\">l\u2019associazione \u00ab\u00a0Ligne de Partage\u00a0\u00bb<\/a> che \u00e8 stata creata nel 2014 con \u00aboggetto lo sviluppo di qualsiasi attivit\u00e0 in collegamento con lo spartiacque tra l\u2019oceano Atlantico e il mar Mediterraneo (detto \u00ab\u00a0A\/M\u00a0\u00bb)\u00bb. Una pagina \u00a0\u00ab\u00a0In bicicletta anche\u00a0\u00bb, recentemente creata \u00e8 consacrata al superamento dello spartiacque in bicicletta.<\/p>\n<p><a href=\"https:\/\/centcols.org\/backup\/wp-content\/uploads\/2019\/08\/lpe01.jpg\"><img loading=\"lazy\" decoding=\"async\" class=\"size-full wp-image-36169 aligncenter\" src=\"https:\/\/centcols.org\/backup\/wp-content\/uploads\/2019\/08\/lpe01.jpg\" alt=\"\" width=\"722\" height=\"582\" srcset=\"https:\/\/centcols.org\/backup\/wp-content\/uploads\/2019\/08\/lpe01.jpg 722w, https:\/\/centcols.org\/backup\/wp-content\/uploads\/2019\/08\/lpe01-600x484.jpg 600w, https:\/\/centcols.org\/backup\/wp-content\/uploads\/2019\/08\/lpe01-500x403.jpg 500w\" sizes=\"(max-width: 722px) 100vw, 722px\" \/><\/a><\/p>\n<p>Piuttosto che l\u2019accrescimento infinito del numero dei passi valicati, molti tra noi preferiscono completare un obiettivo geografico o culturalmente determinato.<\/p>\n<p>Il challenge <strong>degli Spartiacque \u00ab\u00a0inter-mare\u00a0\u00bb delle Alpi <\/strong>si prefigge in questo spirito a invitare i partecipanti a visitare i passi situati su questi spartiacque.<\/p>\n<p>Ci sembra interessante proporre questo Challenge ai non soci del Club des Cent Cols alfine di permettergli l\u2019inizio di una \u00ab collezione di passi \u00bb nel cuore delle Alpi.\u00a0 A questo scopo potremo apportare la nostra esperienza sui passi e mettiamo a loro disposizione dei sofisticati strumenti informatici. Speriamo in questo modo, di promuovere la gioia e il piacere della scoperta e del viaggio in bicicletta.<\/p>\n<h2>FUNZIONAMENTO DEL CHALLENGE<\/h2>\n<p>Il Club des Cent Cols ha creato il <strong>Challenge des Lignes de Partage des Eaux \u00a0\u00bb\u00a0inter-mer\u00a0\u00bb des Alpes (LPEA)<\/strong>\u00a0il cui obiettivo \u00e8 di valicare tutti i passi stradali situati su questo spartiacque. Cio\u00e8:<\/p>\n<table width=\"860\">\n<tbody>\n<tr>\n<td width=\"397\">\n<p>1 -LPE \u00a0Mar del Nord \/ Adriatico<\/p>\n<\/td>\n<td width=\"183\">\n<p>4 passi<\/p>\n<\/td>\n<\/tr>\n<tr>\n<td width=\"397\">\n<p>2 \u2013 LPE\u00a0<u>Mediterraneo Occidentale \/ Adriatico<\/u><\/p>\n<\/td>\n<td width=\"183\">\n<p>27 passi<\/p>\n<\/td>\n<\/tr>\n<tr>\n<td width=\"397\">\n<p>3 \u2013 LPE Mar del Nord \/ Mediterraneo Occidentale.<\/p>\n<\/td>\n<td width=\"183\">\n<p>17 passi<\/p>\n<\/td>\n<\/tr>\n<tr>\n<td width=\"397\">\n<p>4 \u2013 LPE Mar del Nord \/ Mar Nero<\/p>\n<\/td>\n<td width=\"183\">\n<p>9 passi<\/p>\n<\/td>\n<\/tr>\n<tr>\n<td width=\"397\">\n<p>5 -LPE Mar Nero \/ Adriatico<\/p>\n<\/td>\n<td width=\"183\">\n<p>23 passi<\/p>\n<\/td>\n<\/tr>\n<tr>\n<td width=\"397\">\n<p><strong>Totale (LPE Alpi)<\/strong><\/p>\n<\/td>\n<td width=\"183\">\n<p><strong>80 passi<\/strong><\/p>\n<\/td>\n<\/tr>\n<\/tbody>\n<\/table>\n<p>I passi sono quelli iscritti nei cataloghi dei passi della Confraternita dei Cent Cols dei paesi coinvolti alla data di iscrizione al Challenge. Essi sono elencati alla fine di questo documento e nella tabella Excel descritta qui sotto. Quest\u2019ultimo serve alla dichiarazione dei passi. Ed \u00e8 inviato al partecipante al momento della sua iscrizione. I passi possono essere valicati in un ordine qualsiasi (ma in conformit\u00e0 con la <a href=\"http:\/\/centcols.org\/backup\/regle-du-jeu\/\">regola del gioco del club des 100 cols)<\/a>.<\/p>\n<p><span style=\"background-color: #ffffff; color: #ff0000;\"><em>Alla creazione della sfida, 78 passi, situati sulla LPE delle Alpi, sono stati referenziati nei cataloghi. Nel 2020, il Col de Gourze (CH-VD-0799) e nel 2022 Le Basset (CH-VD-0683) sono stati aggiunti al catalogo svizzero. \u00c8 stato incluso nella sfida alla fine del 2021.<\/em><\/span><br \/><span style=\"background-color: #ffffff; color: #ff0000;\"><em>Per i partecipanti iscritti prima del 2022, la sfida comprende la scalata di\u00a0 78 passi (il Col de Gourze e il Basset sono un&#8217;opzione, consigliata ma facoltativa).<\/em><\/span><br \/><span style=\"background-color: #ffffff; color: #ff0000;\"><em>Per le iscrizioni ricevute a partire da luglio 2022, il numero di passi da valicare \u00e8 80.<\/em><\/span><\/p>\n<p>\u00a0<\/p>\n<p>Negli articoli descrittivi sono proposti dei percorsi che permettono di raggiungere, col percorso pi\u00f9 breve, i passi dei diversi spartiacque (vedi i link nella parte obiettivi).<\/p>\n<p>I passi valicati prima della creazione del challenge possono essere contati.<\/p>\n<ul>\n<li>Il Challenge LPEA\u00a0<strong>\u00ab\u00a0Platino\u00a0\u00bb<\/strong>\u00e8 ottenuto quando il partecipante ha valicato tutti i passi situati sulle <strong>cinque LPE<\/strong> cio\u00e8 i 79 passi coinvolti.<\/li>\n<li>Il Challenge LPE\u00a0<strong>\u00abOro\u00a0\u00bb<\/strong> \u00e8 ottenuto quando il partecipante ha valicato tutti i passi situati sullo <strong>spartiacque Atlantico- Mediterraneo (A\/M)<\/strong> cio\u00e8 28 passi (9 per lo spartiacque Mar del Nord \/ Mar Nero, 4 per lo spartiacque Mar del Nord \/ Adriatico e 16 per lo spartiacque Mar del Nord \/ Mediterraneo Occidentale),<\/li>\n<li>Il Challenge LPE <strong>\u00ab\u00a0Argento\u00a0\u00bb<\/strong>\u00e8 ottenuto quando il partecipante ha valicato tutti i passi del <strong>triplice spartiacque <\/strong>(esso pu\u00f2 essere confuso con il Challenge Oro, se questi 3 spartiacque sono quelli dello spartiacque Atlantico \/ Mediterraneo).<\/li>\n<li>Il Challenge LPE\u00a0<strong>\u00ab\u00a0Bronzo\u00a0\u00bb<\/strong> \u00e8 ottenuto quando il partecipante ha valicato tutti i passi di <strong>due spartiacque<\/strong>.<\/li>\n<\/ul>\n<h2>ISCRIZIONE<\/h2>\n<p><a href=\"mailto:Scaricare%20il%20modulo%20d'iscrizione%20(pdf)\">Scaricare il modulo d\u2019iscrizione (pdf)<\/a>, <a href=\"mailto:o%20in%20formato%20Word\">o in formato Word<\/a> o chiederlo al responsabile del <a href=\"&#109;ai&#108;&#116;&#111;&#58;&#76;&#80;E&#100;es&#65;&#108;pes&#64;&#99;en&#116;c&#111;ls.net\">L&#80;&#69;desA&#108;pe&#115;&#64;c&#101;n&#116;&#99;ol&#115;&#46;n&#101;t<\/a><\/p>\n<ul>\n<li>Un numero sar\u00e0 attribuito in ordine d\u2019iscrizione.<\/li>\n<li>Un numero sar\u00e0 attribuito al ricevimento della dichiarazione di completamento del challenge.<\/li>\n<\/ul>\n<p>Al ricevimento del modulo d\u2019iscrizione, il responsabile comunicher\u00e0 al richiedente la tabella dichiarativa nella quale siano elencati i passi di ogni spartiacque (LPE).<\/p>\n<p>Questa tabella \u00e8 costituita da 7 fogli, una per ciascuna delle 5 LPE, e due fogli riepilogativi, Permette al partecipante di gestire la propria lista di passi scalati e di visualizzare la propria progressione.<\/p>\n<p>Per ogni LPE sono indicati nel foglio corrispondente, i nomi, altitudini, codici e accesso dei passi, cos\u00ec come un link verso il visualizzatore di passi. Per i passi transfrontalieri, le indicazioni dei differenti cataloghi dove sono stati inseriti. <br \/>Il partecipante indicher\u00e0 nella colonna \u00ab\u00a0data\u00a0\u00bb un\u2019informazione a sua scelta (<em>in format digitale: per esempio la data della scalata o un numero d\u2019ordine) <\/em>per ogni passo valicato, Excel calcoler\u00e0 il numero dei passi scalati per la LPE corrispondente. Questa informazione sar\u00e0 riportata automaticamente nel foglio riepilogativo. Quando tutti i passi di una LPE saranno stati valicati, questo sar\u00e0 indicato nel foglio riepilogativo Questi indicher\u00e0 anche il livello (da bronzo a platino) del challenge ottenuto.<br \/>La dichiarazione si fa con la trasmissione del file Excel (e nominato 999-NOM Challenge LPE Alpes \u2013\u00a0<em>999=Num\u00e9ro d\u2019ordine d\u2019iscrizione al Challenge<\/em>) al responsabile del Challenge <a href=\"ma&#105;&#108;t&#111;&#58;L&#80;E&#100;e&#115;A&#108;&#112;es&#64;c&#101;n&#116;co&#108;s.&#110;et\">LPEd&#101;sAlp&#101;s&#64;c&#101;&#110;tcol&#115;.&#110;&#101;t<\/a>, il responsabile analizza i risultati e stabilisce l\u2019Albo d\u2019Onore.<\/p>\n<p>Dopo il raggiungimento dei \u00ab\u00a0Or\u00a0o\u00bb e \u00ab\u00a0Platino\u00a0\u00bb, su richiesta del partecipante, il responsabile del challenge preparer\u00e0 un diploma attestante l\u2019ottenimento del <strong><u>Challenge \u00ab\u00a0Oro\u00a0\u00bb o \u00ab\u00a0Platino\u00a0\u00bb delle Lignes de Partage des\u00a0Eaux \u00a0\u00bb\u00a0inter-mer\u00a0\u00bb des Alpes (LPEA.)<\/u><\/strong><\/p>\n<p>Il partecipante avr\u00e0 la possibilit\u00e0 di stamparselo esso stesso, di farselo inviare dal responsabile del challenge contro la somma di sei euro. <em>Questa cifra comprende il costo della carta speciale, la stampa e l\u2019invio postale, <\/em>o di farselo consegnare nelle proprie mani in occasione delle manifestazioni del Club des Cent Cols.<\/p>\n<p>Sar\u00e0 stabilito un Albo d\u2019Onore dei detentori di ogni (col loro grado di progressione). In un primo tempo questa lista sar\u00e0 disponibile presso il responsabile del challenge, le condizioni del suo inserimento nelle pubblicazioni del Club des 100 cols saranno decise in seguito. Un partecipante pu\u00f2 chiedere che il suo nome non figuri nell\u2019elenco pubblicato.<\/p>\n<h2>REGOLAMENTO DEL CHALLENGE<\/h2>\n<ul>\n<li>Questo challenge \u00e8 aperto ai soci e non soci del Club des Cent Cols.<\/li>\n<li>Per iscriversi al Challenge, bisogna: compilare <u>il modulo d\u2019iscrizione <\/u>che vale come accettazione del regolamento.<\/li>\n<li>Lo scopo del Challenge \u00e8 di valicare tutti i passi sullo spartiacque \u00bb inter-mer\u00a0\u00bb delle Alpi. La lista dei passi \u00e8 stabilita dal Club des Cent<\/li>\n<li>Cols secondo dei criteri ristretti di topografia e toponimia.<\/li>\n<li>I passi devono essere valicati in conformit\u00e0 alla regola del gioco del Club des Cent Cols.<\/li>\n<li>Ogni passo dichiarato \u00e8 dichiarato sotto la buona fede del partecipante.<\/li>\n<li>Non c\u2019\u00e8 un termine di tempo imposto.<\/li>\n<li>Un brevetto \u00e8 rilasciato quando tutti i passi sulla LPE delle Alpi sono valicati.<\/li>\n<\/ul>\n<h2>ELENCO DEI PASSI<\/h2>\n<h3><strong>\u00a0<\/strong><strong>1 -LPE\u00a0 Mar del Nord \/ Adriatico\u00a0 \u00a0 \u00a0 \u00a0 \u00a0 \u00a0 \u00a0 \u00a0 \u00a0 \u00a0 \u00a0 \u00a0 \u00a0 \u00a0 \u00a0 \u00a0 \u00a0 \u00a0 \u00a0 \u00a0 \u00a0 \u00a0 \u00a0 \u00a0 \u00a0 4 passi<\/strong><\/h3>\n<table width=\"607\">\n<tbody>\n<tr>\n<td width=\"65\">1<\/td>\n<td width=\"357\">Passo del San Gottardo \/ Gotthardpass<\/td>\n<td colspan=\"2\" width=\"184\"><a href=\"http:\/\/centcols.org\/backup\/util\/geo\/visuGen.php?code=CH-TI-2091\">CH-TI-2091<\/a><\/td>\n<\/tr>\n<tr>\n<td width=\"65\">2<\/td>\n<td width=\"357\">Passo del Lucomagno \/ Lukmanierpass<\/td>\n<td colspan=\"2\" width=\"184\"><a href=\"http:\/\/centcols.org\/backup\/util\/geo\/visuGen.php?code=CH-GR-1915\">CH-GR-1915<\/a><\/td>\n<\/tr>\n<tr>\n<td width=\"65\">3<\/td>\n<td width=\"357\">Passo del San Bernardino \/ Bernhardinpass<\/td>\n<td colspan=\"2\" width=\"184\"><a href=\"http:\/\/centcols.org\/backup\/util\/geo\/visuGen.php?code=CH-GR-2065a\">CH-GR-2065a<\/a><\/td>\n<\/tr>\n<tr>\n<td width=\"65\">4<\/td>\n<td width=\"357\">Spl\u00fcgenpass \/ Passo della Spluga<\/td>\n<td width=\"93\"><a href=\"http:\/\/centcols.org\/backup\/util\/geo\/visuGen.php?code=CH-GR-2115b\">CH-GR-2115b<\/a><\/td>\n<td width=\"91\"><a href=\"http:\/\/centcols.org\/backup\/util\/geo\/visuGen.php?code=IT-SO-2115\">IT-SO-2115<\/a><\/td>\n<\/tr>\n<\/tbody>\n<\/table>\n<h3><strong>2 &#8211; LPE <\/strong><a href=\"http:\/\/cyclotourisme-grenoble-ctg.org\/CTG\/les-cents-cols\/page-2-les-cols-situes-sur-la-ligne-de-partage-des-eaux-mediterranee-occidentale-adriatique\/\"><strong>Mediterraneo Occidentale \/ Adriatico<\/strong><\/a><strong>\u00a0 \u00a0 \u00a0 \u00a0 \u00a0 \u00a0 \u00a0 \u00a0 \u00a0 \u00a0 \u00a0 \u00a0 27 passi<\/strong><\/h3>\n<table width=\"607\">\n<tbody>\n<tr>\n<td width=\"65\">1<\/td>\n<td width=\"357\">Nufenenpass \/ Passo della Novena<\/td>\n<td colspan=\"2\" width=\"184\"><a href=\"http:\/\/centcols.org\/backup\/util\/geo\/visuGen.php?code=CH-TI-2478b\">CH-TI-2478b<\/a><\/td>\n<\/tr>\n<tr>\n<td width=\"65\">2<\/td>\n<td width=\"357\">Simplonpass \/ Col du Simplon<\/td>\n<td colspan=\"2\" width=\"184\"><a href=\"http:\/\/centcols.org\/backup\/util\/geo\/visuGen.php?code=CH-VS-2005\">CH-VS-2005<\/a><\/td>\n<\/tr>\n<tr>\n<td width=\"65\">3<\/td>\n<td width=\"357\">Col du Grand St. Bernard \/ Colle del Gran San Bernardo<\/td>\n<td width=\"93\"><a href=\"http:\/\/centcols.org\/backup\/util\/geo\/visuGen.php?code=CH-VS-2469a\">CH-VS-2469a<\/a><\/td>\n<td width=\"91\"><a href=\"http:\/\/centcols.org\/backup\/util\/geo\/visuGen.php?code=IT-AO-2473\">IT-AO-2473<\/a><\/td>\n<\/tr>\n<tr>\n<td width=\"65\">4<\/td>\n<td width=\"357\">Col du Petit Saint-Bernard<\/td>\n<td width=\"93\"><a href=\"http:\/\/centcols.org\/backup\/util\/geo\/visuGen.php?code=FR-73-2188\">FR-73-2188<\/a><\/td>\n<td width=\"91\"><a href=\"http:\/\/centcols.org\/backup\/util\/geo\/visuGen.php?code=IT-AO-2188\">IT-AO-2188<\/a><\/td>\n<\/tr>\n<tr>\n<td width=\"65\">5<\/td>\n<td width=\"357\">Col du Mont Cenis<\/td>\n<td colspan=\"2\" width=\"184\"><a href=\"http:\/\/centcols.org\/backup\/util\/geo\/visuGen.php?code=FR-73-2081\">FR-73-2081<\/a><\/td>\n<\/tr>\n<tr>\n<td width=\"65\">6<\/td>\n<td width=\"357\">Col du Petit Mont Cenis<\/td>\n<td colspan=\"2\" width=\"184\"><a href=\"http:\/\/centcols.org\/backup\/util\/geo\/visuGen.php?code=FR-73-2183b\">FR-73-2183b<\/a><\/td>\n<\/tr>\n<tr>\n<td width=\"65\">7<\/td>\n<td width=\"357\">Col de l&#8217;Echelle<\/td>\n<td colspan=\"2\" width=\"184\"><a href=\"http:\/\/centcols.org\/backup\/util\/geo\/visuGen.php?code=FR-05-1762\">FR-05-1762<\/a><\/td>\n<\/tr>\n<tr>\n<td width=\"65\">8<\/td>\n<td width=\"357\">Le Mauvais Pas<\/td>\n<td colspan=\"2\" width=\"184\"><a href=\"http:\/\/centcols.org\/backup\/util\/geo\/visuGen.php?code=FR-05-1779\">FR-05-1779<\/a><\/td>\n<\/tr>\n<tr>\n<td width=\"65\">9<\/td>\n<td width=\"357\">Col de Montgen\u00e8vre<\/td>\n<td colspan=\"2\" width=\"184\"><a href=\"http:\/\/centcols.org\/backup\/util\/geo\/visuGen.php?code=FR-05-1850\">FR-05-1850<\/a><\/td>\n<\/tr>\n<tr>\n<td width=\"65\">10<\/td>\n<td width=\"357\">Col Agnel \/\u00a0 Colle dell&#8217;Agnello<\/td>\n<td width=\"93\"><a href=\"http:\/\/centcols.org\/backup\/util\/geo\/visuGen.php?code=FR-05-2744\">FR-05-2744<\/a><\/td>\n<td width=\"91\"><a href=\"http:\/\/centcols.org\/backup\/util\/geo\/visuGen.php?code=IT-CN-2748\">IT-CN-2748<\/a><\/td>\n<\/tr>\n<tr>\n<td width=\"65\">11<\/td>\n<td width=\"357\">Col de Larche \/ Colle della Maddalena<\/td>\n<td width=\"93\"><a href=\"http:\/\/centcols.org\/backup\/util\/geo\/visuGen.php?code=FR-04-1991\">FR-04-1991<\/a><\/td>\n<td width=\"91\"><a href=\"http:\/\/centcols.org\/backup\/util\/geo\/visuGen.php?code=IT-CN-1996\">IT-CN-1996<\/a><\/td>\n<\/tr>\n<tr>\n<td width=\"65\">12<\/td>\n<td width=\"357\">Col de la Lombarde \/ Colle della Lombarda<\/td>\n<td width=\"93\"><a href=\"http:\/\/centcols.org\/backup\/util\/geo\/visuGen.php?code=FR-06-2350a\">FR-06-2350a<\/a><\/td>\n<td width=\"91\"><a href=\"http:\/\/centcols.org\/backup\/util\/geo\/visuGen.php?code=IT-CN-2351\">IT-CN-2351<\/a><\/td>\n<\/tr>\n<tr>\n<td width=\"65\">13<\/td>\n<td width=\"357\">Col de Tende Ouest \/Colle di Tenda<\/td>\n<td width=\"93\"><a href=\"http:\/\/centcols.org\/backup\/util\/geo\/visuGen.php?code=FR-06-1871\">FR-06-1871<\/a><\/td>\n<td width=\"91\"><a href=\"http:\/\/centcols.org\/backup\/util\/geo\/visuGen.php?code=IT-CN-1871\">IT-CN-1871<\/a><\/td>\n<\/tr>\n<tr>\n<td width=\"65\">14<\/td>\n<td width=\"357\">Colla San Bernardo<em> (di Mendatica)<\/em><\/td>\n<td colspan=\"2\" width=\"184\"><a href=\"http:\/\/centcols.org\/backup\/util\/geo\/visuGen.php?code=IT-IM-1263\">IT-IM-1263<\/a><\/td>\n<\/tr>\n<tr>\n<td width=\"65\">15<\/td>\n<td width=\"357\">Colla Rinella<\/td>\n<td colspan=\"2\" width=\"184\"><a href=\"http:\/\/centcols.org\/backup\/util\/geo\/visuGen.php?code=IT-IM-1281\">IT-IM-1281<\/a><\/td>\n<\/tr>\n<tr>\n<td width=\"65\">16<\/td>\n<td width=\"357\">Colla del Fieno<\/td>\n<td colspan=\"2\" width=\"184\"><a href=\"http:\/\/centcols.org\/backup\/util\/geo\/visuGen.php?code=IT-IM-1242\">IT-IM-1242<\/a><\/td>\n<\/tr>\n<tr>\n<td width=\"65\">17<\/td>\n<td width=\"357\">Colla dei Boschetti<\/td>\n<td colspan=\"2\" width=\"184\"><a href=\"http:\/\/centcols.org\/backup\/util\/geo\/visuGen.php?code=IT-IM-1229\">IT-IM-1229<\/a><\/td>\n<\/tr>\n<tr>\n<td width=\"65\">18<\/td>\n<td width=\"357\">Colle di Nava<\/td>\n<td colspan=\"2\" width=\"184\"><a href=\"http:\/\/centcols.org\/backup\/util\/geo\/visuGen.php?code=IT-IM-0941\">IT-IM-0941<\/a><\/td>\n<\/tr>\n<tr>\n<td width=\"65\">19<\/td>\n<td width=\"357\">Colla di San Bernardo<\/td>\n<td colspan=\"2\" width=\"184\"><a href=\"http:\/\/centcols.org\/backup\/util\/geo\/visuGen.php?code=IT-IM-1052\">IT-IM-1052<\/a><\/td>\n<\/tr>\n<tr>\n<td width=\"65\">20<\/td>\n<td width=\"357\">Passo di Prale<\/td>\n<td colspan=\"2\" width=\"184\"><a href=\"http:\/\/centcols.org\/backup\/util\/geo\/visuGen.php?code=IT-CN-1269b\">IT-CN-1269b<\/a><\/td>\n<\/tr>\n<tr>\n<td width=\"65\">21<\/td>\n<td width=\"357\">Colle Caprauna<\/td>\n<td colspan=\"2\" width=\"184\"><a href=\"http:\/\/centcols.org\/backup\/util\/geo\/visuGen.php?code=IT-CN-1376\">IT-CN-1376<\/a><\/td>\n<\/tr>\n<tr>\n<td width=\"65\">22<\/td>\n<td width=\"357\">Colle di San Bernardo<\/td>\n<td colspan=\"2\" width=\"184\"><a href=\"http:\/\/centcols.org\/backup\/util\/geo\/visuGen.php?code=IT-CN-0957\">IT-CN-0957<\/a><\/td>\n<\/tr>\n<tr>\n<td width=\"65\">23<\/td>\n<td width=\"357\">Colle Scravaion<\/td>\n<td colspan=\"2\" width=\"184\"><a href=\"http:\/\/centcols.org\/backup\/util\/geo\/visuGen.php?code=IT-SV-0820\">IT-SV-0820<\/a><\/td>\n<\/tr>\n<tr>\n<td width=\"65\">24<\/td>\n<td width=\"357\">Giogo di Toirano<\/td>\n<td colspan=\"2\" width=\"184\"><a href=\"http:\/\/centcols.org\/backup\/util\/geo\/visuGen.php?code=IT-SV-0807\">IT-SV-0807<\/a><\/td>\n<\/tr>\n<tr>\n<td width=\"65\">25<\/td>\n<td width=\"357\">Colle di Melogno<\/td>\n<td colspan=\"2\" width=\"184\"><a href=\"http:\/\/centcols.org\/backup\/util\/geo\/visuGen.php?code=IT-SV-1028\">IT-SV-1028<\/a><\/td>\n<\/tr>\n<tr>\n<td width=\"65\">26<\/td>\n<td width=\"357\">Bocchetta di Altare<\/td>\n<td colspan=\"2\" width=\"184\"><a href=\"http:\/\/centcols.org\/backup\/util\/geo\/visuGen.php?code=IT-SV-0440\">IT-SV-0440<\/a><\/td>\n<\/tr>\n<tr>\n<td width=\"65\">27<\/td>\n<td width=\"357\">Colle di Cadibona (tunnel)<\/td>\n<td colspan=\"2\" width=\"184\"><a href=\"http:\/\/centcols.org\/backup\/util\/geo\/visuGen.php?code=IT-SV-0435\">IT-SV-0435<\/a><\/td>\n<\/tr>\n<\/tbody>\n<\/table>\n<h3><strong>\u00a0<\/strong><strong>3 &#8211; LPE Mar del Nord \/ Mediterranei Occidentale.\u00a0 \u00a0 \u00a017 passi<\/strong><strong>\u00a0 \u00a0 \u00a0 \u00a0 \u00a0 \u00a0 \u00a0 \u00a0 \u00a0\u00a0<\/strong><\/h3>\n<table style=\"width: 761px;\" width=\"607\">\n<tbody>\n<tr>\n<td style=\"width: 115px;\" width=\"64\">1<\/td>\n<td style=\"width: 458px;\" width=\"256\">Furkapass \/Col de la Furka<\/td>\n<td style=\"width: 188px;\" width=\"105\"><a href=\"http:\/\/centcols.org\/backup\/util\/geo\/visuGen.php?code=CH-UR-2429c\">CH-UR-2429c<\/a><\/td>\n<\/tr>\n<tr>\n<td style=\"width: 115px;\" width=\"64\">2<\/td>\n<td style=\"width: 458px;\" width=\"256\">Grimselpass \/ Col du Grimsel<\/td>\n<td style=\"width: 188px;\" width=\"105\"><a href=\"http:\/\/centcols.org\/backup\/util\/geo\/visuGen.php?code=CH-BE-2165b\">CH-BE-2165b<\/a><\/td>\n<\/tr>\n<tr>\n<td style=\"width: 115px;\" width=\"64\">3<\/td>\n<td style=\"width: 458px;\" width=\"256\">Col du Sanetsch \/ Sanetschpass<\/td>\n<td style=\"width: 188px;\" width=\"105\"><a href=\"http:\/\/centcols.org\/backup\/util\/geo\/visuGen.php?code=CH-VS-2252\">CH-VS-2252<\/a><\/td>\n<\/tr>\n<tr>\n<td style=\"width: 115px;\" width=\"64\">4<\/td>\n<td style=\"width: 458px;\" width=\"256\">Col du Pillon<\/td>\n<td style=\"width: 188px;\" width=\"105\"><a href=\"http:\/\/centcols.org\/backup\/util\/geo\/visuGen.php?code=CH-VD-1546a\">CH-VD-1546a<\/a><\/td>\n<\/tr>\n<tr>\n<td style=\"width: 115px;\" width=\"64\">5<\/td>\n<td style=\"width: 458px;\" width=\"256\">Col des Mosses<\/td>\n<td style=\"width: 188px;\" width=\"105\"><a href=\"http:\/\/centcols.org\/backup\/util\/geo\/visuGen.php?code=CH-VD-1445\">CH-VD-1445<\/a><\/td>\n<\/tr>\n<tr>\n<td style=\"width: 115px;\" width=\"64\">6<\/td>\n<td style=\"width: 458px;\" width=\"256\">Col de la Pierre du Mouell\u00e9<\/td>\n<td style=\"width: 188px;\" width=\"105\"><a href=\"http:\/\/centcols.org\/backup\/util\/geo\/visuGen.php?code=CH-VD-1661\">CH-VD-1661<\/a><\/td>\n<\/tr>\n<tr>\n<td style=\"width: 115px;\" width=\"64\">7<\/td>\n<td style=\"width: 458px;\" width=\"256\">Col d&#8217;Ayerne<\/td>\n<td style=\"width: 188px;\" width=\"105\"><a href=\"http:\/\/centcols.org\/backup\/util\/geo\/visuGen.php?code=CH-VD-1465\">CH-VD-1465<\/a><\/td>\n<\/tr>\n<tr>\n<td style=\"width: 115px;\" width=\"64\">8<\/td>\n<td style=\"width: 458px;\" width=\"256\">Col de Chaude<\/td>\n<td style=\"width: 188px;\" width=\"105\"><a href=\"http:\/\/centcols.org\/backup\/util\/geo\/visuGen.php?code=CH-VD-1621\">CH-VD-1621<\/a><\/td>\n<\/tr>\n<tr>\n<td style=\"width: 115px;\" width=\"64\">9<\/td>\n<td style=\"width: 458px;\" width=\"256\">Col de Jaman<\/td>\n<td style=\"width: 188px;\" width=\"105\"><a href=\"http:\/\/centcols.org\/backup\/util\/geo\/visuGen.php?code=CH-VD-1512\">CH-VD-1512<\/a><\/td>\n<\/tr>\n<tr>\n<td style=\"width: 115px;\" width=\"64\">10<\/td>\n<td style=\"width: 458px;\" width=\"256\">Le Creux<\/td>\n<td style=\"width: 188px;\" width=\"105\"><a href=\"http:\/\/centcols.org\/backup\/util\/geo\/visuGen.php?code=CH-FR-1490\">CH-FR-1490<\/a><\/td>\n<\/tr>\n<tr>\n<td style=\"width: 115px;\" width=\"64\">11<\/td>\n<td style=\"width: 458px;\" width=\"256\">Col de Belle Chaux<\/td>\n<td style=\"width: 188px;\" width=\"105\"><a href=\"http:\/\/centcols.org\/backup\/util\/geo\/visuGen.php?code=CH-FR-1510a\">CH-FR-1510a<\/a><\/td>\n<\/tr>\n<tr>\n<td style=\"width: 115px;\" width=\"64\">12<\/td>\n<td style=\"width: 458px;\" width=\"256\">Col de Villard<\/td>\n<td style=\"width: 188px;\" width=\"105\"><a href=\"http:\/\/centcols.org\/backup\/util\/geo\/visuGen.php?code=CH-FR-1459b\">CH-FR-1459b<\/a><\/td>\n<\/tr>\n<tr>\n<td style=\"width: 115px;\" width=\"64\">13<\/td>\n<td style=\"width: 458px;\" width=\"256\">Col de Rathevel<\/td>\n<td style=\"width: 188px;\" width=\"105\"><a href=\"http:\/\/centcols.org\/backup\/util\/geo\/visuGen.php?code=CH-FR-1233\">CH-FR-1233<\/a><\/td>\n<\/tr>\n<tr>\n<td style=\"width: 115px;\" width=\"64\">14<\/td>\n<td style=\"width: 458px;\" width=\"256\">Seuil d&#8217;Attalens<\/td>\n<td style=\"width: 188px;\" width=\"105\"><a href=\"http:\/\/centcols.org\/backup\/util\/geo\/visuGen.php?code=CH-VD-0753\">CH-VD-0753<\/a><\/td>\n<\/tr>\n<tr>\n<td style=\"width: 115px;\" width=\"64\">15<\/td>\n<td style=\"width: 458px;\" width=\"256\">Le Basset<\/td>\n<td style=\"width: 188px;\" width=\"105\"><a href=\"https:\/\/centcols.org\/backup\/util\/geo\/visu.php?code=CH-VD-0683\">CH-VD-0683<\/a><\/td>\n<\/tr>\n<tr>\n<td style=\"width: 115px;\" width=\"64\">16<\/td>\n<td style=\"width: 458px;\" width=\"256\">Col de Gourze<\/td>\n<td style=\"width: 188px;\" width=\"105\"><a href=\"http:\/\/centcols.org\/backup\/util\/geo\/visuGen.php?code=CH-VD-0799\">CH-VD-0799<\/a><\/td>\n<\/tr>\n<tr>\n<td style=\"width: 115px;\" width=\"64\">17<\/td>\n<td style=\"width: 458px;\" width=\"256\">Col du Chalet-\u00e0-Gobet<\/td>\n<td style=\"width: 188px;\" width=\"105\"><a href=\"http:\/\/centcols.org\/backup\/util\/geo\/visuGen.php?code=CH-VD-0872\">CH-VD-0872<\/a><\/td>\n<\/tr>\n<\/tbody>\n<\/table>\n<h3>\u00a0<\/h3>\n<h3><strong>4 &#8211; LPE Mar del Nord \/ Mar Nero\u00a0 \u00a0 \u00a0 \u00a0 \u00a0 \u00a0 \u00a0 \u00a0 \u00a0 \u00a0 \u00a0 \u00a0 \u00a0 \u00a0 \u00a0 \u00a0 \u00a0 \u00a0 \u00a0 \u00a0 \u00a0 \u00a0 \u00a0 \u00a0 \u00a0 \u00a09\u00a0 passi\u00a0 \u00a0<\/strong><\/h3>\n<table width=\"607\">\n<tbody>\n<tr>\n<td width=\"65\">1<\/td>\n<td width=\"357\">Julierpass<\/td>\n<td width=\"184\"><a href=\"http:\/\/centcols.org\/backup\/util\/geo\/visuGen.php?code=CH-GR-2284\">CH-GR-2284<\/a><\/td>\n<\/tr>\n<tr>\n<td width=\"65\">2<\/td>\n<td width=\"357\">Albulapass<\/td>\n<td width=\"184\"><a href=\"http:\/\/centcols.org\/backup\/util\/geo\/visuGen.php?code=CH-GR-2312\">CH-GR-2312<\/a><\/td>\n<\/tr>\n<tr>\n<td width=\"65\">3<\/td>\n<td width=\"357\">Fl\u00fcelapass<\/td>\n<td width=\"184\"><a href=\"http:\/\/centcols.org\/backup\/util\/geo\/visuGen.php?code=CH-GR-2383a\">CH-GR-2383a<\/a><\/td>\n<\/tr>\n<tr>\n<td width=\"65\">4<\/td>\n<td width=\"357\">Bielerh\u00f6he<\/td>\n<td width=\"184\"><a href=\"http:\/\/centcols.org\/backup\/util\/geo\/visuGen.php?code=AT-7-2037a\">AT-7-2037a<\/a><\/td>\n<\/tr>\n<tr>\n<td width=\"65\">5<\/td>\n<td width=\"357\">Zeinisjoch<\/td>\n<td width=\"184\"><a href=\"http:\/\/centcols.org\/backup\/util\/geo\/visuGen.php?code=AT-7-1842\">AT-7-1842<\/a><\/td>\n<\/tr>\n<tr>\n<td width=\"65\">6<\/td>\n<td width=\"357\">Arlbergpass<\/td>\n<td width=\"184\"><a href=\"http:\/\/centcols.org\/backup\/util\/geo\/visuGen.php?code=AT-7-1793\">AT-7-1793<\/a><\/td>\n<\/tr>\n<tr>\n<td width=\"65\">7<\/td>\n<td width=\"357\">Flexenpass<\/td>\n<td width=\"184\"><a href=\"http:\/\/centcols.org\/backup\/util\/geo\/visuGen.php?code=AT-8-1773\">AT-8-1773<\/a><\/td>\n<\/tr>\n<tr>\n<td width=\"65\">8<\/td>\n<td width=\"357\">Hochtannbergpass<\/td>\n<td width=\"184\"><a href=\"http:\/\/centcols.org\/backup\/util\/geo\/visuGen.php?code=AT-8-1676\">AT-8-1676<\/a><\/td>\n<\/tr>\n<tr>\n<td width=\"65\">9<\/td>\n<td width=\"357\">Riedbergpass<\/td>\n<td width=\"184\"><a href=\"http:\/\/centcols.org\/backup\/util\/geo\/visuDE.php?code=DE-BY-1420\">DE-BY-1420<\/a><\/td>\n<\/tr>\n<\/tbody>\n<\/table>\n<h3><strong>5 -LPE Mar Nero \/ Adriatico\u00a0 \u00a0 \u00a0 \u00a0 \u00a0 \u00a0 \u00a0 \u00a0 \u00a0 \u00a0 \u00a0 \u00a0 \u00a0 \u00a0 \u00a0 \u00a0 \u00a0 \u00a0 \u00a0 \u00a0 \u00a0 \u00a0 \u00a0 \u00a0 \u00a0 \u00a0 \u00a0 \u00a0 \u00a0 23 passi<\/strong><\/h3>\n<table style=\"width: 100%; height: 552px;\" width=\"607\">\n<tbody>\n<tr style=\"height: 24px;\">\n<td style=\"height: 24px;\" width=\"65\">1<\/td>\n<td style=\"height: 24px;\" width=\"357\">\u00a0Passo del Maloja \/Malojapass<\/td>\n<td style=\"height: 24px;\" colspan=\"2\" width=\"184\"><a href=\"http:\/\/centcols.org\/backup\/util\/geo\/visuCH.php?code=CH-GR-1790\"><span style=\"color: #1e1e1e;\">CH-GR-1790<\/span><\/a><\/td>\n<\/tr>\n<tr style=\"height: 24px;\">\n<td style=\"height: 24px;\" width=\"65\">2<\/td>\n<td style=\"height: 24px;\" width=\"357\">Passo del Bernina \/ Berninapass<\/td>\n<td style=\"height: 24px;\" colspan=\"2\" width=\"184\"><a href=\"http:\/\/centcols.org\/backup\/util\/geo\/visuGen.php?code=CH-GR-2307\"><span style=\"color: #1e1e1e;\">CH-GR-2307<\/span><\/a><\/td>\n<\/tr>\n<tr style=\"height: 24px;\">\n<td style=\"height: 24px;\" width=\"65\">3<\/td>\n<td style=\"height: 24px;\" width=\"357\">Forcola di Livigno<\/td>\n<td style=\"height: 24px;\" width=\"93\"><a href=\"http:\/\/centcols.org\/backup\/util\/geo\/visuGen.php?code=IT-SO-2315\"><span style=\"color: #1e1e1e;\">IT-SO-2315<\/span><\/a><\/td>\n<td style=\"height: 24px;\" width=\"91\"><a href=\"http:\/\/centcols.org\/backup\/util\/geo\/visuGen.php?code=CH-GR-2315c\"><span style=\"color: #1e1e1e;\">CH-GR-2315c<\/span><\/a><\/td>\n<\/tr>\n<tr style=\"height: 24px;\">\n<td style=\"height: 24px;\" width=\"65\">4<\/td>\n<td style=\"height: 24px;\" width=\"357\">Passo di Foscagno<\/td>\n<td style=\"height: 24px;\" colspan=\"2\" width=\"184\"><a href=\"http:\/\/centcols.org\/backup\/util\/geo\/visuGen.php?code=IT-SO-2291\"><span style=\"color: #1e1e1e;\">IT-SO-2291<\/span><\/a><\/td>\n<\/tr>\n<tr style=\"height: 24px;\">\n<td style=\"height: 24px;\" width=\"65\">5<\/td>\n<td style=\"height: 24px;\" width=\"357\">Passo di Fraele<\/td>\n<td style=\"height: 24px;\" colspan=\"2\" width=\"184\"><a href=\"http:\/\/centcols.org\/backup\/util\/geo\/visuGen.php?code=IT-SO-1952\"><span style=\"color: #1e1e1e;\">IT-SO-1952<\/span><\/a><\/td>\n<\/tr>\n<tr style=\"height: 24px;\">\n<td style=\"height: 24px;\" width=\"65\">6<\/td>\n<td style=\"height: 24px;\" width=\"357\">Ofenpass \/ Pass dal Fuorn<\/td>\n<td style=\"height: 24px;\" colspan=\"2\" width=\"184\"><a href=\"http:\/\/centcols.org\/backup\/util\/geo\/visuGen.php?code=CH-GR-2149b\"><span style=\"color: #1e1e1e;\">CH-GR-2149b<\/span><\/a><\/td>\n<\/tr>\n<tr style=\"height: 24px;\">\n<td style=\"height: 24px;\" width=\"65\">7<\/td>\n<td style=\"height: 24px;\" width=\"357\">Passo di Resia \/ Reschenpass<\/td>\n<td style=\"height: 24px;\" colspan=\"2\" width=\"184\"><a href=\"http:\/\/centcols.org\/backup\/util\/geo\/visuGen.php?code=IT-BZ-1507\"><span style=\"color: #1e1e1e;\">IT-BZ-1507<\/span><\/a><\/td>\n<\/tr>\n<tr style=\"height: 24px;\">\n<td style=\"height: 24px;\" width=\"65\">8<\/td>\n<td style=\"height: 24px;\" width=\"357\">Passo del Rombo \/ Timmelsjoch<\/td>\n<td style=\"height: 24px;\" width=\"93\"><a href=\"http:\/\/centcols.org\/backup\/util\/geo\/visuGen.php?code=AT-7-2474\"><span style=\"color: #1e1e1e;\">AT-7-2474<\/span><\/a><\/td>\n<td style=\"height: 24px;\" width=\"91\"><a href=\"http:\/\/centcols.org\/backup\/util\/geo\/visuGen.php?code=IT-BZ-2491\"><span style=\"color: #1e1e1e;\">IT-BZ-2491<\/span><\/a><\/td>\n<\/tr>\n<tr style=\"height: 24px;\">\n<td style=\"height: 24px;\" width=\"65\">9<\/td>\n<td style=\"height: 24px;\" width=\"357\">Passo del Brennero \/Brennerpass<\/td>\n<td style=\"height: 24px;\" width=\"93\"><a href=\"http:\/\/centcols.org\/backup\/util\/geo\/visuGen.php?code=AT-7-1370\"><span style=\"color: #1e1e1e;\">AT-7-1370<\/span><\/a><\/td>\n<td style=\"height: 24px;\" width=\"91\"><a href=\"http:\/\/centcols.org\/backup\/util\/geo\/visuGen.php?code=IT-BZ-1375\"><span style=\"color: #1e1e1e;\">IT-BZ-1375<\/span><\/a><\/td>\n<\/tr>\n<tr style=\"height: 24px;\">\n<td style=\"height: 24px;\" width=\"65\">10<\/td>\n<td style=\"height: 24px;\" width=\"357\">Passo di Vizze \/ Pfitscher Joch<\/td>\n<td style=\"height: 24px;\" width=\"93\"><a href=\"http:\/\/centcols.org\/backup\/util\/geo\/visuGen.php?code=AT-7-2246\"><span style=\"color: #1e1e1e;\">AT-7-2246<\/span><\/a><\/td>\n<td style=\"height: 24px;\" width=\"91\"><a href=\"http:\/\/centcols.org\/backup\/util\/geo\/visuGen.php?code=IT-BZ-2251\"><span style=\"color: #1e1e1e;\">IT-BZ-2251<\/span><\/a><\/td>\n<\/tr>\n<tr style=\"height: 24px;\">\n<td style=\"height: 24px;\" width=\"65\">11<\/td>\n<td style=\"height: 24px;\" width=\"357\">Passo di Gola \/ Klammljoch<\/td>\n<td style=\"height: 24px;\" width=\"93\"><a href=\"http:\/\/centcols.org\/backup\/util\/geo\/visuGen.php?code=AT-7-2288\"><span style=\"color: #1e1e1e;\">AT-7-2288<\/span><\/a><\/td>\n<td style=\"height: 24px;\" width=\"91\"><a href=\"http:\/\/centcols.org\/backup\/util\/geo\/visuGen.php?code=IT-BZ-2288\"><span style=\"color: #1e1e1e;\">IT-BZ-2288<\/span><\/a><\/td>\n<\/tr>\n<tr style=\"height: 24px;\">\n<td style=\"height: 24px;\" width=\"65\">12<\/td>\n<td style=\"height: 24px;\" width=\"357\">Passo Stalle \/ Staller Sattel<\/td>\n<td style=\"height: 24px;\" width=\"93\"><a href=\"http:\/\/centcols.org\/backup\/util\/geo\/visuGen.php?code=AT-7-2052\"><span style=\"color: #1e1e1e;\">AT-7-2052<\/span><\/a><\/td>\n<td style=\"height: 24px;\" width=\"91\"><a href=\"http:\/\/centcols.org\/backup\/util\/geo\/visuGen.php?code=IT-BZ-2052\"><span style=\"color: #1e1e1e;\">IT-BZ-2052<\/span><\/a><\/td>\n<\/tr>\n<tr style=\"height: 24px;\">\n<td style=\"height: 24px;\" width=\"65\">13<\/td>\n<td style=\"height: 24px;\" width=\"357\"><a href=\"http:\/\/centcols.org\/backup\/util\/geo\/visuGen.php?code=IT-BZ-1209\"><span style=\"color: #1e1e1e;\">Sella di Dobbiaco \/ Toblacher Sattel<\/span><\/a><\/td>\n<td style=\"height: 24px;\" colspan=\"2\" width=\"184\"><a href=\"http:\/\/centcols.org\/backup\/util\/geo\/visuGen.php?code=IT-BZ-1209\"><span style=\"color: #1e1e1e;\">IT-BZ-1209<\/span><\/a><\/td>\n<\/tr>\n<tr style=\"height: 24px;\">\n<td style=\"height: 24px;\" width=\"65\">14<\/td>\n<td style=\"height: 24px;\" width=\"357\"><a href=\"http:\/\/centcols.org\/backup\/util\/geo\/visuGen.php?code=IT-BL-1637\"><span style=\"color: #1e1e1e;\">Passo Monte Croce Comelico \/Kreuzbergpass<\/span><\/a><\/td>\n<td style=\"height: 24px;\" colspan=\"2\" width=\"184\"><a href=\"http:\/\/centcols.org\/backup\/util\/geo\/visuGen.php?code=IT-BL-1637\"><span style=\"color: #1e1e1e;\">IT-BL-1637<\/span><\/a><\/td>\n<\/tr>\n<tr style=\"height: 24px;\">\n<td style=\"height: 24px;\" width=\"65\">15<\/td>\n<td style=\"height: 24px;\" width=\"357\">Passo di Monte Croce Carnico \/ Pl\u00f6ckenpass<\/td>\n<td style=\"height: 24px;\" width=\"93\"><a href=\"http:\/\/centcols.org\/backup\/util\/geo\/visuGen.php?code=AT-2-1357b\"><span style=\"color: #1e1e1e;\">AT-2-1357b<\/span><\/a><\/td>\n<td style=\"height: 24px;\" width=\"91\"><a href=\"http:\/\/centcols.org\/backup\/util\/geo\/visuGen.php?code=IT-UD-1360\"><span style=\"color: #1e1e1e;\">IT-UD-1360<\/span><\/a><\/td>\n<\/tr>\n<tr style=\"height: 24px;\">\n<td style=\"height: 24px;\" width=\"65\">16<\/td>\n<td style=\"height: 24px;\" width=\"357\">Passo di Pramollo \/ Nassfeldpass<\/td>\n<td style=\"height: 24px;\" width=\"93\"><a href=\"http:\/\/centcols.org\/backup\/util\/geo\/visuGen.php?code=AT-2-1530\"><span style=\"color: #1e1e1e;\">AT-2-1530<\/span><\/a><\/td>\n<td style=\"height: 24px;\" width=\"91\"><a href=\"http:\/\/centcols.org\/backup\/util\/geo\/visuGen.php?code=IT-UD-1531\"><span style=\"color: #1e1e1e;\">IT-UD-1531<\/span><\/a><\/td>\n<\/tr>\n<tr style=\"height: 24px;\">\n<td style=\"height: 24px;\" width=\"65\">17<\/td>\n<td style=\"height: 24px;\" width=\"357\">Sella di Camporosso<\/td>\n<td style=\"height: 24px;\" colspan=\"2\" width=\"184\"><a href=\"http:\/\/centcols.org\/backup\/util\/geo\/visuGen.php?code=IT-UD-0814\"><span style=\"color: #1e1e1e;\">IT-UD-0814<\/span><\/a><\/td>\n<\/tr>\n<tr style=\"height: 24px;\">\n<td style=\"height: 24px;\" width=\"65\">18<\/td>\n<td style=\"height: 24px;\" width=\"357\">Sella Nevea<\/td>\n<td style=\"height: 24px;\" colspan=\"2\" width=\"184\"><a href=\"http:\/\/centcols.org\/backup\/util\/geo\/visuGen.php?code=IT-UD-1178\"><span style=\"color: #1e1e1e;\">IT-UD-1178<\/span><\/a><\/td>\n<\/tr>\n<tr style=\"height: 24px;\">\n<td style=\"height: 24px;\" width=\"65\">19<\/td>\n<td style=\"height: 24px;\" width=\"357\">Passo del Predil \/\u00a0 Predel<\/td>\n<td style=\"height: 24px;\" width=\"93\"><a href=\"http:\/\/centcols.org\/backup\/util\/geo\/visuGen.php?code=IT-UD-1156\"><span style=\"color: #1e1e1e;\">IT-UD-1156<\/span><\/a><\/td>\n<td style=\"height: 24px;\" width=\"91\"><a href=\"http:\/\/centcols.org\/backup\/util\/geo\/visuGen.php?code=SI-1156\"><span style=\"color: #1e1e1e;\">SI-1156<\/span><\/a><\/td>\n<\/tr>\n<tr style=\"height: 24px;\">\n<td style=\"height: 24px;\" width=\"65\">20<\/td>\n<td style=\"height: 24px;\" width=\"357\">Forcella della Lavina \/ Klanska \u0161krbina<\/td>\n<td style=\"height: 24px;\" width=\"93\"><a href=\"http:\/\/centcols.org\/backup\/util\/geo\/visuGen.php?code=IT-UD-2068\"><span style=\"color: #1e1e1e;\">IT-UD-2068<\/span><\/a><\/td>\n<td style=\"height: 24px;\" width=\"91\"><a href=\"http:\/\/centcols.org\/backup\/util\/geo\/visuGen.php?code=SI-2055\"><span style=\"color: #1e1e1e;\">SI-2055<\/span><\/a><\/td>\n<\/tr>\n<tr style=\"height: 24px;\">\n<td style=\"height: 24px;\" width=\"65\">21<\/td>\n<td style=\"height: 24px;\" width=\"357\">Preval Vr\u0161i\u010d \/ Passo di Moistrocca<\/td>\n<td style=\"height: 24px;\" colspan=\"2\" width=\"184\"><a href=\"http:\/\/centcols.org\/backup\/util\/geo\/visuGen.php?code=SI-1611\"><span style=\"color: #1e1e1e;\">SI-1611<\/span><\/a><\/td>\n<\/tr>\n<tr style=\"height: 24px;\">\n<td style=\"height: 24px;\" width=\"65\">22<\/td>\n<td style=\"height: 24px;\" width=\"357\">Bohinjsko sedlo<\/td>\n<td style=\"height: 24px;\" colspan=\"2\" width=\"184\"><a href=\"http:\/\/centcols.org\/backup\/util\/geo\/visuGen.php?code=SI-1277\"><span style=\"color: #1e1e1e;\">SI-1277<\/span><\/a><\/td>\n<\/tr>\n<tr style=\"height: 24px;\">\n<td style=\"height: 24px;\" width=\"65\">23<\/td>\n<td style=\"height: 24px;\" width=\"357\">Postojnska Vrata<\/td>\n<td style=\"height: 24px;\" colspan=\"2\" width=\"184\"><a href=\"http:\/\/centcols.org\/backup\/util\/geo\/visuGen.php?code=SI-0610\"><span style=\"color: #1e1e1e;\">SI-0610<\/span><\/a><\/td>\n<\/tr>\n<\/tbody>\n<\/table>\n\n\n<p><\/p>\n","protected":false},"excerpt":{"rendered":"<p>G\u00e9rard Galland ci propone questo challenge: Valicare tutti i passi stradali situati sui cinque principali spartiacque delle Alpi, e cio\u00e8:\u00a01 \u2013 Mar del Nord \/ Adriatico, 2 \u2013 Mediterraneo Occidentale \/ Adriatico, 3 \u2013 Mar del Nord \/ Mediterraneo O., 4 \u2013 Mar del Nord \/ Mar Nero, 5 \u2013 Mar Nero \/ Adriatico. 80\u00a0passi. [&hellip;]<\/p>\n","protected":false},"author":69,"featured_media":36248,"comment_status":"closed","ping_status":"closed","sticky":false,"template":"","format":"standard","meta":{"_acf_changed":false,"ub_ctt_via":"","_monsterinsights_skip_tracking":false,"_monsterinsights_sitenote_active":false,"_monsterinsights_sitenote_note":"","_monsterinsights_sitenote_category":0,"footnotes":""},"categories":[369],"tags":[],"acf":[],"featured_image_urls":{"full":["https:\/\/centcols.org\/backup\/wp-content\/uploads\/2019\/08\/splugen.jpg",1355,965,false],"thumbnail":["https:\/\/centcols.org\/backup\/wp-content\/uploads\/2019\/08\/splugen-300x300.jpg",300,300,true],"medium":["https:\/\/centcols.org\/backup\/wp-content\/uploads\/2019\/08\/splugen-500x356.jpg",500,356,true],"medium_large":["https:\/\/centcols.org\/backup\/wp-content\/uploads\/2019\/08\/splugen-768x547.jpg",768,547,true],"large":["https:\/\/centcols.org\/backup\/wp-content\/uploads\/2019\/08\/splugen-1200x855.jpg",1200,855,true],"1536x1536":["https:\/\/centcols.org\/backup\/wp-content\/uploads\/2019\/08\/splugen.jpg",1355,965,false],"2048x2048":["https:\/\/centcols.org\/backup\/wp-content\/uploads\/2019\/08\/splugen.jpg",1355,965,false],"woocommerce_thumbnail":["https:\/\/centcols.org\/backup\/wp-content\/uploads\/2019\/08\/splugen-300x300.jpg",300,300,true],"woocommerce_single":["https:\/\/centcols.org\/backup\/wp-content\/uploads\/2019\/08\/splugen-600x427.jpg",600,427,true],"woocommerce_gallery_thumbnail":["https:\/\/centcols.org\/backup\/wp-content\/uploads\/2019\/08\/splugen-100x100.jpg",100,100,true]},"post_excerpt_stackable":"<p>G\u00e9rard Galland ci propone questo challenge: Valicare tutti i passi stradali situati sui cinque principali spartiacque delle Alpi, e cio\u00e8:\u00a01 \u2013 Mar del Nord \/ Adriatico, 2 \u2013 Mediterraneo Occidentale \/ Adriatico, 3 \u2013 Mar del Nord \/ Mediterraneo O., 4 \u2013 Mar del Nord \/ Mar Nero, 5 \u2013 Mar Nero \/ Adriatico. 80\u00a0passi. Numerosi paesi coinvolti. Questo challenge \u00e8 aperto ai soci e non soci del Club des Cent Cols. Contatto: LPEdes&#65;&#108;&#112;es&#64;&#99;&#101;&#110;tco&#108;&#115;.&#110;&#101;tModulo d\u2019iscrizione Formato PDF \u00a0Formato Word Obiettivi L\u2019obiettivo di questo challenge \u00e8 anche d\u2019incitare i partecipanti a un\u2019osservazione dettagliata delle zone visitate riguardanti la rete idrografica delle&hellip;<\/p>\n","category_list":"<a href=\"https:\/\/centcols.org\/backup\/it\/categorie\/challenge_it\/\" rel=\"category tag\">Challenge<\/a>","author_info":{"display_name":"Enrico Alberini","author_link":"https:\/\/centcols.org\/backup\/it\/author\/5065\/"},"comments_num":"0 commenti","featured_image_urls_v2":{"full":["https:\/\/centcols.org\/backup\/wp-content\/uploads\/2019\/08\/splugen.jpg",1355,965,false],"thumbnail":["https:\/\/centcols.org\/backup\/wp-content\/uploads\/2019\/08\/splugen-300x300.jpg",300,300,true],"medium":["https:\/\/centcols.org\/backup\/wp-content\/uploads\/2019\/08\/splugen-500x356.jpg",500,356,true],"medium_large":["https:\/\/centcols.org\/backup\/wp-content\/uploads\/2019\/08\/splugen-768x547.jpg",768,547,true],"large":["https:\/\/centcols.org\/backup\/wp-content\/uploads\/2019\/08\/splugen-1200x855.jpg",1200,855,true],"1536x1536":["https:\/\/centcols.org\/backup\/wp-content\/uploads\/2019\/08\/splugen.jpg",1355,965,false],"2048x2048":["https:\/\/centcols.org\/backup\/wp-content\/uploads\/2019\/08\/splugen.jpg",1355,965,false],"woocommerce_thumbnail":["https:\/\/centcols.org\/backup\/wp-content\/uploads\/2019\/08\/splugen-300x300.jpg",300,300,true],"woocommerce_single":["https:\/\/centcols.org\/backup\/wp-content\/uploads\/2019\/08\/splugen-600x427.jpg",600,427,true],"woocommerce_gallery_thumbnail":["https:\/\/centcols.org\/backup\/wp-content\/uploads\/2019\/08\/splugen-100x100.jpg",100,100,true]},"post_excerpt_stackable_v2":"<p>G\u00e9rard Galland ci propone questo challenge: Valicare tutti i passi stradali situati sui cinque principali spartiacque delle Alpi, e cio\u00e8:\u00a01 \u2013 Mar del Nord \/ Adriatico, 2 \u2013 Mediterraneo Occidentale \/ Adriatico, 3 \u2013 Mar del Nord \/ Mediterraneo O., 4 \u2013 Mar del Nord \/ Mar Nero, 5 \u2013 Mar Nero \/ Adriatico. 80\u00a0passi. Numerosi paesi coinvolti. Questo challenge \u00e8 aperto ai soci e non soci del Club des Cent Cols. Contatto: &#76;&#80;&#69;&#100;&#101;sA&#108;p&#101;s&#64;ce&#110;tcols&#46;n&#101;tModulo d\u2019iscrizione Formato PDF \u00a0Formato Word Obiettivi L\u2019obiettivo di questo challenge \u00e8 anche d\u2019incitare i partecipanti a un\u2019osservazione dettagliata delle zone visitate riguardanti la rete idrografica delle&hellip;<\/p>\n","category_list_v2":"<a href=\"https:\/\/centcols.org\/backup\/it\/categorie\/challenge_it\/\" rel=\"category tag\">Challenge<\/a>","author_info_v2":{"name":"Enrico Alberini","url":"https:\/\/centcols.org\/backup\/it\/author\/5065\/"},"comments_num_v2":"0 commenti","featured_image_src":"https:\/\/centcols.org\/backup\/wp-content\/uploads\/2019\/08\/splugen.jpg","_links":{"self":[{"href":"https:\/\/centcols.org\/backup\/it\/wp-json\/wp\/v2\/posts\/39739"}],"collection":[{"href":"https:\/\/centcols.org\/backup\/it\/wp-json\/wp\/v2\/posts"}],"about":[{"href":"https:\/\/centcols.org\/backup\/it\/wp-json\/wp\/v2\/types\/post"}],"author":[{"embeddable":true,"href":"https:\/\/centcols.org\/backup\/it\/wp-json\/wp\/v2\/users\/69"}],"replies":[{"embeddable":true,"href":"https:\/\/centcols.org\/backup\/it\/wp-json\/wp\/v2\/comments?post=39739"}],"version-history":[{"count":0,"href":"https:\/\/centcols.org\/backup\/it\/wp-json\/wp\/v2\/posts\/39739\/revisions"}],"wp:featuredmedia":[{"embeddable":true,"href":"https:\/\/centcols.org\/backup\/it\/wp-json\/wp\/v2\/media\/36248"}],"wp:attachment":[{"href":"https:\/\/centcols.org\/backup\/it\/wp-json\/wp\/v2\/media?parent=39739"}],"wp:term":[{"taxonomy":"category","embeddable":true,"href":"https:\/\/centcols.org\/backup\/it\/wp-json\/wp\/v2\/categories?post=39739"},{"taxonomy":"post_tag","embeddable":true,"href":"https:\/\/centcols.org\/backup\/it\/wp-json\/wp\/v2\/tags?post=39739"}],"curies":[{"name":"wp","href":"https:\/\/api.w.org\/{rel}","templated":true}]}}