{"id":39880,"date":"2015-05-07T10:16:09","date_gmt":"2015-05-07T08:16:09","guid":{"rendered":"https:\/\/centcols.org\/backup\/la-ultreia-cent-cols-de-barcelona-a-santiago-de-compostela\/"},"modified":"2021-05-26T18:36:11","modified_gmt":"2021-05-26T16:36:11","slug":"la-ultreia-cent-cols-de-barcelona-a-santiago-de-compostela","status":"publish","type":"post","link":"https:\/\/centcols.org\/backup\/it\/la-ultreia-cent-cols-de-barcelona-a-santiago-de-compostela\/","title":{"rendered":"La Ultre\u00efa : Cento Passi da Barcellona a Santiago-de-Compostela"},"content":{"rendered":"<h2>Presentazione<\/h2>\n<p>Questa randonn\u00e9 permanente del Club des Cent Cols vi far\u00e0 scoprire 100 passi stradali (asfaltati) durante la traversata del nord della penisola iberica, con partenza da Barcellona, e con destinazione Santiago de Compostela, l\u2019accento \u00e8 messo sui\u00a0 Caminos (Cammini di San Giacomo) incontrati.<\/p>\n<p>Dislivello minimo: 26\u00a0000 m; Distanza: 1 850 km circa.<\/p>\n<p>Tracciato da Bernard \u00ab Biki \u00bb Pommel (Cent Cols n\u00b0 3094).<\/p>\n<p><a class=\"iframe-fancybox\" href=\"\/rando_perm\/ultr\/parcours.htm\" target=\"_blank\" rel=\"noopener noreferrer\">Percorso<\/a><\/p>\n<p><iframe loading=\"lazy\" src=\"\/rando_perm\/carto\/mbtrp.php?rp=ult\" width=\"800\" height=\"600\"><\/iframe><\/p>\n<p><a class=\"iframe-fancybox\" href=\"\/rando_perm\/ultr\/profil.htm\" target=\"_blank\" rel=\"noopener noreferrer\">Profilo<\/a><\/p>\n<p><a class=\"iframe-fancybox\" href=\"\/rando_perm\/ultr\/hebergements.htm\" target=\"_blank\" rel=\"noopener noreferrer\">Alloggi<\/a><\/p>\n<p><a href=\"\/rando_perm\/inscription.php?rando=ult\" target=\"_blank\" rel=\"noopener noreferrer\">Modulo d&#8217;iscrizione<\/a><\/p>\n<h2>Tema<\/h2>\n<p>Il Club des Cent Cols, fondato nel 1972, affiliato alla<a href=\"http:\/\/ffct.org\/\"> Federazione Francese del Cicloturismo<\/a> sotto il N\u00b06384, vi propone questa randonn\u00e9 permanente basata su un tema semplice: \u00ab Cento Passi fino a <span style=\"display: inline !important; float: none; background-color: #ffffff; color: #555555; cursor: text; font-family: Arial,sans-serif; font-size: 14px; font-style: normal; font-variant: normal; font-weight: 400; letter-spacing: normal; orphans: 2; text-align: left; text-decoration: none; text-indent: 0px; text-transform: none; -webkit-text-stroke-width: 0px; white-space: normal; word-spacing: 0px;\">Santiago-de-Compostela<\/span> \u00bb, cio\u00e8 un percorso di 100 passi tra la Sagrada Familia a Barcellona e la cattedrale di\u00a0 Santiago-de-Compostela, fine del pellegrinaggio dallo stesso nome.<\/p>\n<p>Questo itinerario non ha la pretesa di essere un \u00ab Cammino di San Giacomo \u00bb, nemmeno di seguire uno o pi\u00f9 \u00ab Caminos \u00bb, l\u2019obiettivo primario \u00e8 quello di valicare 100 passi (90 sul percorso lineare, 10 con dei brevi andata-ritorno).<\/p>\n<p>Tuttavia nel limite del possibile l&#8217;accento \u00e8 messo sui diversi \u00ab Caminos \u00bb incontrati, e il loro percorso \u00e8 talvolta seguito per parecchi chilometri.<\/p>\n<p><strong>NB : \u00ab Ultre\u00efa \u00bb (dal latino ultra -al di l\u00e0 e eia, interlocuzione che evoca uno spostamento) \u00e8 un&#8217;espressione di gioia del Medioevo, principalmente al pellegrinaggio di Santiago di Compostela. Questo saluto di raccolta dei pellegrini di Santiago di Compostela significa: andare pi\u00f9 lontano, pi\u00f9 alto.<\/strong><\/p>\n<p>Il libretto di viaggio della randonn\u00e9, fornito ai partecipanti iscritti, contiene inoltre della documentazione aggiuntiva sulla storia e la leggenda di Santiago di Compostela, i diversi Cammini che portano a Santiago e una bibliografia sull&#8217;argomento.<\/p>\n<h2>Particolarit\u00e0<\/h2>\n<h3>Stagione da preferire<\/h3>\n<p>Come in tutte le randonn\u00e9 permanenti del Club des Cent Cols, &#8220;La Ultre\u00efa&#8221; pu\u00f2 essere realizzata senza limiti di tempo e in tanti viaggi quanti ne desidera il partecipante, in qualsiasi periodo dell&#8217;anno.<\/p>\n<p>Tuttavia, l&#8217;inverno pu\u00f2 rendere impraticabili alcuni passi anche se le loro altitudini non sono molto elevate. Il grande calore agostano pu\u00f2 essere molto penoso. Le stagioni migliori sono la primavera e l&#8217;autunno.<\/p>\n<h3>Alloggi<\/h3>\n<p>L&#8217;estensione del territorio coperto da questa randonn\u00e9 non ci permette di dare un elenco esaustivo degli alloggi. Ci limitiamo quindi a fornire gli indirizzi interne di organismi che propongono degli alloggi o forniscono delle informazioni sull&#8217;argomento, come gli uffici del turismo, sindacati d&#8217;iniziativa, associazione degli albergatori, etc. Questo elenco di indirizzi \u00e8 sulla pagina <a href=\"\/rando_perm\/ultr\/hebergements.htm\" target=\"_blank\" rel=\"noopener noreferrer\">Alloggi<\/a> della rando.<\/p>\n<h3>Urbanizzazione e fonti<\/h3>\n<p>Trattandosi di una traversata quasi integrale del nord della Spagna, il randonneur trover\u00e0 ogni sorta di paesaggi, andando da qualche settore molto urbanizzato o industrializzato (che si \u00e8 tuttavia cercato di evitare al massimo) a delle valli senza grandi fonti o spopolate. Vi consigliamo quindi di studiare bene il percorso e di anticipare sempre i vostri rifornimenti.<\/p>\n<h2>Controlli<\/h2>\n<p>La randonn\u00e9 \u00e8 proposta da est a ovest, comincia a Barcellona e termina a Santiago de Compostela. E&#8217; divisa in 9 sezioni, per ognuna delle quali dovrete farvi timbrare la vostra carta di viaggio in due punti; dovete farvi timbrare la vostra carta anche a Barcellona e a Santiago de Compostela, per un totale di 20 timbri ottenuti in 20 localit\u00e0 diverse. Riceverete due fogli di viaggio (ognuno contenente 12 caselle da timbrare) per completare questa randonn\u00e9..<\/p>\n<h2>Presentazione delle diverse sezioni<\/h2>\n<table>\n<tbody>\n<tr>\n<td>\n<table class=\"sectTbl\">\n<thead>\n<tr>\n<th>Sezione<\/th>\n<th>Inizio della sezione<\/th>\n<th>Fine della sezione<\/th>\n<th>Km.<\/th>\n<th>Alti<br \/>\nmini<\/th>\n<th>Alti<br \/>\nmaxi<\/th>\n<th>Disliv<br \/>\n(*)<\/th>\n<th>Passi<\/th>\n<\/tr>\n<\/thead>\n<tbody>\n<tr>\n<th class=\"r\">1<\/th>\n<td>Barcellona<\/td>\n<td>Solsona<\/td>\n<td>206<\/td>\n<td>33<\/td>\n<td>720<\/td>\n<td>2550<\/td>\n<td>14<\/td>\n<\/tr>\n<tr>\n<th class=\"r\">2<\/th>\n<td>Solsona<\/td>\n<td>Campo<\/td>\n<td>216<\/td>\n<td>445<\/td>\n<td>1471<\/td>\n<td>3200<\/td>\n<td>15<\/td>\n<\/tr>\n<tr>\n<th class=\"r\">3<\/th>\n<td>Campo<\/td>\n<td>Burgui<\/td>\n<td>230<\/td>\n<td>530<\/td>\n<td>1267<\/td>\n<td>2600<\/td>\n<td>8<\/td>\n<\/tr>\n<tr>\n<th class=\"r\">4<\/th>\n<td>Burgui<\/td>\n<td>Markina Xemein<\/td>\n<td>241<\/td>\n<td>45<\/td>\n<td>1056<\/td>\n<td>3500<\/td>\n<td>17<\/td>\n<\/tr>\n<tr>\n<th class=\"r\">5<\/th>\n<td>Markina Xemein<\/td>\n<td>Puente Viesgo<\/td>\n<td>219<\/td>\n<td>2<\/td>\n<td>445<\/td>\n<td>2750<\/td>\n<td>13<\/td>\n<\/tr>\n<tr>\n<th class=\"r\">6<\/th>\n<td>Puente Viesgo<\/td>\n<td>Puebla de Lillo<\/td>\n<td>208<\/td>\n<td>50<\/td>\n<td>1627<\/td>\n<td>4550<\/td>\n<td>12<\/td>\n<\/tr>\n<tr>\n<th class=\"r\">7<\/th>\n<td>Puebla de Lillo<\/td>\n<td>Villablino<\/td>\n<td>204<\/td>\n<td>210<\/td>\n<td>1521<\/td>\n<td>4250<\/td>\n<td>7<\/td>\n<\/tr>\n<tr>\n<th class=\"r\">8<\/th>\n<td>Villablino<\/td>\n<td>Outeiro de Rei<\/td>\n<td>206<\/td>\n<td>230<\/td>\n<td>1364<\/td>\n<td>2400<\/td>\n<td>12<\/td>\n<\/tr>\n<tr>\n<th class=\"r\">9<\/th>\n<td>Outeiro de Rei<\/td>\n<td>Santiago de Compostela<\/td>\n<td>109<\/td>\n<td>250<\/td>\n<td>600<\/td>\n<td>400<\/td>\n<td>2<\/td>\n<\/tr>\n<\/tbody>\n<\/table>\n<\/td>\n<td><\/td>\n<td><\/td>\n<td><\/td>\n<td><\/td>\n<td><\/td>\n<td><\/td>\n<td><\/td>\n<\/tr>\n<\/tbody>\n<\/table>\n<p>(*) I dislivelli sono stati calcolati a partire dal foglio di viaggio. La realt\u00e0 sul terreno non potr\u00e0 che essere maggiore !<\/p>\n<ol>\n<li><strong>Barcellona &#8211; Solsona (206 km, 14 passi, altitudine mini 33 m, altitudine maxi 720 m, 2550 m di dislivello)<\/strong>: Scegliamo per raggiuingere la cattedrale di Santiago di Compostela, di partire simbolicamente dalla Sagrada Familia. Iniziamo quindi la nostra randonn\u00e9 in Barcellona stessa (dove troveremo il nostro primo passo), e dovremo attraversare la sua periferia molto urbanizzata (Sant Cugat del Valles, Terrassa), la ricompensa sar\u00e0 la traversata della Sierra de Montserrat, dove troveremo il Cami di Sant Jaume. Successivamente andremo verso il nord verso il Piemonte pirenaico.<\/li>\n<li><strong>Solsona \u2013 Campo (216 km, 15 passi, altitudine mini 445 m, altitudine maxi 1471 m [Coll de Fades], 3200 m <strong style=\"color: #555555; font-family: Arial,sans-serif; font-size: 14px; font-style: normal; font-variant: normal; font-weight: bold; letter-spacing: normal; orphans: 2; text-align: left; text-decoration: none; text-indent: 0px; text-transform: none; -webkit-text-stroke-width: 0px; white-space: normal; word-spacing: 0px; padding: 0px; margin: 0px;\">di dislivello<\/strong>)<\/strong>: Arrivati in questo Piemonte andremo verso l&#8217;ovest (nord ovest) e cominciamo il passaggio da vallata a vallata, tre gli scavalcamenti principali in questo settore con le valli d\u2019El Segre, della Noguera Pallaresa, della Noguera Ribagor\u00e7ana (che separa la Catalogna dall&#8217;Aragona e del Rio Esera, e i passi corrispondenti.<\/li>\n<li><strong>Campo &#8211; Burgui (230 km, 8 passi, altitudine mini 530 m, altitudine maxi 1267 m [Puerto de Serrablo], 2600 m <strong style=\"color: #555555; font-family: Arial,sans-serif; font-size: 14px; font-style: normal; font-variant: normal; font-weight: bold; letter-spacing: normal; orphans: 2; text-align: left; text-decoration: none; text-indent: 0px; text-transform: none; -webkit-text-stroke-width: 0px; white-space: normal; word-spacing: 0px; padding: 0px; margin: 0px;\">di dislivello<\/strong>)<\/strong>: Il nostro percorso a salta montone (o passavalli) ci conduce al primo \u00ab Camino \u00bb principale, la via Tolosana che scende dal Somport, Camino che lasciamo rapidamente per andare ad ammirare il monastero di San Juan de la Pe\u00f1a, prima di lasciare l&#8217;Aragona e entrare in Navarra. .<\/li>\n<li><strong>Burgui &#8211; Markina Xemein (241 km, 17 passi, altitudine mini 45 m, altitudine maxi 1056 m [Puerto de Iba\u00f1eta], 3500 m <strong style=\"color: #555555; font-family: Arial,sans-serif; font-size: 14px; font-style: normal; font-variant: normal; font-weight: bold; letter-spacing: normal; orphans: 2; text-align: left; text-decoration: none; text-indent: 0px; text-transform: none; -webkit-text-stroke-width: 0px; white-space: normal; word-spacing: 0px; padding: 0px; margin: 0px;\">di dislivello<\/strong>)<\/strong>: Attraverso i monti della Navarra, guadagniamo il principale Cammino di San Giacomo, il cammino Franc\u00e9s che troviamo sotto il Passo di Roncisvalle, Puerto de Iba\u00f1eta, per il quale si impone una deviazione. A partire di la una parte del settore \u00e8 comune alla randonn\u00e9 permanente \u00ab la Divisoria \u00bb, con qualche piccola variante. Poi lasciamo la Navarra per entrare nei Paesi Baschi e pi\u00f9 precisamente in Guip\u00fazcoa.<\/li>\n<li><strong>Markina Xemein \u2013 Puente Viesgo (219 km, 13 passi, altitudine mini 2 m, altitudine maxi 445 m [Puerto de Fuente de las Varas], 2750 m <strong style=\"color: #555555; font-family: Arial,sans-serif; font-size: 14px; font-style: normal; font-variant: normal; font-weight: bold; letter-spacing: normal; orphans: 2; text-align: left; text-decoration: none; text-indent: 0px; text-transform: none; -webkit-text-stroke-width: 0px; white-space: normal; word-spacing: 0px; padding: 0px; margin: 0px;\">di dislivello<\/strong>)<\/strong>: Non essendo mai troppo lontano dalla costa, il nostro itinerario dell&#8217;attraversata dei Paesi Baschi, non \u00e8 mai troppo alto, tuttavia le salitelle si moltiplicano. Incroceremo o percorreremo di tanto in tanto il \u00ab Camino del Norte \u00bb. Scegliamo di aggirare l&#8217;agglomerato urbano di Bilbao dal nord e di approfittare del ponte traghetto di Getxo. Dopo una zona molto urbanizzata ritroviamo i notri piccoli passi quasi costieri e entriamo in Cantabria.<\/li>\n<li><strong>Puente Viesgo \u2013 Puebla de Lillo (208 km, 12 passi, altitudine mini 50 m, altitudine maxi 1627 m [Puerto de Las Se\u00f1ales], 4550 m <strong style=\"color: #555555; font-family: Arial,sans-serif; font-size: 14px; font-style: normal; font-variant: normal; font-weight: bold; letter-spacing: normal; orphans: 2; text-align: left; text-decoration: none; text-indent: 0px; text-transform: none; -webkit-text-stroke-width: 0px; white-space: normal; word-spacing: 0px; padding: 0px; margin: 0px;\">di dislivello<\/strong>)<\/strong>: Dopo una prima met\u00e0 di settori nella linea della tappa precedente, le cose cambiano a partire da Potes visto che siamo nei Picchi d&#8217;Europa o al loro confine. Grandi passi e paesaggi caratteristici si succedono, i dislivelli ne risentono !<\/li>\n<li><strong>Puebla de Lillo &#8211; Villablino (204 km, 7 passi, altitudine mini 210 m, altitudine maxi 1521 m [Puerto de San Isidro], 4250 m <strong style=\"color: #555555; font-family: Arial,sans-serif; font-size: 14px; font-style: normal; font-variant: normal; font-weight: bold; letter-spacing: normal; orphans: 2; text-align: left; text-decoration: none; text-indent: 0px; text-transform: none; -webkit-text-stroke-width: 0px; white-space: normal; word-spacing: 0px; padding: 0px; margin: 0px;\">di dislivello<\/strong>)<\/strong>: Se lasciamo i Picchi d&#8217;Europa, la Cordigliera Cantabrica e le Asturie si rilevano anch&#8217;essi coriacei ! Dopo una passaggio da Langreo e Mieres del Camino, vallate molto urbanizzate e industrializzate, ricominciamo l&#8217;incatenamento dei passi a pi\u00f9 di 1000m d\u2019altitudine, e l\u2019Alto della Cobertoria con le sue pendenze a due cifre non passa inosservato ! Attraversiamo la Riserva Nazionale di\u00a0 Somiedo e terminiamo con il passo che porta lo stesso nome.<\/li>\n<li><strong>Villablino \u2013 Outeiro de Rei (206 km, 12 passi, altitudine mini 230 m, altitudine maxi 1364 m [Alto de la Collada], 2400 m <strong style=\"color: #555555; font-family: Arial,sans-serif; font-size: 14px; font-style: normal; font-variant: normal; font-weight: bold; letter-spacing: normal; orphans: 2; text-align: left; text-decoration: none; text-indent: 0px; text-transform: none; -webkit-text-stroke-width: 0px; white-space: normal; word-spacing: 0px; padding: 0px; margin: 0px;\">di dislivello<\/strong>)<\/strong>: Lasciamo la Cordigliera Cantabrica e le Asturie per guadagnare la provincia di Lugo, dove troviamo un altro dei Caminos principali, il Camino Primitivo. I paesaggi cambiano, ecco le sommit\u00e0 arrotondate della Galizia, perdiamo poco a poco di quota.<\/li>\n<li><strong>Outeiro de Rei \u2013 Santiago de Compostela (109 km, 2 passi, altitudine mini 250 m, altitudine maxi 600 m, 400 m <strong style=\"color: #555555; font-family: Arial,sans-serif; font-size: 14px; font-style: normal; font-variant: normal; font-weight: bold; letter-spacing: normal; orphans: 2; text-align: left; text-decoration: none; text-indent: 0px; text-transform: none; -webkit-text-stroke-width: 0px; white-space: normal; word-spacing: 0px; padding: 0px; margin: 0px;\">di dislivello<\/strong>)<\/strong>: E&#8217; infine il tempo di arrivare in fondo. Una volta valicato l&#8217;ultimo (piccolo) passo, raggiungiamo il Camiino Franc\u00e9s a\u00a0 Melide, per finire l&#8217;itinerario percorso dalla grande maggioranza dei pellegrini (che rappresenta ancora due tappe di marcia a piedi) e andare a gustare il fascino galiziano della citt\u00e0 compostelliana.<\/li>\n<\/ol>\n<h2>Principali passi<\/h2>\n<ul>\n<li>Coll de Boixols 1321 m<\/li>\n<li>Coll de la Creu de Perves 1335 m<\/li>\n<li>Coll de Fades 1471 m<\/li>\n<li>Puerto de Iba\u00f1eta 1056 m<\/li>\n<li>Collado de Hoz 659 m<\/li>\n<li>Puerto de San Glorio 1599 m<\/li>\n<li>Puerto de Pandetrave 1566 m<\/li>\n<li>Puerto de Panderruedas 1463 m<\/li>\n<li>Puerto de Las Se\u00f1ales 1627 m<\/li>\n<li>Puerto de San Isidro 1521 m<\/li>\n<li>Alto de la Cobertoria 1179 m<\/li>\n<li>El Puerto de Somiedo 1486 m<\/li>\n<li>Porto ou Alto do Acebo 1021 m<\/li>\n<\/ul>\n<h2>Siti BCN e BPF sul percorso<\/h2>\n<p>La totalit\u00e0 del percorso si trova al di fuori della Francia, questa randonn\u00e9 non comporta alcun sito BCN \/ BPF.<\/p>\n<h2>Carte<\/h2>\n<p>Le carte Michelin n\u00b0 571, 572, 573 et 574 a 1:400 000\u00a0 sono sufficienti per la maggior parte per effettuare questa randonn\u00e9. E&#8217; tuttavia talvolta utile duplicare con una carta locale; di numerosi editori esistenti in Spagna.\u00a0 La soluzione migliore resta l&#8217;impiego del GPS che non \u00e8 indispensabile ma che render\u00e0 un grande servizio. Le tracce GPX del percorso possono essere fornite al partecipante dopo l&#8217;iscrizione. Le mappe di sfondo delle carte Michelin possono essere consultate on line: <a href=\"http:\/\/www.viamichelin.es\/\" target=\"_blank\" rel=\"noopener noreferrer\">http:\/\/www.viamichelin.es<\/a><\/p>\n<h2>REGOLA DEL GIOCO DELLE RANDONN\u00c9 PERMANENTI<\/h2>\n<p>Ogni partecipante a questa randonn\u00e9 si impegna a rispettare la\u00a0<a class=\"iframe-fancybox\" href=\"https:\/\/centcols.org\/backup\/it\/rdj-randonnees-permanentes\/\">regola del gioco<\/a>\u00a0specifica.<\/p>\n<h2>PER MAGGIORI INFORMAZIONI<\/h2>\n<h3>RIVOLGERSI AL RESPONSABILE DELLE RANDONN\u00c9 PERMANENTI<\/h3>\n<p>Jean-Marc CLEMENT<br \/>\n10 rue de Normandie<br \/>\n31120 Portet sur Garonne<br \/>\nFRANCE<\/p>\n<p>T\u00e9l : +33 (0)5 61 76 30 12<br \/>\nE-mail :\u00a0<a href=\"mailto:randos@centcols.net\">randos@centcols.net<\/a><\/p>\n<h6><span style=\"text-decoration: underline;\">Attenzione<\/span> : A seconda l&#8217;et\u00e0 e la versione del vostro libretto di viaggio, il nome e l&#8217;indirizzo del responsabile possono essere non corretti. Siete pregati di inviare le vostre carte di viaggio da omologare cos\u00ec come le vostre cartoline postali e i vostri racconti di viaggio unicamente a Jean-Marc Cl\u00e9ment all&#8217;indirizzo qui sopra (quindi non scrivere a Roger Colombo, Bernard Pommel, Jean-Marc Lef\u00e8vre o Roland Grimaud \u2020).<\/h6>\n<div id=\"finestramailtomailModalToPopup\" style=\"z-index: 1102;\">\n<div id=\"finestramailtomailContentPopup\">\n<div id=\"finestramailtotoClose\"><\/div>\n<div id=\"finestramailtotoModalPopup\">What do you want to do ?<\/div>\n<p><a id=\"finestramailtonewButtonEmail\"><\/a>New mail<button id=\"finestramailtocopyClipboardEmail\">Copy<\/button><textarea id=\"finestramailtotoTextCopyAreaSelect\"><\/textarea><\/p>\n<\/div>\n<\/div>\n<div><img \/><\/div>\n","protected":false},"excerpt":{"rendered":"<p>Presentazione Questa randonn\u00e9 permanente del Club des Cent Cols vi far\u00e0 scoprire 100 passi stradali (asfaltati) durante la traversata del nord della penisola iberica, con partenza da Barcellona, e con destinazione Santiago de Compostela, l\u2019accento \u00e8 messo sui\u00a0 Caminos (Cammini di San Giacomo) incontrati. Dislivello minimo: 26\u00a0000 m; Distanza: 1 850 km circa. Tracciato da [&hellip;]<\/p>\n","protected":false},"author":69,"featured_media":0,"comment_status":"closed","ping_status":"closed","sticky":false,"template":"","format":"standard","meta":{"_acf_changed":false,"ub_ctt_via":"","_monsterinsights_skip_tracking":false,"_monsterinsights_sitenote_active":false,"_monsterinsights_sitenote_note":"","_monsterinsights_sitenote_category":0,"footnotes":""},"categories":[322,39],"tags":[],"acf":[],"featured_image_urls":{"full":"","thumbnail":"","medium":"","medium_large":"","large":"","1536x1536":"","2048x2048":"","woocommerce_thumbnail":"","woocommerce_single":"","woocommerce_gallery_thumbnail":""},"post_excerpt_stackable":"<p>Presentazione Questa randonn\u00e9 permanente del Club des Cent Cols vi far\u00e0 scoprire 100 passi stradali (asfaltati) durante la traversata del nord della penisola iberica, con partenza da Barcellona, e con destinazione Santiago de Compostela, l\u2019accento \u00e8 messo sui\u00a0 Caminos (Cammini di San Giacomo) incontrati. Dislivello minimo: 26\u00a0000 m; Distanza: 1 850 km circa. Tracciato da Bernard \u00ab Biki \u00bb Pommel (Cent Cols n\u00b0 3094). Percorso Profilo Alloggi Modulo d&#8217;iscrizione Tema Il Club des Cent Cols, fondato nel 1972, affiliato alla Federazione Francese del Cicloturismo sotto il N\u00b06384, vi propone questa randonn\u00e9 permanente basata su un tema semplice: \u00ab Cento Passi&hellip;<\/p>\n","category_list":"<a href=\"https:\/\/centcols.org\/backup\/it\/categorie\/randonne-permanenti\/\" rel=\"category tag\">Randonn\u00e9 permanenti<\/a>, <a href=\"https:\/\/centcols.org\/backup\/categorie\/randonnees-permanentes\/\" rel=\"category tag\">Randonn\u00e9es permanentes<\/a>","author_info":{"display_name":"Enrico Alberini","author_link":"https:\/\/centcols.org\/backup\/it\/author\/5065\/"},"comments_num":"0 commenti","featured_image_urls_v2":{"full":"","thumbnail":"","medium":"","medium_large":"","large":"","1536x1536":"","2048x2048":"","woocommerce_thumbnail":"","woocommerce_single":"","woocommerce_gallery_thumbnail":""},"post_excerpt_stackable_v2":"<p>Presentazione Questa randonn\u00e9 permanente del Club des Cent Cols vi far\u00e0 scoprire 100 passi stradali (asfaltati) durante la traversata del nord della penisola iberica, con partenza da Barcellona, e con destinazione Santiago de Compostela, l\u2019accento \u00e8 messo sui\u00a0 Caminos (Cammini di San Giacomo) incontrati. Dislivello minimo: 26\u00a0000 m; Distanza: 1 850 km circa. Tracciato da Bernard \u00ab Biki \u00bb Pommel (Cent Cols n\u00b0 3094). Percorso Profilo Alloggi Modulo d&#8217;iscrizione Tema Il Club des Cent Cols, fondato nel 1972, affiliato alla Federazione Francese del Cicloturismo sotto il N\u00b06384, vi propone questa randonn\u00e9 permanente basata su un tema semplice: \u00ab Cento Passi&hellip;<\/p>\n","category_list_v2":"<a href=\"https:\/\/centcols.org\/backup\/it\/categorie\/randonne-permanenti\/\" rel=\"category tag\">Randonn\u00e9 permanenti<\/a>, <a href=\"https:\/\/centcols.org\/backup\/categorie\/randonnees-permanentes\/\" rel=\"category tag\">Randonn\u00e9es permanentes<\/a>","author_info_v2":{"name":"Enrico Alberini","url":"https:\/\/centcols.org\/backup\/it\/author\/5065\/"},"comments_num_v2":"0 commenti","featured_image_src":null,"_links":{"self":[{"href":"https:\/\/centcols.org\/backup\/it\/wp-json\/wp\/v2\/posts\/39880"}],"collection":[{"href":"https:\/\/centcols.org\/backup\/it\/wp-json\/wp\/v2\/posts"}],"about":[{"href":"https:\/\/centcols.org\/backup\/it\/wp-json\/wp\/v2\/types\/post"}],"author":[{"embeddable":true,"href":"https:\/\/centcols.org\/backup\/it\/wp-json\/wp\/v2\/users\/69"}],"replies":[{"embeddable":true,"href":"https:\/\/centcols.org\/backup\/it\/wp-json\/wp\/v2\/comments?post=39880"}],"version-history":[{"count":0,"href":"https:\/\/centcols.org\/backup\/it\/wp-json\/wp\/v2\/posts\/39880\/revisions"}],"wp:attachment":[{"href":"https:\/\/centcols.org\/backup\/it\/wp-json\/wp\/v2\/media?parent=39880"}],"wp:term":[{"taxonomy":"category","embeddable":true,"href":"https:\/\/centcols.org\/backup\/it\/wp-json\/wp\/v2\/categories?post=39880"},{"taxonomy":"post_tag","embeddable":true,"href":"https:\/\/centcols.org\/backup\/it\/wp-json\/wp\/v2\/tags?post=39880"}],"curies":[{"name":"wp","href":"https:\/\/api.w.org\/{rel}","templated":true}]}}