{"id":40127,"date":"2015-05-07T10:12:09","date_gmt":"2015-05-07T08:12:09","guid":{"rendered":"https:\/\/centcols.org\/backup\/cent-cols-en-savoie-mont-blanc\/"},"modified":"2021-05-26T18:32:16","modified_gmt":"2021-05-26T16:32:16","slug":"cent-cols-en-savoie-mont-blanc","status":"publish","type":"post","link":"https:\/\/centcols.org\/backup\/it\/cent-cols-en-savoie-mont-blanc\/","title":{"rendered":"Cento Passi in Savoia Monte Bianco"},"content":{"rendered":"\n<h2 class=\"wp-block-heading\">Presentazione<\/h2>\n\n\n\n<p>Questo circuito di 1800 km comprende 103 passi di cui&nbsp; 6 a pi\u00f9 di 2000 m. (+ 18 in opzione di cui 2 a pi\u00f9 di 2000 m.) per un dislivello di almeno 42 000 m.<\/p>\n\n\n\n<p>Questa randonn\u00e9 permanente \u00e8 presetntata in collaborazione con Savoie-Mont Blanc Tourisme<br>Tracciata da R\u00e9gis Paraz (Cent Cols n\u00b0 3225).<\/p>\n\n\n\n<p><a class=\"iframe-fancybox\" rel=\"noopener noreferrer\" href=\"https:\/\/centcols.org\/backup\/rando_perm\/sav\/parcours.pdf\" target=\"_blank\">Percorso<\/a><\/p>\n\n\n\n<p><iframe loading=\"lazy\" src=\"\/rando_perm\/carto\/mbtrp.php?rp=sav\" width=\"800\" height=\"600\"><\/iframe><\/p>\n\n\n\n<p><a class=\"iframe-fancybox\" href=\"https:\/\/centcols.org\/backup\/wp-content\/uploads\/2015\/04\/profil.png\">Profilo<\/a><\/p>\n\n\n\n<p><a href=\"\/rando_perm\/inscription.php?sav\" target=\"_blank\" rel=\"noreferrer noopener\">Modulo d&#8217;iscrizione<\/a><\/p>\n\n\n\n<h2 class=\"wp-block-heading\">Tema<\/h2>\n\n\n\n<p>Il Club des Cent Cols, fondato nel 1972, affiliato alla&nbsp;<a href=\"http:\/\/www.ffct.org\/\">Federazione Francese di Cicloturismo<\/a>&nbsp;al N\u00b06384, vi propone questa Randonn\u00e9 Permanente basata su un tema semplice: \u00ab Cento passi \u00bb.<\/p>\n\n\n\n<p>Cento-(tre) passi, vi permettono sia di entrare nella Confraternita, sia di progredire \u00ab nell\u2019Albo d\u2019Onore\u00bb della Confraternita, in ogni modo potrete scoprire o riscoprire i due dipartimenti dei Paesi di Savoia con una piccola incursione a casa dei nostri vicini Elvetici, contornando il massiccio del Monte Bianco.<\/p>\n\n\n\n<p><span style=\"color: inherit; font-size: 1.95em; font-weight: 600;\">Particolarit\u00e0<\/span><\/p>\n\n\n\n<p>Le Prealpi del massiccio della Chartreuse, le stradine tranquille dell&#8217;Ante Paese Savoiardo con i loro piccoloi passi spesso sconosciuti,&nbsp; le ultime maglie della catena dello Jura al di sopra del lago di Bourget saranno il vostro antipasto prima d&#8217;attaccare gli altri massicci Savoiardi.<\/p>\n\n\n\n<p>Alcuni passi prestigiosi come il Galibier o dell&#8217;Iseran tra tanti altri saranno i testimoni dei vostri sforzi. Pedalerete attraverso i differenti vigneti, al bordo o strapiombo di laghi naturali (Aiguebelette, Bourget, L\u00e9man, Annecy&#8230;) o artificiali (Tignes, Roselend), nel mezzo degli alpeggi e qualche volta sotto l&#8217;occhio benevolo dei ghiacciai.<\/p>\n\n\n\n<p>Scoprirete cos\u00ec tutte le ricchezze e tutte le variet\u00e0 di questi territori.&nbsp; La sera alla tappa, potrete riprendere forza degustando gli AOC prodotti da questi differenti territori che avrete percorso: vini&nbsp; bianchi e rossi o formaggi (Tomme di Savoia, Reblochon, Beaufort\u2026)<\/p>\n\n\n\n<p>Il numero di dicembre 2013 della rivista \u00ab Cylotourisme \u00bb della F\u00e9derazione Francese di Cicloturismo, contiene un articolo di due pagine su questa randonn\u00e9 permanente:<\/p>\n\n\n\n<figure class=\"wp-block-gallery columns-2 is-cropped wp-block-gallery-1 is-layout-flex wp-block-gallery-is-layout-flex\"><ul class=\"blocks-gallery-grid\"><li class=\"blocks-gallery-item\"><figure><img data-id=\"5713\" class=\"wp-image-5713\"\/><\/figure><\/li><li class=\"blocks-gallery-item\"><figure><a href=\"https:\/\/centcols.org\/backup\/wp-content\/uploads\/2015\/04\/cyclotourisme_201312_page411.jpg\"><img loading=\"lazy\" decoding=\"async\" width=\"1200\" height=\"1700\" src=\"https:\/\/centcols.org\/backup\/wp-content\/uploads\/2015\/04\/cyclotourisme_201312_page411.jpg\" alt=\"\" data-id=\"5714\" class=\"wp-image-28481\" srcset=\"https:\/\/centcols.org\/backup\/wp-content\/uploads\/2015\/04\/cyclotourisme_201312_page411.jpg 1200w, https:\/\/centcols.org\/backup\/wp-content\/uploads\/2015\/04\/cyclotourisme_201312_page411-600x850.jpg 600w, https:\/\/centcols.org\/backup\/wp-content\/uploads\/2015\/04\/cyclotourisme_201312_page411-353x500.jpg 353w, https:\/\/centcols.org\/backup\/wp-content\/uploads\/2015\/04\/cyclotourisme_201312_page411-847x1200.jpg 847w\" sizes=\"(max-width: 1200px) 100vw, 1200px\" \/><\/a><\/figure><\/li><\/ul><\/figure>\n\n\n\n<p>Il partecipante deve far controllare la propria carta di viaggio in ognuna delle 9 sezioni della randonn\u00e9 in punti del percorso scelti dal randonneur stesso. Ogni controllo \u00e8 sotto forma o di un timbro richiesto ad un commerciante o ad una amministrazione, o di una fotografia esplicita (p.es. la bicicletta davanti ad un cartello di un comune o di una passo).<\/p>\n\n\n\n<h3 class=\"wp-block-heading\">Le 9 sezioni sono le seguenti:<\/h3>\n\n\n\n<ol><li>Chamb\u00e9ry &#8211; Chanaz<\/li><li>Chanaz &#8211; Chamoux sur Gelon<\/li><li>Chamoux sur Gelon &#8211; Valloire<\/li><li>Valloire &#8211; Albertville<\/li><li>Albertville &#8211; Ch\u00e2tel<\/li><li>Ch\u00e2tel &#8211; Cluses<\/li><li>Cluses &#8211; Monnetier<\/li><li>Monnetier &#8211; Annecy<\/li><li>Annecy &#8211; Chamb\u00e9ry<\/li><\/ol>\n\n\n\n<h2 class=\"wp-block-heading\">Principali passi<\/h2>\n\n\n\n<h3 class=\"wp-block-heading\">Passi a pi\u00f9 di 2000 m.<\/h3>\n\n\n\n<ul><li>Col de la Croix de Fer<\/li><li>Collet du Plan Nicolas<\/li><li>Col du Galibier<\/li><li>Col du Mont-Cenis<\/li><li>Col du Petit Mont-Cenis<\/li><li>Col de l\u2019Iseran<\/li><li>Col du Petit-St.Bernard (option)<\/li><\/ul>\n\n\n\n<h3 class=\"wp-block-heading\">Altri passi<\/h3>\n\n\n\n<ul><li>Col du Granier<\/li><li>Col de la Crusille<\/li><li>Col du Glandon<\/li><li>Cormet de Roselend<\/li><li>Col du Joly<\/li><li>Col des Aravis<\/li><li>Col des Montets<\/li><\/ul>\n\n\n\n<h3 class=\"wp-block-heading\">Altri passi (seguito)<\/h3>\n\n\n\n<ul><li>Pas de Morgins<\/li><li>Col de la Ramaz<\/li><li>Col de la Colombi\u00e8re<\/li><li>Col des Gli\u00e8res<\/li><li>Col de Leschaux&#8230;<\/li><\/ul>\n\n\n\n<h2 class=\"wp-block-heading\">Siti BCN e BPF sul percorso<\/h2>\n\n\n\n<h3 class=\"wp-block-heading\">Savoia (73)<\/h3>\n\n\n\n<ul><li>Abbaye de Hautecombe<\/li><li>Mont-Revard<\/li><li>Col du Glandon<\/li><li>Col de l\u2019Iseran<\/li><li>Ar\u00eaches<\/li><li>Conflans<\/li><\/ul>\n\n\n\n<h3 class=\"wp-block-heading\">Alya-Savoia (74)<\/h3>\n\n\n\n<ul><li>Combloux<\/li><li>Argenti\u00e8re<\/li><li>Praz-de-Lys<\/li><li>Sixt-Fer \u00e0 Cheval<\/li><li>Menthon-St.Bernard<\/li><\/ul>\n\n\n\n<h2 class=\"wp-block-heading\">REGOLA DEL GIOCO DELLE RANDONN\u00c9 PERMANENTI<\/h2>\n\n\n\n<p>Ogni partecipante a questa randonn\u00e9 si impegna a rispettare la&nbsp;<a href=\"https:\/\/centcols.org\/backup\/it\/rdj-randonnees-permanentes\/\">regola del gioco<\/a>&nbsp;specifica.<\/p>\n\n\n\n<h2 class=\"wp-block-heading\">PER MAGGIORI INFORMAZIONI<\/h2>\n\n\n\n<h2 class=\"wp-block-heading\">RIVOLGERSI AL RESPONSABILE DELLE RANDONN\u00c9 PERMANENTI<\/h2>\n\n\n\n<p>Jean-Marc CLEMENT<br>10 rue de Normandie<br>31120 Portet sur Garonne<br>FRANCE<\/p>\n\n\n\n<p>T\u00e9l : +33 (0)5 61 76 30 12<br>E-mail :&nbsp;<a href=\"mailto:randos@centcols.net\">randos@centcols.net<\/a><\/p>\n\n\n\n<h6 class=\"wp-block-heading\">Attenzione&nbsp;: A seconda l\u2019et\u00e0 e la versione del vostro libretto di viaggio, il nome e l\u2019indirizzo del responsabile possono essere non corretti. Siete pregati di inviare le vostre carte di viaggio da omologare cos\u00ec come le vostre cartoline postali e i vostri racconti di viaggio unicamente a Jean-Marc Cl\u00e9ment all\u2019indirizzo qui sopra (quindi non scrivere a Roger Colombo, Bernard Pommel, Jean-Marc Lef\u00e8vre o Roland Grimaud \u2020).<\/h6>\n","protected":false},"excerpt":{"rendered":"<p>Presentazione Questo circuito di 1800 km comprende 103 passi di cui&nbsp; 6 a pi\u00f9 di 2000 m. (+ 18 in opzione di cui 2 a pi\u00f9 di 2000 m.) per un dislivello di almeno 42 000 m. Questa randonn\u00e9 permanente \u00e8 presetntata in collaborazione con Savoie-Mont Blanc TourismeTracciata da R\u00e9gis Paraz (Cent Cols n\u00b0 3225). [&hellip;]<\/p>\n","protected":false},"author":69,"featured_media":0,"comment_status":"closed","ping_status":"closed","sticky":false,"template":"","format":"standard","meta":{"_acf_changed":false,"ub_ctt_via":"","_monsterinsights_skip_tracking":false,"_monsterinsights_sitenote_active":false,"_monsterinsights_sitenote_note":"","_monsterinsights_sitenote_category":0,"footnotes":""},"categories":[322],"tags":[],"acf":[],"featured_image_urls":{"full":"","thumbnail":"","medium":"","medium_large":"","large":"","1536x1536":"","2048x2048":"","woocommerce_thumbnail":"","woocommerce_single":"","woocommerce_gallery_thumbnail":""},"post_excerpt_stackable":"<p>Presentazione Questo circuito di 1800 km comprende 103 passi di cui&nbsp; 6 a pi\u00f9 di 2000 m. (+ 18 in opzione di cui 2 a pi\u00f9 di 2000 m.) per un dislivello di almeno 42 000 m. Questa randonn\u00e9 permanente \u00e8 presetntata in collaborazione con Savoie-Mont Blanc TourismeTracciata da R\u00e9gis Paraz (Cent Cols n\u00b0 3225). Percorso Profilo Modulo d&#8217;iscrizione Tema Il Club des Cent Cols, fondato nel 1972, affiliato alla&nbsp;Federazione Francese di Cicloturismo&nbsp;al N\u00b06384, vi propone questa Randonn\u00e9 Permanente basata su un tema semplice: \u00ab Cento passi \u00bb. Cento-(tre) passi, vi permettono sia di entrare nella Confraternita, sia di progredire&hellip;<\/p>\n","category_list":"<a href=\"https:\/\/centcols.org\/backup\/it\/categorie\/randonne-permanenti\/\" rel=\"category tag\">Randonn\u00e9 permanenti<\/a>","author_info":{"display_name":"Enrico Alberini","author_link":"https:\/\/centcols.org\/backup\/it\/author\/5065\/"},"comments_num":"0 commenti","featured_image_urls_v2":{"full":"","thumbnail":"","medium":"","medium_large":"","large":"","1536x1536":"","2048x2048":"","woocommerce_thumbnail":"","woocommerce_single":"","woocommerce_gallery_thumbnail":""},"post_excerpt_stackable_v2":"<p>Presentazione Questo circuito di 1800 km comprende 103 passi di cui&nbsp; 6 a pi\u00f9 di 2000 m. (+ 18 in opzione di cui 2 a pi\u00f9 di 2000 m.) per un dislivello di almeno 42 000 m. Questa randonn\u00e9 permanente \u00e8 presetntata in collaborazione con Savoie-Mont Blanc TourismeTracciata da R\u00e9gis Paraz (Cent Cols n\u00b0 3225). Percorso Profilo Modulo d&#8217;iscrizione Tema Il Club des Cent Cols, fondato nel 1972, affiliato alla&nbsp;Federazione Francese di Cicloturismo&nbsp;al N\u00b06384, vi propone questa Randonn\u00e9 Permanente basata su un tema semplice: \u00ab Cento passi \u00bb. Cento-(tre) passi, vi permettono sia di entrare nella Confraternita, sia di progredire&hellip;<\/p>\n","category_list_v2":"<a href=\"https:\/\/centcols.org\/backup\/it\/categorie\/randonne-permanenti\/\" rel=\"category tag\">Randonn\u00e9 permanenti<\/a>","author_info_v2":{"name":"Enrico Alberini","url":"https:\/\/centcols.org\/backup\/it\/author\/5065\/"},"comments_num_v2":"0 commenti","featured_image_src":null,"_links":{"self":[{"href":"https:\/\/centcols.org\/backup\/it\/wp-json\/wp\/v2\/posts\/40127"}],"collection":[{"href":"https:\/\/centcols.org\/backup\/it\/wp-json\/wp\/v2\/posts"}],"about":[{"href":"https:\/\/centcols.org\/backup\/it\/wp-json\/wp\/v2\/types\/post"}],"author":[{"embeddable":true,"href":"https:\/\/centcols.org\/backup\/it\/wp-json\/wp\/v2\/users\/69"}],"replies":[{"embeddable":true,"href":"https:\/\/centcols.org\/backup\/it\/wp-json\/wp\/v2\/comments?post=40127"}],"version-history":[{"count":0,"href":"https:\/\/centcols.org\/backup\/it\/wp-json\/wp\/v2\/posts\/40127\/revisions"}],"wp:attachment":[{"href":"https:\/\/centcols.org\/backup\/it\/wp-json\/wp\/v2\/media?parent=40127"}],"wp:term":[{"taxonomy":"category","embeddable":true,"href":"https:\/\/centcols.org\/backup\/it\/wp-json\/wp\/v2\/categories?post=40127"},{"taxonomy":"post_tag","embeddable":true,"href":"https:\/\/centcols.org\/backup\/it\/wp-json\/wp\/v2\/tags?post=40127"}],"curies":[{"name":"wp","href":"https:\/\/api.w.org\/{rel}","templated":true}]}}