{"id":41453,"date":"2020-04-12T15:35:31","date_gmt":"2020-04-12T13:35:31","guid":{"rendered":"https:\/\/centcols.org\/backup\/?p=41453"},"modified":"2023-01-06T18:20:06","modified_gmt":"2023-01-06T17:20:06","slug":"felicien-missilier-2","status":"publish","type":"post","link":"https:\/\/centcols.org\/backup\/it\/felicien-missilier-2\/","title":{"rendered":"F\u00e9licien Missilier CC N\u00b0 800 &#8211; 100 anni"},"content":{"rendered":"<p>F\u00e9licien Missilier, CC N\u00b0 800, \u00e8 entrato nella confraternit\u00e0 nel 1979. Aveva recentemente festeggiato, il 22 febbraio 2020, la sua centesima primavera. Qui sotto l&#8217;areticolo del Dauphin\u00e9 Lib\u00e9r\u00e9 del 23 febbraio. F\u00e9licien ci ha lasciato qualche giorno pi\u00f9 tardi nella notte trail primo e il 2 marzo.<br \/><img loading=\"lazy\" decoding=\"async\" class=\"aligncenter wp-image-41478 size-full\" src=\"https:\/\/centcols.org\/backup\/wp-content\/uploads\/2020\/04\/2020-02-22_Missilier-Felicien-1.jpg\" alt=\"\" width=\"1654\" height=\"1770\" srcset=\"https:\/\/centcols.org\/backup\/wp-content\/uploads\/2020\/04\/2020-02-22_Missilier-Felicien-1.jpg 1280w, https:\/\/centcols.org\/backup\/wp-content\/uploads\/2020\/04\/2020-02-22_Missilier-Felicien-1-467x500.jpg 467w, https:\/\/centcols.org\/backup\/wp-content\/uploads\/2020\/04\/2020-02-22_Missilier-Felicien-1-1121x1200.jpg 1121w, https:\/\/centcols.org\/backup\/wp-content\/uploads\/2020\/04\/2020-02-22_Missilier-Felicien-1-768x822.jpg 768w, https:\/\/centcols.org\/backup\/wp-content\/uploads\/2020\/04\/2020-02-22_Missilier-Felicien-1-1435x1536.jpg 1435w, https:\/\/centcols.org\/backup\/wp-content\/uploads\/2020\/04\/2020-02-22_Missilier-Felicien-1-600x642.jpg 600w\" sizes=\"(max-width: 1654px) 100vw, 1654px\" \/><\/p>\n\n\n<p>&nbsp;<\/p>\n","protected":false},"excerpt":{"rendered":"<p>F\u00e9licien Missilier, CC N\u00b0 800, \u00e8 entrato nella confraternit\u00e0 nel 1979. Aveva recentemente festeggiato, il 22 febbraio 2020, la sua centesima primavera. Qui sotto l&#8217;areticolo del Dauphin\u00e9 Lib\u00e9r\u00e9 del 23 febbraio. F\u00e9licien ci ha lasciato qualche giorno pi\u00f9 tardi nella notte trail primo e il 2 marzo. &nbsp;<\/p>\n","protected":false},"author":69,"featured_media":0,"comment_status":"closed","ping_status":"closed","sticky":false,"template":"","format":"standard","meta":{"_acf_changed":false,"ub_ctt_via":"","_monsterinsights_skip_tracking":false,"_monsterinsights_sitenote_active":false,"_monsterinsights_sitenote_note":"","_monsterinsights_sitenote_category":0,"footnotes":""},"categories":[325],"tags":[],"acf":[],"featured_image_urls":{"full":"","thumbnail":"","medium":"","medium_large":"","large":"","1536x1536":"","2048x2048":"","woocommerce_thumbnail":"","woocommerce_single":"","woocommerce_gallery_thumbnail":""},"post_excerpt_stackable":"<p>F\u00e9licien Missilier, CC N\u00b0 800, \u00e8 entrato nella confraternit\u00e0 nel 1979. Aveva recentemente festeggiato, il 22 febbraio 2020, la sua centesima primavera. Qui sotto l&#8217;areticolo del Dauphin\u00e9 Lib\u00e9r\u00e9 del 23 febbraio. F\u00e9licien ci ha lasciato qualche giorno pi\u00f9 tardi nella notte trail primo e il 2 marzo. &nbsp;<\/p>\n","category_list":"<a href=\"https:\/\/centcols.org\/backup\/it\/categorie\/articles-de-presse-it\/2020-it\/\" rel=\"category tag\">2020<\/a>","author_info":{"display_name":"Enrico Alberini","author_link":"https:\/\/centcols.org\/backup\/it\/author\/5065\/"},"comments_num":"0 commenti","featured_image_urls_v2":{"full":"","thumbnail":"","medium":"","medium_large":"","large":"","1536x1536":"","2048x2048":"","woocommerce_thumbnail":"","woocommerce_single":"","woocommerce_gallery_thumbnail":""},"post_excerpt_stackable_v2":"<p>F\u00e9licien Missilier, CC N\u00b0 800, \u00e8 entrato nella confraternit\u00e0 nel 1979. Aveva recentemente festeggiato, il 22 febbraio 2020, la sua centesima primavera. Qui sotto l&#8217;areticolo del Dauphin\u00e9 Lib\u00e9r\u00e9 del 23 febbraio. F\u00e9licien ci ha lasciato qualche giorno pi\u00f9 tardi nella notte trail primo e il 2 marzo. &nbsp;<\/p>\n","category_list_v2":"<a href=\"https:\/\/centcols.org\/backup\/it\/categorie\/articles-de-presse-it\/2020-it\/\" rel=\"category tag\">2020<\/a>","author_info_v2":{"name":"Enrico Alberini","url":"https:\/\/centcols.org\/backup\/it\/author\/5065\/"},"comments_num_v2":"0 commenti","featured_image_src":null,"_links":{"self":[{"href":"https:\/\/centcols.org\/backup\/it\/wp-json\/wp\/v2\/posts\/41453"}],"collection":[{"href":"https:\/\/centcols.org\/backup\/it\/wp-json\/wp\/v2\/posts"}],"about":[{"href":"https:\/\/centcols.org\/backup\/it\/wp-json\/wp\/v2\/types\/post"}],"author":[{"embeddable":true,"href":"https:\/\/centcols.org\/backup\/it\/wp-json\/wp\/v2\/users\/69"}],"replies":[{"embeddable":true,"href":"https:\/\/centcols.org\/backup\/it\/wp-json\/wp\/v2\/comments?post=41453"}],"version-history":[{"count":0,"href":"https:\/\/centcols.org\/backup\/it\/wp-json\/wp\/v2\/posts\/41453\/revisions"}],"wp:attachment":[{"href":"https:\/\/centcols.org\/backup\/it\/wp-json\/wp\/v2\/media?parent=41453"}],"wp:term":[{"taxonomy":"category","embeddable":true,"href":"https:\/\/centcols.org\/backup\/it\/wp-json\/wp\/v2\/categories?post=41453"},{"taxonomy":"post_tag","embeddable":true,"href":"https:\/\/centcols.org\/backup\/it\/wp-json\/wp\/v2\/tags?post=41453"}],"curies":[{"name":"wp","href":"https:\/\/api.w.org\/{rel}","templated":true}]}}