{"id":41497,"date":"2015-05-07T10:06:19","date_gmt":"2015-05-07T08:06:19","guid":{"rendered":"https:\/\/centcols.org\/backup\/cent-cols-en-ardeche\/"},"modified":"2021-11-28T14:05:46","modified_gmt":"2021-11-28T13:05:46","slug":"cent-cols-en-ardeche","status":"publish","type":"post","link":"https:\/\/centcols.org\/backup\/it\/cent-cols-en-ardeche\/","title":{"rendered":"Cento Passi in Ard\u00e8che"},"content":{"rendered":"\n<h2 class=\"wp-block-heading\">Presentazione<\/h2>\n\n\n\n<p>Circuito di 1350 km comprendente 102 passi per un dislivello di almeno 24 000 m.<\/p>\n\n\n\n<p>Questa randonn\u00e9e \u00e8 stata tracciata da Michel Marcelot della Confraternita dei Cent Cols.<\/p>\n\n\n\n<p><a class=\"fancybox\" rel=\"noopener noreferrer\" href=\"\/rando_perm\/ard\/CARTE.jpg\" target=\"_blank\">Percorso<\/a><\/p>\n\n\n\n<p><iframe loading=\"lazy\" src=\"\/rando_perm\/carto\/mbtrp.php?rp=ard\" width=\"800\" height=\"600\"><\/iframe><\/p>\n\n\n\n<p><a href=\"\/rando_perm\/inscription.php?rando=ard\" target=\"_blank\" rel=\"noreferrer noopener\">Modulo d&#8217;iscrizione<\/a><\/p>\n\n\n\n<h2 class=\"wp-block-heading\">Tema<\/h2>\n\n\n\n<p>Il Club des Cent Cols, fondato nel 1972, affiliato alla&nbsp;<a href=\"http:\/\/www.ffct.org\/\">Federazione Francese di Cicloturismo<\/a>&nbsp;al N\u00b06384, vi propone questa Randonn\u00e9 Permanente basata su un tema semplice: \u00ab Cento passi \u00bb. Cento passi, vi permettono sia di entrare nella Confraternita, sia di progredire \u00ab nell\u2019Albo d\u2019Onore\u00bb della Confraternita.<\/p>\n\n\n\n<p>Cento passi, per permettervi la scoperta di un dipartimento dove gli amanti delle strade sinuose e dei passi talvolta severi saranno soddisfatti. Il circuito pu\u00f2 essere effettuato in sei anelli che permettono di scoprire l&#8217;Ard\u00e8che Vivaroise, a nord, l&#8217;Ard\u00e8che degli altopiani cosparsi di vulcani, la C\u00e9vennes dell&#8217;Ard\u00e8che e infine, a sud, la Bassa-Ard\u00e8che dai profumi di Provenza. Ogni \u00ab paese \u00bb dell&#8217;Ard\u00e8che possiede una forte personalit\u00e0 che si esprime con la sua geologia, la sua flora, il suo clima&nbsp; e naturalmente con le sue risorse. L&#8217;insieme compone una rosa di paesaggi estremamente vari che si lasciano ammirare lungo delle strade ancestrali dove \u00e8 ancora bello passeggiare in bicicletta.<\/p>\n\n\n\n<h2 class=\"wp-block-heading\">Controlli<\/h2>\n\n\n\n<p>Sono obbligatori dodici controlli; saranno effettuati in punti del percorso scelti dal randonneur stesso, due controlli saranno effettuati in ogni sezione (anello: i numeri delle sezioni sono da riportare sul foglio di viaggio.<\/p>\n\n\n\n<ol><li>Vanosc &#8211; Lamastre<\/li><li>St Julien du Gua &#8211; Vernoux<\/li><li>Saint Agr\u00e8ve &#8211; Issarl\u00e8s<\/li><li>Vals les Bains &#8211; St Rem\u00e8ze<\/li><li>Coucouron &#8211; Loubaresse<\/li><li>Loubaresse &#8211; St Andr\u00e9 de Cruzi\u00e8res<\/li><\/ol>\n\n\n\n<p><strong>NB : La randonn\u00e9e pu\u00f2 essere fatta sotto forma dei seguenti 6 anelli :<\/strong><\/p>\n\n\n\n<ul><li><strong>Anello 1<\/strong> : Tournon &#8211; St Agr\u00e8ve &#8211; Tournon, 247 km, 24 passi<\/li><li><strong>Anello 2<\/strong> : Lamastre &#8211; Duni\u00e8re &#8211; Lamastre, 211 km, 22 passi<\/li><li><strong>Anello 3<\/strong> : Lamastre &#8211; Lac d&#8217;Issarles &#8211; Lamastre, 250 km, 17 passi<\/li><li><strong>Anello 4<\/strong> : Privas- Vallon Pont d&#8217;Arc &#8211; Privas, 302 km, 24 passi<\/li><li><strong>Anello 5<\/strong> : Vals les Bains &#8211; Masm\u00e9jan- Vals les Bains, 203 km, 18 passi<\/li><li><strong>Anello 6<\/strong> : Largenti\u00e8re &#8211; Les Vans &#8211; Largenti\u00e8re, 182 km, 15 passi<\/li><\/ul>\n\n\n\n<p>Gli itinerari e le tracce di questi circuiti saranno forniti in aggiunta e su richiesta al momento dell&#8217;iscrizione per il circuito generale.<\/p>\n\n\n\n<h2 class=\"wp-block-heading\">Principali passi<\/h2>\n\n\n\n<ul><li>Col du Rouvey<\/li><li>Col de la Charousse<\/li><li>Col du Buisson<\/li><li>Col de la Scie<\/li><li>Col de la Croix de Peccata<\/li><li>Col de la Croix de Bouti\u00e8res<\/li><li>Col de Mezilhac<\/li><li>Col des Quatre Vios<\/li><li>Col de la Chavade<\/li><li>Col du Pendu<\/li><li>Col de la Croix de Bauzon, etc&#8230;<\/li><\/ul>\n\n\n\n<h2 class=\"wp-block-heading\">Siti BCN e BPF sul percorso<\/h2>\n\n\n\n<ul><li>Mont Gerbier de Jonc<\/li><li>Lac d&#8217;Issarl\u00e8s<\/li><li>Les Vans<\/li><li>Loubaresse<\/li><li>Agr\u00e8ve<\/li><li>Vallon Pont d&#8217;Arc<\/li><\/ul>\n\n\n\n<h2 class=\"wp-block-heading\">Regola del gioco delle randonn\u00e9 permanenti<\/h2>\n\n\n\n<p>Ogni partecipante a questa randonn\u00e9 si impegna a rispettare la <a href=\"https:\/\/centcols.org\/backup\/it\/rdj-randonnees-permanentes\/\">regola del gioco<\/a> specifica.<\/p>\n\n\n\n<h2 class=\"wp-block-heading\">Per maggiori informazioni<\/h2>\n\n\n\n<h3 class=\"wp-block-heading\">Rivolgersi al responsabile delle randonn\u00e8e permanenti<\/h3>\n\n\n\n<p>Jean-Marc CLEMENT<br>10 rue de Normandie<br>31120 Portet sur Garonne<br>FRANCE<\/p>\n\n\n\n<p>T\u00e9l : +33 (0)5 61 76 30 12<br>E-mail :&nbsp;<a href=\"mailto:randos@centcols.net\">randos@centcols.net<\/a><\/p>\n\n\n\n<h6 class=\"wp-block-heading\">Attenzione : secondo l\u2019et\u00e0 e la versione del vostro libretto di viaggio, il nome e l\u2019indirizzo del responsabile possono essere non corretti. Siete pregati di inviare le vostre carte di viaggio da omologare cos\u00ec come le vostre cartoline postali e i vostri racconti di viaggio unicamente a Jean-Marc Cl\u00e9ment all\u2019indirizzo qui sopra (quindi non scrivere a Roger Colombo, Bernard Pommel, Jean-Marc Lef\u00e8vre o Roland Grimaud \u2020).<\/h6>\n","protected":false},"excerpt":{"rendered":"<p>Presentazione Circuito di 1350 km comprendente 102 passi per un dislivello di almeno 24 000 m. Questa randonn\u00e9e \u00e8 stata tracciata da Michel Marcelot della Confraternita dei Cent Cols. Percorso Modulo d&#8217;iscrizione Tema Il Club des Cent Cols, fondato nel 1972, affiliato alla&nbsp;Federazione Francese di Cicloturismo&nbsp;al N\u00b06384, vi propone questa Randonn\u00e9 Permanente basata su un [&hellip;]<\/p>\n","protected":false},"author":69,"featured_media":0,"comment_status":"closed","ping_status":"closed","sticky":false,"template":"","format":"standard","meta":{"_acf_changed":false,"ub_ctt_via":"","_monsterinsights_skip_tracking":false,"_monsterinsights_sitenote_active":false,"_monsterinsights_sitenote_note":"","_monsterinsights_sitenote_category":0,"footnotes":""},"categories":[322,39],"tags":[],"acf":[],"featured_image_urls":{"full":"","thumbnail":"","medium":"","medium_large":"","large":"","1536x1536":"","2048x2048":"","woocommerce_thumbnail":"","woocommerce_single":"","woocommerce_gallery_thumbnail":""},"post_excerpt_stackable":"<p>Presentazione Circuito di 1350 km comprendente 102 passi per un dislivello di almeno 24 000 m. Questa randonn\u00e9e \u00e8 stata tracciata da Michel Marcelot della Confraternita dei Cent Cols. Percorso Modulo d&#8217;iscrizione Tema Il Club des Cent Cols, fondato nel 1972, affiliato alla&nbsp;Federazione Francese di Cicloturismo&nbsp;al N\u00b06384, vi propone questa Randonn\u00e9 Permanente basata su un tema semplice: \u00ab Cento passi \u00bb. Cento passi, vi permettono sia di entrare nella Confraternita, sia di progredire \u00ab nell\u2019Albo d\u2019Onore\u00bb della Confraternita. Cento passi, per permettervi la scoperta di un dipartimento dove gli amanti delle strade sinuose e dei passi talvolta severi saranno soddisfatti.&hellip;<\/p>\n","category_list":"<a href=\"https:\/\/centcols.org\/backup\/it\/categorie\/randonne-permanenti\/\" rel=\"category tag\">Randonn\u00e9 permanenti<\/a>, <a href=\"https:\/\/centcols.org\/backup\/categorie\/randonnees-permanentes\/\" rel=\"category tag\">Randonn\u00e9es permanentes<\/a>","author_info":{"display_name":"Enrico Alberini","author_link":"https:\/\/centcols.org\/backup\/it\/author\/5065\/"},"comments_num":"0 commenti","featured_image_urls_v2":{"full":"","thumbnail":"","medium":"","medium_large":"","large":"","1536x1536":"","2048x2048":"","woocommerce_thumbnail":"","woocommerce_single":"","woocommerce_gallery_thumbnail":""},"post_excerpt_stackable_v2":"<p>Presentazione Circuito di 1350 km comprendente 102 passi per un dislivello di almeno 24 000 m. Questa randonn\u00e9e \u00e8 stata tracciata da Michel Marcelot della Confraternita dei Cent Cols. Percorso Modulo d&#8217;iscrizione Tema Il Club des Cent Cols, fondato nel 1972, affiliato alla&nbsp;Federazione Francese di Cicloturismo&nbsp;al N\u00b06384, vi propone questa Randonn\u00e9 Permanente basata su un tema semplice: \u00ab Cento passi \u00bb. Cento passi, vi permettono sia di entrare nella Confraternita, sia di progredire \u00ab nell\u2019Albo d\u2019Onore\u00bb della Confraternita. Cento passi, per permettervi la scoperta di un dipartimento dove gli amanti delle strade sinuose e dei passi talvolta severi saranno soddisfatti.&hellip;<\/p>\n","category_list_v2":"<a href=\"https:\/\/centcols.org\/backup\/it\/categorie\/randonne-permanenti\/\" rel=\"category tag\">Randonn\u00e9 permanenti<\/a>, <a href=\"https:\/\/centcols.org\/backup\/categorie\/randonnees-permanentes\/\" rel=\"category tag\">Randonn\u00e9es permanentes<\/a>","author_info_v2":{"name":"Enrico Alberini","url":"https:\/\/centcols.org\/backup\/it\/author\/5065\/"},"comments_num_v2":"0 commenti","featured_image_src":null,"_links":{"self":[{"href":"https:\/\/centcols.org\/backup\/it\/wp-json\/wp\/v2\/posts\/41497"}],"collection":[{"href":"https:\/\/centcols.org\/backup\/it\/wp-json\/wp\/v2\/posts"}],"about":[{"href":"https:\/\/centcols.org\/backup\/it\/wp-json\/wp\/v2\/types\/post"}],"author":[{"embeddable":true,"href":"https:\/\/centcols.org\/backup\/it\/wp-json\/wp\/v2\/users\/69"}],"replies":[{"embeddable":true,"href":"https:\/\/centcols.org\/backup\/it\/wp-json\/wp\/v2\/comments?post=41497"}],"version-history":[{"count":0,"href":"https:\/\/centcols.org\/backup\/it\/wp-json\/wp\/v2\/posts\/41497\/revisions"}],"wp:attachment":[{"href":"https:\/\/centcols.org\/backup\/it\/wp-json\/wp\/v2\/media?parent=41497"}],"wp:term":[{"taxonomy":"category","embeddable":true,"href":"https:\/\/centcols.org\/backup\/it\/wp-json\/wp\/v2\/categories?post=41497"},{"taxonomy":"post_tag","embeddable":true,"href":"https:\/\/centcols.org\/backup\/it\/wp-json\/wp\/v2\/tags?post=41497"}],"curies":[{"name":"wp","href":"https:\/\/api.w.org\/{rel}","templated":true}]}}