{"id":41539,"date":"2015-05-07T10:00:40","date_gmt":"2015-05-07T08:00:40","guid":{"rendered":"https:\/\/centcols.org\/backup\/cent-cols-dans-le-nord-de-la-corse\/"},"modified":"2021-05-26T18:11:07","modified_gmt":"2021-05-26T16:11:07","slug":"cent-cols-dans-le-nord-de-la-corse","status":"publish","type":"post","link":"https:\/\/centcols.org\/backup\/it\/cent-cols-dans-le-nord-de-la-corse\/","title":{"rendered":"Cento Passi nel nord della Corsica"},"content":{"rendered":"<h2>Presentazione<\/h2>\n<p>Percorso di 1 168 km su delle strade talvolta deserte, raramente dritte e mai piatte nel nord della corsica. Ma quanti paesaggi diversi, panorami memorabili e meraviglie?<\/p>\n<p>104 passi valicati (pi\u00f9 20 in opzione) tra 76 m e 1 477 m per un dislivello di 25 000 m.<\/p>\n<p>Da notare: 4 km di pista R1 per il primo passo. 12 passi sono in comune con la randonn\u00e9 permanente &#8220;<a href=\"https:\/\/centcols.org\/backup\/it\/cent-cols-dans-le-sud-de-la-corse\/\" target=\"_blank\" rel=\"noopener noreferrer\">Cento Passi nel sud della Corsica<\/a>&#8221;<\/p>\n<p>Non c&#8217;\u00e8 alcun problema per l&#8217;alloggio, senza prenotazione, in albergo, g\u00eete, camping (con o senza bungalow) da Pasqua a fine giugno e da settembre a Ognissanti, periodi preferibili per questa\u00a0 randonn\u00e9. L&#8217;inverno rende qualche passo impraticabile e l&#8217;estate obbliga a riservare l&#8217;alloggio.<\/p>\n<p>Tracciata da Bernard Giraudeau (cent cols n\u00b0 3872)<\/p>\n<p><a class=\"fancybox\" href=\"\/wp-content\/uploads\/2015\/10\/cartecorsedunord.jpg\" rel=\"noopener noreferrer\">Percorso<\/a><\/p>\n<p><iframe loading=\"lazy\" src=\"\/rando_perm\/carto\/mbtrp.php?rp=crn\" width=\"800\" height=\"600\"><\/iframe><\/p>\n<p><a class=\"fancybox\" href=\"\/wp-content\/uploads\/2015\/10\/profilcorsedunord2.jpg\" rel=\"noopener noreferrer\">Profilo<\/a><\/p>\n<p><a href=\"\/rando_perm\/inscription.php?rando=crn\" target=\"_blank\" rel=\"noopener noreferrer\">Modulo d&#8217;iscrizione<\/a><\/p>\n<h2>Tema<\/h2>\n<p>Il Club des Cent Cols, fondato nel 1972, affiliato alla\u00a0<a href=\"http:\/\/www.ffct.org\/\">Federazione Francese di Cicloturismo<\/a> al N\u00b06384, vi propone questa Randonn\u00e9 Permanente basata su un tema semplice: \u00abCento passi\u00bb.<\/p>\n<p>Cento Passi per entrare nella confraternita dei Cent Cols. Avrete bisogno di proseguire la vostra raccolta in altri massicci pi\u00f9 alti per ottenere almeno 5 passi a pi\u00f9 di 2 000 metri.<\/p>\n<p>La genesi tormentata della parte nord della Corsica ha creato un paesaggio complesso e colorato, che una natura generosa e un clima rude hanno modificato all&#8217;infinito. L&#8217;uomo, con un lavoro plurimillenario, pugnace, volontario qualche volta ma pesso obbligato da una storia caotica, ha realizzato qui un patrimonio sconosciuto e di una rara qualit\u00e0 malgrado l&#8217;isolamento e una demografia debole e fluttuante. Ogni passo valicato \u00e8 una porta aperta verso una nuova valle e ogni valle offre una discreta diversit\u00e0 d&#8217;adattamento a questi avvenimenti naturali o storici in un insieme particolarmente omogeneo.<\/p>\n<p>Scoprire il nord della Corsica attraverso 100 passi, \u00e8 il tema di questa randonn\u00e9 permannete e una doppi trama, stradale e culturale via accompagna lungo questo periplo.<\/p>\n<h3>Scoprite questa randonn\u00e9 permanente tcome \u00e8 stata vissuta da Ariane e Philippe Marquet (Cent Cols n\u00b0 6861 e 6862) nel giugno 2012 attraverso un superbo diaporama in tre parti:<\/h3>\n<h2><a title=\"Album photo de Phillipe Marquet ( Cent Cols Nord de la Corse )\" href=\"https:\/\/centcols.org\/backup\/util\/visuAlbum.php?album=6862-003\" target=\"_blank\" rel=\"noopener noreferrer\">Cliccate qui<\/a><\/h2>\n<ul>\n<li>Cap Corse, Agriates, Balagne.<\/li>\n<li>Golfe de Porto, Niolo, Corte, et le Venacais<\/li>\n<li>Costa Serena, Castagniccia et retour \u00e0 Bastia.<\/li>\n<\/ul>\n<h2>Controlli<\/h2>\n<p>Sono obbligatori otto controlli. Saranno effettuati in punti del percorso scelti dal randonneur stesso, va effettuato un controllo in ognuna delle sezioni (i numri delle sezioni vanno riportatisul foglio di viaggio):<\/p>\n<ol>\n<li>Bastia &#8211; Saint-Florent km 0 \u00e0 km 138.5<\/li>\n<li>Saint Florent &#8211; Calvi km 138.5 \u00e0 km 345.5<\/li>\n<li>Calvi &#8211; Piana km 345.5 \u00e0 km 465.5<\/li>\n<li>Piana &#8211; Ajaccio km 465.5 \u00e0 km 620.5<\/li>\n<li>Ajaccio &#8211; Calacuccia km 620.5 \u00e0 km 810<\/li>\n<li>Calacuccia &#8211; Ghisoni km 810 \u00e0 km 930.5<\/li>\n<li>Ghisoni &#8211; Cervione km 930.5 \u00e0 km 1082.5<\/li>\n<li>Cervione &#8211; Bastia km 1082.5 \u00e0 km 1239<\/li>\n<\/ol>\n<p><strong>NB : La randonn\u00e9 pu\u00f2 essere fatta sotto forma di 9 anelli, partendo da:<\/strong><\/p>\n<ul>\n<li>Bastia (2 anelli)<\/li>\n<li>Calvi (2 anelli)<\/li>\n<li>Porto<\/li>\n<li>Ajaccio<\/li>\n<li>Corte (3 anelli)<\/li>\n<\/ul>\n<h2>Principli passi<\/h2>\n<ul>\n<li>Bocca di a Battaglia 1099 m<\/li>\n<li>Col de Scalella 1193 m<\/li>\n<li>Col de Sevi 1101 m<\/li>\n<li>Col de Verghio 1477 m<\/li>\n<li>Col d&#8217;Erbajo 904 m<\/li>\n<li>Col de Sorba 1311 m<\/li>\n<li>Col de Casardo 985 m<\/li>\n<li>Bocca di Comiti 1094 m<\/li>\n<li>Col de Prato 985 m<\/li>\n<li>Col de Bigorno 885 m<\/li>\n<\/ul>\n<h2>Siti BCN e BPF sul percorso<\/h2>\n<ul>\n<li>Nonza<\/li>\n<li>Porto<\/li>\n<li>Corte<\/li>\n<li>Piedicroce<\/li>\n<\/ul>\n<h2>Regola del gioco delle randonn\u00e9 permanenti<\/h2>\n<p>Ogni partecipante a questa randonn\u00e9 si impegna a rispettare la <a href=\"https:\/\/centcols.org\/backup\/it\/rdj-randonnees-permanentes\/\">regola del gioco<\/a> specifica.<\/p>\n<h2>Per maggiori informazioni<\/h2>\n<h3>Rivolgersi al Responsabile delle randonn\u00e9 permanenti<\/h3>\n<p>Jean-Marc CLEMENT<br \/>\n10 rue de Normandie<br \/>\n31120 Portet sur Garonne<br \/>\nFRANCE<\/p>\n<p>T\u00e9l : +33 (0)5 61 76 30 12<br \/>\nE-mail : <a href=\"mai&#108;&#116;&#111;&#58;ra&#110;&#100;&#111;&#115;&#64;c&#101;n&#116;&#99;o&#108;s&#46;n&#101;t \">randos&#64;c&#101;&#110;t&#99;o&#108;s.net <\/a><\/p>\n<h6>Attenzione : secondo l\u2019et\u00e0 e la versione del vostro libretto di viaggio, il nome e l\u2019indirizzo del responsabile possono essere non corretti. Siete pregati di inviare le vostre carte di viaggio da omologare cos\u00ec come le vostre cartoline postali e i vostri racconti di viaggio unicamente a Jean-Marc Cl\u00e9ment all\u2019indirizzo qui sopra (quindi non scrivere a Roger Colombo, Bernard Pommel, Jean-Marc Lef\u00e8vre o Roland Grimaud \u2020).<\/h6>\n<div id=\"finestramailtomailModalToPopup\" style=\"z-index: 1102;\">\n<div id=\"finestramailtomailContentPopup\">\n<div id=\"finestramailtotoModalPopup\">What do you want to do ?<\/div>\n<p><a id=\"finestramailtonewButtonEmail\"><\/a>New mail<button id=\"finestramailtocopyClipboardEmail\">Copy<\/button><textarea id=\"finestramailtotoTextCopyAreaSelect\"><\/textarea><\/p>\n<\/div>\n<\/div>\n<div id=\"finestramailtomailModalToPopup\" style=\"z-index: 1102;\">\n<div id=\"finestramailtomailContentPopup\">\n<div id=\"finestramailtotoClose\"><\/div>\n<div id=\"finestramailtotoModalPopup\">What do you want to do ?<\/div>\n<p><a id=\"finestramailtonewButtonEmail\"><\/a>New mail<button id=\"finestramailtocopyClipboardEmail\">Copy<\/button><textarea id=\"finestramailtotoTextCopyAreaSelect\"><\/textarea><\/p>\n<\/div>\n<\/div>\n<div><\/div>\n<div id=\"finestramailtomailModalToPopup\" style=\"z-index: 1102;\">\n<div id=\"finestramailtomailContentPopup\">\n<div id=\"finestramailtotoClose\"><\/div>\n<div id=\"finestramailtotoModalPopup\">What do you want to do ?<\/div>\n<p><a id=\"finestramailtonewButtonEmail\"><\/a>New mail<button id=\"finestramailtocopyClipboardEmail\">Copy<\/button><textarea id=\"finestramailtotoTextCopyAreaSelect\"><\/textarea><\/p>\n<\/div>\n<\/div>\n<div><img \/><\/div>\n<div id=\"finestramailtomailModalToPopup\" style=\"z-index: 1102;\">\n<div id=\"finestramailtomailContentPopup\">\n<div id=\"finestramailtotoClose\"><\/div>\n<div id=\"finestramailtotoModalPopup\">What do you want to do ?<\/div>\n<p><a id=\"finestramailtonewButtonEmail\"><\/a>New mail<button id=\"finestramailtocopyClipboardEmail\">Copy<\/button><textarea id=\"finestramailtotoTextCopyAreaSelect\"><\/textarea><\/p>\n<\/div>\n<\/div>\n<div><img \/><\/div>\n","protected":false},"excerpt":{"rendered":"<p>Presentazione Percorso di 1 168 km su delle strade talvolta deserte, raramente dritte e mai piatte nel nord della corsica. Ma quanti paesaggi diversi, panorami memorabili e meraviglie? 104 passi valicati (pi\u00f9 20 in opzione) tra 76 m e 1 477 m per un dislivello di 25 000 m. Da notare: 4 km di pista [&hellip;]<\/p>\n","protected":false},"author":69,"featured_media":0,"comment_status":"closed","ping_status":"closed","sticky":false,"template":"","format":"standard","meta":{"_acf_changed":false,"ub_ctt_via":"","_monsterinsights_skip_tracking":false,"_monsterinsights_sitenote_active":false,"_monsterinsights_sitenote_note":"","_monsterinsights_sitenote_category":0,"footnotes":""},"categories":[322,39],"tags":[],"acf":[],"featured_image_urls":{"full":"","thumbnail":"","medium":"","medium_large":"","large":"","1536x1536":"","2048x2048":"","woocommerce_thumbnail":"","woocommerce_single":"","woocommerce_gallery_thumbnail":""},"post_excerpt_stackable":"<p>Presentazione Percorso di 1 168 km su delle strade talvolta deserte, raramente dritte e mai piatte nel nord della corsica. Ma quanti paesaggi diversi, panorami memorabili e meraviglie? 104 passi valicati (pi\u00f9 20 in opzione) tra 76 m e 1 477 m per un dislivello di 25 000 m. Da notare: 4 km di pista R1 per il primo passo. 12 passi sono in comune con la randonn\u00e9 permanente &#8220;Cento Passi nel sud della Corsica&#8221; Non c&#8217;\u00e8 alcun problema per l&#8217;alloggio, senza prenotazione, in albergo, g\u00eete, camping (con o senza bungalow) da Pasqua a fine giugno e da settembre a&hellip;<\/p>\n","category_list":"<a href=\"https:\/\/centcols.org\/backup\/it\/categorie\/randonne-permanenti\/\" rel=\"category tag\">Randonn\u00e9 permanenti<\/a>, <a href=\"https:\/\/centcols.org\/backup\/categorie\/randonnees-permanentes\/\" rel=\"category tag\">Randonn\u00e9es permanentes<\/a>","author_info":{"display_name":"Enrico Alberini","author_link":"https:\/\/centcols.org\/backup\/it\/author\/5065\/"},"comments_num":"0 commenti","featured_image_urls_v2":{"full":"","thumbnail":"","medium":"","medium_large":"","large":"","1536x1536":"","2048x2048":"","woocommerce_thumbnail":"","woocommerce_single":"","woocommerce_gallery_thumbnail":""},"post_excerpt_stackable_v2":"<p>Presentazione Percorso di 1 168 km su delle strade talvolta deserte, raramente dritte e mai piatte nel nord della corsica. Ma quanti paesaggi diversi, panorami memorabili e meraviglie? 104 passi valicati (pi\u00f9 20 in opzione) tra 76 m e 1 477 m per un dislivello di 25 000 m. Da notare: 4 km di pista R1 per il primo passo. 12 passi sono in comune con la randonn\u00e9 permanente &#8220;Cento Passi nel sud della Corsica&#8221; Non c&#8217;\u00e8 alcun problema per l&#8217;alloggio, senza prenotazione, in albergo, g\u00eete, camping (con o senza bungalow) da Pasqua a fine giugno e da settembre a&hellip;<\/p>\n","category_list_v2":"<a href=\"https:\/\/centcols.org\/backup\/it\/categorie\/randonne-permanenti\/\" rel=\"category tag\">Randonn\u00e9 permanenti<\/a>, <a href=\"https:\/\/centcols.org\/backup\/categorie\/randonnees-permanentes\/\" rel=\"category tag\">Randonn\u00e9es permanentes<\/a>","author_info_v2":{"name":"Enrico Alberini","url":"https:\/\/centcols.org\/backup\/it\/author\/5065\/"},"comments_num_v2":"0 commenti","featured_image_src":null,"_links":{"self":[{"href":"https:\/\/centcols.org\/backup\/it\/wp-json\/wp\/v2\/posts\/41539"}],"collection":[{"href":"https:\/\/centcols.org\/backup\/it\/wp-json\/wp\/v2\/posts"}],"about":[{"href":"https:\/\/centcols.org\/backup\/it\/wp-json\/wp\/v2\/types\/post"}],"author":[{"embeddable":true,"href":"https:\/\/centcols.org\/backup\/it\/wp-json\/wp\/v2\/users\/69"}],"replies":[{"embeddable":true,"href":"https:\/\/centcols.org\/backup\/it\/wp-json\/wp\/v2\/comments?post=41539"}],"version-history":[{"count":0,"href":"https:\/\/centcols.org\/backup\/it\/wp-json\/wp\/v2\/posts\/41539\/revisions"}],"wp:attachment":[{"href":"https:\/\/centcols.org\/backup\/it\/wp-json\/wp\/v2\/media?parent=41539"}],"wp:term":[{"taxonomy":"category","embeddable":true,"href":"https:\/\/centcols.org\/backup\/it\/wp-json\/wp\/v2\/categories?post=41539"},{"taxonomy":"post_tag","embeddable":true,"href":"https:\/\/centcols.org\/backup\/it\/wp-json\/wp\/v2\/tags?post=41539"}],"curies":[{"name":"wp","href":"https:\/\/api.w.org\/{rel}","templated":true}]}}