{"id":41913,"date":"2019-03-25T20:59:02","date_gmt":"2019-03-25T19:59:02","guid":{"rendered":"https:\/\/centcols.org\/backup\/association-ligne-de-partage-et-club-des-100-cols\/"},"modified":"2023-05-16T11:01:35","modified_gmt":"2023-05-16T09:01:35","slug":"association-ligne-de-partage-et-club-des-100-cols","status":"publish","type":"post","link":"https:\/\/centcols.org\/backup\/it\/association-ligne-de-partage-et-club-des-100-cols\/","title":{"rendered":"L\u2019association Ligne de Partage et le Club des Cent Cols"},"content":{"rendered":"<blockquote><p>Article r\u00e9dig\u00e9 par Pierre-Louis Blaix (Pr\u00e9sident de l\u2019Association LP) et G\u00e9rard Galland (CC 933)<\/p><\/blockquote>\n<div id='gallery-1' class='gallery galleryid-41913 gallery-columns-2 gallery-size-medium'><dl class='gallery-item'>\n\t\t\t<dt class='gallery-icon landscape'>\n\t\t\t\t<a href='https:\/\/centcols.org\/backup\/it\/logo-lpe-2-2\/'><img loading=\"lazy\" decoding=\"async\" width=\"369\" height=\"243\" src=\"https:\/\/centcols.org\/backup\/wp-content\/uploads\/2019\/03\/logo-lpe-1.png\" class=\"attachment-medium size-medium\" alt=\"logo de l&#039;association Ligne de Partage\" aria-describedby=\"gallery-1-35249\" \/><\/a>\n\t\t\t<\/dt>\n\t\t\t\t<dd class='wp-caption-text gallery-caption' id='gallery-1-35249'>\n\t\t\t\tAssociazione Ligne de Partage\n\t\t\t\t<\/dd><\/dl><dl class='gallery-item'>\n\t\t\t<dt class='gallery-icon portrait'>\n\t\t\t\t<a href='https:\/\/centcols.org\/backup\/it\/club-des-cent-cols-2\/'><img loading=\"lazy\" decoding=\"async\" width=\"228\" height=\"243\" src=\"https:\/\/centcols.org\/backup\/wp-content\/uploads\/2015\/06\/club-des-cent-cols.png\" class=\"attachment-medium size-medium\" alt=\"\" aria-describedby=\"gallery-1-30065\" \/><\/a>\n\t\t\t<\/dt>\n\t\t\t\t<dd class='wp-caption-text gallery-caption' id='gallery-1-30065'>\n\t\t\t\tClub des Cent Cols\n\t\t\t\t<\/dd><\/dl><br style=\"clear: both\" \/>\n\t\t<\/div>\n\n<p><a href=\"http:\/\/lpe-asso.org\/notre-association\/\" target=\"_blank\" rel=\"noopener noreferrer\"><strong>L\u2019association \u00ab\u00a0Ligne de Partage\u00a0\u00bb<\/strong><\/a>\u00a0 a pour objet de d\u00e9velopper toutes activit\u00e9s en lien avec la ligne de partage des eaux entre l\u2019oc\u00e9an Atlantique et la mer M\u00e9diterran\u00e9e (dite \u00ab\u00a0ligne A\/M\u00a0\u00bb), ligne qui traverse les 9 pays\u00a0suivants, class\u00e9s du nord vers le sud : Tch\u00e9quie, Autriche, Allemagne, Suisse, Italie, France, Andorre, Espagne, Maroc.<\/p>\n<p><div id=\"attachment_35233\" style=\"width: 835px\" class=\"wp-caption alignleft\"><a href=\"https:\/\/commons.wikimedia.org\/wiki\/File:Partage_des_eaux,_Naurouze_(1).jpg\"><img loading=\"lazy\" decoding=\"async\" aria-describedby=\"caption-attachment-35233\" class=\"wp-image-35233\" title=\"Lucas Destrem [CC BY-SA 4.0], via Wikimedia Commons\" src=\"https:\/\/centcols.org\/backup\/wp-content\/uploads\/2019\/03\/Partage_des_eaux_Naurouze.jpg\" alt=\"\" width=\"825\" height=\"550\" srcset=\"https:\/\/centcols.org\/backup\/wp-content\/uploads\/2019\/03\/Partage_des_eaux_Naurouze.jpg 1024w, https:\/\/centcols.org\/backup\/wp-content\/uploads\/2019\/03\/Partage_des_eaux_Naurouze-600x400.jpg 600w, https:\/\/centcols.org\/backup\/wp-content\/uploads\/2019\/03\/Partage_des_eaux_Naurouze-500x333.jpg 500w, https:\/\/centcols.org\/backup\/wp-content\/uploads\/2019\/03\/Partage_des_eaux_Naurouze-768x512.jpg 768w\" sizes=\"(max-width: 825px) 100vw, 825px\" \/><\/a><p id=\"caption-attachment-35233\" class=\"wp-caption-text\">Le seuil de Naurouze (Aude)<\/p><\/div>L\u2019association s\u2019est fix\u00e9 les 5 missions suivantes\u00a0:<\/p>\n<ol>\n<li>Faire conna\u00eetre cette ligne, mettre en valeur les collectivit\u00e9s travers\u00e9es, f\u00e9d\u00e9rer leurs initiatives et entretenir un lien durable entre elles,<\/li>\n<li>Utiliser cette ligne comme fil rouge p\u00e9dagogique pour d\u00e9velopper, dans l\u2019enseignement et aupr\u00e8s du public, la curiosit\u00e9 pour la g\u00e9ographie,<\/li>\n<li>Faire vivre un r\u00e9seau international d\u2019\u00e9changes g\u00e9ographiques sur le th\u00e8me de l\u2019eau et de son partage,<\/li>\n<li>Faire conna\u00eetre d\u2019autres grandes lignes continentales de partage des eaux et favoriser des jumelages entre elles,<\/li>\n<li>\u00catre porteur de valeurs environnementales fortes, notamment en ce qui concerne la protection des ressources en eau.<\/li>\n<\/ol>\n<p>Ses principales activit\u00e9s sont\u00a0:<\/p>\n<p>&#8211; Recherches g\u00e9ographiques sur cette ligne de partage continentale tr\u00e8s peu connue mis \u00e0 part quelques routes ou cols\u00a0: traces et mesures pr\u00e9cises (ligne A\/M, fleuves et affluents contributifs, autres grandes lignes de partage)\u00a0; \u00e9tude de toutes les caract\u00e9ristiques et curiosit\u00e9s le long de cette ligne.<\/p>\n<p>&#8211; Rencontres avec les communes travers\u00e9es par la ligne A\/M afin de les motiver \u00e0 mettre en valeur cette caract\u00e9ristique g\u00e9ographique trop souvent ignor\u00e9e.<\/p>\n<p>&#8211; R\u00e9alisation de longs p\u00e9riples \u00e0 pied avec de multiples croisements de la ligne de partage et des 73 fleuves concern\u00e9s. D\u00e9but 2019, c\u2019est plus de 21000 km qui ont \u00e9t\u00e9 march\u00e9s par le pr\u00e9sident de l\u2019association dans toute l\u2019Europe. Voir cette page\u00a0: <a href=\"http:\/\/lpe-asso.org\/marches\/periples-a-pied\/\">http:\/\/lpe-asso.org\/marches\/periples-a-pied\/<\/a><\/p>\n<p>&#8211; Tenue de conf\u00e9rences sur le th\u00e8me du partage des eaux. Ces conf\u00e9rences sont modulables en dur\u00e9e et en contenu en fonction du lieu o\u00f9 elles sont organis\u00e9es.<\/p>\n<p>&#8211; Le site web de l\u2019association est enrichi en permanence. Il devient une r\u00e9f\u00e9rence avec plus de 220 pages ou articles. Une page d\u2019introduction existe dans les 10 langues de la ligne A\/M. Adresse du site :\u00a0<a href=\"http:\/\/lpe-asso.org\">http:\/\/lpe-asso.org<\/a><\/p>\n<p>&#8211; Une page de ce site est d\u00e9di\u00e9e aux activit\u00e9s cyclo en lien avec les lignes de partage des eaux :\u00a0<a href=\"http:\/\/lpe-asso.org\/periples\/en-velo-aussi\/\" target=\"_blank\" rel=\"noopener noreferrer\">Voir cette page<\/a><\/p>\n<p>&#8211; Animation du r\u00e9seau de membres et sympathisants notamment avec facebook\u00a0: page<a href=\"https:\/\/www.facebook.com\/lignedepartage\/\" target=\"_blank\" rel=\"noopener noreferrer\"> Ligne de Partage<\/a>\u00a0; groupe <a href=\"https:\/\/www.facebook.com\/groups\/1590089641032845\/\" target=\"_blank\" rel=\"noopener noreferrer\">Ligne A\/M<\/a>.<\/p>\n<p><strong>\u00a0<\/strong><\/p>\n<div id=\"attachment_35234\" style=\"width: 810px\" class=\"wp-caption alignright\"><a href=\"https:\/\/centcols.org\/backup\/wp-content\/uploads\/2019\/03\/col-des-laupies.jpg\"><img loading=\"lazy\" decoding=\"async\" aria-describedby=\"caption-attachment-35234\" class=\"wp-image-35234\" src=\"https:\/\/centcols.org\/backup\/wp-content\/uploads\/2019\/03\/col-des-laupies-1200x900.jpg\" alt=\"Ligne de Partage des Eaux Col des Laupies\" width=\"800\" height=\"600\" srcset=\"https:\/\/centcols.org\/backup\/wp-content\/uploads\/2019\/03\/col-des-laupies-1200x900.jpg 1200w, https:\/\/centcols.org\/backup\/wp-content\/uploads\/2019\/03\/col-des-laupies-600x450.jpg 600w, https:\/\/centcols.org\/backup\/wp-content\/uploads\/2019\/03\/col-des-laupies-500x375.jpg 500w, https:\/\/centcols.org\/backup\/wp-content\/uploads\/2019\/03\/col-des-laupies-768x576.jpg 768w, https:\/\/centcols.org\/backup\/wp-content\/uploads\/2019\/03\/col-des-laupies.jpg 1365w\" sizes=\"(max-width: 800px) 100vw, 800px\" \/><\/a><p id=\"caption-attachment-35234\" class=\"wp-caption-text\">Col des Laupies (Loz\u00e8re) photo : R\u00e9gis Paraz<\/p><\/div>\n<p><strong>Le Club des Cent Cols<\/strong> regroupe des cyclotouristes passionn\u00e9s de montagne dont l\u2019objectif est d\u2019escalader des cols.<\/p>\n<p>La r\u00e8gle du jeu d\u00e9finit les conditions de notre activit\u00e9. Le commentaire de l\u2019article 2 de cette r\u00e8gle du jeu pr\u00e9cise\u00a0:\u00a0<em>\u00ab\u00a0<\/em><em>En fran\u00e7ais, le terme de \u00ab\u00a0col\u00a0\u00bb contient de mani\u00e8re implicite un caract\u00e8re topographique. En raison de la multitude de configurations de terrains rencontr\u00e9es, la d\u00e9finition minimale du caract\u00e8re topographique d\u2019un col retenue par le Club est la suivante : point de passage privil\u00e9gi\u00e9, impos\u00e9 par le relief, situ\u00e9 sur une ligne de partage des eaux, et autre qu\u2019un sommet.\u00a0\u00bb\u00a0 <\/em><\/p>\n<p>Le cyclotouriste int\u00e9ress\u00e9 par la g\u00e9ographie, se posera la question de savoir, pour chaque col escalad\u00e9, de quelle vall\u00e9e il vient et vers quelle vall\u00e9e il va. Souvent un col s\u00e9pare les vall\u00e9es de deux affluents d\u2019un m\u00eame fleuve, parfois les vall\u00e9es de deux fleuves ou encore de deux fleuves tributaires de deux mers diff\u00e9rentes.<\/p>\n<p>Le cyclotouriste trouvera sur le <a href=\"http:\/\/lpe-asso.org\/notre-association\/\">site de l\u2019association \u00ab\u00a0Ligne de Partage\u00a0\u00bb<\/a> quantit\u00e9 d\u2019informations relatives \u00e0 la grande ligne de partage des eaux continentale (ligne A\/M), son environnement, les fleuves, les pays travers\u00e9s, les communes, les canaux, les grands sommets, les cols, les tunnels, etc.<\/p>\n<p>Certaines activit\u00e9s du Club des 100 cols, et en particulier les randonn\u00e9es permanentes <a href=\"https:\/\/centcols.org\/backup\/it\/cent-cols-sur-la-ligne-de-partage-des-eaux-atlantique-mediterranee\/\">Cent cols sur la ligne de partage des eaux Atlantique-M\u00e9diterran\u00e9e<\/a> (de Cluny au Port de Pailh\u00e8res) et <a href=\"https:\/\/centcols.org\/backup\/it\/rp-divisoria\/\">la Divisoria : cent cols sur la ligne de partage des eaux Atlantique \u2013M\u00e9diterran\u00e9e en Espagne<\/a> (de Saint-Jean-Pied-de-Port \u00e0 Tarifa), et le <a href=\"https:\/\/centcols.org\/backup\/it\/challenge-des-cols-lpe\/\" target=\"_blank\" rel=\"noopener noreferrer\">Challenge des cols routiers situ\u00e9s sur les &#8220;lignes de partage des eaux inter-mer-des-Alpes&#8221;<\/a> \u00a0concernent la ligne A\/M. Des informations concernant ces organisations, transmises \u00e0 l\u2019association\u00a0 \u00ab Ligne de Partage \u00bb pourront permettre d\u2019enrichir son site web et ses activit\u00e9s.<\/p>\n<p style=\"text-align: center;\">\n","protected":false},"excerpt":{"rendered":"<p>Article r\u00e9dig\u00e9 par Pierre-Louis Blaix (Pr\u00e9sident de l\u2019Association LP) et G\u00e9rard Galland (CC 933) L\u2019association \u00ab\u00a0Ligne de Partage\u00a0\u00bb\u00a0 a pour objet de d\u00e9velopper toutes activit\u00e9s en lien avec la ligne de partage des eaux entre l\u2019oc\u00e9an Atlantique et la mer M\u00e9diterran\u00e9e (dite \u00ab\u00a0ligne A\/M\u00a0\u00bb), ligne qui traverse les 9 pays\u00a0suivants, class\u00e9s du nord vers le [&hellip;]<\/p>\n","protected":false},"author":17,"featured_media":0,"comment_status":"closed","ping_status":"closed","sticky":false,"template":"","format":"standard","meta":{"_acf_changed":false,"ub_ctt_via":"","_monsterinsights_skip_tracking":false,"_monsterinsights_sitenote_active":false,"_monsterinsights_sitenote_note":"","_monsterinsights_sitenote_category":0,"footnotes":""},"categories":[329],"tags":[],"acf":[],"featured_image_urls":{"full":"","thumbnail":"","medium":"","medium_large":"","large":"","1536x1536":"","2048x2048":"","woocommerce_thumbnail":"","woocommerce_single":"","woocommerce_gallery_thumbnail":""},"post_excerpt_stackable":"<p>Article r\u00e9dig\u00e9 par Pierre-Louis Blaix (Pr\u00e9sident de l\u2019Association LP) et G\u00e9rard Galland (CC 933) Associazione Ligne de Partage Club des Cent Cols L\u2019association \u00ab\u00a0Ligne de Partage\u00a0\u00bb\u00a0 a pour objet de d\u00e9velopper toutes activit\u00e9s en lien avec la ligne de partage des eaux entre l\u2019oc\u00e9an Atlantique et la mer M\u00e9diterran\u00e9e (dite \u00ab\u00a0ligne A\/M\u00a0\u00bb), ligne qui traverse les 9 pays\u00a0suivants, class\u00e9s du nord vers le sud : Tch\u00e9quie, Autriche, Allemagne, Suisse, Italie, France, Andorre, Espagne, Maroc. Le seuil de Naurouze (Aude)L\u2019association s\u2019est fix\u00e9 les 5 missions suivantes\u00a0: Faire conna\u00eetre cette ligne, mettre en valeur les collectivit\u00e9s travers\u00e9es, f\u00e9d\u00e9rer leurs initiatives et entretenir&hellip;<\/p>\n","category_list":"<a href=\"https:\/\/centcols.org\/backup\/it\/categorie\/documentaires-it\/\" rel=\"category tag\">Documentari<\/a>","author_info":{"display_name":"R\u00e9gis Paraz","author_link":"https:\/\/centcols.org\/backup\/it\/author\/3225\/"},"comments_num":"0 commenti","featured_image_urls_v2":{"full":"","thumbnail":"","medium":"","medium_large":"","large":"","1536x1536":"","2048x2048":"","woocommerce_thumbnail":"","woocommerce_single":"","woocommerce_gallery_thumbnail":""},"post_excerpt_stackable_v2":"<p>Article r\u00e9dig\u00e9 par Pierre-Louis Blaix (Pr\u00e9sident de l\u2019Association LP) et G\u00e9rard Galland (CC 933) Associazione Ligne de Partage Club des Cent Cols L\u2019association \u00ab\u00a0Ligne de Partage\u00a0\u00bb\u00a0 a pour objet de d\u00e9velopper toutes activit\u00e9s en lien avec la ligne de partage des eaux entre l\u2019oc\u00e9an Atlantique et la mer M\u00e9diterran\u00e9e (dite \u00ab\u00a0ligne A\/M\u00a0\u00bb), ligne qui traverse les 9 pays\u00a0suivants, class\u00e9s du nord vers le sud : Tch\u00e9quie, Autriche, Allemagne, Suisse, Italie, France, Andorre, Espagne, Maroc. Le seuil de Naurouze (Aude)L\u2019association s\u2019est fix\u00e9 les 5 missions suivantes\u00a0: Faire conna\u00eetre cette ligne, mettre en valeur les collectivit\u00e9s travers\u00e9es, f\u00e9d\u00e9rer leurs initiatives et entretenir&hellip;<\/p>\n","category_list_v2":"<a href=\"https:\/\/centcols.org\/backup\/it\/categorie\/documentaires-it\/\" rel=\"category tag\">Documentari<\/a>","author_info_v2":{"name":"R\u00e9gis Paraz","url":"https:\/\/centcols.org\/backup\/it\/author\/3225\/"},"comments_num_v2":"0 commenti","featured_image_src":null,"_links":{"self":[{"href":"https:\/\/centcols.org\/backup\/it\/wp-json\/wp\/v2\/posts\/41913"}],"collection":[{"href":"https:\/\/centcols.org\/backup\/it\/wp-json\/wp\/v2\/posts"}],"about":[{"href":"https:\/\/centcols.org\/backup\/it\/wp-json\/wp\/v2\/types\/post"}],"author":[{"embeddable":true,"href":"https:\/\/centcols.org\/backup\/it\/wp-json\/wp\/v2\/users\/17"}],"replies":[{"embeddable":true,"href":"https:\/\/centcols.org\/backup\/it\/wp-json\/wp\/v2\/comments?post=41913"}],"version-history":[{"count":0,"href":"https:\/\/centcols.org\/backup\/it\/wp-json\/wp\/v2\/posts\/41913\/revisions"}],"wp:attachment":[{"href":"https:\/\/centcols.org\/backup\/it\/wp-json\/wp\/v2\/media?parent=41913"}],"wp:term":[{"taxonomy":"category","embeddable":true,"href":"https:\/\/centcols.org\/backup\/it\/wp-json\/wp\/v2\/categories?post=41913"},{"taxonomy":"post_tag","embeddable":true,"href":"https:\/\/centcols.org\/backup\/it\/wp-json\/wp\/v2\/tags?post=41913"}],"curies":[{"name":"wp","href":"https:\/\/api.w.org\/{rel}","templated":true}]}}