{"id":42055,"date":"2015-04-22T10:41:43","date_gmt":"2015-04-22T08:41:43","guid":{"rendered":"https:\/\/centcols.org\/backup\/200705\/"},"modified":"2020-04-21T11:55:31","modified_gmt":"2020-04-21T09:55:31","slug":"200705","status":"publish","type":"post","link":"https:\/\/centcols.org\/backup\/it\/200705\/","title":{"rendered":"20\/07\/05 : Settimana di Cicloturismo e Tour de France"},"content":{"rendered":"<h2>Lo stand del CCC in occasione della Settimana Europea di Cicloturismo a Albertville<\/h2>\n<div id='gallery-1' class='gallery galleryid-42055 gallery-columns-3 gallery-size-thumbnail'><dl class='gallery-item'>\n\t\t\t<dt class='gallery-icon landscape'>\n\t\t\t\t<a href='https:\/\/centcols.org\/backup\/wp-content\/uploads\/2015\/04\/semaine_europeenne_2005_3.jpg'><img loading=\"lazy\" decoding=\"async\" width=\"300\" height=\"300\" src=\"https:\/\/centcols.org\/backup\/wp-content\/uploads\/2015\/04\/semaine_europeenne_2005_3-300x300.jpg\" class=\"attachment-thumbnail size-thumbnail\" alt=\"\" aria-describedby=\"gallery-1-27829\" srcset=\"https:\/\/centcols.org\/backup\/wp-content\/uploads\/2015\/04\/semaine_europeenne_2005_3-300x300.jpg 300w, https:\/\/centcols.org\/backup\/wp-content\/uploads\/2015\/04\/semaine_europeenne_2005_3-100x100.jpg 100w\" sizes=\"(max-width: 300px) 100vw, 300px\" \/><\/a>\n\t\t\t<\/dt>\n\t\t\t\t<dd class='wp-caption-text gallery-caption' id='gallery-1-27829'>\n\t\t\t\tFran\u00e7ois Rieu, Hubert Ageron e Andr\u00e9e Bonhoure (segretario generale e segretario aggiunto dei Ciclisti del Demi Si\u00e8cle) e Ren\u00e9 Poty\n\t\t\t\t<\/dd><\/dl><dl class='gallery-item'>\n\t\t\t<dt class='gallery-icon landscape'>\n\t\t\t\t<a href='https:\/\/centcols.org\/backup\/wp-content\/uploads\/2015\/04\/semaine_europeenne_2005_1.jpg'><img loading=\"lazy\" decoding=\"async\" width=\"300\" height=\"300\" src=\"https:\/\/centcols.org\/backup\/wp-content\/uploads\/2015\/04\/semaine_europeenne_2005_1-300x300.jpg\" class=\"attachment-thumbnail size-thumbnail\" alt=\"\" aria-describedby=\"gallery-1-27833\" srcset=\"https:\/\/centcols.org\/backup\/wp-content\/uploads\/2015\/04\/semaine_europeenne_2005_1-300x300.jpg 300w, https:\/\/centcols.org\/backup\/wp-content\/uploads\/2015\/04\/semaine_europeenne_2005_1-100x100.jpg 100w\" sizes=\"(max-width: 300px) 100vw, 300px\" \/><\/a>\n\t\t\t<\/dt>\n\t\t\t\t<dd class='wp-caption-text gallery-caption' id='gallery-1-27833'>\n\t\t\t\tNicole Poty (a sinistra)\n\t\t\t\t<\/dd><\/dl><dl class='gallery-item'>\n\t\t\t<dt class='gallery-icon landscape'>\n\t\t\t\t<a href='https:\/\/centcols.org\/backup\/wp-content\/uploads\/2015\/04\/semaine_europeenne_2005_2.jpg'><img loading=\"lazy\" decoding=\"async\" width=\"300\" height=\"300\" src=\"https:\/\/centcols.org\/backup\/wp-content\/uploads\/2015\/04\/semaine_europeenne_2005_2-300x300.jpg\" class=\"attachment-thumbnail size-thumbnail\" alt=\"\" aria-describedby=\"gallery-1-27837\" srcset=\"https:\/\/centcols.org\/backup\/wp-content\/uploads\/2015\/04\/semaine_europeenne_2005_2-300x300.jpg 300w, https:\/\/centcols.org\/backup\/wp-content\/uploads\/2015\/04\/semaine_europeenne_2005_2-100x100.jpg 100w\" sizes=\"(max-width: 300px) 100vw, 300px\" \/><\/a>\n\t\t\t<\/dt>\n\t\t\t\t<dd class='wp-caption-text gallery-caption' id='gallery-1-27837'>\n\t\t\t\tRen\u00e9 Poty (a sinistra)\n\t\t\t\t<\/dd><\/dl><br style=\"clear: both\" \/>\n\t\t<\/div>\n\n<h2>Il passaggio del Tour de France al col du Galibier il 13 luglio. Foto di Jacques Collaudin<\/h2>\n<p><span style=\"font-family: Arial,Helvetica;\"><span style=\"font-size: small;\">&#8220;..alcune foto prese ieri nel corso della salita del&nbsp; Galibier dove abbiamo visto migliaia di ciclisti di tutti i paesi e anche qualche centocollista&#8230;&#8221;<\/span><\/span><\/p>\n<div id='gallery-2' class='gallery galleryid-42055 gallery-columns-3 gallery-size-thumbnail'><dl class='gallery-item'>\n\t\t\t<dt class='gallery-icon landscape'>\n\t\t\t\t<a href='https:\/\/centcols.org\/backup\/wp-content\/uploads\/2015\/04\/tour_france_2005_5.jpg'><img loading=\"lazy\" decoding=\"async\" width=\"300\" height=\"300\" src=\"https:\/\/centcols.org\/backup\/wp-content\/uploads\/2015\/04\/tour_france_2005_5-300x300.jpg\" class=\"attachment-thumbnail size-thumbnail\" alt=\"\" srcset=\"https:\/\/centcols.org\/backup\/wp-content\/uploads\/2015\/04\/tour_france_2005_5-300x300.jpg 300w, https:\/\/centcols.org\/backup\/wp-content\/uploads\/2015\/04\/tour_france_2005_5-100x100.jpg 100w\" sizes=\"(max-width: 300px) 100vw, 300px\" \/><\/a>\n\t\t\t<\/dt><\/dl><dl class='gallery-item'>\n\t\t\t<dt class='gallery-icon landscape'>\n\t\t\t\t<a href='https:\/\/centcols.org\/backup\/wp-content\/uploads\/2015\/04\/tour_france_2005_1.jpg'><img loading=\"lazy\" decoding=\"async\" width=\"300\" height=\"300\" src=\"https:\/\/centcols.org\/backup\/wp-content\/uploads\/2015\/04\/tour_france_2005_1-300x300.jpg\" class=\"attachment-thumbnail size-thumbnail\" alt=\"\" srcset=\"https:\/\/centcols.org\/backup\/wp-content\/uploads\/2015\/04\/tour_france_2005_1-300x300.jpg 300w, https:\/\/centcols.org\/backup\/wp-content\/uploads\/2015\/04\/tour_france_2005_1-100x100.jpg 100w\" sizes=\"(max-width: 300px) 100vw, 300px\" \/><\/a>\n\t\t\t<\/dt><\/dl><dl class='gallery-item'>\n\t\t\t<dt class='gallery-icon landscape'>\n\t\t\t\t<a href='https:\/\/centcols.org\/backup\/wp-content\/uploads\/2015\/04\/tour_france_2005_2.jpg'><img loading=\"lazy\" decoding=\"async\" width=\"300\" height=\"300\" src=\"https:\/\/centcols.org\/backup\/wp-content\/uploads\/2015\/04\/tour_france_2005_2-300x300.jpg\" class=\"attachment-thumbnail size-thumbnail\" alt=\"\" srcset=\"https:\/\/centcols.org\/backup\/wp-content\/uploads\/2015\/04\/tour_france_2005_2-300x300.jpg 300w, https:\/\/centcols.org\/backup\/wp-content\/uploads\/2015\/04\/tour_france_2005_2-100x100.jpg 100w\" sizes=\"(max-width: 300px) 100vw, 300px\" \/><\/a>\n\t\t\t<\/dt><\/dl><br style=\"clear: both\" \/><dl class='gallery-item'>\n\t\t\t<dt class='gallery-icon landscape'>\n\t\t\t\t<a href='https:\/\/centcols.org\/backup\/wp-content\/uploads\/2015\/04\/tour_france_2005_3.jpg'><img loading=\"lazy\" decoding=\"async\" width=\"300\" height=\"300\" src=\"https:\/\/centcols.org\/backup\/wp-content\/uploads\/2015\/04\/tour_france_2005_3-300x300.jpg\" class=\"attachment-thumbnail size-thumbnail\" alt=\"\" srcset=\"https:\/\/centcols.org\/backup\/wp-content\/uploads\/2015\/04\/tour_france_2005_3-300x300.jpg 300w, https:\/\/centcols.org\/backup\/wp-content\/uploads\/2015\/04\/tour_france_2005_3-100x100.jpg 100w\" sizes=\"(max-width: 300px) 100vw, 300px\" \/><\/a>\n\t\t\t<\/dt><\/dl><dl class='gallery-item'>\n\t\t\t<dt class='gallery-icon landscape'>\n\t\t\t\t<a href='https:\/\/centcols.org\/backup\/wp-content\/uploads\/2015\/04\/tour_france_2005_4.jpg'><img loading=\"lazy\" decoding=\"async\" width=\"300\" height=\"300\" src=\"https:\/\/centcols.org\/backup\/wp-content\/uploads\/2015\/04\/tour_france_2005_4-300x300.jpg\" class=\"attachment-thumbnail size-thumbnail\" alt=\"\" srcset=\"https:\/\/centcols.org\/backup\/wp-content\/uploads\/2015\/04\/tour_france_2005_4-300x300.jpg 300w, https:\/\/centcols.org\/backup\/wp-content\/uploads\/2015\/04\/tour_france_2005_4-100x100.jpg 100w\" sizes=\"(max-width: 300px) 100vw, 300px\" \/><\/a>\n\t\t\t<\/dt><\/dl>\n\t\t\t<br style='clear: both' \/>\n\t\t<\/div>\n\n","protected":false},"excerpt":{"rendered":"<p>Lo stand del CCC in occasione della Settimana Europea di Cicloturismo a Albertville Il passaggio del Tour de France al col du Galibier il 13 luglio. Foto di Jacques Collaudin &#8220;..alcune foto prese ieri nel corso della salita del&nbsp; Galibier dove abbiamo visto migliaia di ciclisti di tutti i paesi e anche qualche centocollista&#8230;&#8221;<\/p>\n","protected":false},"author":69,"featured_media":0,"comment_status":"closed","ping_status":"closed","sticky":false,"template":"","format":"standard","meta":{"_acf_changed":false,"ub_ctt_via":"","_monsterinsights_skip_tracking":false,"_monsterinsights_sitenote_active":false,"_monsterinsights_sitenote_note":"","_monsterinsights_sitenote_category":0,"footnotes":""},"categories":[29,166,330],"tags":[],"acf":[],"featured_image_urls":{"full":"","thumbnail":"","medium":"","medium_large":"","large":"","1536x1536":"","2048x2048":"","woocommerce_thumbnail":"","woocommerce_single":"","woocommerce_gallery_thumbnail":""},"post_excerpt_stackable":"<p>Lo stand del CCC in occasione della Settimana Europea di Cicloturismo a Albertville Fran\u00e7ois Rieu, Hubert Ageron e Andr\u00e9e Bonhoure (segretario generale e segretario aggiunto dei Ciclisti del Demi Si\u00e8cle) e Ren\u00e9 Poty Nicole Poty (a sinistra) Ren\u00e9 Poty (a sinistra) Il passaggio del Tour de France al col du Galibier il 13 luglio. Foto di Jacques Collaudin &#8220;..alcune foto prese ieri nel corso della salita del&nbsp; Galibier dove abbiamo visto migliaia di ciclisti di tutti i paesi e anche qualche centocollista&#8230;&#8221;<\/p>\n","category_list":"<a href=\"https:\/\/centcols.org\/backup\/categorie\/archives\/2005\/\" rel=\"category tag\">2005<\/a>, <a href=\"https:\/\/centcols.org\/backup\/it\/categorie\/archivi-it\/2005-it\/\" rel=\"category tag\">2005<\/a>, <a href=\"https:\/\/centcols.org\/backup\/it\/categorie\/archivi-it\/\" rel=\"category tag\">Archivi<\/a>","author_info":{"display_name":"Enrico Alberini","author_link":"https:\/\/centcols.org\/backup\/it\/author\/5065\/"},"comments_num":"0 commenti","featured_image_urls_v2":{"full":"","thumbnail":"","medium":"","medium_large":"","large":"","1536x1536":"","2048x2048":"","woocommerce_thumbnail":"","woocommerce_single":"","woocommerce_gallery_thumbnail":""},"post_excerpt_stackable_v2":"<p>Lo stand del CCC in occasione della Settimana Europea di Cicloturismo a Albertville Fran\u00e7ois Rieu, Hubert Ageron e Andr\u00e9e Bonhoure (segretario generale e segretario aggiunto dei Ciclisti del Demi Si\u00e8cle) e Ren\u00e9 Poty Nicole Poty (a sinistra) Ren\u00e9 Poty (a sinistra) Il passaggio del Tour de France al col du Galibier il 13 luglio. Foto di Jacques Collaudin &#8220;..alcune foto prese ieri nel corso della salita del&nbsp; Galibier dove abbiamo visto migliaia di ciclisti di tutti i paesi e anche qualche centocollista&#8230;&#8221;<\/p>\n","category_list_v2":"<a href=\"https:\/\/centcols.org\/backup\/categorie\/archives\/2005\/\" rel=\"category tag\">2005<\/a>, <a href=\"https:\/\/centcols.org\/backup\/it\/categorie\/archivi-it\/2005-it\/\" rel=\"category tag\">2005<\/a>, <a href=\"https:\/\/centcols.org\/backup\/it\/categorie\/archivi-it\/\" rel=\"category tag\">Archivi<\/a>","author_info_v2":{"name":"Enrico Alberini","url":"https:\/\/centcols.org\/backup\/it\/author\/5065\/"},"comments_num_v2":"0 commenti","featured_image_src":null,"_links":{"self":[{"href":"https:\/\/centcols.org\/backup\/it\/wp-json\/wp\/v2\/posts\/42055"}],"collection":[{"href":"https:\/\/centcols.org\/backup\/it\/wp-json\/wp\/v2\/posts"}],"about":[{"href":"https:\/\/centcols.org\/backup\/it\/wp-json\/wp\/v2\/types\/post"}],"author":[{"embeddable":true,"href":"https:\/\/centcols.org\/backup\/it\/wp-json\/wp\/v2\/users\/69"}],"replies":[{"embeddable":true,"href":"https:\/\/centcols.org\/backup\/it\/wp-json\/wp\/v2\/comments?post=42055"}],"version-history":[{"count":0,"href":"https:\/\/centcols.org\/backup\/it\/wp-json\/wp\/v2\/posts\/42055\/revisions"}],"wp:attachment":[{"href":"https:\/\/centcols.org\/backup\/it\/wp-json\/wp\/v2\/media?parent=42055"}],"wp:term":[{"taxonomy":"category","embeddable":true,"href":"https:\/\/centcols.org\/backup\/it\/wp-json\/wp\/v2\/categories?post=42055"},{"taxonomy":"post_tag","embeddable":true,"href":"https:\/\/centcols.org\/backup\/it\/wp-json\/wp\/v2\/tags?post=42055"}],"curies":[{"name":"wp","href":"https:\/\/api.w.org\/{rel}","templated":true}]}}