{"id":42066,"date":"2015-04-22T10:34:40","date_gmt":"2015-04-22T08:34:40","guid":{"rendered":"https:\/\/centcols.org\/backup\/150705-article-du-midi-libre-du-4-juillet-2005\/"},"modified":"2020-04-21T16:40:22","modified_gmt":"2020-04-21T14:40:22","slug":"150705-article-du-midi-libre-du-4-juillet-2005","status":"publish","type":"post","link":"https:\/\/centcols.org\/backup\/it\/150705-article-du-midi-libre-du-4-juillet-2005\/","title":{"rendered":"15\/07\/05 : Articolo del Midi-Libre del 4 luglio 2005"},"content":{"rendered":"<h2>Ren\u00e9 Marty ha collezionato 4000 passi<\/h2>\n<p><img loading=\"lazy\" decoding=\"async\" class=\"alignnone size-full wp-image-4017\" src=\"https:\/\/centcols.org\/backup\/wp-content\/uploads\/2015\/04\/rene_marty.jpg\" alt=\"rene_marty\" width=\"786\" height=\"1100\" srcset=\"https:\/\/centcols.org\/backup\/wp-content\/uploads\/2015\/04\/rene_marty.jpg 786w, https:\/\/centcols.org\/backup\/wp-content\/uploads\/2015\/04\/rene_marty-600x840.jpg 600w, https:\/\/centcols.org\/backup\/wp-content\/uploads\/2015\/04\/rene_marty-357x500.jpg 357w\" sizes=\"(max-width: 786px) 100vw, 786px\" \/><\/p>\n<h2>Les Cent Cols \u00e9taient pr\u00e9sents sur le plateau du V\u00e9lo Club le 12 juillet 2005 \u00e0 Courchevel<\/h2>\n<p><img loading=\"lazy\" decoding=\"async\" class=\"alignnone size-full wp-image-4018\" src=\"https:\/\/centcols.org\/backup\/wp-content\/uploads\/2015\/04\/velo_club.jpg\" alt=\"velo_club\" width=\"800\" height=\"600\" srcset=\"https:\/\/centcols.org\/backup\/wp-content\/uploads\/2015\/04\/velo_club.jpg 800w, https:\/\/centcols.org\/backup\/wp-content\/uploads\/2015\/04\/velo_club-600x450.jpg 600w, https:\/\/centcols.org\/backup\/wp-content\/uploads\/2015\/04\/velo_club-500x375.jpg 500w\" sizes=\"(max-width: 800px) 100vw, 800px\" \/><\/p>\n","protected":false},"excerpt":{"rendered":"<p>Ren\u00e9 Marty ha collezionato 4000 passi Les Cent Cols \u00e9taient pr\u00e9sents sur le plateau du V\u00e9lo Club le 12 juillet 2005 \u00e0 Courchevel<\/p>\n","protected":false},"author":69,"featured_media":0,"comment_status":"closed","ping_status":"closed","sticky":false,"template":"","format":"standard","meta":{"_acf_changed":false,"ub_ctt_via":"","_monsterinsights_skip_tracking":false,"_monsterinsights_sitenote_active":false,"_monsterinsights_sitenote_note":"","_monsterinsights_sitenote_category":0,"footnotes":""},"categories":[166,29,25,330],"tags":[],"acf":[],"featured_image_urls":{"full":"","thumbnail":"","medium":"","medium_large":"","large":"","1536x1536":"","2048x2048":"","woocommerce_thumbnail":"","woocommerce_single":"","woocommerce_gallery_thumbnail":""},"post_excerpt_stackable":"<p>Ren\u00e9 Marty ha collezionato 4000 passi Les Cent Cols \u00e9taient pr\u00e9sents sur le plateau du V\u00e9lo Club le 12 juillet 2005 \u00e0 Courchevel<\/p>\n","category_list":"<a href=\"https:\/\/centcols.org\/backup\/it\/categorie\/archivi-it\/2005-it\/\" rel=\"category tag\">2005<\/a>, <a href=\"https:\/\/centcols.org\/backup\/categorie\/archives\/2005\/\" rel=\"category tag\">2005<\/a>, <a href=\"https:\/\/centcols.org\/backup\/categorie\/archives\/\" rel=\"category tag\">Archives<\/a>, <a href=\"https:\/\/centcols.org\/backup\/it\/categorie\/archivi-it\/\" rel=\"category tag\">Archivi<\/a>","author_info":{"display_name":"Enrico Alberini","author_link":"https:\/\/centcols.org\/backup\/it\/author\/5065\/"},"comments_num":"0 commenti","featured_image_urls_v2":{"full":"","thumbnail":"","medium":"","medium_large":"","large":"","1536x1536":"","2048x2048":"","woocommerce_thumbnail":"","woocommerce_single":"","woocommerce_gallery_thumbnail":""},"post_excerpt_stackable_v2":"<p>Ren\u00e9 Marty ha collezionato 4000 passi Les Cent Cols \u00e9taient pr\u00e9sents sur le plateau du V\u00e9lo Club le 12 juillet 2005 \u00e0 Courchevel<\/p>\n","category_list_v2":"<a href=\"https:\/\/centcols.org\/backup\/it\/categorie\/archivi-it\/2005-it\/\" rel=\"category tag\">2005<\/a>, <a href=\"https:\/\/centcols.org\/backup\/categorie\/archives\/2005\/\" rel=\"category tag\">2005<\/a>, <a href=\"https:\/\/centcols.org\/backup\/categorie\/archives\/\" rel=\"category tag\">Archives<\/a>, <a href=\"https:\/\/centcols.org\/backup\/it\/categorie\/archivi-it\/\" rel=\"category tag\">Archivi<\/a>","author_info_v2":{"name":"Enrico Alberini","url":"https:\/\/centcols.org\/backup\/it\/author\/5065\/"},"comments_num_v2":"0 commenti","featured_image_src":null,"_links":{"self":[{"href":"https:\/\/centcols.org\/backup\/it\/wp-json\/wp\/v2\/posts\/42066"}],"collection":[{"href":"https:\/\/centcols.org\/backup\/it\/wp-json\/wp\/v2\/posts"}],"about":[{"href":"https:\/\/centcols.org\/backup\/it\/wp-json\/wp\/v2\/types\/post"}],"author":[{"embeddable":true,"href":"https:\/\/centcols.org\/backup\/it\/wp-json\/wp\/v2\/users\/69"}],"replies":[{"embeddable":true,"href":"https:\/\/centcols.org\/backup\/it\/wp-json\/wp\/v2\/comments?post=42066"}],"version-history":[{"count":0,"href":"https:\/\/centcols.org\/backup\/it\/wp-json\/wp\/v2\/posts\/42066\/revisions"}],"wp:attachment":[{"href":"https:\/\/centcols.org\/backup\/it\/wp-json\/wp\/v2\/media?parent=42066"}],"wp:term":[{"taxonomy":"category","embeddable":true,"href":"https:\/\/centcols.org\/backup\/it\/wp-json\/wp\/v2\/categories?post=42066"},{"taxonomy":"post_tag","embeddable":true,"href":"https:\/\/centcols.org\/backup\/it\/wp-json\/wp\/v2\/tags?post=42066"}],"curies":[{"name":"wp","href":"https:\/\/api.w.org\/{rel}","templated":true}]}}