{"id":42518,"date":"2000-01-25T19:14:53","date_gmt":"2000-01-25T18:14:53","guid":{"rendered":"https:\/\/centcols.org\/backup\/tracols-accols-saccols\/"},"modified":"2020-04-29T14:24:14","modified_gmt":"2020-04-29T12:24:14","slug":"tracols-accols-saccols","status":"publish","type":"post","link":"https:\/\/centcols.org\/backup\/it\/tracols-accols-saccols\/","title":{"rendered":"TRACOLS, ACCOLS &#038; SACCOLS"},"content":{"rendered":"<div id=\"trtext\" style=\"font-size: 14px;\">\n<p><span id=\"s2_1\">Mi sono sempre chiesto che cosa Georges P\u00e9rec, che amava triturare le parole e la lingua e manipolare le liste e le compilazione, ma che amava anche la bicicletta, avrebbe pensato del Club dei Cento Colli, e di questi dolci pazzi di ciclisti che sono compulsivi, confrontano, compilano, contano, contabilizzano, identificano, (censurano?), classificano i passi (oltre che attraversarli!).<\/span><\/p>\n<p><span id=\"s2_2\" style=\"background-color: white;\">Infatti un elenco di alcune centinaia di colletti valicati e a fortiori LA lista (lo Chauvot) si prestano come ogni serie matematica a tutti i tipi di manipolazioni e statistiche diverse.<\/span> <span id=\"s2_3\" style=\"background-color: white;\">Spesso si \u00e8 tentati di giocare con le parole e i nomi dei passi.<\/span> <span id=\"s2_4\" style=\"background-color: white;\">Un&#8217;altra angolazione di vista \u00e8 quella di interessarsi alle &#8220;denominazioni puramente regionaliste, se non addirittura separatiste&#8221; (1).<\/span><\/p>\n<p><span id=\"s2_5\" style=\"background-color: white;\">Per esempio il mio dipartimento l&#8217;Ard\u00e8che \u00e8 caratterizzato da un PERTUSOL dall&#8217;etimologia trasparente, Pertusol molto giustamente omologato da Robert Chauvot (07-0639).<\/span><\/p>\n<p><span id=\"s2_6\" style=\"background-color: white;\">L&#8217;Ard\u00e8che si distingue anche per i suoi COULETS. Si trova nel Chauvot 16 &#8220;Le Coulet&#8221;, di cui 13 sono situati in Ard\u00e8che.<\/span> <span id=\"s2_7\" style=\"background-color: white;\">Se a questi passi si aggiungono due &#8220;Col de la Croix du Coulet&#8221;, un &#8220;Les Coulets&#8221; (il mio millesimo col), un &#8220;Le Couletet&#8221; (tutti questi colli sono situati in Ard\u00e8che), si constata che 17 dei 22 colli del Chauvot con il nome &#8220;Coulet&#8221; sono\u00a0 in .<\/span> <span id=\"s2_8\" style=\"background-color: white;\">Ci sono anche nella &#8220;bibbia&#8221; 9 passi il cui titolo \u00e8 &#8220;Coulet&#8221; (&#8220;Coulet de xxx&#8221;), 9 passi di cui 5 sono in <\/span><span id=\"s2_7\" style=\"background-color: white;\">Ard\u00e8che.<\/span><\/p>\n<\/div>\n<p>Le Coulet : F-04-1870, F-07-0370, F-07-0446, F-07-0479, F-07-0490, F-07-0517, F-07-0582b, F-07-0594, F-07-0650,<br \/>\nF-07-0729, F-07-0740a, F-07-0750, F-07-0855, F-07-0900, F-30-1063, F-84-0370<br \/>\nPas du Coulet F-34-0621<br \/>\nCol de la Croix du Coulet F-07-0540a<br \/>\nCol de la Croix du Coulet F-07-0551<br \/>\nLe Couletet F-07-0605<br \/>\nLes Coulets F-07-0892<br \/>\nLe Grand Coulet F-05-1869<br \/>\nCoulet de Nouron F-04-1132<br \/>\nCoulet d&#8217; Audi F-06-1657<br \/>\nCoulet de la Conquiste F-07-0604a<br \/>\nCoulet de Vernadel F-07-0684<br \/>\nCoulet d&#8217; Auzon F-07-0749<br \/>\nCoulet de la Souli\u00e8re F-07-0834<br \/>\nCoulet de Pecoyol F-07-1264<br \/>\nCoulets d&#8217; Estrets F-34-1015a<br \/>\nCoulet Redon F-84-1022<\/p>\n<p>L&#8217;etimologia della parola COULET non pone alcun problema: \u00e8 il collet, il\u00a0 &#8220;passetto&#8221;, il COULETET \u00e8 quindi il passetto.<\/p>\n<p>Si ritrova in misura minore questa concentrazione dei COULET al livello dei cognomi familiari: 63 dei 951 COULET iscritti nell&#8217;elenco telefonico sono in <span id=\"s2_7\" style=\"background-color: white;\">Ard\u00e8che<\/span>s (ma 136 nell&#8217;H\u00e9rault, 80 nelle Bouches du Rh\u00f4ne, 70 nel Gard, 62 nel Var&#8230;)<\/p>\n<p>Questo mi permette di aprire una parentesi per evocare i miei ascendenti COULET: la mia trisavola Th\u00e9r\u00e8se COULET (1846 &#8211; 1916) di Lablach\u00e8re (07), e, risalendo la mia stirpe diretta, Jean Fran\u00e7ois (figli) (1813 &#8211; 98), Jean Fran\u00e7ois (padre) (1788 &#8211; 1864), Jean (? &#8211; 1826), Pierre COULET (? &#8211; 1770) di Gravi\u00e8res (07)&#8230;<\/p>\n<p><span id=\"s2_1\" style=\"background-color: white;\">Ci\u00f2 mi fa aprire una seconda parentesi: all&#8217;epoca in cui in alcune regioni fioriscono cartelli di passi in nome di un &#8220;uso locale&#8221; (che pi\u00f9 spesso sorprende gli abitanti di queste regioni), si pu\u00f2 trovare a mio parere un esempio pi\u00f9 credibile di &#8220;uso locale&#8221; nell&#8217;esempio dei COULET di Lablach\u00e8re;<\/span> <span id=\"s2_2\" style=\"background-color: white;\">il loro nome, proveniente visibilmente da una particolarit\u00e0 geografica dell&#8217;habitat di uno dei loro (miei) antenati, \u00e8 presente in questa regione di (molto) media montagna molto prima che l&#8217;idea di un curioso veicolo a due ruote germogliasse nella mente del Barone Drais, e a maggior ragione ancora pi\u00f9 a lungo prima che l&#8217;idea di un non meno curioso club sia sorto nel cervello di Jean PERDOUX. Chiudo le parentesi per evocare un&#8217;altra quasi specificit\u00e0 dell&#8217;Ard\u00e8che:<\/span> i TRACOL.<\/p>\n<p>5 dei 8 TRACOL dello Chauvot sono in <span id=\"s2_7\" style=\"background-color: white;\">Ard\u00e8che<\/span>:<br \/>\nF-07-0295, F-07-0400, 07-0640, 07-0740b, 07-0971, 38-1445b, 42-1083, 63-0362<\/p>\n<p>A livello dei patronimici, la concentrazione \u00e8 ancora pi\u00f9 forte che nel caso dei COULET: nel 2000, 80 dei 399 TRACOL iscritti sull&#8217;annuario in Francia sono rimasti invariati (e 116 mesi). La base di dati genealogici 3617 RACINA fornisce 5 riferimenti anteriori a 1820 di persone di nome TRACOL, di cui 4 riferimenti in Ard\u00e8che, uno localizzato a Preaux nel 1464! &#8221; Lo Cercaire&#8221; che ha condotto uno studio sull&#8217;annuario dell&#8217;Ard\u00e8che dieci anni fa (2), nota inoltre che, ad eccezione di un caso, tutti i TRACOL ritrovati a quell&#8217;epoca abitavano nell&#8217;Alto Vivarais, il che conferma l&#8217;etimologia: TRACOL deve intendersi &#8220;Tras col&#8221;, letteralmente al di l\u00e0 del passo, attraverso il passo, passare il passo; da qui il verbo occitano &#8220;tracolar\/ trecolar&#8221;, che si pronuncia &#8220;trakoula, tr\u00e9koula, tr\u00e9kola&#8221; che significa &#8220;passare dietro il monte&#8221;: il sole &#8220;tr\u00e8coule&#8221;&#8230; Oppure, metaforicamente parlando, andare oltre, scomparire, morire. &#8221; L&#8217;ome de la Loisa ha trecolat&#8230;&#8221;: &#8220;il marito della Luisa \u00e8 passato dall&#8217;altra parte&#8221; si trova nel dizionario &#8220;L&#8217;Occitan &#8211; Nord Vivarais&#8221; (da avvicinare all&#8217;espressione usata nel nostro club &#8220;ha attraversato il suo ultimo colle&#8221;&#8230;). Lo ho sentito usato in un senso indebolito passare attraverso, attraversare: &#8220;ho attreversato verso Fabras&#8230;&#8221;. &#8221; Lo Cercaire&#8221; precisa: &#8220;ci\u00f2 che evoca TRACOL \u00e8 l&#8217;abitante di una casa situata vicino al passo, generalmente sul lato sud&#8221;. Ci\u00f2 \u00e8 particolarmente evidente nel caso dei TRACOLS 07-0400, 07-0640, 07-0971, per i quali la carta 1\/25.000, mostra chiaramente che il luogo indicato \u00e8 leggermente al di sotto del passo propriamente detto; allo stesso modo per i TRACOLS situati un 1 km sotto il Col de Mezilhac, l&#8217;altro a 200 m dal Col de Juvenet, questi due TRACOLS non sono a giusto titolo omologati come passi<\/p>\n<p>Il termine TRACOL mi porta ad altri due termini dell&#8217;Ard\u00e9che, molto vicini, ACCOL e SACCOL.<\/p>\n<p><span id=\"s2_1\" style=\"background-color: white;\">Le ACCOLS, a volte ritrovate sotto il nome di &#8220;accou&#8221;, &#8220;couol&#8221;, ma ancora secondo le regioni &#8220;fa\u00efsse&#8221;, &#8220;Bancel&#8221;, &#8220;escham&#8221;, &#8220;Chamba&#8221;, e altri, sono le terrazze: queste sistemazioni sulle pendici decidue, formando una sorta di gradinate, le colture possono essere coltivate dove non lo erano, grazie ad una serie di cuscinetti orizzontali sostenuti da muretti a secco (3). Gli ACCOLS sono testimoni della perseveranza e dell&#8217;ostinazione dei nostri Antichi, confrontati al problema della ricerca e dello sviluppo di zone coltivabili, in questo aspro paese che \u00e8 l&#8217;Ard\u00e8che.<\/span> <span id=\"s2_2\" style=\"background-color: white;\">Si \u00e8 colpiti dal colossale lavoro di spianatura, di ripiena, di canalizzazione e di costruzione destinato a impiantare e mantenere un&#8217;agricoltura, in luoghi talvolta molto remoti.<\/span> <span id=\"s2_3\" style=\"background-color: white;\">Non \u00e8 raro, quando si pratica la mountain bike in Ard\u00e8che, scoprire che una collina che si pensava &#8220;selvaggia&#8221; era in realt\u00e0 interamente sistemata in ACCOLS, e che questi sono scomparsi sotto la foresta<\/span>&#8230;<\/p>\n<p>Viste le difficolt\u00e0 di accesso su quese accols, il lavoro si faceva il pi\u00f9 delle volte a dorso d&#8217;uomo, con l&#8217;aiuto della &#8220;Besse&#8221;, grande cesto fatto di stecche di castagno o intrecciato di vimini, portato sul collo inserendovi un cuscino, il SACCOL o &#8220;coulassou&#8221;. I materiali potevano anche essere trasportati direttamente nel saccol. La saggezza popolare, giocando sull&#8217;allitterazione, diceva dunque:<br \/>\nPer lou pa\u00efs d&#8217;en bas,<br \/>\nlou bat;<br \/>\nPer lou pa\u00efs d&#8217;accols,<br \/>\nlou saccol<br \/>\n<span id=\"s2_1\" style=\"background-color: white;\">(Per il paese basso, il bastone &#8211; l&#8217;asino, il mulo -;<\/span> <span id=\"s2_2\" style=\"background-color: white;\">per il paese d&#8217;accol, il sacco &#8211; dunque l&#8217;uomo<\/span>&#8230; -.)<\/p>\n<p><span id=\"s2_1\" style=\"background-color: white;\">Che rapporto c&#8217;\u00e8 tra gli accols, i saccols e i passi?<\/span> <span id=\"s2_2\" style=\"background-color: white;\">Nessuno, tutto questo era destinato solo a farvi apprezzare i paesaggi durante i vostri saliscendi dei passi in <span id=\"s2_5\" style=\"background-color: white;\">Ard\u00e8che<\/span>, e a mettere in evidenza questo patthgzrthzzarthzrthzrhbgsbrimoine che purtroppo scompare poco a poco.<\/span> <span id=\"s2_3\" style=\"background-color: white;\">\u00c8 tuttavia il &#8220;testimone di una civilt\u00e0 rurale che ebbe la perfetta padronanza dell&#8217;acqua e della pietra, per creare un paesaggio alimentare, fonctsreqergional e armonioso, riflesso dell&#8217;alleanza riuscita dell&#8217;uomo e della sua terra&#8221; (3),\u00a0 io aggiungerei al prezzo di un duro lavoro.<\/span><\/p>\n<p>Bernard &#8220;Biki lou biker&#8221; Pommel<br \/>\nCycloTourisme Aubenas Vals<\/p>\n<p>Bibliografia<br \/>\n(1) Laurent Laruaz, rivista Cent Cols n\u00b018, 1990, p. 23<br \/>\n(2) La piccola storia del vostro nome: TRACOL, Lo Cercaire, Le Dauphin\u00e9 Lib\u00e9r\u00e9, 3\/2\/90<br \/>\n(3) La Belle Lurette, dossier tradition : les terrasses, giugno 1996 (\u00e9d Savoirs de terroir, 07600 Vals les Bains)<br \/>\nPer le terrazze, vedi su Internet<\/p>\n<div id='gallery-1' class='gallery galleryid-42518 gallery-columns-4 gallery-size-thumbnail'><dl class='gallery-item'>\n\t\t\t<dt class='gallery-icon portrait'>\n\t\t\t\t<a href='https:\/\/centcols.org\/backup\/wp-content\/uploads\/2015\/04\/thieure.jpg'><img loading=\"lazy\" decoding=\"async\" width=\"286\" height=\"300\" src=\"https:\/\/centcols.org\/backup\/wp-content\/uploads\/2015\/04\/thieure-286x300.jpg\" class=\"attachment-thumbnail size-thumbnail\" alt=\"\" aria-describedby=\"gallery-1-26093\" \/><\/a>\n\t\t\t<\/dt>\n\t\t\t\t<dd class='wp-caption-text gallery-caption' id='gallery-1-26093'>\n\t\t\t\tThieure\n\t\t\t\t<\/dd><\/dl><dl class='gallery-item'>\n\t\t\t<dt class='gallery-icon landscape'>\n\t\t\t\t<a href='https:\/\/centcols.org\/backup\/wp-content\/uploads\/2015\/04\/accols.jpg'><img loading=\"lazy\" decoding=\"async\" width=\"300\" height=\"297\" src=\"https:\/\/centcols.org\/backup\/wp-content\/uploads\/2015\/04\/accols-300x297.jpg\" class=\"attachment-thumbnail size-thumbnail\" alt=\"\" aria-describedby=\"gallery-1-26097\" srcset=\"https:\/\/centcols.org\/backup\/wp-content\/uploads\/2015\/04\/accols-300x297.jpg 300w, https:\/\/centcols.org\/backup\/wp-content\/uploads\/2015\/04\/accols-100x100.jpg 100w\" sizes=\"(max-width: 300px) 100vw, 300px\" \/><\/a>\n\t\t\t<\/dt>\n\t\t\t\t<dd class='wp-caption-text gallery-caption' id='gallery-1-26097'>\n\t\t\t\tAccols\n\t\t\t\t<\/dd><\/dl><dl class='gallery-item'>\n\t\t\t<dt class='gallery-icon landscape'>\n\t\t\t\t<a href='https:\/\/centcols.org\/backup\/wp-content\/uploads\/2015\/04\/lentilleres.jpg'><img loading=\"lazy\" decoding=\"async\" width=\"300\" height=\"284\" src=\"https:\/\/centcols.org\/backup\/wp-content\/uploads\/2015\/04\/lentilleres-300x284.jpg\" class=\"attachment-thumbnail size-thumbnail\" alt=\"\" aria-describedby=\"gallery-1-26101\" \/><\/a>\n\t\t\t<\/dt>\n\t\t\t\t<dd class='wp-caption-text gallery-caption' id='gallery-1-26101'>\n\t\t\t\tLentilli\u00e8res\n\t\t\t\t<\/dd><\/dl><dl class='gallery-item'>\n\t\t\t<dt class='gallery-icon landscape'>\n\t\t\t\t<a href='https:\/\/centcols.org\/backup\/wp-content\/uploads\/2015\/04\/sablieres.jpg'><img loading=\"lazy\" decoding=\"async\" width=\"300\" height=\"300\" src=\"https:\/\/centcols.org\/backup\/wp-content\/uploads\/2015\/04\/sablieres-300x300.jpg\" class=\"attachment-thumbnail size-thumbnail\" alt=\"\" aria-describedby=\"gallery-1-26105\" srcset=\"https:\/\/centcols.org\/backup\/wp-content\/uploads\/2015\/04\/sablieres-300x300.jpg 300w, https:\/\/centcols.org\/backup\/wp-content\/uploads\/2015\/04\/sablieres-100x100.jpg 100w\" sizes=\"(max-width: 300px) 100vw, 300px\" \/><\/a>\n\t\t\t<\/dt>\n\t\t\t\t<dd class='wp-caption-text gallery-caption' id='gallery-1-26105'>\n\t\t\t\tSabli\u00e8res\n\t\t\t\t<\/dd><\/dl><br style=\"clear: both\" \/>\n\t\t<\/div>\n\n<div id=\"finestramailtomailModalToPopup\" style=\"z-index: 1102;\">\n<div id=\"finestramailtomailContentPopup\">\n<div id=\"finestramailtotoClose\"><\/div>\n<div id=\"finestramailtotoModalPopup\">What do you want to do ?<\/div>\n<p><a id=\"finestramailtonewButtonEmail\"><\/a>New mail<button id=\"finestramailtocopyClipboardEmail\">Copy<\/button><textarea id=\"finestramailtotoTextCopyAreaSelect\"><\/textarea><\/p>\n<\/div>\n<\/div>\n<div id=\"finestramailtomailModalToPopup\" style=\"z-index: 1102;\">\n<div id=\"finestramailtomailContentPopup\">\n<div id=\"finestramailtotoModalPopup\">What do you want to do ?<\/div>\n<p><a id=\"finestramailtonewButtonEmail\"><\/a>New mail<button id=\"finestramailtocopyClipboardEmail\">Copy<\/button><textarea id=\"finestramailtotoTextCopyAreaSelect\"><\/textarea><\/p>\n<\/div>\n<\/div>\n<div id=\"finestramailtomailModalToPopup\" style=\"z-index: 1102;\">\n<div id=\"finestramailtomailContentPopup\">\n<div id=\"finestramailtotoClose\"><\/div>\n<div id=\"finestramailtotoModalPopup\">What do you want to do ?<\/div>\n<p><a id=\"finestramailtonewButtonEmail\"><\/a>New mail<button id=\"finestramailtocopyClipboardEmail\">Copy<\/button><textarea id=\"finestramailtotoTextCopyAreaSelect\"><\/textarea><\/p>\n<\/div>\n<\/div>\n<div id=\"finestramailtomailModalToPopup\" style=\"z-index: 1102;\">\n<div id=\"finestramailtomailContentPopup\">\n<div id=\"finestramailtotoModalPopup\">What do you want to do ?<\/div>\n<p><a id=\"finestramailtonewButtonEmail\"><\/a>New mail<button id=\"finestramailtocopyClipboardEmail\">Copy<\/button><textarea id=\"finestramailtotoTextCopyAreaSelect\"><\/textarea><\/p>\n<\/div>\n<\/div>\n<div><\/div>\n<div id=\"finestramailtomailModalToPopup\" style=\"z-index: 1102;\">\n<div id=\"finestramailtomailContentPopup\">\n<div id=\"finestramailtotoClose\"><\/div>\n<div id=\"finestramailtotoModalPopup\">What do you want to do ?<\/div>\n<p><a id=\"finestramailtonewButtonEmail\"><\/a>New mail<button id=\"finestramailtocopyClipboardEmail\">Copy<\/button><textarea id=\"finestramailtotoTextCopyAreaSelect\"><\/textarea><\/p>\n<\/div>\n<\/div>\n<div><\/div>\n<div id=\"finestramailtomailModalToPopup\" style=\"z-index: 1102;\">\n<div id=\"finestramailtomailContentPopup\">\n<div id=\"finestramailtotoClose\"><\/div>\n<div id=\"finestramailtotoModalPopup\">What do you want to do ?<\/div>\n<p><a id=\"finestramailtonewButtonEmail\"><\/a>New mail<button id=\"finestramailtocopyClipboardEmail\">Copy<\/button><textarea id=\"finestramailtotoTextCopyAreaSelect\"><\/textarea><\/p>\n<\/div>\n<\/div>\n<div><\/div>\n<div id=\"finestramailtomailModalToPopup\" style=\"z-index: 1102;\">\n<div id=\"finestramailtomailContentPopup\">\n<div id=\"finestramailtotoClose\"><\/div>\n<div id=\"finestramailtotoModalPopup\">What do you want to do ?<\/div>\n<p><a id=\"finestramailtonewButtonEmail\"><\/a>New mail<button id=\"finestramailtocopyClipboardEmail\">Copy<\/button><textarea id=\"finestramailtotoTextCopyAreaSelect\"><\/textarea><\/p>\n<\/div>\n<\/div>\n<div><\/div>\n<div id=\"finestramailtomailModalToPopup\" style=\"z-index: 1102;\">\n<div id=\"finestramailtomailContentPopup\">\n<div id=\"finestramailtotoClose\"><\/div>\n<div id=\"finestramailtotoModalPopup\">What do you want to do ?<\/div>\n<p><a id=\"finestramailtonewButtonEmail\"><\/a>New mail<button id=\"finestramailtocopyClipboardEmail\">Co<\/button><textarea id=\"finestramailtotoTextCopyAreaSelect\"><\/textarea><\/p>\n<\/div>\n<\/div>\n","protected":false},"excerpt":{"rendered":"<p>Mi sono sempre chiesto che cosa Georges P\u00e9rec, che amava triturare le parole e la lingua e manipolare le liste e le compilazione, ma che amava anche la bicicletta, avrebbe pensato del Club dei Cento Colli, e di questi dolci pazzi di ciclisti che sono compulsivi, confrontano, compilano, contano, contabilizzano, identificano, (censurano?), classificano i passi [&hellip;]<\/p>\n","protected":false},"author":69,"featured_media":0,"comment_status":"closed","ping_status":"closed","sticky":false,"template":"","format":"standard","meta":{"_acf_changed":false,"ub_ctt_via":"","_monsterinsights_skip_tracking":false,"_monsterinsights_sitenote_active":false,"_monsterinsights_sitenote_note":"","_monsterinsights_sitenote_category":0,"footnotes":""},"categories":[336],"tags":[],"acf":[],"featured_image_urls":{"full":"","thumbnail":"","medium":"","medium_large":"","large":"","1536x1536":"","2048x2048":"","woocommerce_thumbnail":"","woocommerce_single":"","woocommerce_gallery_thumbnail":""},"post_excerpt_stackable":"<p>Mi sono sempre chiesto che cosa Georges P\u00e9rec, che amava triturare le parole e la lingua e manipolare le liste e le compilazione, ma che amava anche la bicicletta, avrebbe pensato del Club dei Cento Colli, e di questi dolci pazzi di ciclisti che sono compulsivi, confrontano, compilano, contano, contabilizzano, identificano, (censurano?), classificano i passi (oltre che attraversarli!). Infatti un elenco di alcune centinaia di colletti valicati e a fortiori LA lista (lo Chauvot) si prestano come ogni serie matematica a tutti i tipi di manipolazioni e statistiche diverse. Spesso si \u00e8 tentati di giocare con le parole e i&hellip;<\/p>\n","category_list":"<a href=\"https:\/\/centcols.org\/backup\/it\/categorie\/toponomastica-it\/\" rel=\"category tag\">Toponomastica<\/a>","author_info":{"display_name":"Enrico Alberini","author_link":"https:\/\/centcols.org\/backup\/it\/author\/5065\/"},"comments_num":"0 commenti","featured_image_urls_v2":{"full":"","thumbnail":"","medium":"","medium_large":"","large":"","1536x1536":"","2048x2048":"","woocommerce_thumbnail":"","woocommerce_single":"","woocommerce_gallery_thumbnail":""},"post_excerpt_stackable_v2":"<p>Mi sono sempre chiesto che cosa Georges P\u00e9rec, che amava triturare le parole e la lingua e manipolare le liste e le compilazione, ma che amava anche la bicicletta, avrebbe pensato del Club dei Cento Colli, e di questi dolci pazzi di ciclisti che sono compulsivi, confrontano, compilano, contano, contabilizzano, identificano, (censurano?), classificano i passi (oltre che attraversarli!). Infatti un elenco di alcune centinaia di colletti valicati e a fortiori LA lista (lo Chauvot) si prestano come ogni serie matematica a tutti i tipi di manipolazioni e statistiche diverse. Spesso si \u00e8 tentati di giocare con le parole e i&hellip;<\/p>\n","category_list_v2":"<a href=\"https:\/\/centcols.org\/backup\/it\/categorie\/toponomastica-it\/\" rel=\"category tag\">Toponomastica<\/a>","author_info_v2":{"name":"Enrico Alberini","url":"https:\/\/centcols.org\/backup\/it\/author\/5065\/"},"comments_num_v2":"0 commenti","featured_image_src":null,"_links":{"self":[{"href":"https:\/\/centcols.org\/backup\/it\/wp-json\/wp\/v2\/posts\/42518"}],"collection":[{"href":"https:\/\/centcols.org\/backup\/it\/wp-json\/wp\/v2\/posts"}],"about":[{"href":"https:\/\/centcols.org\/backup\/it\/wp-json\/wp\/v2\/types\/post"}],"author":[{"embeddable":true,"href":"https:\/\/centcols.org\/backup\/it\/wp-json\/wp\/v2\/users\/69"}],"replies":[{"embeddable":true,"href":"https:\/\/centcols.org\/backup\/it\/wp-json\/wp\/v2\/comments?post=42518"}],"version-history":[{"count":0,"href":"https:\/\/centcols.org\/backup\/it\/wp-json\/wp\/v2\/posts\/42518\/revisions"}],"wp:attachment":[{"href":"https:\/\/centcols.org\/backup\/it\/wp-json\/wp\/v2\/media?parent=42518"}],"wp:term":[{"taxonomy":"category","embeddable":true,"href":"https:\/\/centcols.org\/backup\/it\/wp-json\/wp\/v2\/categories?post=42518"},{"taxonomy":"post_tag","embeddable":true,"href":"https:\/\/centcols.org\/backup\/it\/wp-json\/wp\/v2\/tags?post=42518"}],"curies":[{"name":"wp","href":"https:\/\/api.w.org\/{rel}","templated":true}]}}