{"id":42569,"date":"2018-03-06T10:04:06","date_gmt":"2018-03-06T09:04:06","guid":{"rendered":"https:\/\/centcols.org\/backup\/ag-2018-bedoin\/"},"modified":"2023-06-04T13:27:06","modified_gmt":"2023-06-04T11:27:06","slug":"ag-2018-bedoin","status":"publish","type":"post","link":"https:\/\/centcols.org\/backup\/it\/ag-2018-bedoin\/","title":{"rendered":"Assemblea Generale del Club des Cent Cols a B\u00e9doin (Vaucluse) il 10 novembre 2018"},"content":{"rendered":"<h2>Presentazione<\/h2>\n<p>AG 2018, B\u00e9doin, sabato 10 novembre 2018 alle 14 h 30<\/p>\n<div id=\"trtext\" style=\"font-size: 16px;\"><span id=\"s2_1\" style=\"background-color: white;\">\u00c8 in questo simpatico villaggio, ai piedi del Gigante di Provenza, a 50 km ad est di Avignone e 15 km da Carpentras, che terremo la nostra assemblea generale 2018. L&#8217;insieme delle attivit\u00e0, tranne la bicicletta, naturalmente (assemblea generale stessa, votazioni in loco, pasti e alloggio) si svolger\u00e0 al villaggio di vacanze &#8220;Les Florans&#8221; a B\u00e9doin, nel dipartimento di Vaucluse.<\/span> <span id=\"s2_2\" style=\"background-color: white;\">Questa struttura \u00e8 gestita dalla societ\u00e0 VTF e rimarr\u00e0 eccezionalmente aperto dopo le vacanze scolastiche autunnali, per accoglierci.<\/span><\/div>\n<p><img loading=\"lazy\" decoding=\"async\" class=\"aligncenter wp-image-33271 size-large\" style=\"font-size: 1.4em;\" src=\"https:\/\/centcols.org\/backup\/wp-content\/uploads\/2018\/03\/T-Labour-Ventoux-130725-NIK_4765-1200x797.jpg\" alt=\"\" width=\"1200\" height=\"797\" srcset=\"https:\/\/centcols.org\/backup\/wp-content\/uploads\/2018\/03\/T-Labour-Ventoux-130725-NIK_4765-1200x797.jpg 1200w, https:\/\/centcols.org\/backup\/wp-content\/uploads\/2018\/03\/T-Labour-Ventoux-130725-NIK_4765-600x398.jpg 600w, https:\/\/centcols.org\/backup\/wp-content\/uploads\/2018\/03\/T-Labour-Ventoux-130725-NIK_4765-500x332.jpg 500w, https:\/\/centcols.org\/backup\/wp-content\/uploads\/2018\/03\/T-Labour-Ventoux-130725-NIK_4765-768x510.jpg 768w, https:\/\/centcols.org\/backup\/wp-content\/uploads\/2018\/03\/T-Labour-Ventoux-130725-NIK_4765.jpg 1542w\" sizes=\"(max-width: 1200px) 100vw, 1200px\" \/>Il Mont Ventoux (photo T Labour)<\/p>\n<div id=\"trtext\" style=\"font-size: 16px;\"><span id=\"s2_1\" style=\"background-color: white;\">Numerosi sono i centcollisti che conoscono bene questo villaggio, punto di partenza della salita del Mont Ventoux per il suo versante sud, itinerario ritenuto il pi\u00f9 difficile.<\/span> <span id=\"s2_2\" style=\"background-color: white;\">Anche se il nostro soggiorno \u00e8 a novembre, non \u00e8 affatto impossibile che alcuni possano salirvi, se lo desiderano, al sole e con una temperatura mite.<\/span><br \/>\n<span id=\"s2_3\" style=\"background-color: white;\">Come al solito, proporremo due <a href=\"\/membres\/cctours\/tours.php?lieu=B\u00e9doin&amp;an=2018&amp;genre=R\">circuiti stradali<\/a> e due <a href=\"\/membres\/cctours\/tours.php?lieu=B\u00e9doin&amp;an=2018&amp;genre=V\">circuiti mountain bike<\/a> nei dintorni, verosimilmente partendo dal centro, per le mattine del sabato e della domenica.<\/span><\/div>\n<div id=\"attachment_33269\" style=\"width: 581px\" class=\"wp-caption alignright\"><img loading=\"lazy\" decoding=\"async\" aria-describedby=\"caption-attachment-33269\" class=\" wp-image-33269\" src=\"https:\/\/centcols.org\/backup\/wp-content\/uploads\/2018\/03\/T-Labour-Gorges-de-la-Nesque-130725-NIK_4812-500x332.jpg\" alt=\"\" width=\"571\" height=\"379\" srcset=\"https:\/\/centcols.org\/backup\/wp-content\/uploads\/2018\/03\/T-Labour-Gorges-de-la-Nesque-130725-NIK_4812-500x332.jpg 500w, https:\/\/centcols.org\/backup\/wp-content\/uploads\/2018\/03\/T-Labour-Gorges-de-la-Nesque-130725-NIK_4812-600x398.jpg 600w, https:\/\/centcols.org\/backup\/wp-content\/uploads\/2018\/03\/T-Labour-Gorges-de-la-Nesque-130725-NIK_4812-768x510.jpg 768w, https:\/\/centcols.org\/backup\/wp-content\/uploads\/2018\/03\/T-Labour-Gorges-de-la-Nesque-130725-NIK_4812-1200x797.jpg 1200w, https:\/\/centcols.org\/backup\/wp-content\/uploads\/2018\/03\/T-Labour-Gorges-de-la-Nesque-130725-NIK_4812.jpg 1542w\" sizes=\"(max-width: 571px) 100vw, 571px\" \/><p id=\"caption-attachment-33269\" class=\"wp-caption-text\">Gorges de la Nesque (photo T Labour)<\/p><\/div>\n<div id=\"trtext\" style=\"font-size: 16px;\"><span id=\"s2_1\" style=\"background-color: white;\">I dintorni di B\u00e9doin sono molto ricchi di luoghi e paesaggi magnifici che meritano la nostra attenzione, tanto pi\u00f9 che i valichi non mancano.<\/span> <span id=\"s2_2\" style=\"background-color: white;\">Cos\u00ec, Pizzi di Montmirail, Gorges de la Nesque, ecc., vedremo cosa proporranno i nostri amici del Club Vaison Cyclo Nature (VCN), che possiamo gi\u00e0 ringraziare calorosamente per l&#8217;aiuto che ci stanno dando nella preparazione dell&#8217;AG e del soggiorno.<\/span><\/div>\n<p>BEDOIN<br \/>\n<span id=\"s2_2\" style=\"background-color: white;\">E&#8217; un grazoso villaggio agricolo del Mont Ventoux esteso su un vasto territorio, raggruppa diverse frazioni, che hanno tutti in comune questo clima mediterraneo illuminato da un sole quasi quotidiano.<\/span>\u00a0 <span id=\"s2_3\" style=\"background-color: white;\">Vi si produce un vino classificato DOC di ottima qualit\u00e0, nonch\u00e9 frutta e asparagi.<\/span>\u00a0 <span id=\"s2_4\" style=\"background-color: white;\">B\u00e9doin ha la fortuna di ospitare una delle pi\u00f9 grandi foreste comunali della Francia.<\/span> <span id=\"s2_5\" style=\"background-color: white;\">Si estende su oltre 6 300 ettari, un terzo della copertura forestale del Mont Ventoux.<\/span> <span id=\"s2_6\">\u00c8 senza dubbio la foresta pi\u00f9 variegata del Vaucluse, con pi\u00f9 di 1.200 specie vegetali diverse!<\/span>\u00a0 <span id=\"s2_7\">Il villaggio ha una lunga storia che risale fino alla preistoria.<\/span> <span id=\"s2_8\">I curiosi potranno leggere con interesse<\/span>\u00a0 l&#8217;articolo di wikipedia su Internet.<\/p>\n<p>ALBERGO, RITORANTE E SEDE DELL&#8221;AG<\/p>\n<div id=\"attachment_33268\" style=\"width: 512px\" class=\"wp-caption alignnone\"><img loading=\"lazy\" decoding=\"async\" aria-describedby=\"caption-attachment-33268\" class=\" wp-image-33268\" src=\"https:\/\/centcols.org\/backup\/wp-content\/uploads\/2018\/03\/Bedoin-les-florans2-500x314.jpg\" alt=\"\" width=\"502\" height=\"315\" srcset=\"https:\/\/centcols.org\/backup\/wp-content\/uploads\/2018\/03\/Bedoin-les-florans2-500x314.jpg 500w, https:\/\/centcols.org\/backup\/wp-content\/uploads\/2018\/03\/Bedoin-les-florans2-600x377.jpg 600w, https:\/\/centcols.org\/backup\/wp-content\/uploads\/2018\/03\/Bedoin-les-florans2-768x483.jpg 768w, https:\/\/centcols.org\/backup\/wp-content\/uploads\/2018\/03\/Bedoin-les-florans2-1200x755.jpg 1200w, https:\/\/centcols.org\/backup\/wp-content\/uploads\/2018\/03\/Bedoin-les-florans2.jpg 1628w\" sizes=\"(max-width: 502px) 100vw, 502px\" \/><p id=\"caption-attachment-33268\" class=\"wp-caption-text\">B\u00e9doin Les Florans (photo VTF)<\/p><\/div>\n<p>Village de vacances VTF &#8220;Les Florans&#8221;<br \/>\nChemin des Florans<br \/>\nBP 02, 84410 B\u00c9DOIN<br \/>\nTel : +33 4 90 65 60 10<br \/>\n<a href=\"https:\/\/www.vtf-vacances.com\/fr\/village-vacances-familles\/provence-alpes-cote-d-azur\/vaucluse\/bedoin\/417\" target=\"_blank\" rel=\"noopener noreferrer\">Sito Internet<\/a><\/p>\n<h2>Giri in bicicletta<\/h2>\n<div id=\"trtext\" style=\"font-size: 14px;\">\n<p><span id=\"s2_1\" style=\"background-color: white;\">Sono stati preparati quattro circuiti.<\/span><\/p>\n<p><span id=\"s2_2\" style=\"background-color: white;\">Per il sabato mattina, il circuito stradale (circa 45) e il circuito mountain bike (27 km, con la strada, R1\/R2 e un passaggio S3) partono da Metamis situato a circa 25 minuti di auto da B\u00e9doin.<\/span> <span id=\"s2_3\" style=\"background-color: white;\">La partenza di Metamis \u00e8 prevista alle 8.30 con una partenza in auto da B\u00e9doin alle 8.00. Entrambi i circuiti saranno accompagnati da ciclisti locali.<\/span><\/p>\n<p><span id=\"s2_4\" style=\"background-color: white;\">Per la domenica mattina, il circuito stradale (circa 45) parte dal centro vacanze.<\/span> <span id=\"s2_5\" style=\"background-color: white;\">L&#8217;appuntamento \u00e8 fissato alle 8. Il circuito VTT (23, con strada\u00a0 essenzialmente R1\/R2 e un passaggio R3) vi far\u00e0 scoprire le Dentelles de Montmirail partendo da Lafare.<\/span> <span id=\"s2_6\" style=\"background-color: white;\">L&#8217;appuntamento in loco \u00e8 fissato alle 8.30 (partenza da B\u00e9doin in auto alle 7.50). Questi due circuiti saranno pure accompagnati da ciclisti locali.<\/span><\/p>\n<\/div>\n<p>&nbsp;<\/p>\n<h3>Circuiti stradali<\/h3>\n<p>Due <a href=\"https:\/\/centcols.org\/backup\/les_rendez-vous\/2018\/Bedoin\/geo\/?vtt=0\">ercorsi stradali<\/a> vi sono proposti, uno per il sabato e uno per la domenica.<\/p>\n<h3>Circuiti MTB<\/h3>\n<p>Ci sono prposti anche due <a href=\"https:\/\/centcols.org\/backup\/les_rendez-vous\/2018\/Bedoin\/geo\/?vtt=1\">percorsi MTB<\/a> uno per il sabato e uno per la domenica.<\/p>\n","protected":false},"excerpt":{"rendered":"<p>Presentazione AG 2018, B\u00e9doin, sabato 10 novembre 2018 alle 14 h 30 \u00c8 in questo simpatico villaggio, ai piedi del Gigante di Provenza, a 50 km ad est di Avignone e 15 km da Carpentras, che terremo la nostra assemblea generale 2018. L&#8217;insieme delle attivit\u00e0, tranne la bicicletta, naturalmente (assemblea generale stessa, votazioni in loco, [&hellip;]<\/p>\n","protected":false},"author":69,"featured_media":0,"comment_status":"closed","ping_status":"closed","sticky":false,"template":"","format":"standard","meta":{"_acf_changed":false,"ub_ctt_via":"","_monsterinsights_skip_tracking":false,"_monsterinsights_sitenote_active":false,"_monsterinsights_sitenote_note":"","_monsterinsights_sitenote_category":0,"footnotes":""},"categories":[337],"tags":[],"acf":[],"featured_image_urls":{"full":"","thumbnail":"","medium":"","medium_large":"","large":"","1536x1536":"","2048x2048":"","woocommerce_thumbnail":"","woocommerce_single":"","woocommerce_gallery_thumbnail":""},"post_excerpt_stackable":"<p>Presentazione AG 2018, B\u00e9doin, sabato 10 novembre 2018 alle 14 h 30 \u00c8 in questo simpatico villaggio, ai piedi del Gigante di Provenza, a 50 km ad est di Avignone e 15 km da Carpentras, che terremo la nostra assemblea generale 2018. L&#8217;insieme delle attivit\u00e0, tranne la bicicletta, naturalmente (assemblea generale stessa, votazioni in loco, pasti e alloggio) si svolger\u00e0 al villaggio di vacanze &#8220;Les Florans&#8221; a B\u00e9doin, nel dipartimento di Vaucluse. Questa struttura \u00e8 gestita dalla societ\u00e0 VTF e rimarr\u00e0 eccezionalmente aperto dopo le vacanze scolastiche autunnali, per accoglierci. Il Mont Ventoux (photo T Labour) Numerosi sono i centcollisti&hellip;<\/p>\n","category_list":"<a href=\"https:\/\/centcols.org\/backup\/it\/categorie\/assemblees-generales-it\/\" rel=\"category tag\">Assemblee generali<\/a>","author_info":{"display_name":"Enrico Alberini","author_link":"https:\/\/centcols.org\/backup\/it\/author\/5065\/"},"comments_num":"0 commenti","featured_image_urls_v2":{"full":"","thumbnail":"","medium":"","medium_large":"","large":"","1536x1536":"","2048x2048":"","woocommerce_thumbnail":"","woocommerce_single":"","woocommerce_gallery_thumbnail":""},"post_excerpt_stackable_v2":"<p>Presentazione AG 2018, B\u00e9doin, sabato 10 novembre 2018 alle 14 h 30 \u00c8 in questo simpatico villaggio, ai piedi del Gigante di Provenza, a 50 km ad est di Avignone e 15 km da Carpentras, che terremo la nostra assemblea generale 2018. L&#8217;insieme delle attivit\u00e0, tranne la bicicletta, naturalmente (assemblea generale stessa, votazioni in loco, pasti e alloggio) si svolger\u00e0 al villaggio di vacanze &#8220;Les Florans&#8221; a B\u00e9doin, nel dipartimento di Vaucluse. Questa struttura \u00e8 gestita dalla societ\u00e0 VTF e rimarr\u00e0 eccezionalmente aperto dopo le vacanze scolastiche autunnali, per accoglierci. Il Mont Ventoux (photo T Labour) Numerosi sono i centcollisti&hellip;<\/p>\n","category_list_v2":"<a href=\"https:\/\/centcols.org\/backup\/it\/categorie\/assemblees-generales-it\/\" rel=\"category tag\">Assemblee generali<\/a>","author_info_v2":{"name":"Enrico Alberini","url":"https:\/\/centcols.org\/backup\/it\/author\/5065\/"},"comments_num_v2":"0 commenti","featured_image_src":null,"_links":{"self":[{"href":"https:\/\/centcols.org\/backup\/it\/wp-json\/wp\/v2\/posts\/42569"}],"collection":[{"href":"https:\/\/centcols.org\/backup\/it\/wp-json\/wp\/v2\/posts"}],"about":[{"href":"https:\/\/centcols.org\/backup\/it\/wp-json\/wp\/v2\/types\/post"}],"author":[{"embeddable":true,"href":"https:\/\/centcols.org\/backup\/it\/wp-json\/wp\/v2\/users\/69"}],"replies":[{"embeddable":true,"href":"https:\/\/centcols.org\/backup\/it\/wp-json\/wp\/v2\/comments?post=42569"}],"version-history":[{"count":0,"href":"https:\/\/centcols.org\/backup\/it\/wp-json\/wp\/v2\/posts\/42569\/revisions"}],"wp:attachment":[{"href":"https:\/\/centcols.org\/backup\/it\/wp-json\/wp\/v2\/media?parent=42569"}],"wp:term":[{"taxonomy":"category","embeddable":true,"href":"https:\/\/centcols.org\/backup\/it\/wp-json\/wp\/v2\/categories?post=42569"},{"taxonomy":"post_tag","embeddable":true,"href":"https:\/\/centcols.org\/backup\/it\/wp-json\/wp\/v2\/tags?post=42569"}],"curies":[{"name":"wp","href":"https:\/\/api.w.org\/{rel}","templated":true}]}}